{"id":452107,"date":"2026-04-20T21:17:30","date_gmt":"2026-04-21T00:17:30","guid":{"rendered":"https:\/\/portaltela.pt\/noticias\/2026\/04\/20\/centenas-de-turistas-ficam-presos-em-miradouro-no-rio-durante-operacao-policial\/"},"modified":"2026-04-20T21:17:30","modified_gmt":"2026-04-21T00:17:30","slug":"centenas-de-turistas-ficam-presos-em-miradouro-no-rio-durante-operacao-policial","status":"publish","type":"post","link":"https:\/\/portaltela.pt\/policia\/2026\/04\/20\/centenas-de-turistas-ficam-presos-em-miradouro-no-rio-durante-operacao-policial\/","title":{"rendered":"Centenas de turistas ficam presos em miradouro no Rio durante opera\u00e7\u00e3o policial"},"content":{"rendered":"<p>Antes de descer, mais de 200 turistas ficaram retidos no alto do morro Dois Irm\u00e3os, na Zona Sul do Rio. A meia-noite de segunda-feira iniciou a opera\u00e7\u00e3o policial contra o tr\u00e1fico na favela do Vidigal, com intensos tiroteios entre policiais e criminosos. Os visitantes permaneceram no cume por cerca de duas horas, at\u00e9 receberem autoriza\u00e7\u00e3o para descer.<\/p>\n<p>O morro Dois Irm\u00e3os tem 533 metros de altitude e \u00e9 vis\u00edvel das praias de Ipanema e Leblon. Segundo a operadora Na Favela Turismo, 70% dos presentes eram turistas estrangeiros, que seguiam uma trilha para observar o amanhecer quando houve o confronto.<\/p>\n<p>A nota da Pol\u00edcia Civil informou que traficantes abriram fogo ao chegarem os agentes, colocando moradores e frequentadores em risco. Entre os turistas, uma pessoa relatou desorienta\u00e7\u00e3o com o helic\u00f3ptero da pol\u00edcia sobrevoando a \u00e1rea, e houve relatos de desmaios entre os presentes.<\/p>\n<p>Entre os relatos de quem estava hospedado no Vidigal, houve o relato de que o barulho de helic\u00f3pteros e disparos acordou alguns h\u00f3spedes \u00e0s 5h30. Como medida, muitos partiram para outra \u00e1rea da cidade. N\u00e3o houve feridos, e tr\u00eas pessoas foram presas ao final da opera\u00e7\u00e3o.<\/p>\n<p>Os turistas desceram ap\u00f3s a libera\u00e7\u00e3o das autoridades. N\u00e3o houve atendimento m\u00e9dico emergencial e a opera\u00e7\u00e3o foi encerrada com a retirada segura dos visitantes. O epis\u00f3dio ocorre em meio a recorde hist\u00f3rico de visitantes internacionais no Rio, registrado em 2025.<\/p>\n<h3>Opera\u00e7\u00e3o no Vidigal e impacto tur\u00edstico<\/h3>\n<p>A atua\u00e7\u00e3o policial ocorreu no contexto de a\u00e7\u00f5es de combate ao crime na regi\u00e3o e busca por stabiliza\u00e7\u00e3o de \u00e1reas pr\u00f3ximas a pontos tur\u00edsticos populares. As autoridades destacam que a seguran\u00e7a de moradores e visitantes \u00e9 prioridade durante ocorr\u00eancias desse tipo.<\/p>\n","protected":false},"excerpt":{"rendered":"<ul>\n<li>Mais de 200 turistas ficaram presas no alto do morro Dois Irm\u00e3os, na Zona Sul do Rio de Janeiro, durante opera\u00e7\u00e3o policial contra o tr\u00e1fico de drogas na favela do Vidigal, com tiroteio intenso.<\/li>\n<li>Os visitantes permaneceram no cume cerca de duas horas, enquanto houve troca de tiros entre pol\u00edcia e membros da fac\u00e7\u00e3o criminosa Comando Vermelho.<\/li>\n<li>A montanha, com 533 metros de altitude, \u00e9 um miradouro muito conhecido e \u00e9 vis\u00edvel das praias de Ipanema e Leblon, atraindo visitantes semanalmente.<\/li>\n<li>A operadora Na Favela Turismo informou que 70% das pessoas presentes eram turistas estrangeiros; a Pol\u00edcia Civil relatou que traficantes atiraram, colocando em risco moradores e frequentadores.<\/li>\n<li>A opera\u00e7\u00e3o terminou com tr\u00eas pessoas presas, n\u00e3o houve feridos e os turistas puderam descer ap\u00f3s autoriza\u00e7\u00e3o policial; o epis\u00f3dio ocorre em ano de recorde de turismo no Rio, com mais de 2,1 milh\u00f5es de visitantes internacionais em 2025.<\/li>\n<\/ul>\n","protected":false},"author":2,"featured_media":452108,"comment_status":"closed","ping_status":"closed","sticky":false,"template":"","format":"standard","meta":{"footnotes":""},"categories":[6781],"tags":[40,250,2349,169,5621],"class_list":["post-452107","post","type-post","status-publish","format-standard","has-post-thumbnail","hentry","category-policia","tag-pessoas","tag-seguranca-publica","tag-trafico-de-drogas","tag-turismo","tag-turismo-internacional"],"yoast_head":"<!-- This site is optimized with the Yoast SEO plugin v27.2 - https:\/\/yoast.com\/product\/yoast-seo-wordpress\/ -->\n<title>Centenas de turistas ficam presos em miradouro no Rio durante opera\u00e7\u00e3o policial - Portal Tela Portugal<\/title>\n<meta name=\"robots\" content=\"index, follow, max-snippet:-1, max-image-preview:large, max-video-preview:-1\" \/>\n<meta property=\"og:locale\" content=\"pt_PT\" \/>\n<meta property=\"og:type\" content=\"article\" \/>\n<meta property=\"og:title\" content=\"Centenas de turistas ficam presos em miradouro no Rio durante opera\u00e7\u00e3o policial - Portal Tela Portugal\" \/>\n<meta property=\"og:description\" content=\"Mais de 200 turistas ficaram presas no alto do morro Dois Irm\u00e3os, na Zona Sul do Rio de Janeiro, durante opera\u00e7\u00e3o policial contra o tr\u00e1fico de drogas na favela do Vidigal, com tiroteio intenso. Os visitantes permaneceram no cume cerca de duas horas, enquanto houve troca de tiros entre pol\u00edcia e membros da fac\u00e7\u00e3o criminosa Comando Vermelho. A montanha, com 533 metros de altitude, \u00e9 um miradouro muito conhecido e \u00e9 vis\u00edvel das praias de Ipanema e Leblon, atraindo visitantes semanalmente. A operadora Na Favela Turismo informou que 70% das pessoas presentes eram turistas estrangeiros; a Pol\u00edcia Civil relatou que traficantes atiraram, colocando em risco moradores e frequentadores. A opera\u00e7\u00e3o terminou com tr\u00eas pessoas presas, n\u00e3o houve feridos e os turistas puderam descer ap\u00f3s autoriza\u00e7\u00e3o policial; o epis\u00f3dio ocorre em ano de recorde de turismo no Rio, com mais de 2,1 milh\u00f5es de visitantes internacionais em 2025.\" \/>\n<meta property=\"og:url\" content=\"https:\/\/portaltela.pt\/noticias\/2026\/04\/20\/centenas-de-turistas-ficam-presos-em-miradouro-no-rio-durante-operacao-policial\/\" \/>\n<meta property=\"og:site_name\" content=\"Portal Tela Portugal\" \/>\n<meta property=\"article:published_time\" content=\"2026-04-21T00:17:30+00:00\" \/>\n<meta name=\"author\" content=\"Telinha\" \/>\n<meta name=\"twitter:card\" content=\"summary_large_image\" \/>\n<meta name=\"twitter:label1\" content=\"Escrito por\" \/>\n\t<meta name=\"twitter:data1\" content=\"Telinha\" \/>\n\t<meta name=\"twitter:label2\" content=\"Tempo estimado de leitura\" \/>\n\t<meta name=\"twitter:data2\" content=\"2 minutos\" \/>\n<script type=\"application\/ld+json\" class=\"yoast-schema-graph\">{\"@context\":\"https:\/\/schema.org\",\"@graph\":[{\"@type\":\"Article\",\"@id\":\"https:\/\/portaltela.pt\/noticias\/2026\/04\/20\/centenas-de-turistas-ficam-presos-em-miradouro-no-rio-durante-operacao-policial\/#article\",\"isPartOf\":{\"@id\":\"https:\/\/portaltela.pt\/noticias\/2026\/04\/20\/centenas-de-turistas-ficam-presos-em-miradouro-no-rio-durante-operacao-policial\/\"},\"author\":{\"name\":\"Telinha\",\"@id\":\"https:\/\/portaltela.pt\/#\/schema\/person\/c4278d4a6028830caff9ee44b42d32ed\"},\"headline\":\"Centenas de turistas ficam presos em miradouro no Rio durante opera\u00e7\u00e3o policial\",\"datePublished\":\"2026-04-21T00:17:30+00:00\",\"mainEntityOfPage\":{\"@id\":\"https:\/\/portaltela.pt\/noticias\/2026\/04\/20\/centenas-de-turistas-ficam-presos-em-miradouro-no-rio-durante-operacao-policial\/\"},\"wordCount\":314,\"image\":{\"@id\":\"https:\/\/portaltela.pt\/noticias\/2026\/04\/20\/centenas-de-turistas-ficam-presos-em-miradouro-no-rio-durante-operacao-policial\/#primaryimage\"},\"thumbnailUrl\":\"https:\/\/portaltela.pt\/s.01k8rhncp4jt1\/2026\/04\/4eeea5fe-bd63-4a9c-916e-0c781e1d26be_1200x675.jpg\",\"keywords\":[\"pessoas\",\"seguran\u00e7a p\u00fablica\",\"tr\u00e1fico de drogas\",\"turismo\",\"turismo internacional\"],\"articleSection\":[\"Pol\u00edcia\"],\"inLanguage\":\"pt-PT\"},{\"@type\":\"WebPage\",\"@id\":\"https:\/\/portaltela.pt\/noticias\/2026\/04\/20\/centenas-de-turistas-ficam-presos-em-miradouro-no-rio-durante-operacao-policial\/\",\"url\":\"https:\/\/portaltela.pt\/noticias\/2026\/04\/20\/centenas-de-turistas-ficam-presos-em-miradouro-no-rio-durante-operacao-policial\/\",\"name\":\"Centenas de turistas ficam presos em miradouro no Rio durante opera\u00e7\u00e3o policial - Portal Tela Portugal\",\"isPartOf\":{\"@id\":\"https:\/\/portaltela.pt\/#website\"},\"primaryImageOfPage\":{\"@id\":\"https:\/\/portaltela.pt\/noticias\/2026\/04\/20\/centenas-de-turistas-ficam-presos-em-miradouro-no-rio-durante-operacao-policial\/#primaryimage\"},\"image\":{\"@id\":\"https:\/\/portaltela.pt\/noticias\/2026\/04\/20\/centenas-de-turistas-ficam-presos-em-miradouro-no-rio-durante-operacao-policial\/#primaryimage\"},\"thumbnailUrl\":\"https:\/\/portaltela.pt\/s.01k8rhncp4jt1\/2026\/04\/4eeea5fe-bd63-4a9c-916e-0c781e1d26be_1200x675.jpg\",\"datePublished\":\"2026-04-21T00:17:30+00:00\",\"author\":{\"@id\":\"https:\/\/portaltela.pt\/#\/schema\/person\/c4278d4a6028830caff9ee44b42d32ed\"},\"breadcrumb\":{\"@id\":\"https:\/\/portaltela.pt\/noticias\/2026\/04\/20\/centenas-de-turistas-ficam-presos-em-miradouro-no-rio-durante-operacao-policial\/#breadcrumb\"},\"inLanguage\":\"pt-PT\",\"potentialAction\":[{\"@type\":\"ReadAction\",\"target\":[\"https:\/\/portaltela.pt\/noticias\/2026\/04\/20\/centenas-de-turistas-ficam-presos-em-miradouro-no-rio-durante-operacao-policial\/\"]}]},{\"@type\":\"ImageObject\",\"inLanguage\":\"pt-PT\",\"@id\":\"https:\/\/portaltela.pt\/noticias\/2026\/04\/20\/centenas-de-turistas-ficam-presos-em-miradouro-no-rio-durante-operacao-policial\/#primaryimage\",\"url\":\"https:\/\/portaltela.pt\/s.01k8rhncp4jt1\/2026\/04\/4eeea5fe-bd63-4a9c-916e-0c781e1d26be_1200x675.jpg\",\"contentUrl\":\"https:\/\/portaltela.pt\/s.01k8rhncp4jt1\/2026\/04\/4eeea5fe-bd63-4a9c-916e-0c781e1d26be_1200x675.jpg\",\"width\":796,\"height\":448,\"caption\":\"Turistas que foram ver o nascer do sol no morro Dois Irm\u00e3os tiveram de esperar opera\u00e7\u00e3o policial terminar\"},{\"@type\":\"BreadcrumbList\",\"@id\":\"https:\/\/portaltela.pt\/noticias\/2026\/04\/20\/centenas-de-turistas-ficam-presos-em-miradouro-no-rio-durante-operacao-policial\/#breadcrumb\",\"itemListElement\":[{\"@type\":\"ListItem\",\"position\":1,\"name\":\"In\u00edcio\",\"item\":\"https:\/\/portaltela.pt\/\"},{\"@type\":\"ListItem\",\"position\":2,\"name\":\"Centenas de turistas ficam presos em miradouro no Rio durante opera\u00e7\u00e3o policial\"}]},{\"@type\":\"WebSite\",\"@id\":\"https:\/\/portaltela.pt\/#website\",\"url\":\"https:\/\/portaltela.pt\/\",\"name\":\"Portal Tela Portugal\",\"description\":\"\",\"potentialAction\":[{\"@type\":\"SearchAction\",\"target\":{\"@type\":\"EntryPoint\",\"urlTemplate\":\"https:\/\/portaltela.pt\/?s={search_term_string}\"},\"query-input\":{\"@type\":\"PropertyValueSpecification\",\"valueRequired\":true,\"valueName\":\"search_term_string\"}}],\"inLanguage\":\"pt-PT\"},{\"@type\":\"Person\",\"@id\":\"https:\/\/portaltela.pt\/#\/schema\/person\/c4278d4a6028830caff9ee44b42d32ed\",\"name\":\"Telinha\",\"image\":{\"@type\":\"ImageObject\",\"inLanguage\":\"pt-PT\",\"@id\":\"https:\/\/portaltela.pt\/s.01k8rhncp4jt1\/2025\/11\/talking-bot-125x125.png\",\"url\":\"https:\/\/portaltela.pt\/s.01k8rhncp4jt1\/2025\/11\/talking-bot-125x125.png\",\"contentUrl\":\"https:\/\/portaltela.pt\/s.01k8rhncp4jt1\/2025\/11\/talking-bot-125x125.png\",\"caption\":\"Telinha\"},\"sameAs\":[\"https:\/\/portaltela.pt\/\"],\"url\":\"https:\/\/portaltela.pt\/por\/367410592786\/\"}]}<\/script>\n<!-- \/ Yoast SEO plugin. -->","yoast_head_json":{"title":"Centenas de turistas ficam presos em miradouro no Rio durante opera\u00e7\u00e3o policial - Portal Tela Portugal","robots":{"index":"index","follow":"follow","max-snippet":"max-snippet:-1","max-image-preview":"max-image-preview:large","max-video-preview":"max-video-preview:-1"},"og_locale":"pt_PT","og_type":"article","og_title":"Centenas de turistas ficam presos em miradouro no Rio durante opera\u00e7\u00e3o policial - Portal Tela Portugal","og_description":"Mais de 200 turistas ficaram presas no alto do morro Dois Irm\u00e3os, na Zona Sul do Rio de Janeiro, durante opera\u00e7\u00e3o policial contra o tr\u00e1fico de drogas na favela do Vidigal, com tiroteio intenso. Os visitantes permaneceram no cume cerca de duas horas, enquanto houve troca de tiros entre pol\u00edcia e membros da fac\u00e7\u00e3o criminosa Comando Vermelho. A montanha, com 533 metros de altitude, \u00e9 um miradouro muito conhecido e \u00e9 vis\u00edvel das praias de Ipanema e Leblon, atraindo visitantes semanalmente. A operadora Na Favela Turismo informou que 70% das pessoas presentes eram turistas estrangeiros; a Pol\u00edcia Civil relatou que traficantes atiraram, colocando em risco moradores e frequentadores. A opera\u00e7\u00e3o terminou com tr\u00eas pessoas presas, n\u00e3o houve feridos e os turistas puderam descer ap\u00f3s autoriza\u00e7\u00e3o policial; o epis\u00f3dio ocorre em ano de recorde de turismo no Rio, com mais de 2,1 milh\u00f5es de visitantes internacionais em 2025.","og_url":"https:\/\/portaltela.pt\/noticias\/2026\/04\/20\/centenas-de-turistas-ficam-presos-em-miradouro-no-rio-durante-operacao-policial\/","og_site_name":"Portal Tela Portugal","article_published_time":"2026-04-21T00:17:30+00:00","author":"Telinha","twitter_card":"summary_large_image","twitter_misc":{"Escrito por":"Telinha","Tempo estimado de leitura":"2 minutos"},"schema":{"@context":"https:\/\/schema.org","@graph":[{"@type":"Article","@id":"https:\/\/portaltela.pt\/noticias\/2026\/04\/20\/centenas-de-turistas-ficam-presos-em-miradouro-no-rio-durante-operacao-policial\/#article","isPartOf":{"@id":"https:\/\/portaltela.pt\/noticias\/2026\/04\/20\/centenas-de-turistas-ficam-presos-em-miradouro-no-rio-durante-operacao-policial\/"},"author":{"name":"Telinha","@id":"https:\/\/portaltela.pt\/#\/schema\/person\/c4278d4a6028830caff9ee44b42d32ed"},"headline":"Centenas de turistas ficam presos em miradouro no Rio durante opera\u00e7\u00e3o policial","datePublished":"2026-04-21T00:17:30+00:00","mainEntityOfPage":{"@id":"https:\/\/portaltela.pt\/noticias\/2026\/04\/20\/centenas-de-turistas-ficam-presos-em-miradouro-no-rio-durante-operacao-policial\/"},"wordCount":314,"image":{"@id":"https:\/\/portaltela.pt\/noticias\/2026\/04\/20\/centenas-de-turistas-ficam-presos-em-miradouro-no-rio-durante-operacao-policial\/#primaryimage"},"thumbnailUrl":"https:\/\/portaltela.pt\/s.01k8rhncp4jt1\/2026\/04\/4eeea5fe-bd63-4a9c-916e-0c781e1d26be_1200x675.jpg","keywords":["pessoas","seguran\u00e7a p\u00fablica","tr\u00e1fico de drogas","turismo","turismo internacional"],"articleSection":["Pol\u00edcia"],"inLanguage":"pt-PT"},{"@type":"WebPage","@id":"https:\/\/portaltela.pt\/noticias\/2026\/04\/20\/centenas-de-turistas-ficam-presos-em-miradouro-no-rio-durante-operacao-policial\/","url":"https:\/\/portaltela.pt\/noticias\/2026\/04\/20\/centenas-de-turistas-ficam-presos-em-miradouro-no-rio-durante-operacao-policial\/","name":"Centenas de turistas ficam presos em miradouro no Rio durante opera\u00e7\u00e3o policial - Portal Tela Portugal","isPartOf":{"@id":"https:\/\/portaltela.pt\/#website"},"primaryImageOfPage":{"@id":"https:\/\/portaltela.pt\/noticias\/2026\/04\/20\/centenas-de-turistas-ficam-presos-em-miradouro-no-rio-durante-operacao-policial\/#primaryimage"},"image":{"@id":"https:\/\/portaltela.pt\/noticias\/2026\/04\/20\/centenas-de-turistas-ficam-presos-em-miradouro-no-rio-durante-operacao-policial\/#primaryimage"},"thumbnailUrl":"https:\/\/portaltela.pt\/s.01k8rhncp4jt1\/2026\/04\/4eeea5fe-bd63-4a9c-916e-0c781e1d26be_1200x675.jpg","datePublished":"2026-04-21T00:17:30+00:00","author":{"@id":"https:\/\/portaltela.pt\/#\/schema\/person\/c4278d4a6028830caff9ee44b42d32ed"},"breadcrumb":{"@id":"https:\/\/portaltela.pt\/noticias\/2026\/04\/20\/centenas-de-turistas-ficam-presos-em-miradouro-no-rio-durante-operacao-policial\/#breadcrumb"},"inLanguage":"pt-PT","potentialAction":[{"@type":"ReadAction","target":["https:\/\/portaltela.pt\/noticias\/2026\/04\/20\/centenas-de-turistas-ficam-presos-em-miradouro-no-rio-durante-operacao-policial\/"]}]},{"@type":"ImageObject","inLanguage":"pt-PT","@id":"https:\/\/portaltela.pt\/noticias\/2026\/04\/20\/centenas-de-turistas-ficam-presos-em-miradouro-no-rio-durante-operacao-policial\/#primaryimage","url":"https:\/\/portaltela.pt\/s.01k8rhncp4jt1\/2026\/04\/4eeea5fe-bd63-4a9c-916e-0c781e1d26be_1200x675.jpg","contentUrl":"https:\/\/portaltela.pt\/s.01k8rhncp4jt1\/2026\/04\/4eeea5fe-bd63-4a9c-916e-0c781e1d26be_1200x675.jpg","width":796,"height":448,"caption":"Turistas que foram ver o nascer do sol no morro Dois Irm\u00e3os tiveram de esperar opera\u00e7\u00e3o policial terminar"},{"@type":"BreadcrumbList","@id":"https:\/\/portaltela.pt\/noticias\/2026\/04\/20\/centenas-de-turistas-ficam-presos-em-miradouro-no-rio-durante-operacao-policial\/#breadcrumb","itemListElement":[{"@type":"ListItem","position":1,"name":"In\u00edcio","item":"https:\/\/portaltela.pt\/"},{"@type":"ListItem","position":2,"name":"Centenas de turistas ficam presos em miradouro no Rio durante opera\u00e7\u00e3o policial"}]},{"@type":"WebSite","@id":"https:\/\/portaltela.pt\/#website","url":"https:\/\/portaltela.pt\/","name":"Portal Tela Portugal","description":"","potentialAction":[{"@type":"SearchAction","target":{"@type":"EntryPoint","urlTemplate":"https:\/\/portaltela.pt\/?s={search_term_string}"},"query-input":{"@type":"PropertyValueSpecification","valueRequired":true,"valueName":"search_term_string"}}],"inLanguage":"pt-PT"},{"@type":"Person","@id":"https:\/\/portaltela.pt\/#\/schema\/person\/c4278d4a6028830caff9ee44b42d32ed","name":"Telinha","image":{"@type":"ImageObject","inLanguage":"pt-PT","@id":"https:\/\/portaltela.pt\/s.01k8rhncp4jt1\/2025\/11\/talking-bot-125x125.png","url":"https:\/\/portaltela.pt\/s.01k8rhncp4jt1\/2025\/11\/talking-bot-125x125.png","contentUrl":"https:\/\/portaltela.pt\/s.01k8rhncp4jt1\/2025\/11\/talking-bot-125x125.png","caption":"Telinha"},"sameAs":["https:\/\/portaltela.pt\/"],"url":"https:\/\/portaltela.pt\/por\/367410592786\/"}]}},"_links":{"self":[{"href":"https:\/\/portaltela.pt\/api\/wp\/v2\/posts\/452107","targetHints":{"allow":["GET"]}}],"collection":[{"href":"https:\/\/portaltela.pt\/api\/wp\/v2\/posts"}],"about":[{"href":"https:\/\/portaltela.pt\/api\/wp\/v2\/types\/post"}],"author":[{"embeddable":true,"href":"https:\/\/portaltela.pt\/api\/wp\/v2\/users\/2"}],"replies":[{"embeddable":true,"href":"https:\/\/portaltela.pt\/api\/wp\/v2\/comments?post=452107"}],"version-history":[{"count":0,"href":"https:\/\/portaltela.pt\/api\/wp\/v2\/posts\/452107\/revisions"}],"wp:featuredmedia":[{"embeddable":true,"href":"https:\/\/portaltela.pt\/api\/wp\/v2\/media\/452108"}],"wp:attachment":[{"href":"https:\/\/portaltela.pt\/api\/wp\/v2\/media?parent=452107"}],"wp:term":[{"taxonomy":"category","embeddable":true,"href":"https:\/\/portaltela.pt\/api\/wp\/v2\/categories?post=452107"},{"taxonomy":"post_tag","embeddable":true,"href":"https:\/\/portaltela.pt\/api\/wp\/v2\/tags?post=452107"}],"curies":[{"name":"wp","href":"https:\/\/api.w.org\/{rel}","templated":true}]}}