{"id":452039,"date":"2026-04-20T19:33:01","date_gmt":"2026-04-20T22:33:01","guid":{"rendered":"https:\/\/portaltela.pt\/noticias\/2026\/04\/20\/santa-clara-recorre-ao-tad-contra-a-universidade-de-leiria\/"},"modified":"2026-04-20T19:33:01","modified_gmt":"2026-04-20T22:33:01","slug":"santa-clara-recorre-ao-tad-contra-a-universidade-de-leiria","status":"publish","type":"post","link":"https:\/\/portaltela.pt\/desporto\/futebol\/2026\/04\/20\/santa-clara-recorre-ao-tad-contra-a-universidade-de-leiria\/","title":{"rendered":"Santa Clara recorre ao TAD contra a Universidade de Leiria"},"content":{"rendered":"<p>O Santa Clara apresentou uma a\u00e7\u00e3o no Tribunal Arbitral do Desporto (TAD) contra a Uni\u00e3o Desportiva de Leiria, na passada sexta-feira, 17 de abril. O motivo \u00e9 uma d\u00edvida do clube de Leiria ao emblema a\u00e7oriano que ainda n\u00e3o foi liquidada.<\/p>\n<p>A quest\u00e3o envolve um atleta cedido pelo Santa Clara. Nesta temporada, o clube dos A\u00e7ores emprestou os m\u00e9dios Miguel Pires e Daniel Borges ao Leiria, situa\u00e7\u00e3o que j\u00e1 consta no site do TAD.<\/p>\n<p>A a\u00e7\u00e3o est\u00e1 em tramita\u00e7\u00e3o no \u00f3rg\u00e3o arbitral, sem divulga\u00e7\u00e3o de valores. O processo foca-se no acordo de ced\u00eancia e na correspondente d\u00edvida que permanece por regularizar.<\/p>\n","protected":false},"excerpt":{"rendered":"<ul>\n<li>O Santa Clara apresentou, na passada sexta-feira, dia 17 de abril, uma a\u00e7\u00e3o no Tribunal Arbitral do Desporto (TAD) contra a Uni\u00e3o de Leiria.<\/li>\n<li>A a\u00e7\u00e3o envolve uma d\u00edvida ainda n\u00e3o liquidada pela Uni\u00e3o de Leiria ao Santa Clara.<\/li>\n<li>O valor assinalado est\u00e1 relacionado com um atleta cedido pelo Santa Clara \u00e0 Uni\u00e3o de Leiria.<\/li>\n<li>Nesta temporada, o Santa Clara emprestou os m\u00e9dios Miguel Pires e Daniel Borges \u00e0 Uni\u00e3o de Leiria.<\/li>\n<li>A informa\u00e7\u00e3o consta no site do Tribunal Arbitral do Desporto (TAD).<\/li>\n<\/ul>\n","protected":false},"author":2,"featured_media":452044,"comment_status":"closed","ping_status":"closed","sticky":false,"template":"","format":"standard","meta":{"footnotes":""},"categories":[21,24],"tags":[6601,2457,1385,998,6970,3121],"class_list":["post-452039","post","type-post","status-publish","format-standard","has-post-thumbnail","hentry","category-desporto","category-futebol","tag-cedencia","tag-emprestimos","tag-leiria","tag-santa-clara","tag-tad","tag-uniao-de-leiria"],"yoast_head":"<!-- This site is optimized with the Yoast SEO plugin v27.2 - https:\/\/yoast.com\/product\/yoast-seo-wordpress\/ -->\n<title>Santa Clara recorre ao TAD contra a Universidade de Leiria - Portal Tela Portugal<\/title>\n<meta name=\"robots\" content=\"index, follow, max-snippet:-1, max-image-preview:large, max-video-preview:-1\" \/>\n<meta property=\"og:locale\" content=\"pt_PT\" \/>\n<meta property=\"og:type\" content=\"article\" \/>\n<meta property=\"og:title\" content=\"Santa Clara recorre ao TAD contra a Universidade de Leiria - Portal Tela Portugal\" \/>\n<meta property=\"og:description\" content=\"O Santa Clara apresentou, na passada sexta-feira, dia 17 de abril, uma a\u00e7\u00e3o no Tribunal Arbitral do Desporto (TAD) contra a Uni\u00e3o de Leiria. A a\u00e7\u00e3o envolve uma d\u00edvida ainda n\u00e3o liquidada pela Uni\u00e3o de Leiria ao Santa Clara. O valor assinalado est\u00e1 relacionado com um atleta cedido pelo Santa Clara \u00e0 Uni\u00e3o de Leiria. Nesta temporada, o Santa Clara emprestou os m\u00e9dios Miguel Pires e Daniel Borges \u00e0 Uni\u00e3o de Leiria. A informa\u00e7\u00e3o consta no site do Tribunal Arbitral do Desporto (TAD).\" \/>\n<meta property=\"og:url\" content=\"https:\/\/portaltela.pt\/noticias\/2026\/04\/20\/santa-clara-recorre-ao-tad-contra-a-universidade-de-leiria\/\" \/>\n<meta property=\"og:site_name\" content=\"Portal Tela Portugal\" \/>\n<meta property=\"article:published_time\" content=\"2026-04-20T22:33:01+00:00\" \/>\n<meta name=\"author\" content=\"Telinha\" \/>\n<meta name=\"twitter:card\" content=\"summary_large_image\" \/>\n<meta name=\"twitter:label1\" content=\"Escrito por\" \/>\n\t<meta name=\"twitter:data1\" content=\"Telinha\" \/>\n\t<meta name=\"twitter:label2\" content=\"Tempo estimado de leitura\" \/>\n\t<meta name=\"twitter:data2\" content=\"1 minuto\" \/>\n<script type=\"application\/ld+json\" class=\"yoast-schema-graph\">{\"@context\":\"https:\/\/schema.org\",\"@graph\":[{\"@type\":\"Article\",\"@id\":\"https:\/\/portaltela.pt\/noticias\/2026\/04\/20\/santa-clara-recorre-ao-tad-contra-a-universidade-de-leiria\/#article\",\"isPartOf\":{\"@id\":\"https:\/\/portaltela.pt\/noticias\/2026\/04\/20\/santa-clara-recorre-ao-tad-contra-a-universidade-de-leiria\/\"},\"author\":{\"name\":\"Telinha\",\"@id\":\"https:\/\/portaltela.pt\/#\/schema\/person\/c4278d4a6028830caff9ee44b42d32ed\"},\"headline\":\"Santa Clara recorre ao TAD contra a Universidade de Leiria\",\"datePublished\":\"2026-04-20T22:33:01+00:00\",\"mainEntityOfPage\":{\"@id\":\"https:\/\/portaltela.pt\/noticias\/2026\/04\/20\/santa-clara-recorre-ao-tad-contra-a-universidade-de-leiria\/\"},\"wordCount\":124,\"image\":{\"@id\":\"https:\/\/portaltela.pt\/noticias\/2026\/04\/20\/santa-clara-recorre-ao-tad-contra-a-universidade-de-leiria\/#primaryimage\"},\"thumbnailUrl\":\"https:\/\/portaltela.pt\/s.01k8rhncp4jt1\/2026\/04\/img_920x518uu2026-02-10-17-19-16-2420786-im-639123242149884158.jpg\",\"keywords\":[\"ced\u00eancia\",\"empr\u00e9stimos\",\"Leiria\",\"Santa Clara\",\"TAD\",\"Uni\u00e3o de Leiria\"],\"articleSection\":[\"Desporto\",\"Futebol\"],\"inLanguage\":\"pt-PT\"},{\"@type\":\"WebPage\",\"@id\":\"https:\/\/portaltela.pt\/noticias\/2026\/04\/20\/santa-clara-recorre-ao-tad-contra-a-universidade-de-leiria\/\",\"url\":\"https:\/\/portaltela.pt\/noticias\/2026\/04\/20\/santa-clara-recorre-ao-tad-contra-a-universidade-de-leiria\/\",\"name\":\"Santa Clara recorre ao TAD contra a Universidade de Leiria - Portal Tela Portugal\",\"isPartOf\":{\"@id\":\"https:\/\/portaltela.pt\/#website\"},\"primaryImageOfPage\":{\"@id\":\"https:\/\/portaltela.pt\/noticias\/2026\/04\/20\/santa-clara-recorre-ao-tad-contra-a-universidade-de-leiria\/#primaryimage\"},\"image\":{\"@id\":\"https:\/\/portaltela.pt\/noticias\/2026\/04\/20\/santa-clara-recorre-ao-tad-contra-a-universidade-de-leiria\/#primaryimage\"},\"thumbnailUrl\":\"https:\/\/portaltela.pt\/s.01k8rhncp4jt1\/2026\/04\/img_920x518uu2026-02-10-17-19-16-2420786-im-639123242149884158.jpg\",\"datePublished\":\"2026-04-20T22:33:01+00:00\",\"author\":{\"@id\":\"https:\/\/portaltela.pt\/#\/schema\/person\/c4278d4a6028830caff9ee44b42d32ed\"},\"breadcrumb\":{\"@id\":\"https:\/\/portaltela.pt\/noticias\/2026\/04\/20\/santa-clara-recorre-ao-tad-contra-a-universidade-de-leiria\/#breadcrumb\"},\"inLanguage\":\"pt-PT\",\"potentialAction\":[{\"@type\":\"ReadAction\",\"target\":[\"https:\/\/portaltela.pt\/noticias\/2026\/04\/20\/santa-clara-recorre-ao-tad-contra-a-universidade-de-leiria\/\"]}]},{\"@type\":\"ImageObject\",\"inLanguage\":\"pt-PT\",\"@id\":\"https:\/\/portaltela.pt\/noticias\/2026\/04\/20\/santa-clara-recorre-ao-tad-contra-a-universidade-de-leiria\/#primaryimage\",\"url\":\"https:\/\/portaltela.pt\/s.01k8rhncp4jt1\/2026\/04\/img_920x518uu2026-02-10-17-19-16-2420786-im-639123242149884158.jpg\",\"contentUrl\":\"https:\/\/portaltela.pt\/s.01k8rhncp4jt1\/2026\/04\/img_920x518uu2026-02-10-17-19-16-2420786-im-639123242149884158.jpg\",\"width\":796,\"height\":448,\"caption\":\"Santa Clara em conflito com a U. Leiria\"},{\"@type\":\"BreadcrumbList\",\"@id\":\"https:\/\/portaltela.pt\/noticias\/2026\/04\/20\/santa-clara-recorre-ao-tad-contra-a-universidade-de-leiria\/#breadcrumb\",\"itemListElement\":[{\"@type\":\"ListItem\",\"position\":1,\"name\":\"In\u00edcio\",\"item\":\"https:\/\/portaltela.pt\/\"},{\"@type\":\"ListItem\",\"position\":2,\"name\":\"Santa Clara recorre ao TAD contra a Universidade de Leiria\"}]},{\"@type\":\"WebSite\",\"@id\":\"https:\/\/portaltela.pt\/#website\",\"url\":\"https:\/\/portaltela.pt\/\",\"name\":\"Portal Tela Portugal\",\"description\":\"\",\"potentialAction\":[{\"@type\":\"SearchAction\",\"target\":{\"@type\":\"EntryPoint\",\"urlTemplate\":\"https:\/\/portaltela.pt\/?s={search_term_string}\"},\"query-input\":{\"@type\":\"PropertyValueSpecification\",\"valueRequired\":true,\"valueName\":\"search_term_string\"}}],\"inLanguage\":\"pt-PT\"},{\"@type\":\"Person\",\"@id\":\"https:\/\/portaltela.pt\/#\/schema\/person\/c4278d4a6028830caff9ee44b42d32ed\",\"name\":\"Telinha\",\"image\":{\"@type\":\"ImageObject\",\"inLanguage\":\"pt-PT\",\"@id\":\"https:\/\/portaltela.pt\/s.01k8rhncp4jt1\/2025\/11\/talking-bot-125x125.png\",\"url\":\"https:\/\/portaltela.pt\/s.01k8rhncp4jt1\/2025\/11\/talking-bot-125x125.png\",\"contentUrl\":\"https:\/\/portaltela.pt\/s.01k8rhncp4jt1\/2025\/11\/talking-bot-125x125.png\",\"caption\":\"Telinha\"},\"sameAs\":[\"https:\/\/portaltela.pt\/\"],\"url\":\"https:\/\/portaltela.pt\/por\/367410592786\/\"}]}<\/script>\n<!-- \/ Yoast SEO plugin. -->","yoast_head_json":{"title":"Santa Clara recorre ao TAD contra a Universidade de Leiria - Portal Tela Portugal","robots":{"index":"index","follow":"follow","max-snippet":"max-snippet:-1","max-image-preview":"max-image-preview:large","max-video-preview":"max-video-preview:-1"},"og_locale":"pt_PT","og_type":"article","og_title":"Santa Clara recorre ao TAD contra a Universidade de Leiria - Portal Tela Portugal","og_description":"O Santa Clara apresentou, na passada sexta-feira, dia 17 de abril, uma a\u00e7\u00e3o no Tribunal Arbitral do Desporto (TAD) contra a Uni\u00e3o de Leiria. A a\u00e7\u00e3o envolve uma d\u00edvida ainda n\u00e3o liquidada pela Uni\u00e3o de Leiria ao Santa Clara. O valor assinalado est\u00e1 relacionado com um atleta cedido pelo Santa Clara \u00e0 Uni\u00e3o de Leiria. Nesta temporada, o Santa Clara emprestou os m\u00e9dios Miguel Pires e Daniel Borges \u00e0 Uni\u00e3o de Leiria. A informa\u00e7\u00e3o consta no site do Tribunal Arbitral do Desporto (TAD).","og_url":"https:\/\/portaltela.pt\/noticias\/2026\/04\/20\/santa-clara-recorre-ao-tad-contra-a-universidade-de-leiria\/","og_site_name":"Portal Tela Portugal","article_published_time":"2026-04-20T22:33:01+00:00","author":"Telinha","twitter_card":"summary_large_image","twitter_misc":{"Escrito por":"Telinha","Tempo estimado de leitura":"1 minuto"},"schema":{"@context":"https:\/\/schema.org","@graph":[{"@type":"Article","@id":"https:\/\/portaltela.pt\/noticias\/2026\/04\/20\/santa-clara-recorre-ao-tad-contra-a-universidade-de-leiria\/#article","isPartOf":{"@id":"https:\/\/portaltela.pt\/noticias\/2026\/04\/20\/santa-clara-recorre-ao-tad-contra-a-universidade-de-leiria\/"},"author":{"name":"Telinha","@id":"https:\/\/portaltela.pt\/#\/schema\/person\/c4278d4a6028830caff9ee44b42d32ed"},"headline":"Santa Clara recorre ao TAD contra a Universidade de Leiria","datePublished":"2026-04-20T22:33:01+00:00","mainEntityOfPage":{"@id":"https:\/\/portaltela.pt\/noticias\/2026\/04\/20\/santa-clara-recorre-ao-tad-contra-a-universidade-de-leiria\/"},"wordCount":124,"image":{"@id":"https:\/\/portaltela.pt\/noticias\/2026\/04\/20\/santa-clara-recorre-ao-tad-contra-a-universidade-de-leiria\/#primaryimage"},"thumbnailUrl":"https:\/\/portaltela.pt\/s.01k8rhncp4jt1\/2026\/04\/img_920x518uu2026-02-10-17-19-16-2420786-im-639123242149884158.jpg","keywords":["ced\u00eancia","empr\u00e9stimos","Leiria","Santa Clara","TAD","Uni\u00e3o de Leiria"],"articleSection":["Desporto","Futebol"],"inLanguage":"pt-PT"},{"@type":"WebPage","@id":"https:\/\/portaltela.pt\/noticias\/2026\/04\/20\/santa-clara-recorre-ao-tad-contra-a-universidade-de-leiria\/","url":"https:\/\/portaltela.pt\/noticias\/2026\/04\/20\/santa-clara-recorre-ao-tad-contra-a-universidade-de-leiria\/","name":"Santa Clara recorre ao TAD contra a Universidade de Leiria - Portal Tela Portugal","isPartOf":{"@id":"https:\/\/portaltela.pt\/#website"},"primaryImageOfPage":{"@id":"https:\/\/portaltela.pt\/noticias\/2026\/04\/20\/santa-clara-recorre-ao-tad-contra-a-universidade-de-leiria\/#primaryimage"},"image":{"@id":"https:\/\/portaltela.pt\/noticias\/2026\/04\/20\/santa-clara-recorre-ao-tad-contra-a-universidade-de-leiria\/#primaryimage"},"thumbnailUrl":"https:\/\/portaltela.pt\/s.01k8rhncp4jt1\/2026\/04\/img_920x518uu2026-02-10-17-19-16-2420786-im-639123242149884158.jpg","datePublished":"2026-04-20T22:33:01+00:00","author":{"@id":"https:\/\/portaltela.pt\/#\/schema\/person\/c4278d4a6028830caff9ee44b42d32ed"},"breadcrumb":{"@id":"https:\/\/portaltela.pt\/noticias\/2026\/04\/20\/santa-clara-recorre-ao-tad-contra-a-universidade-de-leiria\/#breadcrumb"},"inLanguage":"pt-PT","potentialAction":[{"@type":"ReadAction","target":["https:\/\/portaltela.pt\/noticias\/2026\/04\/20\/santa-clara-recorre-ao-tad-contra-a-universidade-de-leiria\/"]}]},{"@type":"ImageObject","inLanguage":"pt-PT","@id":"https:\/\/portaltela.pt\/noticias\/2026\/04\/20\/santa-clara-recorre-ao-tad-contra-a-universidade-de-leiria\/#primaryimage","url":"https:\/\/portaltela.pt\/s.01k8rhncp4jt1\/2026\/04\/img_920x518uu2026-02-10-17-19-16-2420786-im-639123242149884158.jpg","contentUrl":"https:\/\/portaltela.pt\/s.01k8rhncp4jt1\/2026\/04\/img_920x518uu2026-02-10-17-19-16-2420786-im-639123242149884158.jpg","width":796,"height":448,"caption":"Santa Clara em conflito com a U. Leiria"},{"@type":"BreadcrumbList","@id":"https:\/\/portaltela.pt\/noticias\/2026\/04\/20\/santa-clara-recorre-ao-tad-contra-a-universidade-de-leiria\/#breadcrumb","itemListElement":[{"@type":"ListItem","position":1,"name":"In\u00edcio","item":"https:\/\/portaltela.pt\/"},{"@type":"ListItem","position":2,"name":"Santa Clara recorre ao TAD contra a Universidade de Leiria"}]},{"@type":"WebSite","@id":"https:\/\/portaltela.pt\/#website","url":"https:\/\/portaltela.pt\/","name":"Portal Tela Portugal","description":"","potentialAction":[{"@type":"SearchAction","target":{"@type":"EntryPoint","urlTemplate":"https:\/\/portaltela.pt\/?s={search_term_string}"},"query-input":{"@type":"PropertyValueSpecification","valueRequired":true,"valueName":"search_term_string"}}],"inLanguage":"pt-PT"},{"@type":"Person","@id":"https:\/\/portaltela.pt\/#\/schema\/person\/c4278d4a6028830caff9ee44b42d32ed","name":"Telinha","image":{"@type":"ImageObject","inLanguage":"pt-PT","@id":"https:\/\/portaltela.pt\/s.01k8rhncp4jt1\/2025\/11\/talking-bot-125x125.png","url":"https:\/\/portaltela.pt\/s.01k8rhncp4jt1\/2025\/11\/talking-bot-125x125.png","contentUrl":"https:\/\/portaltela.pt\/s.01k8rhncp4jt1\/2025\/11\/talking-bot-125x125.png","caption":"Telinha"},"sameAs":["https:\/\/portaltela.pt\/"],"url":"https:\/\/portaltela.pt\/por\/367410592786\/"}]}},"_links":{"self":[{"href":"https:\/\/portaltela.pt\/api\/wp\/v2\/posts\/452039","targetHints":{"allow":["GET"]}}],"collection":[{"href":"https:\/\/portaltela.pt\/api\/wp\/v2\/posts"}],"about":[{"href":"https:\/\/portaltela.pt\/api\/wp\/v2\/types\/post"}],"author":[{"embeddable":true,"href":"https:\/\/portaltela.pt\/api\/wp\/v2\/users\/2"}],"replies":[{"embeddable":true,"href":"https:\/\/portaltela.pt\/api\/wp\/v2\/comments?post=452039"}],"version-history":[{"count":0,"href":"https:\/\/portaltela.pt\/api\/wp\/v2\/posts\/452039\/revisions"}],"wp:featuredmedia":[{"embeddable":true,"href":"https:\/\/portaltela.pt\/api\/wp\/v2\/media\/452044"}],"wp:attachment":[{"href":"https:\/\/portaltela.pt\/api\/wp\/v2\/media?parent=452039"}],"wp:term":[{"taxonomy":"category","embeddable":true,"href":"https:\/\/portaltela.pt\/api\/wp\/v2\/categories?post=452039"},{"taxonomy":"post_tag","embeddable":true,"href":"https:\/\/portaltela.pt\/api\/wp\/v2\/tags?post=452039"}],"curies":[{"name":"wp","href":"https:\/\/api.w.org\/{rel}","templated":true}]}}