{"id":452034,"date":"2026-04-20T19:32:52","date_gmt":"2026-04-20T22:32:52","guid":{"rendered":"https:\/\/portaltela.pt\/noticias\/2026\/04\/20\/assalto-ao-estadio-do-clube-de-esposende\/"},"modified":"2026-04-20T19:32:52","modified_gmt":"2026-04-20T22:32:52","slug":"assalto-ao-estadio-do-clube-de-esposende","status":"publish","type":"post","link":"https:\/\/portaltela.pt\/desporto\/futebol\/2026\/04\/20\/assalto-ao-estadio-do-clube-de-esposende\/","title":{"rendered":"Assalto ao est\u00e1dio do clube de Esposende"},"content":{"rendered":"<p>O est\u00e1dio da Uni\u00e3o Desportiva Vila Ch\u00e3, clube de Esposende na Divis\u00e3o Pr\u00f3-Nacional da Associa\u00e7\u00e3o de Futebol de Braga, foi alvo de um assalto. O recheio do bar foi furtado e ocorreram danos nas instala\u00e7\u00f5es.<\/p>\n<p>Em comunicado, o emblema esposendense refere que os autores provocaram estragos em portas, fechaduras e diversos equipamentos no interior do recinto.<\/p>\n<p>As autoridades j\u00e1 foram alertadas e a investiga\u00e7\u00e3o est\u00e1 em curso para apurar as circunst\u00e2ncias do furto e identificar os respons\u00e1veis. Foi lan\u00e7ado um apelo nas redes sociais para quem tenha informa\u00e7\u00f5es, que devem ser comunicadas \u00e0 GNR, \u00e0 dire\u00e7\u00e3o do clube ou \u00e0 Junta de Freguesia.<\/p>\n","protected":false},"excerpt":{"rendered":"<ul>\n<li>O est\u00e1dio da Uni\u00e3o Desportiva Vila Ch\u00e3, em Esposende, foi alvo de assalto, com o furtos do recheio do bar e danos nas instala\u00e7\u00f5es.<\/li>\n<li>Os ladr\u00f5es causaram estragos em portas, fechaduras e v\u00e1rios equipamentos no interior do recinto desportivo.<\/li>\n<li>As autoridades foram alertadas e a investiga\u00e7\u00e3o est\u00e1 em curso para apurar as circunst\u00e2ncias e identificar os respons\u00e1veis.<\/li>\n<li>Foi feito um apelo nas redes sociais para que quem tenha informa\u00e7\u00e3o relevante a comunique \u00e0 GNR, \u00e0 dire\u00e7\u00e3o do clube ou \u00e0 Junta de Freguesia local.<\/li>\n<\/ul>\n","protected":false},"author":2,"featured_media":452036,"comment_status":"closed","ping_status":"closed","sticky":false,"template":"","format":"standard","meta":{"footnotes":""},"categories":[21,24],"tags":[8784,7973,8464,8467,8227,5293],"class_list":["post-452034","post","type-post","status-publish","format-standard","has-post-thumbnail","hentry","category-desporto","category-futebol","tag-_assalto","tag-_braga","tag-_furto","tag-_furtos","tag-_gnr","tag-junta-de-freguesia"],"yoast_head":"<!-- This site is optimized with the Yoast SEO plugin v27.2 - https:\/\/yoast.com\/product\/yoast-seo-wordpress\/ -->\n<title>Assalto ao est\u00e1dio do clube de Esposende - Portal Tela Portugal<\/title>\n<meta name=\"robots\" content=\"index, follow, max-snippet:-1, max-image-preview:large, max-video-preview:-1\" \/>\n<meta property=\"og:locale\" content=\"pt_PT\" \/>\n<meta property=\"og:type\" content=\"article\" \/>\n<meta property=\"og:title\" content=\"Assalto ao est\u00e1dio do clube de Esposende - Portal Tela Portugal\" \/>\n<meta property=\"og:description\" content=\"O est\u00e1dio da Uni\u00e3o Desportiva Vila Ch\u00e3, em Esposende, foi alvo de assalto, com o furtos do recheio do bar e danos nas instala\u00e7\u00f5es. Os ladr\u00f5es causaram estragos em portas, fechaduras e v\u00e1rios equipamentos no interior do recinto desportivo. As autoridades foram alertadas e a investiga\u00e7\u00e3o est\u00e1 em curso para apurar as circunst\u00e2ncias e identificar os respons\u00e1veis. Foi feito um apelo nas redes sociais para que quem tenha informa\u00e7\u00e3o relevante a comunique \u00e0 GNR, \u00e0 dire\u00e7\u00e3o do clube ou \u00e0 Junta de Freguesia local.\" \/>\n<meta property=\"og:url\" content=\"https:\/\/portaltela.pt\/noticias\/2026\/04\/20\/assalto-ao-estadio-do-clube-de-esposende\/\" \/>\n<meta property=\"og:site_name\" content=\"Portal Tela Portugal\" \/>\n<meta property=\"article:published_time\" content=\"2026-04-20T22:32:52+00:00\" \/>\n<meta name=\"author\" content=\"Telinha\" \/>\n<meta name=\"twitter:card\" content=\"summary_large_image\" \/>\n<meta name=\"twitter:label1\" content=\"Escrito por\" \/>\n\t<meta name=\"twitter:data1\" content=\"Telinha\" \/>\n\t<meta name=\"twitter:label2\" content=\"Tempo estimado de leitura\" \/>\n\t<meta name=\"twitter:data2\" content=\"1 minuto\" \/>\n<script type=\"application\/ld+json\" class=\"yoast-schema-graph\">{\"@context\":\"https:\/\/schema.org\",\"@graph\":[{\"@type\":\"Article\",\"@id\":\"https:\/\/portaltela.pt\/noticias\/2026\/04\/20\/assalto-ao-estadio-do-clube-de-esposende\/#article\",\"isPartOf\":{\"@id\":\"https:\/\/portaltela.pt\/noticias\/2026\/04\/20\/assalto-ao-estadio-do-clube-de-esposende\/\"},\"author\":{\"name\":\"Telinha\",\"@id\":\"https:\/\/portaltela.pt\/#\/schema\/person\/c4278d4a6028830caff9ee44b42d32ed\"},\"headline\":\"Assalto ao est\u00e1dio do clube de Esposende\",\"datePublished\":\"2026-04-20T22:32:52+00:00\",\"mainEntityOfPage\":{\"@id\":\"https:\/\/portaltela.pt\/noticias\/2026\/04\/20\/assalto-ao-estadio-do-clube-de-esposende\/\"},\"wordCount\":120,\"image\":{\"@id\":\"https:\/\/portaltela.pt\/noticias\/2026\/04\/20\/assalto-ao-estadio-do-clube-de-esposende\/#primaryimage\"},\"thumbnailUrl\":\"https:\/\/portaltela.pt\/s.01k8rhncp4jt1\/2026\/04\/image-1238.jpg\",\"keywords\":[\"_assalto\",\"_Braga\",\"_furto\",\"_furtos\",\"_GNR\",\"Junta de Freguesia\"],\"articleSection\":[\"Desporto\",\"Futebol\"],\"inLanguage\":\"pt-PT\"},{\"@type\":\"WebPage\",\"@id\":\"https:\/\/portaltela.pt\/noticias\/2026\/04\/20\/assalto-ao-estadio-do-clube-de-esposende\/\",\"url\":\"https:\/\/portaltela.pt\/noticias\/2026\/04\/20\/assalto-ao-estadio-do-clube-de-esposende\/\",\"name\":\"Assalto ao est\u00e1dio do clube de Esposende - Portal Tela Portugal\",\"isPartOf\":{\"@id\":\"https:\/\/portaltela.pt\/#website\"},\"primaryImageOfPage\":{\"@id\":\"https:\/\/portaltela.pt\/noticias\/2026\/04\/20\/assalto-ao-estadio-do-clube-de-esposende\/#primaryimage\"},\"image\":{\"@id\":\"https:\/\/portaltela.pt\/noticias\/2026\/04\/20\/assalto-ao-estadio-do-clube-de-esposende\/#primaryimage\"},\"thumbnailUrl\":\"https:\/\/portaltela.pt\/s.01k8rhncp4jt1\/2026\/04\/image-1238.jpg\",\"datePublished\":\"2026-04-20T22:32:52+00:00\",\"author\":{\"@id\":\"https:\/\/portaltela.pt\/#\/schema\/person\/c4278d4a6028830caff9ee44b42d32ed\"},\"breadcrumb\":{\"@id\":\"https:\/\/portaltela.pt\/noticias\/2026\/04\/20\/assalto-ao-estadio-do-clube-de-esposende\/#breadcrumb\"},\"inLanguage\":\"pt-PT\",\"potentialAction\":[{\"@type\":\"ReadAction\",\"target\":[\"https:\/\/portaltela.pt\/noticias\/2026\/04\/20\/assalto-ao-estadio-do-clube-de-esposende\/\"]}]},{\"@type\":\"ImageObject\",\"inLanguage\":\"pt-PT\",\"@id\":\"https:\/\/portaltela.pt\/noticias\/2026\/04\/20\/assalto-ao-estadio-do-clube-de-esposende\/#primaryimage\",\"url\":\"https:\/\/portaltela.pt\/s.01k8rhncp4jt1\/2026\/04\/image-1238.jpg\",\"contentUrl\":\"https:\/\/portaltela.pt\/s.01k8rhncp4jt1\/2026\/04\/image-1238.jpg\",\"width\":796,\"height\":448,\"caption\":\"Est\u00e1dio da Uni\u00e3o Desportiva de Vila Ch\u00e3\"},{\"@type\":\"BreadcrumbList\",\"@id\":\"https:\/\/portaltela.pt\/noticias\/2026\/04\/20\/assalto-ao-estadio-do-clube-de-esposende\/#breadcrumb\",\"itemListElement\":[{\"@type\":\"ListItem\",\"position\":1,\"name\":\"In\u00edcio\",\"item\":\"https:\/\/portaltela.pt\/\"},{\"@type\":\"ListItem\",\"position\":2,\"name\":\"Assalto ao est\u00e1dio do clube de Esposende\"}]},{\"@type\":\"WebSite\",\"@id\":\"https:\/\/portaltela.pt\/#website\",\"url\":\"https:\/\/portaltela.pt\/\",\"name\":\"Portal Tela Portugal\",\"description\":\"\",\"potentialAction\":[{\"@type\":\"SearchAction\",\"target\":{\"@type\":\"EntryPoint\",\"urlTemplate\":\"https:\/\/portaltela.pt\/?s={search_term_string}\"},\"query-input\":{\"@type\":\"PropertyValueSpecification\",\"valueRequired\":true,\"valueName\":\"search_term_string\"}}],\"inLanguage\":\"pt-PT\"},{\"@type\":\"Person\",\"@id\":\"https:\/\/portaltela.pt\/#\/schema\/person\/c4278d4a6028830caff9ee44b42d32ed\",\"name\":\"Telinha\",\"image\":{\"@type\":\"ImageObject\",\"inLanguage\":\"pt-PT\",\"@id\":\"https:\/\/portaltela.pt\/s.01k8rhncp4jt1\/2025\/11\/talking-bot-125x125.png\",\"url\":\"https:\/\/portaltela.pt\/s.01k8rhncp4jt1\/2025\/11\/talking-bot-125x125.png\",\"contentUrl\":\"https:\/\/portaltela.pt\/s.01k8rhncp4jt1\/2025\/11\/talking-bot-125x125.png\",\"caption\":\"Telinha\"},\"sameAs\":[\"https:\/\/portaltela.pt\/\"],\"url\":\"https:\/\/portaltela.pt\/por\/367410592786\/\"}]}<\/script>\n<!-- \/ Yoast SEO plugin. -->","yoast_head_json":{"title":"Assalto ao est\u00e1dio do clube de Esposende - Portal Tela Portugal","robots":{"index":"index","follow":"follow","max-snippet":"max-snippet:-1","max-image-preview":"max-image-preview:large","max-video-preview":"max-video-preview:-1"},"og_locale":"pt_PT","og_type":"article","og_title":"Assalto ao est\u00e1dio do clube de Esposende - Portal Tela Portugal","og_description":"O est\u00e1dio da Uni\u00e3o Desportiva Vila Ch\u00e3, em Esposende, foi alvo de assalto, com o furtos do recheio do bar e danos nas instala\u00e7\u00f5es. Os ladr\u00f5es causaram estragos em portas, fechaduras e v\u00e1rios equipamentos no interior do recinto desportivo. As autoridades foram alertadas e a investiga\u00e7\u00e3o est\u00e1 em curso para apurar as circunst\u00e2ncias e identificar os respons\u00e1veis. Foi feito um apelo nas redes sociais para que quem tenha informa\u00e7\u00e3o relevante a comunique \u00e0 GNR, \u00e0 dire\u00e7\u00e3o do clube ou \u00e0 Junta de Freguesia local.","og_url":"https:\/\/portaltela.pt\/noticias\/2026\/04\/20\/assalto-ao-estadio-do-clube-de-esposende\/","og_site_name":"Portal Tela Portugal","article_published_time":"2026-04-20T22:32:52+00:00","author":"Telinha","twitter_card":"summary_large_image","twitter_misc":{"Escrito por":"Telinha","Tempo estimado de leitura":"1 minuto"},"schema":{"@context":"https:\/\/schema.org","@graph":[{"@type":"Article","@id":"https:\/\/portaltela.pt\/noticias\/2026\/04\/20\/assalto-ao-estadio-do-clube-de-esposende\/#article","isPartOf":{"@id":"https:\/\/portaltela.pt\/noticias\/2026\/04\/20\/assalto-ao-estadio-do-clube-de-esposende\/"},"author":{"name":"Telinha","@id":"https:\/\/portaltela.pt\/#\/schema\/person\/c4278d4a6028830caff9ee44b42d32ed"},"headline":"Assalto ao est\u00e1dio do clube de Esposende","datePublished":"2026-04-20T22:32:52+00:00","mainEntityOfPage":{"@id":"https:\/\/portaltela.pt\/noticias\/2026\/04\/20\/assalto-ao-estadio-do-clube-de-esposende\/"},"wordCount":120,"image":{"@id":"https:\/\/portaltela.pt\/noticias\/2026\/04\/20\/assalto-ao-estadio-do-clube-de-esposende\/#primaryimage"},"thumbnailUrl":"https:\/\/portaltela.pt\/s.01k8rhncp4jt1\/2026\/04\/image-1238.jpg","keywords":["_assalto","_Braga","_furto","_furtos","_GNR","Junta de Freguesia"],"articleSection":["Desporto","Futebol"],"inLanguage":"pt-PT"},{"@type":"WebPage","@id":"https:\/\/portaltela.pt\/noticias\/2026\/04\/20\/assalto-ao-estadio-do-clube-de-esposende\/","url":"https:\/\/portaltela.pt\/noticias\/2026\/04\/20\/assalto-ao-estadio-do-clube-de-esposende\/","name":"Assalto ao est\u00e1dio do clube de Esposende - Portal Tela Portugal","isPartOf":{"@id":"https:\/\/portaltela.pt\/#website"},"primaryImageOfPage":{"@id":"https:\/\/portaltela.pt\/noticias\/2026\/04\/20\/assalto-ao-estadio-do-clube-de-esposende\/#primaryimage"},"image":{"@id":"https:\/\/portaltela.pt\/noticias\/2026\/04\/20\/assalto-ao-estadio-do-clube-de-esposende\/#primaryimage"},"thumbnailUrl":"https:\/\/portaltela.pt\/s.01k8rhncp4jt1\/2026\/04\/image-1238.jpg","datePublished":"2026-04-20T22:32:52+00:00","author":{"@id":"https:\/\/portaltela.pt\/#\/schema\/person\/c4278d4a6028830caff9ee44b42d32ed"},"breadcrumb":{"@id":"https:\/\/portaltela.pt\/noticias\/2026\/04\/20\/assalto-ao-estadio-do-clube-de-esposende\/#breadcrumb"},"inLanguage":"pt-PT","potentialAction":[{"@type":"ReadAction","target":["https:\/\/portaltela.pt\/noticias\/2026\/04\/20\/assalto-ao-estadio-do-clube-de-esposende\/"]}]},{"@type":"ImageObject","inLanguage":"pt-PT","@id":"https:\/\/portaltela.pt\/noticias\/2026\/04\/20\/assalto-ao-estadio-do-clube-de-esposende\/#primaryimage","url":"https:\/\/portaltela.pt\/s.01k8rhncp4jt1\/2026\/04\/image-1238.jpg","contentUrl":"https:\/\/portaltela.pt\/s.01k8rhncp4jt1\/2026\/04\/image-1238.jpg","width":796,"height":448,"caption":"Est\u00e1dio da Uni\u00e3o Desportiva de Vila Ch\u00e3"},{"@type":"BreadcrumbList","@id":"https:\/\/portaltela.pt\/noticias\/2026\/04\/20\/assalto-ao-estadio-do-clube-de-esposende\/#breadcrumb","itemListElement":[{"@type":"ListItem","position":1,"name":"In\u00edcio","item":"https:\/\/portaltela.pt\/"},{"@type":"ListItem","position":2,"name":"Assalto ao est\u00e1dio do clube de Esposende"}]},{"@type":"WebSite","@id":"https:\/\/portaltela.pt\/#website","url":"https:\/\/portaltela.pt\/","name":"Portal Tela Portugal","description":"","potentialAction":[{"@type":"SearchAction","target":{"@type":"EntryPoint","urlTemplate":"https:\/\/portaltela.pt\/?s={search_term_string}"},"query-input":{"@type":"PropertyValueSpecification","valueRequired":true,"valueName":"search_term_string"}}],"inLanguage":"pt-PT"},{"@type":"Person","@id":"https:\/\/portaltela.pt\/#\/schema\/person\/c4278d4a6028830caff9ee44b42d32ed","name":"Telinha","image":{"@type":"ImageObject","inLanguage":"pt-PT","@id":"https:\/\/portaltela.pt\/s.01k8rhncp4jt1\/2025\/11\/talking-bot-125x125.png","url":"https:\/\/portaltela.pt\/s.01k8rhncp4jt1\/2025\/11\/talking-bot-125x125.png","contentUrl":"https:\/\/portaltela.pt\/s.01k8rhncp4jt1\/2025\/11\/talking-bot-125x125.png","caption":"Telinha"},"sameAs":["https:\/\/portaltela.pt\/"],"url":"https:\/\/portaltela.pt\/por\/367410592786\/"}]}},"_links":{"self":[{"href":"https:\/\/portaltela.pt\/api\/wp\/v2\/posts\/452034","targetHints":{"allow":["GET"]}}],"collection":[{"href":"https:\/\/portaltela.pt\/api\/wp\/v2\/posts"}],"about":[{"href":"https:\/\/portaltela.pt\/api\/wp\/v2\/types\/post"}],"author":[{"embeddable":true,"href":"https:\/\/portaltela.pt\/api\/wp\/v2\/users\/2"}],"replies":[{"embeddable":true,"href":"https:\/\/portaltela.pt\/api\/wp\/v2\/comments?post=452034"}],"version-history":[{"count":0,"href":"https:\/\/portaltela.pt\/api\/wp\/v2\/posts\/452034\/revisions"}],"wp:featuredmedia":[{"embeddable":true,"href":"https:\/\/portaltela.pt\/api\/wp\/v2\/media\/452036"}],"wp:attachment":[{"href":"https:\/\/portaltela.pt\/api\/wp\/v2\/media?parent=452034"}],"wp:term":[{"taxonomy":"category","embeddable":true,"href":"https:\/\/portaltela.pt\/api\/wp\/v2\/categories?post=452034"},{"taxonomy":"post_tag","embeddable":true,"href":"https:\/\/portaltela.pt\/api\/wp\/v2\/tags?post=452034"}],"curies":[{"name":"wp","href":"https:\/\/api.w.org\/{rel}","templated":true}]}}