{"id":452007,"date":"2026-04-20T18:48:03","date_gmt":"2026-04-20T21:48:03","guid":{"rendered":"https:\/\/portaltela.pt\/noticias\/2026\/04\/20\/joao-brandao-lamenta-derrota-frente-ao-leixoes-num-jogo-duro\/"},"modified":"2026-04-20T18:48:03","modified_gmt":"2026-04-20T21:48:03","slug":"joao-brandao-lamenta-derrota-frente-ao-leixoes-num-jogo-duro","status":"publish","type":"post","link":"https:\/\/portaltela.pt\/desporto\/futebol\/2026\/04\/20\/joao-brandao-lamenta-derrota-frente-ao-leixoes-num-jogo-duro\/","title":{"rendered":"Jo\u00e3o Brand\u00e3o lamenta derrota frente ao Leix\u00f5es num jogo duro"},"content":{"rendered":"<p>O Leix\u00f5es venceu o FC Porto B por 3-0, numa desloca\u00e7\u00e3o ao Olival, subindo ao 9.\u00ba lugar da classifica\u00e7\u00e3o. A derrota deixa o FC Porto B sem pontos no confronto direto com o advers\u00e1rio.<\/p>\n<p>Jo\u00e3o Brand\u00e3o destacou que o jogo foi duro e ingrato, com o advers\u00e1rio a ajustar-se aos lances de contra-ataque. O treinador frisou a necessidade de matar o jogo e de manter maior equil\u00edbrio defensivo para evitar as transi\u00e7\u00f5es do Leix\u00f5es.<\/p>\n<p>O t\u00e9cnico portista elogiou a bravura dos seus jogadores, que enfrentaram o desafio com determina\u00e7\u00e3o apesar do resultado. Acrescentou que o FC Porto est\u00e1 numa fase de crescimento, com jovens a chegar e a mostrar qualidade, mantendo o foco nos objetivos do clube.<\/p>\n<p>Quatro jogos restam na temporada, com o objetivo de vencer o Penafiel no pr\u00f3ximo confronto. Brand\u00e3o sublinhou a cultura de vit\u00f3ria e de determina\u00e7\u00e3o do FC Porto, enfatizando que o caminho passa por ajustar detalhes e manter o esp\u00edrito competitivo.<\/p>\n","protected":false},"excerpt":{"rendered":"<ul>\n<li>O Leix\u00f5es triunfou em casa do FC Porto B, por 3-0, subindo ao 9.\u00ba lugar.<\/li>\n<li>Jo\u00e3o Brand\u00e3o, treinador azul e branco, disse que o jogo foi duro e ingrato e que a equipa devia ter matado o jogo.<\/li>\n<li>O treinador destacou que o Leix\u00f5es parou os contra-ataques do Porto B com faltas e que a efic\u00e1cia definiu o resultado.<\/li>\n<li>Brand\u00e3o elogiou a bravura dos jogadores, apesar de terem agido mais com o cora\u00e7\u00e3o do que com a cabe\u00e7a.<\/li>\n<li>Restam quatro encontros, com foco em vencer e manter a cultura de luta, preparando o pr\u00f3ximo jogo frente ao Penafiel.<\/li>\n<\/ul>\n","protected":false},"author":2,"featured_media":452011,"comment_status":"closed","ping_status":"closed","sticky":false,"template":"","format":"standard","meta":{"footnotes":""},"categories":[21,24],"tags":[4191,2028,32,1890,9144,982],"class_list":["post-452007","post","type-post","status-publish","format-standard","has-post-thumbnail","hentry","category-desporto","category-futebol","tag-deslocacoes","tag-fc-porto","tag-futebol","tag-leixoes","tag-olival","tag-porto"],"yoast_head":"<!-- This site is optimized with the Yoast SEO plugin v27.2 - https:\/\/yoast.com\/product\/yoast-seo-wordpress\/ -->\n<title>Jo\u00e3o Brand\u00e3o lamenta derrota frente ao Leix\u00f5es num jogo duro - Portal Tela Portugal<\/title>\n<meta name=\"robots\" content=\"index, follow, max-snippet:-1, max-image-preview:large, max-video-preview:-1\" \/>\n<meta property=\"og:locale\" content=\"pt_PT\" \/>\n<meta property=\"og:type\" content=\"article\" \/>\n<meta property=\"og:title\" content=\"Jo\u00e3o Brand\u00e3o lamenta derrota frente ao Leix\u00f5es num jogo duro - Portal Tela Portugal\" \/>\n<meta property=\"og:description\" content=\"O Leix\u00f5es triunfou em casa do FC Porto B, por 3-0, subindo ao 9.\u00ba lugar. Jo\u00e3o Brand\u00e3o, treinador azul e branco, disse que o jogo foi duro e ingrato e que a equipa devia ter matado o jogo. O treinador destacou que o Leix\u00f5es parou os contra-ataques do Porto B com faltas e que a efic\u00e1cia definiu o resultado. Brand\u00e3o elogiou a bravura dos jogadores, apesar de terem agido mais com o cora\u00e7\u00e3o do que com a cabe\u00e7a. Restam quatro encontros, com foco em vencer e manter a cultura de luta, preparando o pr\u00f3ximo jogo frente ao Penafiel.\" \/>\n<meta property=\"og:url\" content=\"https:\/\/portaltela.pt\/noticias\/2026\/04\/20\/joao-brandao-lamenta-derrota-frente-ao-leixoes-num-jogo-duro\/\" \/>\n<meta property=\"og:site_name\" content=\"Portal Tela Portugal\" \/>\n<meta property=\"article:published_time\" content=\"2026-04-20T21:48:03+00:00\" \/>\n<meta name=\"author\" content=\"Telinha\" \/>\n<meta name=\"twitter:card\" content=\"summary_large_image\" \/>\n<meta name=\"twitter:label1\" content=\"Escrito por\" \/>\n\t<meta name=\"twitter:data1\" content=\"Telinha\" \/>\n\t<meta name=\"twitter:label2\" content=\"Tempo estimado de leitura\" \/>\n\t<meta name=\"twitter:data2\" content=\"1 minuto\" \/>\n<script type=\"application\/ld+json\" class=\"yoast-schema-graph\">{\"@context\":\"https:\/\/schema.org\",\"@graph\":[{\"@type\":\"Article\",\"@id\":\"https:\/\/portaltela.pt\/noticias\/2026\/04\/20\/joao-brandao-lamenta-derrota-frente-ao-leixoes-num-jogo-duro\/#article\",\"isPartOf\":{\"@id\":\"https:\/\/portaltela.pt\/noticias\/2026\/04\/20\/joao-brandao-lamenta-derrota-frente-ao-leixoes-num-jogo-duro\/\"},\"author\":{\"name\":\"Telinha\",\"@id\":\"https:\/\/portaltela.pt\/#\/schema\/person\/c4278d4a6028830caff9ee44b42d32ed\"},\"headline\":\"Jo\u00e3o Brand\u00e3o lamenta derrota frente ao Leix\u00f5es num jogo duro\",\"datePublished\":\"2026-04-20T21:48:03+00:00\",\"mainEntityOfPage\":{\"@id\":\"https:\/\/portaltela.pt\/noticias\/2026\/04\/20\/joao-brandao-lamenta-derrota-frente-ao-leixoes-num-jogo-duro\/\"},\"wordCount\":186,\"image\":{\"@id\":\"https:\/\/portaltela.pt\/noticias\/2026\/04\/20\/joao-brandao-lamenta-derrota-frente-ao-leixoes-num-jogo-duro\/#primaryimage\"},\"thumbnailUrl\":\"https:\/\/portaltela.pt\/s.01k8rhncp4jt1\/2026\/04\/img_920x518uu2026-04-20-22-31-46-2434357-im-639123211204062697.jpg\",\"keywords\":[\"desloca\u00e7\u00f5es\",\"FC Porto\",\"futebol\",\"Leix\u00f5es\",\"Olival\",\"Porto\"],\"articleSection\":[\"Desporto\",\"Futebol\"],\"inLanguage\":\"pt-PT\"},{\"@type\":\"WebPage\",\"@id\":\"https:\/\/portaltela.pt\/noticias\/2026\/04\/20\/joao-brandao-lamenta-derrota-frente-ao-leixoes-num-jogo-duro\/\",\"url\":\"https:\/\/portaltela.pt\/noticias\/2026\/04\/20\/joao-brandao-lamenta-derrota-frente-ao-leixoes-num-jogo-duro\/\",\"name\":\"Jo\u00e3o Brand\u00e3o lamenta derrota frente ao Leix\u00f5es num jogo duro - Portal Tela Portugal\",\"isPartOf\":{\"@id\":\"https:\/\/portaltela.pt\/#website\"},\"primaryImageOfPage\":{\"@id\":\"https:\/\/portaltela.pt\/noticias\/2026\/04\/20\/joao-brandao-lamenta-derrota-frente-ao-leixoes-num-jogo-duro\/#primaryimage\"},\"image\":{\"@id\":\"https:\/\/portaltela.pt\/noticias\/2026\/04\/20\/joao-brandao-lamenta-derrota-frente-ao-leixoes-num-jogo-duro\/#primaryimage\"},\"thumbnailUrl\":\"https:\/\/portaltela.pt\/s.01k8rhncp4jt1\/2026\/04\/img_920x518uu2026-04-20-22-31-46-2434357-im-639123211204062697.jpg\",\"datePublished\":\"2026-04-20T21:48:03+00:00\",\"author\":{\"@id\":\"https:\/\/portaltela.pt\/#\/schema\/person\/c4278d4a6028830caff9ee44b42d32ed\"},\"breadcrumb\":{\"@id\":\"https:\/\/portaltela.pt\/noticias\/2026\/04\/20\/joao-brandao-lamenta-derrota-frente-ao-leixoes-num-jogo-duro\/#breadcrumb\"},\"inLanguage\":\"pt-PT\",\"potentialAction\":[{\"@type\":\"ReadAction\",\"target\":[\"https:\/\/portaltela.pt\/noticias\/2026\/04\/20\/joao-brandao-lamenta-derrota-frente-ao-leixoes-num-jogo-duro\/\"]}]},{\"@type\":\"ImageObject\",\"inLanguage\":\"pt-PT\",\"@id\":\"https:\/\/portaltela.pt\/noticias\/2026\/04\/20\/joao-brandao-lamenta-derrota-frente-ao-leixoes-num-jogo-duro\/#primaryimage\",\"url\":\"https:\/\/portaltela.pt\/s.01k8rhncp4jt1\/2026\/04\/img_920x518uu2026-04-20-22-31-46-2434357-im-639123211204062697.jpg\",\"contentUrl\":\"https:\/\/portaltela.pt\/s.01k8rhncp4jt1\/2026\/04\/img_920x518uu2026-04-20-22-31-46-2434357-im-639123211204062697.jpg\",\"width\":796,\"height\":448,\"caption\":\"Jo\u00e3o Brand\u00e3o, treinador do FC Porto B\"},{\"@type\":\"BreadcrumbList\",\"@id\":\"https:\/\/portaltela.pt\/noticias\/2026\/04\/20\/joao-brandao-lamenta-derrota-frente-ao-leixoes-num-jogo-duro\/#breadcrumb\",\"itemListElement\":[{\"@type\":\"ListItem\",\"position\":1,\"name\":\"In\u00edcio\",\"item\":\"https:\/\/portaltela.pt\/\"},{\"@type\":\"ListItem\",\"position\":2,\"name\":\"Jo\u00e3o Brand\u00e3o lamenta derrota frente ao Leix\u00f5es num jogo duro\"}]},{\"@type\":\"WebSite\",\"@id\":\"https:\/\/portaltela.pt\/#website\",\"url\":\"https:\/\/portaltela.pt\/\",\"name\":\"Portal Tela Portugal\",\"description\":\"\",\"potentialAction\":[{\"@type\":\"SearchAction\",\"target\":{\"@type\":\"EntryPoint\",\"urlTemplate\":\"https:\/\/portaltela.pt\/?s={search_term_string}\"},\"query-input\":{\"@type\":\"PropertyValueSpecification\",\"valueRequired\":true,\"valueName\":\"search_term_string\"}}],\"inLanguage\":\"pt-PT\"},{\"@type\":\"Person\",\"@id\":\"https:\/\/portaltela.pt\/#\/schema\/person\/c4278d4a6028830caff9ee44b42d32ed\",\"name\":\"Telinha\",\"image\":{\"@type\":\"ImageObject\",\"inLanguage\":\"pt-PT\",\"@id\":\"https:\/\/portaltela.pt\/s.01k8rhncp4jt1\/2025\/11\/talking-bot-125x125.png\",\"url\":\"https:\/\/portaltela.pt\/s.01k8rhncp4jt1\/2025\/11\/talking-bot-125x125.png\",\"contentUrl\":\"https:\/\/portaltela.pt\/s.01k8rhncp4jt1\/2025\/11\/talking-bot-125x125.png\",\"caption\":\"Telinha\"},\"sameAs\":[\"https:\/\/portaltela.pt\/\"],\"url\":\"https:\/\/portaltela.pt\/por\/367410592786\/\"}]}<\/script>\n<!-- \/ Yoast SEO plugin. -->","yoast_head_json":{"title":"Jo\u00e3o Brand\u00e3o lamenta derrota frente ao Leix\u00f5es num jogo duro - Portal Tela Portugal","robots":{"index":"index","follow":"follow","max-snippet":"max-snippet:-1","max-image-preview":"max-image-preview:large","max-video-preview":"max-video-preview:-1"},"og_locale":"pt_PT","og_type":"article","og_title":"Jo\u00e3o Brand\u00e3o lamenta derrota frente ao Leix\u00f5es num jogo duro - Portal Tela Portugal","og_description":"O Leix\u00f5es triunfou em casa do FC Porto B, por 3-0, subindo ao 9.\u00ba lugar. Jo\u00e3o Brand\u00e3o, treinador azul e branco, disse que o jogo foi duro e ingrato e que a equipa devia ter matado o jogo. O treinador destacou que o Leix\u00f5es parou os contra-ataques do Porto B com faltas e que a efic\u00e1cia definiu o resultado. Brand\u00e3o elogiou a bravura dos jogadores, apesar de terem agido mais com o cora\u00e7\u00e3o do que com a cabe\u00e7a. Restam quatro encontros, com foco em vencer e manter a cultura de luta, preparando o pr\u00f3ximo jogo frente ao Penafiel.","og_url":"https:\/\/portaltela.pt\/noticias\/2026\/04\/20\/joao-brandao-lamenta-derrota-frente-ao-leixoes-num-jogo-duro\/","og_site_name":"Portal Tela Portugal","article_published_time":"2026-04-20T21:48:03+00:00","author":"Telinha","twitter_card":"summary_large_image","twitter_misc":{"Escrito por":"Telinha","Tempo estimado de leitura":"1 minuto"},"schema":{"@context":"https:\/\/schema.org","@graph":[{"@type":"Article","@id":"https:\/\/portaltela.pt\/noticias\/2026\/04\/20\/joao-brandao-lamenta-derrota-frente-ao-leixoes-num-jogo-duro\/#article","isPartOf":{"@id":"https:\/\/portaltela.pt\/noticias\/2026\/04\/20\/joao-brandao-lamenta-derrota-frente-ao-leixoes-num-jogo-duro\/"},"author":{"name":"Telinha","@id":"https:\/\/portaltela.pt\/#\/schema\/person\/c4278d4a6028830caff9ee44b42d32ed"},"headline":"Jo\u00e3o Brand\u00e3o lamenta derrota frente ao Leix\u00f5es num jogo duro","datePublished":"2026-04-20T21:48:03+00:00","mainEntityOfPage":{"@id":"https:\/\/portaltela.pt\/noticias\/2026\/04\/20\/joao-brandao-lamenta-derrota-frente-ao-leixoes-num-jogo-duro\/"},"wordCount":186,"image":{"@id":"https:\/\/portaltela.pt\/noticias\/2026\/04\/20\/joao-brandao-lamenta-derrota-frente-ao-leixoes-num-jogo-duro\/#primaryimage"},"thumbnailUrl":"https:\/\/portaltela.pt\/s.01k8rhncp4jt1\/2026\/04\/img_920x518uu2026-04-20-22-31-46-2434357-im-639123211204062697.jpg","keywords":["desloca\u00e7\u00f5es","FC Porto","futebol","Leix\u00f5es","Olival","Porto"],"articleSection":["Desporto","Futebol"],"inLanguage":"pt-PT"},{"@type":"WebPage","@id":"https:\/\/portaltela.pt\/noticias\/2026\/04\/20\/joao-brandao-lamenta-derrota-frente-ao-leixoes-num-jogo-duro\/","url":"https:\/\/portaltela.pt\/noticias\/2026\/04\/20\/joao-brandao-lamenta-derrota-frente-ao-leixoes-num-jogo-duro\/","name":"Jo\u00e3o Brand\u00e3o lamenta derrota frente ao Leix\u00f5es num jogo duro - Portal Tela Portugal","isPartOf":{"@id":"https:\/\/portaltela.pt\/#website"},"primaryImageOfPage":{"@id":"https:\/\/portaltela.pt\/noticias\/2026\/04\/20\/joao-brandao-lamenta-derrota-frente-ao-leixoes-num-jogo-duro\/#primaryimage"},"image":{"@id":"https:\/\/portaltela.pt\/noticias\/2026\/04\/20\/joao-brandao-lamenta-derrota-frente-ao-leixoes-num-jogo-duro\/#primaryimage"},"thumbnailUrl":"https:\/\/portaltela.pt\/s.01k8rhncp4jt1\/2026\/04\/img_920x518uu2026-04-20-22-31-46-2434357-im-639123211204062697.jpg","datePublished":"2026-04-20T21:48:03+00:00","author":{"@id":"https:\/\/portaltela.pt\/#\/schema\/person\/c4278d4a6028830caff9ee44b42d32ed"},"breadcrumb":{"@id":"https:\/\/portaltela.pt\/noticias\/2026\/04\/20\/joao-brandao-lamenta-derrota-frente-ao-leixoes-num-jogo-duro\/#breadcrumb"},"inLanguage":"pt-PT","potentialAction":[{"@type":"ReadAction","target":["https:\/\/portaltela.pt\/noticias\/2026\/04\/20\/joao-brandao-lamenta-derrota-frente-ao-leixoes-num-jogo-duro\/"]}]},{"@type":"ImageObject","inLanguage":"pt-PT","@id":"https:\/\/portaltela.pt\/noticias\/2026\/04\/20\/joao-brandao-lamenta-derrota-frente-ao-leixoes-num-jogo-duro\/#primaryimage","url":"https:\/\/portaltela.pt\/s.01k8rhncp4jt1\/2026\/04\/img_920x518uu2026-04-20-22-31-46-2434357-im-639123211204062697.jpg","contentUrl":"https:\/\/portaltela.pt\/s.01k8rhncp4jt1\/2026\/04\/img_920x518uu2026-04-20-22-31-46-2434357-im-639123211204062697.jpg","width":796,"height":448,"caption":"Jo\u00e3o Brand\u00e3o, treinador do FC Porto B"},{"@type":"BreadcrumbList","@id":"https:\/\/portaltela.pt\/noticias\/2026\/04\/20\/joao-brandao-lamenta-derrota-frente-ao-leixoes-num-jogo-duro\/#breadcrumb","itemListElement":[{"@type":"ListItem","position":1,"name":"In\u00edcio","item":"https:\/\/portaltela.pt\/"},{"@type":"ListItem","position":2,"name":"Jo\u00e3o Brand\u00e3o lamenta derrota frente ao Leix\u00f5es num jogo duro"}]},{"@type":"WebSite","@id":"https:\/\/portaltela.pt\/#website","url":"https:\/\/portaltela.pt\/","name":"Portal Tela Portugal","description":"","potentialAction":[{"@type":"SearchAction","target":{"@type":"EntryPoint","urlTemplate":"https:\/\/portaltela.pt\/?s={search_term_string}"},"query-input":{"@type":"PropertyValueSpecification","valueRequired":true,"valueName":"search_term_string"}}],"inLanguage":"pt-PT"},{"@type":"Person","@id":"https:\/\/portaltela.pt\/#\/schema\/person\/c4278d4a6028830caff9ee44b42d32ed","name":"Telinha","image":{"@type":"ImageObject","inLanguage":"pt-PT","@id":"https:\/\/portaltela.pt\/s.01k8rhncp4jt1\/2025\/11\/talking-bot-125x125.png","url":"https:\/\/portaltela.pt\/s.01k8rhncp4jt1\/2025\/11\/talking-bot-125x125.png","contentUrl":"https:\/\/portaltela.pt\/s.01k8rhncp4jt1\/2025\/11\/talking-bot-125x125.png","caption":"Telinha"},"sameAs":["https:\/\/portaltela.pt\/"],"url":"https:\/\/portaltela.pt\/por\/367410592786\/"}]}},"_links":{"self":[{"href":"https:\/\/portaltela.pt\/api\/wp\/v2\/posts\/452007","targetHints":{"allow":["GET"]}}],"collection":[{"href":"https:\/\/portaltela.pt\/api\/wp\/v2\/posts"}],"about":[{"href":"https:\/\/portaltela.pt\/api\/wp\/v2\/types\/post"}],"author":[{"embeddable":true,"href":"https:\/\/portaltela.pt\/api\/wp\/v2\/users\/2"}],"replies":[{"embeddable":true,"href":"https:\/\/portaltela.pt\/api\/wp\/v2\/comments?post=452007"}],"version-history":[{"count":0,"href":"https:\/\/portaltela.pt\/api\/wp\/v2\/posts\/452007\/revisions"}],"wp:featuredmedia":[{"embeddable":true,"href":"https:\/\/portaltela.pt\/api\/wp\/v2\/media\/452011"}],"wp:attachment":[{"href":"https:\/\/portaltela.pt\/api\/wp\/v2\/media?parent=452007"}],"wp:term":[{"taxonomy":"category","embeddable":true,"href":"https:\/\/portaltela.pt\/api\/wp\/v2\/categories?post=452007"},{"taxonomy":"post_tag","embeddable":true,"href":"https:\/\/portaltela.pt\/api\/wp\/v2\/tags?post=452007"}],"curies":[{"name":"wp","href":"https:\/\/api.w.org\/{rel}","templated":true}]}}