{"id":451978,"date":"2026-04-19T21:00:00","date_gmt":"2026-04-20T00:00:00","guid":{"rendered":"https:\/\/portaltela.pt\/noticias\/2026\/04\/19\/tim-cook-deixa-a-apple-em-2026-e-john-ternus-assume-o-cargo\/"},"modified":"2026-04-19T21:00:00","modified_gmt":"2026-04-20T00:00:00","slug":"tim-cook-deixa-a-apple-em-2026-e-john-ternus-assume-o-cargo","status":"publish","type":"post","link":"https:\/\/portaltela.pt\/tecnologia\/2026\/04\/19\/tim-cook-deixa-a-apple-em-2026-e-john-ternus-assume-o-cargo\/","title":{"rendered":"Tim Cook deixa a Apple em 2026 e John Ternus assume o cargo"},"content":{"rendered":"<p>Tim Cook anunciou que deixar\u00e1 o cargo de CEO da Apple em 2026, ap\u00f3s 15 anos \u00e0 frente da empresa. A decis\u00e3o foi comunicada internamente e confirmada por fontes pr\u00f3ximas ao executivo.<\/p>\n<p>O substituto ser\u00e1 John Ternus, atualmente chefe de engenharia de hardware. Ternus \u00e9 visto como executivo de confian\u00e7a de Cook e ter\u00e1 a responsabilidade de manter o ritmo de inova\u00e7\u00e3o da Apple.<\/p>\n<p>Cook ingressou na Apple em 1998 e assumiu a lideran\u00e7a em 2011, ap\u00f3s a morte de Steve Jobs. Sob o seu comando, a Apple lan\u00e7ou iPhone, iPad e Apple Watch, ampliando a presen\u00e7a global da empresa.<\/p>\n<h3>Sucessor: John Ternus<\/h3>\n<p>Ternus ingressou na Apple em 2001 e esteve \u00e0 frente de \u00e1reas centrais no desenvolvimento de iPhone e iPad. A dire\u00e7\u00e3o aponta para uma transi\u00e7\u00e3o est\u00e1vel, mantendo a equipa de engenharia sob lideran\u00e7a de Ternus.<\/p>\n<p>Cook continuar\u00e1 envolvido em projetos estrat\u00e9gicos e de inova\u00e7\u00e3o na Apple ap\u00f3s a sua sa\u00edda oficial do cargo, segundo fontes pr\u00f3ximas. A Apple pretende manter a continuidade do seu plano de crescimento global.<\/p>\n","protected":false},"excerpt":{"rendered":"<ul>\n<li>Tim Cook anunciou que vai deixar o cargo de CEO da Apple em 2026.<\/li>\n<li>John Ternus, atual chefe de engenharia de hardware, ser\u00e1 o seu substituto.<\/li>\n<li>Cook entrou na Apple em 1998 e assumiu a lideran\u00e7a em 2011, ap\u00f3s a morte de Steve Jobs.<\/li>\n<li>Durante o mandato, a Apple lan\u00e7ou o iPhone, o iPad e o Apple Watch, aumentando o valor de mercado da empresa.<\/li>\n<li>Cook manter\u00e1 envolvimento em projetos estrat\u00e9gicos e de inova\u00e7\u00e3o; Ternus \u00e9 visto como executivo de confian\u00e7a do atual CEO.<\/li>\n<\/ul>\n","protected":false},"author":2,"featured_media":451979,"comment_status":"closed","ping_status":"closed","sticky":false,"template":"","format":"standard","meta":{"footnotes":""},"categories":[6716],"tags":[2697,8682,5563,33,6802,153],"class_list":["post-451978","post","type-post","status-publish","format-standard","has-post-thumbnail","hentry","category-tecnologia","tag-empresas","tag-informacao-institucional","tag-informacao-publica","tag-inovacao","tag-lideranca","tag-tecnologia"],"yoast_head":"<!-- This site is optimized with the Yoast SEO plugin v27.2 - https:\/\/yoast.com\/product\/yoast-seo-wordpress\/ -->\n<title>Tim Cook deixa a Apple em 2026 e John Ternus assume o cargo - Portal Tela Portugal<\/title>\n<meta name=\"robots\" content=\"index, follow, max-snippet:-1, max-image-preview:large, max-video-preview:-1\" \/>\n<meta property=\"og:locale\" content=\"pt_PT\" \/>\n<meta property=\"og:type\" content=\"article\" \/>\n<meta property=\"og:title\" content=\"Tim Cook deixa a Apple em 2026 e John Ternus assume o cargo - Portal Tela Portugal\" \/>\n<meta property=\"og:description\" content=\"Tim Cook anunciou que vai deixar o cargo de CEO da Apple em 2026. John Ternus, atual chefe de engenharia de hardware, ser\u00e1 o seu substituto. Cook entrou na Apple em 1998 e assumiu a lideran\u00e7a em 2011, ap\u00f3s a morte de Steve Jobs. Durante o mandato, a Apple lan\u00e7ou o iPhone, o iPad e o Apple Watch, aumentando o valor de mercado da empresa. Cook manter\u00e1 envolvimento em projetos estrat\u00e9gicos e de inova\u00e7\u00e3o; Ternus \u00e9 visto como executivo de confian\u00e7a do atual CEO.\" \/>\n<meta property=\"og:url\" content=\"https:\/\/portaltela.pt\/noticias\/2026\/04\/19\/tim-cook-deixa-a-apple-em-2026-e-john-ternus-assume-o-cargo\/\" \/>\n<meta property=\"og:site_name\" content=\"Portal Tela Portugal\" \/>\n<meta property=\"article:published_time\" content=\"2026-04-20T00:00:00+00:00\" \/>\n<meta name=\"author\" content=\"Telinha\" \/>\n<meta name=\"twitter:card\" content=\"summary_large_image\" \/>\n<meta name=\"twitter:label1\" content=\"Escrito por\" \/>\n\t<meta name=\"twitter:data1\" content=\"Telinha\" \/>\n\t<meta name=\"twitter:label2\" content=\"Tempo estimado de leitura\" \/>\n\t<meta name=\"twitter:data2\" content=\"1 minuto\" \/>\n<script type=\"application\/ld+json\" class=\"yoast-schema-graph\">{\"@context\":\"https:\/\/schema.org\",\"@graph\":[{\"@type\":\"Article\",\"@id\":\"https:\/\/portaltela.pt\/noticias\/2026\/04\/19\/tim-cook-deixa-a-apple-em-2026-e-john-ternus-assume-o-cargo\/#article\",\"isPartOf\":{\"@id\":\"https:\/\/portaltela.pt\/noticias\/2026\/04\/19\/tim-cook-deixa-a-apple-em-2026-e-john-ternus-assume-o-cargo\/\"},\"author\":{\"name\":\"Telinha\",\"@id\":\"https:\/\/portaltela.pt\/#\/schema\/person\/c4278d4a6028830caff9ee44b42d32ed\"},\"headline\":\"Tim Cook deixa a Apple em 2026 e John Ternus assume o cargo\",\"datePublished\":\"2026-04-20T00:00:00+00:00\",\"mainEntityOfPage\":{\"@id\":\"https:\/\/portaltela.pt\/noticias\/2026\/04\/19\/tim-cook-deixa-a-apple-em-2026-e-john-ternus-assume-o-cargo\/\"},\"wordCount\":193,\"image\":{\"@id\":\"https:\/\/portaltela.pt\/noticias\/2026\/04\/19\/tim-cook-deixa-a-apple-em-2026-e-john-ternus-assume-o-cargo\/#primaryimage\"},\"thumbnailUrl\":\"https:\/\/portaltela.pt\/s.01k8rhncp4jt1\/2026\/04\/dn2F2025-09-102F5hk7rrn92FDOC.20250909.45629343.12365649.jpg\",\"keywords\":[\"empresas\",\"informa\u00e7\u00e3o institucional\",\"informa\u00e7\u00e3o p\u00fablica\",\"inova\u00e7\u00e3o\",\"lideran\u00e7a\",\"tecnologia\"],\"articleSection\":[\"Tecnologia\"],\"inLanguage\":\"pt-PT\"},{\"@type\":\"WebPage\",\"@id\":\"https:\/\/portaltela.pt\/noticias\/2026\/04\/19\/tim-cook-deixa-a-apple-em-2026-e-john-ternus-assume-o-cargo\/\",\"url\":\"https:\/\/portaltela.pt\/noticias\/2026\/04\/19\/tim-cook-deixa-a-apple-em-2026-e-john-ternus-assume-o-cargo\/\",\"name\":\"Tim Cook deixa a Apple em 2026 e John Ternus assume o cargo - Portal Tela Portugal\",\"isPartOf\":{\"@id\":\"https:\/\/portaltela.pt\/#website\"},\"primaryImageOfPage\":{\"@id\":\"https:\/\/portaltela.pt\/noticias\/2026\/04\/19\/tim-cook-deixa-a-apple-em-2026-e-john-ternus-assume-o-cargo\/#primaryimage\"},\"image\":{\"@id\":\"https:\/\/portaltela.pt\/noticias\/2026\/04\/19\/tim-cook-deixa-a-apple-em-2026-e-john-ternus-assume-o-cargo\/#primaryimage\"},\"thumbnailUrl\":\"https:\/\/portaltela.pt\/s.01k8rhncp4jt1\/2026\/04\/dn2F2025-09-102F5hk7rrn92FDOC.20250909.45629343.12365649.jpg\",\"datePublished\":\"2026-04-20T00:00:00+00:00\",\"author\":{\"@id\":\"https:\/\/portaltela.pt\/#\/schema\/person\/c4278d4a6028830caff9ee44b42d32ed\"},\"breadcrumb\":{\"@id\":\"https:\/\/portaltela.pt\/noticias\/2026\/04\/19\/tim-cook-deixa-a-apple-em-2026-e-john-ternus-assume-o-cargo\/#breadcrumb\"},\"inLanguage\":\"pt-PT\",\"potentialAction\":[{\"@type\":\"ReadAction\",\"target\":[\"https:\/\/portaltela.pt\/noticias\/2026\/04\/19\/tim-cook-deixa-a-apple-em-2026-e-john-ternus-assume-o-cargo\/\"]}]},{\"@type\":\"ImageObject\",\"inLanguage\":\"pt-PT\",\"@id\":\"https:\/\/portaltela.pt\/noticias\/2026\/04\/19\/tim-cook-deixa-a-apple-em-2026-e-john-ternus-assume-o-cargo\/#primaryimage\",\"url\":\"https:\/\/portaltela.pt\/s.01k8rhncp4jt1\/2026\/04\/dn2F2025-09-102F5hk7rrn92FDOC.20250909.45629343.12365649.jpg\",\"contentUrl\":\"https:\/\/portaltela.pt\/s.01k8rhncp4jt1\/2026\/04\/dn2F2025-09-102F5hk7rrn92FDOC.20250909.45629343.12365649.jpg\",\"width\":1200,\"height\":800,\"caption\":\"EPA\/JOHN G. MABANGLO\"},{\"@type\":\"BreadcrumbList\",\"@id\":\"https:\/\/portaltela.pt\/noticias\/2026\/04\/19\/tim-cook-deixa-a-apple-em-2026-e-john-ternus-assume-o-cargo\/#breadcrumb\",\"itemListElement\":[{\"@type\":\"ListItem\",\"position\":1,\"name\":\"In\u00edcio\",\"item\":\"https:\/\/portaltela.pt\/\"},{\"@type\":\"ListItem\",\"position\":2,\"name\":\"Tim Cook deixa a Apple em 2026 e John Ternus assume o cargo\"}]},{\"@type\":\"WebSite\",\"@id\":\"https:\/\/portaltela.pt\/#website\",\"url\":\"https:\/\/portaltela.pt\/\",\"name\":\"Portal Tela Portugal\",\"description\":\"\",\"potentialAction\":[{\"@type\":\"SearchAction\",\"target\":{\"@type\":\"EntryPoint\",\"urlTemplate\":\"https:\/\/portaltela.pt\/?s={search_term_string}\"},\"query-input\":{\"@type\":\"PropertyValueSpecification\",\"valueRequired\":true,\"valueName\":\"search_term_string\"}}],\"inLanguage\":\"pt-PT\"},{\"@type\":\"Person\",\"@id\":\"https:\/\/portaltela.pt\/#\/schema\/person\/c4278d4a6028830caff9ee44b42d32ed\",\"name\":\"Telinha\",\"image\":{\"@type\":\"ImageObject\",\"inLanguage\":\"pt-PT\",\"@id\":\"https:\/\/portaltela.pt\/s.01k8rhncp4jt1\/2025\/11\/talking-bot-125x125.png\",\"url\":\"https:\/\/portaltela.pt\/s.01k8rhncp4jt1\/2025\/11\/talking-bot-125x125.png\",\"contentUrl\":\"https:\/\/portaltela.pt\/s.01k8rhncp4jt1\/2025\/11\/talking-bot-125x125.png\",\"caption\":\"Telinha\"},\"sameAs\":[\"https:\/\/portaltela.pt\/\"],\"url\":\"https:\/\/portaltela.pt\/por\/367410592786\/\"}]}<\/script>\n<!-- \/ Yoast SEO plugin. -->","yoast_head_json":{"title":"Tim Cook deixa a Apple em 2026 e John Ternus assume o cargo - Portal Tela Portugal","robots":{"index":"index","follow":"follow","max-snippet":"max-snippet:-1","max-image-preview":"max-image-preview:large","max-video-preview":"max-video-preview:-1"},"og_locale":"pt_PT","og_type":"article","og_title":"Tim Cook deixa a Apple em 2026 e John Ternus assume o cargo - Portal Tela Portugal","og_description":"Tim Cook anunciou que vai deixar o cargo de CEO da Apple em 2026. John Ternus, atual chefe de engenharia de hardware, ser\u00e1 o seu substituto. Cook entrou na Apple em 1998 e assumiu a lideran\u00e7a em 2011, ap\u00f3s a morte de Steve Jobs. Durante o mandato, a Apple lan\u00e7ou o iPhone, o iPad e o Apple Watch, aumentando o valor de mercado da empresa. Cook manter\u00e1 envolvimento em projetos estrat\u00e9gicos e de inova\u00e7\u00e3o; Ternus \u00e9 visto como executivo de confian\u00e7a do atual CEO.","og_url":"https:\/\/portaltela.pt\/noticias\/2026\/04\/19\/tim-cook-deixa-a-apple-em-2026-e-john-ternus-assume-o-cargo\/","og_site_name":"Portal Tela Portugal","article_published_time":"2026-04-20T00:00:00+00:00","author":"Telinha","twitter_card":"summary_large_image","twitter_misc":{"Escrito por":"Telinha","Tempo estimado de leitura":"1 minuto"},"schema":{"@context":"https:\/\/schema.org","@graph":[{"@type":"Article","@id":"https:\/\/portaltela.pt\/noticias\/2026\/04\/19\/tim-cook-deixa-a-apple-em-2026-e-john-ternus-assume-o-cargo\/#article","isPartOf":{"@id":"https:\/\/portaltela.pt\/noticias\/2026\/04\/19\/tim-cook-deixa-a-apple-em-2026-e-john-ternus-assume-o-cargo\/"},"author":{"name":"Telinha","@id":"https:\/\/portaltela.pt\/#\/schema\/person\/c4278d4a6028830caff9ee44b42d32ed"},"headline":"Tim Cook deixa a Apple em 2026 e John Ternus assume o cargo","datePublished":"2026-04-20T00:00:00+00:00","mainEntityOfPage":{"@id":"https:\/\/portaltela.pt\/noticias\/2026\/04\/19\/tim-cook-deixa-a-apple-em-2026-e-john-ternus-assume-o-cargo\/"},"wordCount":193,"image":{"@id":"https:\/\/portaltela.pt\/noticias\/2026\/04\/19\/tim-cook-deixa-a-apple-em-2026-e-john-ternus-assume-o-cargo\/#primaryimage"},"thumbnailUrl":"https:\/\/portaltela.pt\/s.01k8rhncp4jt1\/2026\/04\/dn2F2025-09-102F5hk7rrn92FDOC.20250909.45629343.12365649.jpg","keywords":["empresas","informa\u00e7\u00e3o institucional","informa\u00e7\u00e3o p\u00fablica","inova\u00e7\u00e3o","lideran\u00e7a","tecnologia"],"articleSection":["Tecnologia"],"inLanguage":"pt-PT"},{"@type":"WebPage","@id":"https:\/\/portaltela.pt\/noticias\/2026\/04\/19\/tim-cook-deixa-a-apple-em-2026-e-john-ternus-assume-o-cargo\/","url":"https:\/\/portaltela.pt\/noticias\/2026\/04\/19\/tim-cook-deixa-a-apple-em-2026-e-john-ternus-assume-o-cargo\/","name":"Tim Cook deixa a Apple em 2026 e John Ternus assume o cargo - Portal Tela Portugal","isPartOf":{"@id":"https:\/\/portaltela.pt\/#website"},"primaryImageOfPage":{"@id":"https:\/\/portaltela.pt\/noticias\/2026\/04\/19\/tim-cook-deixa-a-apple-em-2026-e-john-ternus-assume-o-cargo\/#primaryimage"},"image":{"@id":"https:\/\/portaltela.pt\/noticias\/2026\/04\/19\/tim-cook-deixa-a-apple-em-2026-e-john-ternus-assume-o-cargo\/#primaryimage"},"thumbnailUrl":"https:\/\/portaltela.pt\/s.01k8rhncp4jt1\/2026\/04\/dn2F2025-09-102F5hk7rrn92FDOC.20250909.45629343.12365649.jpg","datePublished":"2026-04-20T00:00:00+00:00","author":{"@id":"https:\/\/portaltela.pt\/#\/schema\/person\/c4278d4a6028830caff9ee44b42d32ed"},"breadcrumb":{"@id":"https:\/\/portaltela.pt\/noticias\/2026\/04\/19\/tim-cook-deixa-a-apple-em-2026-e-john-ternus-assume-o-cargo\/#breadcrumb"},"inLanguage":"pt-PT","potentialAction":[{"@type":"ReadAction","target":["https:\/\/portaltela.pt\/noticias\/2026\/04\/19\/tim-cook-deixa-a-apple-em-2026-e-john-ternus-assume-o-cargo\/"]}]},{"@type":"ImageObject","inLanguage":"pt-PT","@id":"https:\/\/portaltela.pt\/noticias\/2026\/04\/19\/tim-cook-deixa-a-apple-em-2026-e-john-ternus-assume-o-cargo\/#primaryimage","url":"https:\/\/portaltela.pt\/s.01k8rhncp4jt1\/2026\/04\/dn2F2025-09-102F5hk7rrn92FDOC.20250909.45629343.12365649.jpg","contentUrl":"https:\/\/portaltela.pt\/s.01k8rhncp4jt1\/2026\/04\/dn2F2025-09-102F5hk7rrn92FDOC.20250909.45629343.12365649.jpg","width":1200,"height":800,"caption":"EPA\/JOHN G. MABANGLO"},{"@type":"BreadcrumbList","@id":"https:\/\/portaltela.pt\/noticias\/2026\/04\/19\/tim-cook-deixa-a-apple-em-2026-e-john-ternus-assume-o-cargo\/#breadcrumb","itemListElement":[{"@type":"ListItem","position":1,"name":"In\u00edcio","item":"https:\/\/portaltela.pt\/"},{"@type":"ListItem","position":2,"name":"Tim Cook deixa a Apple em 2026 e John Ternus assume o cargo"}]},{"@type":"WebSite","@id":"https:\/\/portaltela.pt\/#website","url":"https:\/\/portaltela.pt\/","name":"Portal Tela Portugal","description":"","potentialAction":[{"@type":"SearchAction","target":{"@type":"EntryPoint","urlTemplate":"https:\/\/portaltela.pt\/?s={search_term_string}"},"query-input":{"@type":"PropertyValueSpecification","valueRequired":true,"valueName":"search_term_string"}}],"inLanguage":"pt-PT"},{"@type":"Person","@id":"https:\/\/portaltela.pt\/#\/schema\/person\/c4278d4a6028830caff9ee44b42d32ed","name":"Telinha","image":{"@type":"ImageObject","inLanguage":"pt-PT","@id":"https:\/\/portaltela.pt\/s.01k8rhncp4jt1\/2025\/11\/talking-bot-125x125.png","url":"https:\/\/portaltela.pt\/s.01k8rhncp4jt1\/2025\/11\/talking-bot-125x125.png","contentUrl":"https:\/\/portaltela.pt\/s.01k8rhncp4jt1\/2025\/11\/talking-bot-125x125.png","caption":"Telinha"},"sameAs":["https:\/\/portaltela.pt\/"],"url":"https:\/\/portaltela.pt\/por\/367410592786\/"}]}},"_links":{"self":[{"href":"https:\/\/portaltela.pt\/api\/wp\/v2\/posts\/451978","targetHints":{"allow":["GET"]}}],"collection":[{"href":"https:\/\/portaltela.pt\/api\/wp\/v2\/posts"}],"about":[{"href":"https:\/\/portaltela.pt\/api\/wp\/v2\/types\/post"}],"author":[{"embeddable":true,"href":"https:\/\/portaltela.pt\/api\/wp\/v2\/users\/2"}],"replies":[{"embeddable":true,"href":"https:\/\/portaltela.pt\/api\/wp\/v2\/comments?post=451978"}],"version-history":[{"count":0,"href":"https:\/\/portaltela.pt\/api\/wp\/v2\/posts\/451978\/revisions"}],"wp:featuredmedia":[{"embeddable":true,"href":"https:\/\/portaltela.pt\/api\/wp\/v2\/media\/451979"}],"wp:attachment":[{"href":"https:\/\/portaltela.pt\/api\/wp\/v2\/media?parent=451978"}],"wp:term":[{"taxonomy":"category","embeddable":true,"href":"https:\/\/portaltela.pt\/api\/wp\/v2\/categories?post=451978"},{"taxonomy":"post_tag","embeddable":true,"href":"https:\/\/portaltela.pt\/api\/wp\/v2\/tags?post=451978"}],"curies":[{"name":"wp","href":"https:\/\/api.w.org\/{rel}","templated":true}]}}