{"id":451954,"date":"2026-04-20T18:03:23","date_gmt":"2026-04-20T21:03:23","guid":{"rendered":"https:\/\/portaltela.pt\/noticias\/2026\/04\/20\/alcaraz-e-sabalenka-recebem-premio-laureus\/"},"modified":"2026-04-20T18:03:23","modified_gmt":"2026-04-20T21:03:23","slug":"alcaraz-e-sabalenka-recebem-premio-laureus","status":"publish","type":"post","link":"https:\/\/portaltela.pt\/desporto\/futebol\/2026\/04\/20\/alcaraz-e-sabalenka-recebem-premio-laureus\/","title":{"rendered":"Alcaraz e Sabalenka recebem pr\u00e9mio Laureus"},"content":{"rendered":"<p>Carlos Alcaraz, da Espanha, e Aryna Sabalenka, da Bielorr\u00fassia, venceram hoje os pr\u00e9mios Laureus de melhores desportistas de 2025, numa cerim\u00f3nia realizada no Pal\u00e1cio de Cibeles, em Madrid. A escolha foi anunciada durante o evento internacional.<\/p>\n<p>A cerim\u00f3nia reuniu personalidades do desporto mundial, com apresenta\u00e7\u00e3o de vencedores e honra aos feitos que marcaram o ano. Os laureados destacaram-se pelas suas conquistas ao mais alto n\u00edvel no desporto mundial.<\/p>\n<p>A decis\u00e3o visa reconhecer o desempenho, a consist\u00eancia e a influ\u00eancia dos atletas em 2025, segundo os organizadores. Este galard\u00e3o acrescenta-se a uma carreira j\u00e1 marcada por \u00eaxitos significativos no t\u00e9nis internacional.<\/p>\n","protected":false},"excerpt":{"rendered":"<ul>\n<li>Carlos Alcaraz, de Espanha, e Aryna Sabalenka, da Bielorr\u00fassia, venceram os pr\u00e9mios Laureus de melhores desportistas de 2025.<\/li>\n<li>A cerim\u00f3nia realizou-se no Pal\u00e1cio de Cibeles, em Madrid.<\/li>\n<li>A entrega decorreu hoje.<\/li>\n<\/ul>\n","protected":false},"author":2,"featured_media":451955,"comment_status":"closed","ping_status":"closed","sticky":false,"template":"","format":"standard","meta":{"footnotes":""},"categories":[21,24],"tags":[252,152,2681,2031,5661,94],"class_list":["post-451954","post","type-post","status-publish","format-standard","has-post-thumbnail","hentry","category-desporto","category-futebol","tag-atletas","tag-desporto","tag-desporto-internacional","tag-espanha","tag-pessoas-publicas","tag-tenis"],"yoast_head":"<!-- This site is optimized with the Yoast SEO plugin v27.2 - https:\/\/yoast.com\/product\/yoast-seo-wordpress\/ -->\n<title>Alcaraz e Sabalenka recebem pr\u00e9mio Laureus - Portal Tela Portugal<\/title>\n<meta name=\"robots\" content=\"index, follow, max-snippet:-1, max-image-preview:large, max-video-preview:-1\" \/>\n<meta property=\"og:locale\" content=\"pt_PT\" \/>\n<meta property=\"og:type\" content=\"article\" \/>\n<meta property=\"og:title\" content=\"Alcaraz e Sabalenka recebem pr\u00e9mio Laureus - Portal Tela Portugal\" \/>\n<meta property=\"og:description\" content=\"Carlos Alcaraz, de Espanha, e Aryna Sabalenka, da Bielorr\u00fassia, venceram os pr\u00e9mios Laureus de melhores desportistas de 2025. A cerim\u00f3nia realizou-se no Pal\u00e1cio de Cibeles, em Madrid. A entrega decorreu hoje.\" \/>\n<meta property=\"og:url\" content=\"https:\/\/portaltela.pt\/noticias\/2026\/04\/20\/alcaraz-e-sabalenka-recebem-premio-laureus\/\" \/>\n<meta property=\"og:site_name\" content=\"Portal Tela Portugal\" \/>\n<meta property=\"article:published_time\" content=\"2026-04-20T21:03:23+00:00\" \/>\n<meta name=\"author\" content=\"Telinha\" \/>\n<meta name=\"twitter:card\" content=\"summary_large_image\" \/>\n<meta name=\"twitter:label1\" content=\"Escrito por\" \/>\n\t<meta name=\"twitter:data1\" content=\"Telinha\" \/>\n\t<meta name=\"twitter:label2\" content=\"Tempo estimado de leitura\" \/>\n\t<meta name=\"twitter:data2\" content=\"1 minuto\" \/>\n<script type=\"application\/ld+json\" class=\"yoast-schema-graph\">{\"@context\":\"https:\/\/schema.org\",\"@graph\":[{\"@type\":\"Article\",\"@id\":\"https:\/\/portaltela.pt\/noticias\/2026\/04\/20\/alcaraz-e-sabalenka-recebem-premio-laureus\/#article\",\"isPartOf\":{\"@id\":\"https:\/\/portaltela.pt\/noticias\/2026\/04\/20\/alcaraz-e-sabalenka-recebem-premio-laureus\/\"},\"author\":{\"name\":\"Telinha\",\"@id\":\"https:\/\/portaltela.pt\/#\/schema\/person\/c4278d4a6028830caff9ee44b42d32ed\"},\"headline\":\"Alcaraz e Sabalenka recebem pr\u00e9mio Laureus\",\"datePublished\":\"2026-04-20T21:03:23+00:00\",\"mainEntityOfPage\":{\"@id\":\"https:\/\/portaltela.pt\/noticias\/2026\/04\/20\/alcaraz-e-sabalenka-recebem-premio-laureus\/\"},\"wordCount\":117,\"image\":{\"@id\":\"https:\/\/portaltela.pt\/noticias\/2026\/04\/20\/alcaraz-e-sabalenka-recebem-premio-laureus\/#primaryimage\"},\"thumbnailUrl\":\"https:\/\/portaltela.pt\/s.01k8rhncp4jt1\/2026\/04\/CACHE_780X1200_ANALOG_WATERMARKED_46965914_7332438255651.jpg\",\"keywords\":[\"atletas\",\"desporto\",\"desporto internacional\",\"Espanha\",\"pessoas p\u00fablicas\",\"t\u00eanis\"],\"articleSection\":[\"Desporto\",\"Futebol\"],\"inLanguage\":\"pt-PT\"},{\"@type\":\"WebPage\",\"@id\":\"https:\/\/portaltela.pt\/noticias\/2026\/04\/20\/alcaraz-e-sabalenka-recebem-premio-laureus\/\",\"url\":\"https:\/\/portaltela.pt\/noticias\/2026\/04\/20\/alcaraz-e-sabalenka-recebem-premio-laureus\/\",\"name\":\"Alcaraz e Sabalenka recebem pr\u00e9mio Laureus - Portal Tela Portugal\",\"isPartOf\":{\"@id\":\"https:\/\/portaltela.pt\/#website\"},\"primaryImageOfPage\":{\"@id\":\"https:\/\/portaltela.pt\/noticias\/2026\/04\/20\/alcaraz-e-sabalenka-recebem-premio-laureus\/#primaryimage\"},\"image\":{\"@id\":\"https:\/\/portaltela.pt\/noticias\/2026\/04\/20\/alcaraz-e-sabalenka-recebem-premio-laureus\/#primaryimage\"},\"thumbnailUrl\":\"https:\/\/portaltela.pt\/s.01k8rhncp4jt1\/2026\/04\/CACHE_780X1200_ANALOG_WATERMARKED_46965914_7332438255651.jpg\",\"datePublished\":\"2026-04-20T21:03:23+00:00\",\"author\":{\"@id\":\"https:\/\/portaltela.pt\/#\/schema\/person\/c4278d4a6028830caff9ee44b42d32ed\"},\"breadcrumb\":{\"@id\":\"https:\/\/portaltela.pt\/noticias\/2026\/04\/20\/alcaraz-e-sabalenka-recebem-premio-laureus\/#breadcrumb\"},\"inLanguage\":\"pt-PT\",\"potentialAction\":[{\"@type\":\"ReadAction\",\"target\":[\"https:\/\/portaltela.pt\/noticias\/2026\/04\/20\/alcaraz-e-sabalenka-recebem-premio-laureus\/\"]}]},{\"@type\":\"ImageObject\",\"inLanguage\":\"pt-PT\",\"@id\":\"https:\/\/portaltela.pt\/noticias\/2026\/04\/20\/alcaraz-e-sabalenka-recebem-premio-laureus\/#primaryimage\",\"url\":\"https:\/\/portaltela.pt\/s.01k8rhncp4jt1\/2026\/04\/CACHE_780X1200_ANALOG_WATERMARKED_46965914_7332438255651.jpg\",\"contentUrl\":\"https:\/\/portaltela.pt\/s.01k8rhncp4jt1\/2026\/04\/CACHE_780X1200_ANALOG_WATERMARKED_46965914_7332438255651.jpg\",\"width\":796,\"height\":448,\"caption\":\"Tenistas Carlos Alcaraz e Aryna Sabalenka vencem pr\u00e9mio Laureus\"},{\"@type\":\"BreadcrumbList\",\"@id\":\"https:\/\/portaltela.pt\/noticias\/2026\/04\/20\/alcaraz-e-sabalenka-recebem-premio-laureus\/#breadcrumb\",\"itemListElement\":[{\"@type\":\"ListItem\",\"position\":1,\"name\":\"In\u00edcio\",\"item\":\"https:\/\/portaltela.pt\/\"},{\"@type\":\"ListItem\",\"position\":2,\"name\":\"Alcaraz e Sabalenka recebem pr\u00e9mio Laureus\"}]},{\"@type\":\"WebSite\",\"@id\":\"https:\/\/portaltela.pt\/#website\",\"url\":\"https:\/\/portaltela.pt\/\",\"name\":\"Portal Tela Portugal\",\"description\":\"\",\"potentialAction\":[{\"@type\":\"SearchAction\",\"target\":{\"@type\":\"EntryPoint\",\"urlTemplate\":\"https:\/\/portaltela.pt\/?s={search_term_string}\"},\"query-input\":{\"@type\":\"PropertyValueSpecification\",\"valueRequired\":true,\"valueName\":\"search_term_string\"}}],\"inLanguage\":\"pt-PT\"},{\"@type\":\"Person\",\"@id\":\"https:\/\/portaltela.pt\/#\/schema\/person\/c4278d4a6028830caff9ee44b42d32ed\",\"name\":\"Telinha\",\"image\":{\"@type\":\"ImageObject\",\"inLanguage\":\"pt-PT\",\"@id\":\"https:\/\/portaltela.pt\/s.01k8rhncp4jt1\/2025\/11\/talking-bot-125x125.png\",\"url\":\"https:\/\/portaltela.pt\/s.01k8rhncp4jt1\/2025\/11\/talking-bot-125x125.png\",\"contentUrl\":\"https:\/\/portaltela.pt\/s.01k8rhncp4jt1\/2025\/11\/talking-bot-125x125.png\",\"caption\":\"Telinha\"},\"sameAs\":[\"https:\/\/portaltela.pt\/\"],\"url\":\"https:\/\/portaltela.pt\/por\/367410592786\/\"}]}<\/script>\n<!-- \/ Yoast SEO plugin. -->","yoast_head_json":{"title":"Alcaraz e Sabalenka recebem pr\u00e9mio Laureus - Portal Tela Portugal","robots":{"index":"index","follow":"follow","max-snippet":"max-snippet:-1","max-image-preview":"max-image-preview:large","max-video-preview":"max-video-preview:-1"},"og_locale":"pt_PT","og_type":"article","og_title":"Alcaraz e Sabalenka recebem pr\u00e9mio Laureus - Portal Tela Portugal","og_description":"Carlos Alcaraz, de Espanha, e Aryna Sabalenka, da Bielorr\u00fassia, venceram os pr\u00e9mios Laureus de melhores desportistas de 2025. A cerim\u00f3nia realizou-se no Pal\u00e1cio de Cibeles, em Madrid. A entrega decorreu hoje.","og_url":"https:\/\/portaltela.pt\/noticias\/2026\/04\/20\/alcaraz-e-sabalenka-recebem-premio-laureus\/","og_site_name":"Portal Tela Portugal","article_published_time":"2026-04-20T21:03:23+00:00","author":"Telinha","twitter_card":"summary_large_image","twitter_misc":{"Escrito por":"Telinha","Tempo estimado de leitura":"1 minuto"},"schema":{"@context":"https:\/\/schema.org","@graph":[{"@type":"Article","@id":"https:\/\/portaltela.pt\/noticias\/2026\/04\/20\/alcaraz-e-sabalenka-recebem-premio-laureus\/#article","isPartOf":{"@id":"https:\/\/portaltela.pt\/noticias\/2026\/04\/20\/alcaraz-e-sabalenka-recebem-premio-laureus\/"},"author":{"name":"Telinha","@id":"https:\/\/portaltela.pt\/#\/schema\/person\/c4278d4a6028830caff9ee44b42d32ed"},"headline":"Alcaraz e Sabalenka recebem pr\u00e9mio Laureus","datePublished":"2026-04-20T21:03:23+00:00","mainEntityOfPage":{"@id":"https:\/\/portaltela.pt\/noticias\/2026\/04\/20\/alcaraz-e-sabalenka-recebem-premio-laureus\/"},"wordCount":117,"image":{"@id":"https:\/\/portaltela.pt\/noticias\/2026\/04\/20\/alcaraz-e-sabalenka-recebem-premio-laureus\/#primaryimage"},"thumbnailUrl":"https:\/\/portaltela.pt\/s.01k8rhncp4jt1\/2026\/04\/CACHE_780X1200_ANALOG_WATERMARKED_46965914_7332438255651.jpg","keywords":["atletas","desporto","desporto internacional","Espanha","pessoas p\u00fablicas","t\u00eanis"],"articleSection":["Desporto","Futebol"],"inLanguage":"pt-PT"},{"@type":"WebPage","@id":"https:\/\/portaltela.pt\/noticias\/2026\/04\/20\/alcaraz-e-sabalenka-recebem-premio-laureus\/","url":"https:\/\/portaltela.pt\/noticias\/2026\/04\/20\/alcaraz-e-sabalenka-recebem-premio-laureus\/","name":"Alcaraz e Sabalenka recebem pr\u00e9mio Laureus - Portal Tela Portugal","isPartOf":{"@id":"https:\/\/portaltela.pt\/#website"},"primaryImageOfPage":{"@id":"https:\/\/portaltela.pt\/noticias\/2026\/04\/20\/alcaraz-e-sabalenka-recebem-premio-laureus\/#primaryimage"},"image":{"@id":"https:\/\/portaltela.pt\/noticias\/2026\/04\/20\/alcaraz-e-sabalenka-recebem-premio-laureus\/#primaryimage"},"thumbnailUrl":"https:\/\/portaltela.pt\/s.01k8rhncp4jt1\/2026\/04\/CACHE_780X1200_ANALOG_WATERMARKED_46965914_7332438255651.jpg","datePublished":"2026-04-20T21:03:23+00:00","author":{"@id":"https:\/\/portaltela.pt\/#\/schema\/person\/c4278d4a6028830caff9ee44b42d32ed"},"breadcrumb":{"@id":"https:\/\/portaltela.pt\/noticias\/2026\/04\/20\/alcaraz-e-sabalenka-recebem-premio-laureus\/#breadcrumb"},"inLanguage":"pt-PT","potentialAction":[{"@type":"ReadAction","target":["https:\/\/portaltela.pt\/noticias\/2026\/04\/20\/alcaraz-e-sabalenka-recebem-premio-laureus\/"]}]},{"@type":"ImageObject","inLanguage":"pt-PT","@id":"https:\/\/portaltela.pt\/noticias\/2026\/04\/20\/alcaraz-e-sabalenka-recebem-premio-laureus\/#primaryimage","url":"https:\/\/portaltela.pt\/s.01k8rhncp4jt1\/2026\/04\/CACHE_780X1200_ANALOG_WATERMARKED_46965914_7332438255651.jpg","contentUrl":"https:\/\/portaltela.pt\/s.01k8rhncp4jt1\/2026\/04\/CACHE_780X1200_ANALOG_WATERMARKED_46965914_7332438255651.jpg","width":796,"height":448,"caption":"Tenistas Carlos Alcaraz e Aryna Sabalenka vencem pr\u00e9mio Laureus"},{"@type":"BreadcrumbList","@id":"https:\/\/portaltela.pt\/noticias\/2026\/04\/20\/alcaraz-e-sabalenka-recebem-premio-laureus\/#breadcrumb","itemListElement":[{"@type":"ListItem","position":1,"name":"In\u00edcio","item":"https:\/\/portaltela.pt\/"},{"@type":"ListItem","position":2,"name":"Alcaraz e Sabalenka recebem pr\u00e9mio Laureus"}]},{"@type":"WebSite","@id":"https:\/\/portaltela.pt\/#website","url":"https:\/\/portaltela.pt\/","name":"Portal Tela Portugal","description":"","potentialAction":[{"@type":"SearchAction","target":{"@type":"EntryPoint","urlTemplate":"https:\/\/portaltela.pt\/?s={search_term_string}"},"query-input":{"@type":"PropertyValueSpecification","valueRequired":true,"valueName":"search_term_string"}}],"inLanguage":"pt-PT"},{"@type":"Person","@id":"https:\/\/portaltela.pt\/#\/schema\/person\/c4278d4a6028830caff9ee44b42d32ed","name":"Telinha","image":{"@type":"ImageObject","inLanguage":"pt-PT","@id":"https:\/\/portaltela.pt\/s.01k8rhncp4jt1\/2025\/11\/talking-bot-125x125.png","url":"https:\/\/portaltela.pt\/s.01k8rhncp4jt1\/2025\/11\/talking-bot-125x125.png","contentUrl":"https:\/\/portaltela.pt\/s.01k8rhncp4jt1\/2025\/11\/talking-bot-125x125.png","caption":"Telinha"},"sameAs":["https:\/\/portaltela.pt\/"],"url":"https:\/\/portaltela.pt\/por\/367410592786\/"}]}},"_links":{"self":[{"href":"https:\/\/portaltela.pt\/api\/wp\/v2\/posts\/451954","targetHints":{"allow":["GET"]}}],"collection":[{"href":"https:\/\/portaltela.pt\/api\/wp\/v2\/posts"}],"about":[{"href":"https:\/\/portaltela.pt\/api\/wp\/v2\/types\/post"}],"author":[{"embeddable":true,"href":"https:\/\/portaltela.pt\/api\/wp\/v2\/users\/2"}],"replies":[{"embeddable":true,"href":"https:\/\/portaltela.pt\/api\/wp\/v2\/comments?post=451954"}],"version-history":[{"count":0,"href":"https:\/\/portaltela.pt\/api\/wp\/v2\/posts\/451954\/revisions"}],"wp:featuredmedia":[{"embeddable":true,"href":"https:\/\/portaltela.pt\/api\/wp\/v2\/media\/451955"}],"wp:attachment":[{"href":"https:\/\/portaltela.pt\/api\/wp\/v2\/media?parent=451954"}],"wp:term":[{"taxonomy":"category","embeddable":true,"href":"https:\/\/portaltela.pt\/api\/wp\/v2\/categories?post=451954"},{"taxonomy":"post_tag","embeddable":true,"href":"https:\/\/portaltela.pt\/api\/wp\/v2\/tags?post=451954"}],"curies":[{"name":"wp","href":"https:\/\/api.w.org\/{rel}","templated":true}]}}