{"id":451936,"date":"2026-04-20T17:32:52","date_gmt":"2026-04-20T20:32:52","guid":{"rendered":"https:\/\/portaltela.pt\/noticias\/2026\/04\/20\/grupo-empunha-arma-para-roubar-relogios-de-alto-valor\/"},"modified":"2026-04-20T17:32:52","modified_gmt":"2026-04-20T20:32:52","slug":"grupo-empunha-arma-para-roubar-relogios-de-alto-valor","status":"publish","type":"post","link":"https:\/\/portaltela.pt\/crime\/2026\/04\/20\/grupo-empunha-arma-para-roubar-relogios-de-alto-valor\/","title":{"rendered":"Grupo empunha arma para roubar rel\u00f3gios de alto valor"},"content":{"rendered":"<p>Um epis\u00f3dio do programa Investiga\u00e7\u00e3o CM, transmitido a 20 de abril de 2026, relata que um grupo usou uma arma para obrigar uma v\u00edtima a entregar rel\u00f3gios valiosos. O incidente ocorreu em Lisboa, segundo a reportagem.<\/p>\n<p>Segundo a pe\u00e7a, a a\u00e7\u00e3o envolveu apontar uma arma \u00e0 cabe\u00e7a da v\u00edtima com o objetivo de obter rel\u00f3gios de alto valor. N\u00e3o foram informados mais detalhes sobre o n\u00famero de suspeitos ou sobre a identidade dos envolvidos.<\/p>\n<p>O texto n\u00e3o especifica quando o grupo atuou, apenas vincula o relato ao conte\u00fado apresentado pelo programa na data mencionada. A mat\u00e9ria foca-se no modo de atua\u00e7\u00e3o dos suspeitos durante o crime.<\/p>\n<p>N\u00e3o s\u00e3o reveladas informa\u00e7\u00f5es adicionais sobre a v\u00edtima nem sobre qualquer deten\u00e7\u00e3o ou investiga\u00e7\u00e3o policial que tenha seguido o epis\u00f3dio. O objetivo da reportagem \u00e9 esclarecer os factos apresentados pelo programa.<\/p>\n","protected":false},"excerpt":{"rendered":"<ul>\n<li>Grupo aponta arma \u00e0 cabe\u00e7a para roubar rel\u00f3gios valiosos em Lisboa, na primeira parte do programa Investiga\u00e7\u00e3o CM, emitida em 20 de abril de 2026.<\/li>\n<li>A edi\u00e7\u00e3o aborda tamb\u00e9m imigrantes preocupados com vagas de assaltos em Lisboa id\u00eanticas \u00e0s do Brasil.<\/li>\n<li>Activistas pelos direitos dos animais concentram-se em frente ao gabinete do governador de Wisconsin.<\/li>\n<li>Emerg\u00eancia obriga bal\u00e3o de ar quente a aterrar em quintal de casa nos EUA.<\/li>\n<li>Lula da Silva defende queTrump n\u00e3o tem o direito de impedir a participa\u00e7\u00e3o do presidente da \u00c1frica do Sul na cimeira do G20.<\/li>\n<\/ul>\n","protected":false},"author":2,"featured_media":451938,"comment_status":"closed","ping_status":"closed","sticky":false,"template":"","format":"standard","meta":{"footnotes":""},"categories":[6907],"tags":[124,215,981,203,3102,250],"class_list":["post-451936","post","type-post","status-publish","format-standard","has-post-thumbnail","hentry","category-crime","tag-arma-de-fogo","tag-investigacao","tag-lisboa","tag-roubo","tag-roubo-agravado","tag-seguranca-publica"],"yoast_head":"<!-- This site is optimized with the Yoast SEO plugin v27.2 - https:\/\/yoast.com\/product\/yoast-seo-wordpress\/ -->\n<title>Grupo empunha arma para roubar rel\u00f3gios de alto valor - Portal Tela Portugal<\/title>\n<meta name=\"robots\" content=\"index, follow, max-snippet:-1, max-image-preview:large, max-video-preview:-1\" \/>\n<meta property=\"og:locale\" content=\"pt_PT\" \/>\n<meta property=\"og:type\" content=\"article\" \/>\n<meta property=\"og:title\" content=\"Grupo empunha arma para roubar rel\u00f3gios de alto valor - Portal Tela Portugal\" \/>\n<meta property=\"og:description\" content=\"Grupo aponta arma \u00e0 cabe\u00e7a para roubar rel\u00f3gios valiosos em Lisboa, na primeira parte do programa Investiga\u00e7\u00e3o CM, emitida em 20 de abril de 2026. A edi\u00e7\u00e3o aborda tamb\u00e9m imigrantes preocupados com vagas de assaltos em Lisboa id\u00eanticas \u00e0s do Brasil. Activistas pelos direitos dos animais concentram-se em frente ao gabinete do governador de Wisconsin. Emerg\u00eancia obriga bal\u00e3o de ar quente a aterrar em quintal de casa nos EUA. Lula da Silva defende queTrump n\u00e3o tem o direito de impedir a participa\u00e7\u00e3o do presidente da \u00c1frica do Sul na cimeira do G20.\" \/>\n<meta property=\"og:url\" content=\"https:\/\/portaltela.pt\/noticias\/2026\/04\/20\/grupo-empunha-arma-para-roubar-relogios-de-alto-valor\/\" \/>\n<meta property=\"og:site_name\" content=\"Portal Tela Portugal\" \/>\n<meta property=\"article:published_time\" content=\"2026-04-20T20:32:52+00:00\" \/>\n<meta name=\"author\" content=\"Telinha\" \/>\n<meta name=\"twitter:card\" content=\"summary_large_image\" \/>\n<meta name=\"twitter:label1\" content=\"Escrito por\" \/>\n\t<meta name=\"twitter:data1\" content=\"Telinha\" \/>\n\t<meta name=\"twitter:label2\" content=\"Tempo estimado de leitura\" \/>\n\t<meta name=\"twitter:data2\" content=\"1 minuto\" \/>\n<script type=\"application\/ld+json\" class=\"yoast-schema-graph\">{\"@context\":\"https:\/\/schema.org\",\"@graph\":[{\"@type\":\"Article\",\"@id\":\"https:\/\/portaltela.pt\/noticias\/2026\/04\/20\/grupo-empunha-arma-para-roubar-relogios-de-alto-valor\/#article\",\"isPartOf\":{\"@id\":\"https:\/\/portaltela.pt\/noticias\/2026\/04\/20\/grupo-empunha-arma-para-roubar-relogios-de-alto-valor\/\"},\"author\":{\"name\":\"Telinha\",\"@id\":\"https:\/\/portaltela.pt\/#\/schema\/person\/c4278d4a6028830caff9ee44b42d32ed\"},\"headline\":\"Grupo empunha arma para roubar rel\u00f3gios de alto valor\",\"datePublished\":\"2026-04-20T20:32:52+00:00\",\"mainEntityOfPage\":{\"@id\":\"https:\/\/portaltela.pt\/noticias\/2026\/04\/20\/grupo-empunha-arma-para-roubar-relogios-de-alto-valor\/\"},\"wordCount\":165,\"image\":{\"@id\":\"https:\/\/portaltela.pt\/noticias\/2026\/04\/20\/grupo-empunha-arma-para-roubar-relogios-de-alto-valor\/#primaryimage\"},\"thumbnailUrl\":\"https:\/\/portaltela.pt\/s.01k8rhncp4jt1\/2026\/04\/img_1280x722uu2026-04-20-19-29-00-2279843.jpg\",\"keywords\":[\"arma de fogo\",\"investiga\u00e7\u00e3o\",\"Lisboa\",\"roubo\",\"roubo agravado\",\"seguran\u00e7a p\u00fablica\"],\"articleSection\":[\"Crime\"],\"inLanguage\":\"pt-PT\"},{\"@type\":\"WebPage\",\"@id\":\"https:\/\/portaltela.pt\/noticias\/2026\/04\/20\/grupo-empunha-arma-para-roubar-relogios-de-alto-valor\/\",\"url\":\"https:\/\/portaltela.pt\/noticias\/2026\/04\/20\/grupo-empunha-arma-para-roubar-relogios-de-alto-valor\/\",\"name\":\"Grupo empunha arma para roubar rel\u00f3gios de alto valor - Portal Tela Portugal\",\"isPartOf\":{\"@id\":\"https:\/\/portaltela.pt\/#website\"},\"primaryImageOfPage\":{\"@id\":\"https:\/\/portaltela.pt\/noticias\/2026\/04\/20\/grupo-empunha-arma-para-roubar-relogios-de-alto-valor\/#primaryimage\"},\"image\":{\"@id\":\"https:\/\/portaltela.pt\/noticias\/2026\/04\/20\/grupo-empunha-arma-para-roubar-relogios-de-alto-valor\/#primaryimage\"},\"thumbnailUrl\":\"https:\/\/portaltela.pt\/s.01k8rhncp4jt1\/2026\/04\/img_1280x722uu2026-04-20-19-29-00-2279843.jpg\",\"datePublished\":\"2026-04-20T20:32:52+00:00\",\"author\":{\"@id\":\"https:\/\/portaltela.pt\/#\/schema\/person\/c4278d4a6028830caff9ee44b42d32ed\"},\"breadcrumb\":{\"@id\":\"https:\/\/portaltela.pt\/noticias\/2026\/04\/20\/grupo-empunha-arma-para-roubar-relogios-de-alto-valor\/#breadcrumb\"},\"inLanguage\":\"pt-PT\",\"potentialAction\":[{\"@type\":\"ReadAction\",\"target\":[\"https:\/\/portaltela.pt\/noticias\/2026\/04\/20\/grupo-empunha-arma-para-roubar-relogios-de-alto-valor\/\"]}]},{\"@type\":\"ImageObject\",\"inLanguage\":\"pt-PT\",\"@id\":\"https:\/\/portaltela.pt\/noticias\/2026\/04\/20\/grupo-empunha-arma-para-roubar-relogios-de-alto-valor\/#primaryimage\",\"url\":\"https:\/\/portaltela.pt\/s.01k8rhncp4jt1\/2026\/04\/img_1280x722uu2026-04-20-19-29-00-2279843.jpg\",\"contentUrl\":\"https:\/\/portaltela.pt\/s.01k8rhncp4jt1\/2026\/04\/img_1280x722uu2026-04-20-19-29-00-2279843.jpg\",\"width\":796,\"height\":448,\"caption\":\"Photo\"},{\"@type\":\"BreadcrumbList\",\"@id\":\"https:\/\/portaltela.pt\/noticias\/2026\/04\/20\/grupo-empunha-arma-para-roubar-relogios-de-alto-valor\/#breadcrumb\",\"itemListElement\":[{\"@type\":\"ListItem\",\"position\":1,\"name\":\"In\u00edcio\",\"item\":\"https:\/\/portaltela.pt\/\"},{\"@type\":\"ListItem\",\"position\":2,\"name\":\"Grupo empunha arma para roubar rel\u00f3gios de alto valor\"}]},{\"@type\":\"WebSite\",\"@id\":\"https:\/\/portaltela.pt\/#website\",\"url\":\"https:\/\/portaltela.pt\/\",\"name\":\"Portal Tela Portugal\",\"description\":\"\",\"potentialAction\":[{\"@type\":\"SearchAction\",\"target\":{\"@type\":\"EntryPoint\",\"urlTemplate\":\"https:\/\/portaltela.pt\/?s={search_term_string}\"},\"query-input\":{\"@type\":\"PropertyValueSpecification\",\"valueRequired\":true,\"valueName\":\"search_term_string\"}}],\"inLanguage\":\"pt-PT\"},{\"@type\":\"Person\",\"@id\":\"https:\/\/portaltela.pt\/#\/schema\/person\/c4278d4a6028830caff9ee44b42d32ed\",\"name\":\"Telinha\",\"image\":{\"@type\":\"ImageObject\",\"inLanguage\":\"pt-PT\",\"@id\":\"https:\/\/portaltela.pt\/s.01k8rhncp4jt1\/2025\/11\/talking-bot-125x125.png\",\"url\":\"https:\/\/portaltela.pt\/s.01k8rhncp4jt1\/2025\/11\/talking-bot-125x125.png\",\"contentUrl\":\"https:\/\/portaltela.pt\/s.01k8rhncp4jt1\/2025\/11\/talking-bot-125x125.png\",\"caption\":\"Telinha\"},\"sameAs\":[\"https:\/\/portaltela.pt\/\"],\"url\":\"https:\/\/portaltela.pt\/por\/367410592786\/\"}]}<\/script>\n<!-- \/ Yoast SEO plugin. -->","yoast_head_json":{"title":"Grupo empunha arma para roubar rel\u00f3gios de alto valor - Portal Tela Portugal","robots":{"index":"index","follow":"follow","max-snippet":"max-snippet:-1","max-image-preview":"max-image-preview:large","max-video-preview":"max-video-preview:-1"},"og_locale":"pt_PT","og_type":"article","og_title":"Grupo empunha arma para roubar rel\u00f3gios de alto valor - Portal Tela Portugal","og_description":"Grupo aponta arma \u00e0 cabe\u00e7a para roubar rel\u00f3gios valiosos em Lisboa, na primeira parte do programa Investiga\u00e7\u00e3o CM, emitida em 20 de abril de 2026. A edi\u00e7\u00e3o aborda tamb\u00e9m imigrantes preocupados com vagas de assaltos em Lisboa id\u00eanticas \u00e0s do Brasil. Activistas pelos direitos dos animais concentram-se em frente ao gabinete do governador de Wisconsin. Emerg\u00eancia obriga bal\u00e3o de ar quente a aterrar em quintal de casa nos EUA. Lula da Silva defende queTrump n\u00e3o tem o direito de impedir a participa\u00e7\u00e3o do presidente da \u00c1frica do Sul na cimeira do G20.","og_url":"https:\/\/portaltela.pt\/noticias\/2026\/04\/20\/grupo-empunha-arma-para-roubar-relogios-de-alto-valor\/","og_site_name":"Portal Tela Portugal","article_published_time":"2026-04-20T20:32:52+00:00","author":"Telinha","twitter_card":"summary_large_image","twitter_misc":{"Escrito por":"Telinha","Tempo estimado de leitura":"1 minuto"},"schema":{"@context":"https:\/\/schema.org","@graph":[{"@type":"Article","@id":"https:\/\/portaltela.pt\/noticias\/2026\/04\/20\/grupo-empunha-arma-para-roubar-relogios-de-alto-valor\/#article","isPartOf":{"@id":"https:\/\/portaltela.pt\/noticias\/2026\/04\/20\/grupo-empunha-arma-para-roubar-relogios-de-alto-valor\/"},"author":{"name":"Telinha","@id":"https:\/\/portaltela.pt\/#\/schema\/person\/c4278d4a6028830caff9ee44b42d32ed"},"headline":"Grupo empunha arma para roubar rel\u00f3gios de alto valor","datePublished":"2026-04-20T20:32:52+00:00","mainEntityOfPage":{"@id":"https:\/\/portaltela.pt\/noticias\/2026\/04\/20\/grupo-empunha-arma-para-roubar-relogios-de-alto-valor\/"},"wordCount":165,"image":{"@id":"https:\/\/portaltela.pt\/noticias\/2026\/04\/20\/grupo-empunha-arma-para-roubar-relogios-de-alto-valor\/#primaryimage"},"thumbnailUrl":"https:\/\/portaltela.pt\/s.01k8rhncp4jt1\/2026\/04\/img_1280x722uu2026-04-20-19-29-00-2279843.jpg","keywords":["arma de fogo","investiga\u00e7\u00e3o","Lisboa","roubo","roubo agravado","seguran\u00e7a p\u00fablica"],"articleSection":["Crime"],"inLanguage":"pt-PT"},{"@type":"WebPage","@id":"https:\/\/portaltela.pt\/noticias\/2026\/04\/20\/grupo-empunha-arma-para-roubar-relogios-de-alto-valor\/","url":"https:\/\/portaltela.pt\/noticias\/2026\/04\/20\/grupo-empunha-arma-para-roubar-relogios-de-alto-valor\/","name":"Grupo empunha arma para roubar rel\u00f3gios de alto valor - Portal Tela Portugal","isPartOf":{"@id":"https:\/\/portaltela.pt\/#website"},"primaryImageOfPage":{"@id":"https:\/\/portaltela.pt\/noticias\/2026\/04\/20\/grupo-empunha-arma-para-roubar-relogios-de-alto-valor\/#primaryimage"},"image":{"@id":"https:\/\/portaltela.pt\/noticias\/2026\/04\/20\/grupo-empunha-arma-para-roubar-relogios-de-alto-valor\/#primaryimage"},"thumbnailUrl":"https:\/\/portaltela.pt\/s.01k8rhncp4jt1\/2026\/04\/img_1280x722uu2026-04-20-19-29-00-2279843.jpg","datePublished":"2026-04-20T20:32:52+00:00","author":{"@id":"https:\/\/portaltela.pt\/#\/schema\/person\/c4278d4a6028830caff9ee44b42d32ed"},"breadcrumb":{"@id":"https:\/\/portaltela.pt\/noticias\/2026\/04\/20\/grupo-empunha-arma-para-roubar-relogios-de-alto-valor\/#breadcrumb"},"inLanguage":"pt-PT","potentialAction":[{"@type":"ReadAction","target":["https:\/\/portaltela.pt\/noticias\/2026\/04\/20\/grupo-empunha-arma-para-roubar-relogios-de-alto-valor\/"]}]},{"@type":"ImageObject","inLanguage":"pt-PT","@id":"https:\/\/portaltela.pt\/noticias\/2026\/04\/20\/grupo-empunha-arma-para-roubar-relogios-de-alto-valor\/#primaryimage","url":"https:\/\/portaltela.pt\/s.01k8rhncp4jt1\/2026\/04\/img_1280x722uu2026-04-20-19-29-00-2279843.jpg","contentUrl":"https:\/\/portaltela.pt\/s.01k8rhncp4jt1\/2026\/04\/img_1280x722uu2026-04-20-19-29-00-2279843.jpg","width":796,"height":448,"caption":"Photo"},{"@type":"BreadcrumbList","@id":"https:\/\/portaltela.pt\/noticias\/2026\/04\/20\/grupo-empunha-arma-para-roubar-relogios-de-alto-valor\/#breadcrumb","itemListElement":[{"@type":"ListItem","position":1,"name":"In\u00edcio","item":"https:\/\/portaltela.pt\/"},{"@type":"ListItem","position":2,"name":"Grupo empunha arma para roubar rel\u00f3gios de alto valor"}]},{"@type":"WebSite","@id":"https:\/\/portaltela.pt\/#website","url":"https:\/\/portaltela.pt\/","name":"Portal Tela Portugal","description":"","potentialAction":[{"@type":"SearchAction","target":{"@type":"EntryPoint","urlTemplate":"https:\/\/portaltela.pt\/?s={search_term_string}"},"query-input":{"@type":"PropertyValueSpecification","valueRequired":true,"valueName":"search_term_string"}}],"inLanguage":"pt-PT"},{"@type":"Person","@id":"https:\/\/portaltela.pt\/#\/schema\/person\/c4278d4a6028830caff9ee44b42d32ed","name":"Telinha","image":{"@type":"ImageObject","inLanguage":"pt-PT","@id":"https:\/\/portaltela.pt\/s.01k8rhncp4jt1\/2025\/11\/talking-bot-125x125.png","url":"https:\/\/portaltela.pt\/s.01k8rhncp4jt1\/2025\/11\/talking-bot-125x125.png","contentUrl":"https:\/\/portaltela.pt\/s.01k8rhncp4jt1\/2025\/11\/talking-bot-125x125.png","caption":"Telinha"},"sameAs":["https:\/\/portaltela.pt\/"],"url":"https:\/\/portaltela.pt\/por\/367410592786\/"}]}},"_links":{"self":[{"href":"https:\/\/portaltela.pt\/api\/wp\/v2\/posts\/451936","targetHints":{"allow":["GET"]}}],"collection":[{"href":"https:\/\/portaltela.pt\/api\/wp\/v2\/posts"}],"about":[{"href":"https:\/\/portaltela.pt\/api\/wp\/v2\/types\/post"}],"author":[{"embeddable":true,"href":"https:\/\/portaltela.pt\/api\/wp\/v2\/users\/2"}],"replies":[{"embeddable":true,"href":"https:\/\/portaltela.pt\/api\/wp\/v2\/comments?post=451936"}],"version-history":[{"count":0,"href":"https:\/\/portaltela.pt\/api\/wp\/v2\/posts\/451936\/revisions"}],"wp:featuredmedia":[{"embeddable":true,"href":"https:\/\/portaltela.pt\/api\/wp\/v2\/media\/451938"}],"wp:attachment":[{"href":"https:\/\/portaltela.pt\/api\/wp\/v2\/media?parent=451936"}],"wp:term":[{"taxonomy":"category","embeddable":true,"href":"https:\/\/portaltela.pt\/api\/wp\/v2\/categories?post=451936"},{"taxonomy":"post_tag","embeddable":true,"href":"https:\/\/portaltela.pt\/api\/wp\/v2\/tags?post=451936"}],"curies":[{"name":"wp","href":"https:\/\/api.w.org\/{rel}","templated":true}]}}