{"id":451903,"date":"2026-04-20T16:48:02","date_gmt":"2026-04-20T19:48:02","guid":{"rendered":"https:\/\/portaltela.pt\/noticias\/2026\/04\/20\/joao-simoes-volta-a-ser-operado-e-fica-fora-da-epoca\/"},"modified":"2026-04-20T16:48:02","modified_gmt":"2026-04-20T19:48:02","slug":"joao-simoes-volta-a-ser-operado-e-fica-fora-da-epoca","status":"publish","type":"post","link":"https:\/\/portaltela.pt\/desporto\/futebol\/2026\/04\/20\/joao-simoes-volta-a-ser-operado-e-fica-fora-da-epoca\/","title":{"rendered":"Jo\u00e3o Sim\u00f5es volta a ser operado e fica fora da \u00e9poca"},"content":{"rendered":"<p>O m\u00e9dio do Sporting, Jo\u00e3o Sim\u00f5es, vai submeter-se a uma nova interven\u00e7\u00e3o a um dedo do p\u00e9 para permitir o recome\u00e7o da pr\u00f3xima \u00e9poca. A decis\u00e3o foi tomada ap\u00f3s a recidiva de dores.<\/p>\n<p>A les\u00e3o original levou-o a uma cirurgia ao quinto metatarso do p\u00e9 direito na temporada passada, e o atleta voltou a sentir dificuldades. O objetivo da opera\u00e7\u00e3o \u00e9 assegurar uma recupera\u00e7\u00e3o total e um regresso em melhores condi\u00e7\u00f5es.<\/p>\n<p>A interven\u00e7\u00e3o, decidida em conjunto com a equipa m\u00e9dica, dever\u00e1 impedir o jogador de competir at\u00e9 ao fim da \u00e9poca 2025\/26. O clube n\u00e3o avan\u00e7ou com um cronograma oficial de recupera\u00e7\u00e3o, mas confirmou que o foco \u00e9 a reabilita\u00e7\u00e3o completa.<\/p>\n","protected":false},"excerpt":{"rendered":"<ul>\n<li>Jo\u00e3o Sim\u00f5es, m\u00e9dio do Sporting, vai ser submetido a uma nova interven\u00e7\u00e3o ao quinto metatarso do p\u00e9 direito.<\/li>\n<li>A cirurgia visa permitir que o jogador regresse em melhores condi\u00e7\u00f5es na pr\u00f3xima \u00e9poca.<\/li>\n<li>A les\u00e3o levou \u00e0 interven\u00e7\u00e3o anterior no mesmo osso durante a temporada passada.<\/li>\n<li>A fractura n\u00e3o consolidou totalmente, o que atrasa o retorno e impede-o de jogar at\u00e9 ao final da \u00e9poca 2025\/26.<\/li>\n<\/ul>\n","protected":false},"author":2,"featured_media":451910,"comment_status":"closed","ping_status":"closed","sticky":false,"template":"","format":"standard","meta":{"footnotes":""},"categories":[21,24],"tags":[2594,152,32,2538,172,1652],"class_list":["post-451903","post","type-post","status-publish","format-standard","has-post-thumbnail","hentry","category-desporto","category-futebol","tag-cirurgia","tag-desporto","tag-futebol","tag-lesoes","tag-saude","tag-sporting"],"yoast_head":"<!-- This site is optimized with the Yoast SEO plugin v27.2 - https:\/\/yoast.com\/product\/yoast-seo-wordpress\/ -->\n<title>Jo\u00e3o Sim\u00f5es volta a ser operado e fica fora da \u00e9poca - Portal Tela Portugal<\/title>\n<meta name=\"robots\" content=\"index, follow, max-snippet:-1, max-image-preview:large, max-video-preview:-1\" \/>\n<meta property=\"og:locale\" content=\"pt_PT\" \/>\n<meta property=\"og:type\" content=\"article\" \/>\n<meta property=\"og:title\" content=\"Jo\u00e3o Sim\u00f5es volta a ser operado e fica fora da \u00e9poca - Portal Tela Portugal\" \/>\n<meta property=\"og:description\" content=\"Jo\u00e3o Sim\u00f5es, m\u00e9dio do Sporting, vai ser submetido a uma nova interven\u00e7\u00e3o ao quinto metatarso do p\u00e9 direito. A cirurgia visa permitir que o jogador regresse em melhores condi\u00e7\u00f5es na pr\u00f3xima \u00e9poca. A les\u00e3o levou \u00e0 interven\u00e7\u00e3o anterior no mesmo osso durante a temporada passada. A fractura n\u00e3o consolidou totalmente, o que atrasa o retorno e impede-o de jogar at\u00e9 ao final da \u00e9poca 2025\/26.\" \/>\n<meta property=\"og:url\" content=\"https:\/\/portaltela.pt\/noticias\/2026\/04\/20\/joao-simoes-volta-a-ser-operado-e-fica-fora-da-epoca\/\" \/>\n<meta property=\"og:site_name\" content=\"Portal Tela Portugal\" \/>\n<meta property=\"article:published_time\" content=\"2026-04-20T19:48:02+00:00\" \/>\n<meta name=\"author\" content=\"Telinha\" \/>\n<meta name=\"twitter:card\" content=\"summary_large_image\" \/>\n<meta name=\"twitter:label1\" content=\"Escrito por\" \/>\n\t<meta name=\"twitter:data1\" content=\"Telinha\" \/>\n\t<meta name=\"twitter:label2\" content=\"Tempo estimado de leitura\" \/>\n\t<meta name=\"twitter:data2\" content=\"1 minuto\" \/>\n<script type=\"application\/ld+json\" class=\"yoast-schema-graph\">{\"@context\":\"https:\/\/schema.org\",\"@graph\":[{\"@type\":\"Article\",\"@id\":\"https:\/\/portaltela.pt\/noticias\/2026\/04\/20\/joao-simoes-volta-a-ser-operado-e-fica-fora-da-epoca\/#article\",\"isPartOf\":{\"@id\":\"https:\/\/portaltela.pt\/noticias\/2026\/04\/20\/joao-simoes-volta-a-ser-operado-e-fica-fora-da-epoca\/\"},\"author\":{\"name\":\"Telinha\",\"@id\":\"https:\/\/portaltela.pt\/#\/schema\/person\/c4278d4a6028830caff9ee44b42d32ed\"},\"headline\":\"Jo\u00e3o Sim\u00f5es volta a ser operado e fica fora da \u00e9poca\",\"datePublished\":\"2026-04-20T19:48:02+00:00\",\"mainEntityOfPage\":{\"@id\":\"https:\/\/portaltela.pt\/noticias\/2026\/04\/20\/joao-simoes-volta-a-ser-operado-e-fica-fora-da-epoca\/\"},\"wordCount\":139,\"image\":{\"@id\":\"https:\/\/portaltela.pt\/noticias\/2026\/04\/20\/joao-simoes-volta-a-ser-operado-e-fica-fora-da-epoca\/#primaryimage\"},\"thumbnailUrl\":\"https:\/\/portaltela.pt\/s.01k8rhncp4jt1\/2026\/04\/image-1234.jpg\",\"keywords\":[\"cirurgia\",\"desporto\",\"futebol\",\"les\u00f5es\",\"sa\u00fade\",\"Sporting\"],\"articleSection\":[\"Desporto\",\"Futebol\"],\"inLanguage\":\"pt-PT\"},{\"@type\":\"WebPage\",\"@id\":\"https:\/\/portaltela.pt\/noticias\/2026\/04\/20\/joao-simoes-volta-a-ser-operado-e-fica-fora-da-epoca\/\",\"url\":\"https:\/\/portaltela.pt\/noticias\/2026\/04\/20\/joao-simoes-volta-a-ser-operado-e-fica-fora-da-epoca\/\",\"name\":\"Jo\u00e3o Sim\u00f5es volta a ser operado e fica fora da \u00e9poca - Portal Tela Portugal\",\"isPartOf\":{\"@id\":\"https:\/\/portaltela.pt\/#website\"},\"primaryImageOfPage\":{\"@id\":\"https:\/\/portaltela.pt\/noticias\/2026\/04\/20\/joao-simoes-volta-a-ser-operado-e-fica-fora-da-epoca\/#primaryimage\"},\"image\":{\"@id\":\"https:\/\/portaltela.pt\/noticias\/2026\/04\/20\/joao-simoes-volta-a-ser-operado-e-fica-fora-da-epoca\/#primaryimage\"},\"thumbnailUrl\":\"https:\/\/portaltela.pt\/s.01k8rhncp4jt1\/2026\/04\/image-1234.jpg\",\"datePublished\":\"2026-04-20T19:48:02+00:00\",\"author\":{\"@id\":\"https:\/\/portaltela.pt\/#\/schema\/person\/c4278d4a6028830caff9ee44b42d32ed\"},\"breadcrumb\":{\"@id\":\"https:\/\/portaltela.pt\/noticias\/2026\/04\/20\/joao-simoes-volta-a-ser-operado-e-fica-fora-da-epoca\/#breadcrumb\"},\"inLanguage\":\"pt-PT\",\"potentialAction\":[{\"@type\":\"ReadAction\",\"target\":[\"https:\/\/portaltela.pt\/noticias\/2026\/04\/20\/joao-simoes-volta-a-ser-operado-e-fica-fora-da-epoca\/\"]}]},{\"@type\":\"ImageObject\",\"inLanguage\":\"pt-PT\",\"@id\":\"https:\/\/portaltela.pt\/noticias\/2026\/04\/20\/joao-simoes-volta-a-ser-operado-e-fica-fora-da-epoca\/#primaryimage\",\"url\":\"https:\/\/portaltela.pt\/s.01k8rhncp4jt1\/2026\/04\/image-1234.jpg\",\"contentUrl\":\"https:\/\/portaltela.pt\/s.01k8rhncp4jt1\/2026\/04\/image-1234.jpg\",\"width\":796,\"height\":448,\"caption\":\"Jo\u00e3o Sim\u00f5es entra para o meio-campo dos le\u00f5es\"},{\"@type\":\"BreadcrumbList\",\"@id\":\"https:\/\/portaltela.pt\/noticias\/2026\/04\/20\/joao-simoes-volta-a-ser-operado-e-fica-fora-da-epoca\/#breadcrumb\",\"itemListElement\":[{\"@type\":\"ListItem\",\"position\":1,\"name\":\"In\u00edcio\",\"item\":\"https:\/\/portaltela.pt\/\"},{\"@type\":\"ListItem\",\"position\":2,\"name\":\"Jo\u00e3o Sim\u00f5es volta a ser operado e fica fora da \u00e9poca\"}]},{\"@type\":\"WebSite\",\"@id\":\"https:\/\/portaltela.pt\/#website\",\"url\":\"https:\/\/portaltela.pt\/\",\"name\":\"Portal Tela Portugal\",\"description\":\"\",\"potentialAction\":[{\"@type\":\"SearchAction\",\"target\":{\"@type\":\"EntryPoint\",\"urlTemplate\":\"https:\/\/portaltela.pt\/?s={search_term_string}\"},\"query-input\":{\"@type\":\"PropertyValueSpecification\",\"valueRequired\":true,\"valueName\":\"search_term_string\"}}],\"inLanguage\":\"pt-PT\"},{\"@type\":\"Person\",\"@id\":\"https:\/\/portaltela.pt\/#\/schema\/person\/c4278d4a6028830caff9ee44b42d32ed\",\"name\":\"Telinha\",\"image\":{\"@type\":\"ImageObject\",\"inLanguage\":\"pt-PT\",\"@id\":\"https:\/\/portaltela.pt\/s.01k8rhncp4jt1\/2025\/11\/talking-bot-125x125.png\",\"url\":\"https:\/\/portaltela.pt\/s.01k8rhncp4jt1\/2025\/11\/talking-bot-125x125.png\",\"contentUrl\":\"https:\/\/portaltela.pt\/s.01k8rhncp4jt1\/2025\/11\/talking-bot-125x125.png\",\"caption\":\"Telinha\"},\"sameAs\":[\"https:\/\/portaltela.pt\/\"],\"url\":\"https:\/\/portaltela.pt\/por\/367410592786\/\"}]}<\/script>\n<!-- \/ Yoast SEO plugin. -->","yoast_head_json":{"title":"Jo\u00e3o Sim\u00f5es volta a ser operado e fica fora da \u00e9poca - Portal Tela Portugal","robots":{"index":"index","follow":"follow","max-snippet":"max-snippet:-1","max-image-preview":"max-image-preview:large","max-video-preview":"max-video-preview:-1"},"og_locale":"pt_PT","og_type":"article","og_title":"Jo\u00e3o Sim\u00f5es volta a ser operado e fica fora da \u00e9poca - Portal Tela Portugal","og_description":"Jo\u00e3o Sim\u00f5es, m\u00e9dio do Sporting, vai ser submetido a uma nova interven\u00e7\u00e3o ao quinto metatarso do p\u00e9 direito. A cirurgia visa permitir que o jogador regresse em melhores condi\u00e7\u00f5es na pr\u00f3xima \u00e9poca. A les\u00e3o levou \u00e0 interven\u00e7\u00e3o anterior no mesmo osso durante a temporada passada. A fractura n\u00e3o consolidou totalmente, o que atrasa o retorno e impede-o de jogar at\u00e9 ao final da \u00e9poca 2025\/26.","og_url":"https:\/\/portaltela.pt\/noticias\/2026\/04\/20\/joao-simoes-volta-a-ser-operado-e-fica-fora-da-epoca\/","og_site_name":"Portal Tela Portugal","article_published_time":"2026-04-20T19:48:02+00:00","author":"Telinha","twitter_card":"summary_large_image","twitter_misc":{"Escrito por":"Telinha","Tempo estimado de leitura":"1 minuto"},"schema":{"@context":"https:\/\/schema.org","@graph":[{"@type":"Article","@id":"https:\/\/portaltela.pt\/noticias\/2026\/04\/20\/joao-simoes-volta-a-ser-operado-e-fica-fora-da-epoca\/#article","isPartOf":{"@id":"https:\/\/portaltela.pt\/noticias\/2026\/04\/20\/joao-simoes-volta-a-ser-operado-e-fica-fora-da-epoca\/"},"author":{"name":"Telinha","@id":"https:\/\/portaltela.pt\/#\/schema\/person\/c4278d4a6028830caff9ee44b42d32ed"},"headline":"Jo\u00e3o Sim\u00f5es volta a ser operado e fica fora da \u00e9poca","datePublished":"2026-04-20T19:48:02+00:00","mainEntityOfPage":{"@id":"https:\/\/portaltela.pt\/noticias\/2026\/04\/20\/joao-simoes-volta-a-ser-operado-e-fica-fora-da-epoca\/"},"wordCount":139,"image":{"@id":"https:\/\/portaltela.pt\/noticias\/2026\/04\/20\/joao-simoes-volta-a-ser-operado-e-fica-fora-da-epoca\/#primaryimage"},"thumbnailUrl":"https:\/\/portaltela.pt\/s.01k8rhncp4jt1\/2026\/04\/image-1234.jpg","keywords":["cirurgia","desporto","futebol","les\u00f5es","sa\u00fade","Sporting"],"articleSection":["Desporto","Futebol"],"inLanguage":"pt-PT"},{"@type":"WebPage","@id":"https:\/\/portaltela.pt\/noticias\/2026\/04\/20\/joao-simoes-volta-a-ser-operado-e-fica-fora-da-epoca\/","url":"https:\/\/portaltela.pt\/noticias\/2026\/04\/20\/joao-simoes-volta-a-ser-operado-e-fica-fora-da-epoca\/","name":"Jo\u00e3o Sim\u00f5es volta a ser operado e fica fora da \u00e9poca - Portal Tela Portugal","isPartOf":{"@id":"https:\/\/portaltela.pt\/#website"},"primaryImageOfPage":{"@id":"https:\/\/portaltela.pt\/noticias\/2026\/04\/20\/joao-simoes-volta-a-ser-operado-e-fica-fora-da-epoca\/#primaryimage"},"image":{"@id":"https:\/\/portaltela.pt\/noticias\/2026\/04\/20\/joao-simoes-volta-a-ser-operado-e-fica-fora-da-epoca\/#primaryimage"},"thumbnailUrl":"https:\/\/portaltela.pt\/s.01k8rhncp4jt1\/2026\/04\/image-1234.jpg","datePublished":"2026-04-20T19:48:02+00:00","author":{"@id":"https:\/\/portaltela.pt\/#\/schema\/person\/c4278d4a6028830caff9ee44b42d32ed"},"breadcrumb":{"@id":"https:\/\/portaltela.pt\/noticias\/2026\/04\/20\/joao-simoes-volta-a-ser-operado-e-fica-fora-da-epoca\/#breadcrumb"},"inLanguage":"pt-PT","potentialAction":[{"@type":"ReadAction","target":["https:\/\/portaltela.pt\/noticias\/2026\/04\/20\/joao-simoes-volta-a-ser-operado-e-fica-fora-da-epoca\/"]}]},{"@type":"ImageObject","inLanguage":"pt-PT","@id":"https:\/\/portaltela.pt\/noticias\/2026\/04\/20\/joao-simoes-volta-a-ser-operado-e-fica-fora-da-epoca\/#primaryimage","url":"https:\/\/portaltela.pt\/s.01k8rhncp4jt1\/2026\/04\/image-1234.jpg","contentUrl":"https:\/\/portaltela.pt\/s.01k8rhncp4jt1\/2026\/04\/image-1234.jpg","width":796,"height":448,"caption":"Jo\u00e3o Sim\u00f5es entra para o meio-campo dos le\u00f5es"},{"@type":"BreadcrumbList","@id":"https:\/\/portaltela.pt\/noticias\/2026\/04\/20\/joao-simoes-volta-a-ser-operado-e-fica-fora-da-epoca\/#breadcrumb","itemListElement":[{"@type":"ListItem","position":1,"name":"In\u00edcio","item":"https:\/\/portaltela.pt\/"},{"@type":"ListItem","position":2,"name":"Jo\u00e3o Sim\u00f5es volta a ser operado e fica fora da \u00e9poca"}]},{"@type":"WebSite","@id":"https:\/\/portaltela.pt\/#website","url":"https:\/\/portaltela.pt\/","name":"Portal Tela Portugal","description":"","potentialAction":[{"@type":"SearchAction","target":{"@type":"EntryPoint","urlTemplate":"https:\/\/portaltela.pt\/?s={search_term_string}"},"query-input":{"@type":"PropertyValueSpecification","valueRequired":true,"valueName":"search_term_string"}}],"inLanguage":"pt-PT"},{"@type":"Person","@id":"https:\/\/portaltela.pt\/#\/schema\/person\/c4278d4a6028830caff9ee44b42d32ed","name":"Telinha","image":{"@type":"ImageObject","inLanguage":"pt-PT","@id":"https:\/\/portaltela.pt\/s.01k8rhncp4jt1\/2025\/11\/talking-bot-125x125.png","url":"https:\/\/portaltela.pt\/s.01k8rhncp4jt1\/2025\/11\/talking-bot-125x125.png","contentUrl":"https:\/\/portaltela.pt\/s.01k8rhncp4jt1\/2025\/11\/talking-bot-125x125.png","caption":"Telinha"},"sameAs":["https:\/\/portaltela.pt\/"],"url":"https:\/\/portaltela.pt\/por\/367410592786\/"}]}},"_links":{"self":[{"href":"https:\/\/portaltela.pt\/api\/wp\/v2\/posts\/451903","targetHints":{"allow":["GET"]}}],"collection":[{"href":"https:\/\/portaltela.pt\/api\/wp\/v2\/posts"}],"about":[{"href":"https:\/\/portaltela.pt\/api\/wp\/v2\/types\/post"}],"author":[{"embeddable":true,"href":"https:\/\/portaltela.pt\/api\/wp\/v2\/users\/2"}],"replies":[{"embeddable":true,"href":"https:\/\/portaltela.pt\/api\/wp\/v2\/comments?post=451903"}],"version-history":[{"count":0,"href":"https:\/\/portaltela.pt\/api\/wp\/v2\/posts\/451903\/revisions"}],"wp:featuredmedia":[{"embeddable":true,"href":"https:\/\/portaltela.pt\/api\/wp\/v2\/media\/451910"}],"wp:attachment":[{"href":"https:\/\/portaltela.pt\/api\/wp\/v2\/media?parent=451903"}],"wp:term":[{"taxonomy":"category","embeddable":true,"href":"https:\/\/portaltela.pt\/api\/wp\/v2\/categories?post=451903"},{"taxonomy":"post_tag","embeddable":true,"href":"https:\/\/portaltela.pt\/api\/wp\/v2\/tags?post=451903"}],"curies":[{"name":"wp","href":"https:\/\/api.w.org\/{rel}","templated":true}]}}