{"id":451812,"date":"2026-04-20T15:47:38","date_gmt":"2026-04-20T18:47:38","guid":{"rendered":"https:\/\/portaltela.pt\/noticias\/2026\/04\/20\/paulo-moreira-volta-a-acao-em-arouca-e-mira-onze-contra-o-fc-porto\/"},"modified":"2026-04-20T15:47:38","modified_gmt":"2026-04-20T18:47:38","slug":"paulo-moreira-volta-a-acao-em-arouca-e-mira-onze-contra-o-fc-porto","status":"publish","type":"post","link":"https:\/\/portaltela.pt\/desporto\/futebol\/2026\/04\/20\/paulo-moreira-volta-a-acao-em-arouca-e-mira-onze-contra-o-fc-porto\/","title":{"rendered":"Paulo Moreira volta \u00e0 a\u00e7\u00e3o em Arouca e mira onze contra o FC Porto"},"content":{"rendered":"<p>Paulo Moreira regressou aos relvados em Arouca, ap\u00f3s um m\u00eas de paragem, totalmente recuperado dos problemas f\u00edsicos. O m\u00e9dio de 26 anos aponta ao onze do Estrela da Amadora para a rece\u00e7\u00e3o ao FC Porto. Esta temporada, soma tr\u00eas golos e duas assist\u00eancias em 26 partidas.<\/p>\n<p>O regresso de Moreira acontece numa altura em que os tricolores passam pela prepara\u00e7\u00e3o para o encontro com os drag\u00f5es, marcado para este domingo. O jogador formado nos azuis e brancos tem sido uma pe\u00e7a-chave no meio-campo da equipa de Jo\u00e3o Nuno.<\/p>\n<p>Em Arouca, Moreira ajudou a manter o registo recente da equipa, que procura manter a consist\u00eancia na liga. O Estrela da Amadora procura confirmar bons resultados em casa diante de um FC Porto que lidera parte da competi\u00e7\u00e3o.<\/p>\n<h3>Estado cl\u00ednico de Bernardo Schappo<\/h3>\n<p>O defesa central brasileiro Bernardo Schappo saiu lesionado ao minuto 23 em Arouca, sendo substitu\u00eddo por Luan Patrick. O plantel vai ser reavaliado pelo departamento m\u00e9dico j\u00e1 na ter\u00e7a-feira, antes do regresso ao treino da equipa.<\/p>\n<p>Resta saber se Schappo ficar\u00e1 dispon\u00edvel para o duelo contra o FC Porto no domingo. A equipa t\u00e9cnica aguarda o parecer m\u00e9dico para definir a participa\u00e7\u00e3o do jogador. A reavalia\u00e7\u00e3o \u00e9 considerada decisiva para o plano defensivo.<\/p>\n","protected":false},"excerpt":{"rendered":"<ul>\n<li>Paulo Moreira regressou aos relvados em Arouca e j\u00e1 est\u00e1 100% recuperado, apontando ao onze do Estrela da Amadora para receber o FC Porto.<\/li>\n<li>O m\u00e9dio, de 26 anos, soma tr\u00eas golos e duas assist\u00eancias em 26 jogos nesta \u00e9poca.<\/li>\n<li>A equipa de Jo\u00e3o Nuno aguarda novidades sobre o estado cl\u00ednico de Bernardo Schappo, defesa central brasileiro.<\/li>\n<li>Schappo saiu lesionado aos 23 minutos em Arouca e foi substitu\u00eddo por Luan Patrick; reavalia\u00e7\u00e3o ocorre na ter\u00e7a-feira.<\/li>\n<li>O treino da equipa est\u00e1 agendado para amanh\u00e3, e Schappo \u00e9 d\u00favida para o duelo com os drag\u00f5es no domingo.<\/li>\n<\/ul>\n","protected":false},"author":2,"featured_media":451815,"comment_status":"closed","ping_status":"closed","sticky":false,"template":"","format":"standard","meta":{"footnotes":""},"categories":[21,24],"tags":[8756,1589,32,242,2538,982],"class_list":["post-451812","post","type-post","status-publish","format-standard","has-post-thumbnail","hentry","category-desporto","category-futebol","tag-_1-a-liga","tag-estrela","tag-futebol","tag-jogadores","tag-lesoes","tag-porto"],"yoast_head":"<!-- This site is optimized with the Yoast SEO plugin v27.2 - https:\/\/yoast.com\/product\/yoast-seo-wordpress\/ -->\n<title>Paulo Moreira volta \u00e0 a\u00e7\u00e3o em Arouca e mira onze contra o FC Porto - Portal Tela Portugal<\/title>\n<meta name=\"robots\" content=\"index, follow, max-snippet:-1, max-image-preview:large, max-video-preview:-1\" \/>\n<meta property=\"og:locale\" content=\"pt_PT\" \/>\n<meta property=\"og:type\" content=\"article\" \/>\n<meta property=\"og:title\" content=\"Paulo Moreira volta \u00e0 a\u00e7\u00e3o em Arouca e mira onze contra o FC Porto - Portal Tela Portugal\" \/>\n<meta property=\"og:description\" content=\"Paulo Moreira regressou aos relvados em Arouca e j\u00e1 est\u00e1 100% recuperado, apontando ao onze do Estrela da Amadora para receber o FC Porto. O m\u00e9dio, de 26 anos, soma tr\u00eas golos e duas assist\u00eancias em 26 jogos nesta \u00e9poca. A equipa de Jo\u00e3o Nuno aguarda novidades sobre o estado cl\u00ednico de Bernardo Schappo, defesa central brasileiro. Schappo saiu lesionado aos 23 minutos em Arouca e foi substitu\u00eddo por Luan Patrick; reavalia\u00e7\u00e3o ocorre na ter\u00e7a-feira. O treino da equipa est\u00e1 agendado para amanh\u00e3, e Schappo \u00e9 d\u00favida para o duelo com os drag\u00f5es no domingo.\" \/>\n<meta property=\"og:url\" content=\"https:\/\/portaltela.pt\/noticias\/2026\/04\/20\/paulo-moreira-volta-a-acao-em-arouca-e-mira-onze-contra-o-fc-porto\/\" \/>\n<meta property=\"og:site_name\" content=\"Portal Tela Portugal\" \/>\n<meta property=\"article:published_time\" content=\"2026-04-20T18:47:38+00:00\" \/>\n<meta name=\"author\" content=\"Telinha\" \/>\n<meta name=\"twitter:card\" content=\"summary_large_image\" \/>\n<meta name=\"twitter:label1\" content=\"Escrito por\" \/>\n\t<meta name=\"twitter:data1\" content=\"Telinha\" \/>\n\t<meta name=\"twitter:label2\" content=\"Tempo estimado de leitura\" \/>\n\t<meta name=\"twitter:data2\" content=\"1 minuto\" \/>\n<script type=\"application\/ld+json\" class=\"yoast-schema-graph\">{\"@context\":\"https:\/\/schema.org\",\"@graph\":[{\"@type\":\"Article\",\"@id\":\"https:\/\/portaltela.pt\/noticias\/2026\/04\/20\/paulo-moreira-volta-a-acao-em-arouca-e-mira-onze-contra-o-fc-porto\/#article\",\"isPartOf\":{\"@id\":\"https:\/\/portaltela.pt\/noticias\/2026\/04\/20\/paulo-moreira-volta-a-acao-em-arouca-e-mira-onze-contra-o-fc-porto\/\"},\"author\":{\"name\":\"Telinha\",\"@id\":\"https:\/\/portaltela.pt\/#\/schema\/person\/c4278d4a6028830caff9ee44b42d32ed\"},\"headline\":\"Paulo Moreira volta \u00e0 a\u00e7\u00e3o em Arouca e mira onze contra o FC Porto\",\"datePublished\":\"2026-04-20T18:47:38+00:00\",\"mainEntityOfPage\":{\"@id\":\"https:\/\/portaltela.pt\/noticias\/2026\/04\/20\/paulo-moreira-volta-a-acao-em-arouca-e-mira-onze-contra-o-fc-porto\/\"},\"wordCount\":236,\"image\":{\"@id\":\"https:\/\/portaltela.pt\/noticias\/2026\/04\/20\/paulo-moreira-volta-a-acao-em-arouca-e-mira-onze-contra-o-fc-porto\/#primaryimage\"},\"thumbnailUrl\":\"https:\/\/portaltela.pt\/s.01k8rhncp4jt1\/2026\/04\/img_920x518uu2026-04-20-19-40-25-2434322-im-639123108492198076.jpg\",\"keywords\":[\"_1.\u00aa Liga\",\"Estrela\",\"futebol\",\"jogadores\",\"les\u00f5es\",\"Porto\"],\"articleSection\":[\"Desporto\",\"Futebol\"],\"inLanguage\":\"pt-PT\"},{\"@type\":\"WebPage\",\"@id\":\"https:\/\/portaltela.pt\/noticias\/2026\/04\/20\/paulo-moreira-volta-a-acao-em-arouca-e-mira-onze-contra-o-fc-porto\/\",\"url\":\"https:\/\/portaltela.pt\/noticias\/2026\/04\/20\/paulo-moreira-volta-a-acao-em-arouca-e-mira-onze-contra-o-fc-porto\/\",\"name\":\"Paulo Moreira volta \u00e0 a\u00e7\u00e3o em Arouca e mira onze contra o FC Porto - Portal Tela Portugal\",\"isPartOf\":{\"@id\":\"https:\/\/portaltela.pt\/#website\"},\"primaryImageOfPage\":{\"@id\":\"https:\/\/portaltela.pt\/noticias\/2026\/04\/20\/paulo-moreira-volta-a-acao-em-arouca-e-mira-onze-contra-o-fc-porto\/#primaryimage\"},\"image\":{\"@id\":\"https:\/\/portaltela.pt\/noticias\/2026\/04\/20\/paulo-moreira-volta-a-acao-em-arouca-e-mira-onze-contra-o-fc-porto\/#primaryimage\"},\"thumbnailUrl\":\"https:\/\/portaltela.pt\/s.01k8rhncp4jt1\/2026\/04\/img_920x518uu2026-04-20-19-40-25-2434322-im-639123108492198076.jpg\",\"datePublished\":\"2026-04-20T18:47:38+00:00\",\"author\":{\"@id\":\"https:\/\/portaltela.pt\/#\/schema\/person\/c4278d4a6028830caff9ee44b42d32ed\"},\"breadcrumb\":{\"@id\":\"https:\/\/portaltela.pt\/noticias\/2026\/04\/20\/paulo-moreira-volta-a-acao-em-arouca-e-mira-onze-contra-o-fc-porto\/#breadcrumb\"},\"inLanguage\":\"pt-PT\",\"potentialAction\":[{\"@type\":\"ReadAction\",\"target\":[\"https:\/\/portaltela.pt\/noticias\/2026\/04\/20\/paulo-moreira-volta-a-acao-em-arouca-e-mira-onze-contra-o-fc-porto\/\"]}]},{\"@type\":\"ImageObject\",\"inLanguage\":\"pt-PT\",\"@id\":\"https:\/\/portaltela.pt\/noticias\/2026\/04\/20\/paulo-moreira-volta-a-acao-em-arouca-e-mira-onze-contra-o-fc-porto\/#primaryimage\",\"url\":\"https:\/\/portaltela.pt\/s.01k8rhncp4jt1\/2026\/04\/img_920x518uu2026-04-20-19-40-25-2434322-im-639123108492198076.jpg\",\"contentUrl\":\"https:\/\/portaltela.pt\/s.01k8rhncp4jt1\/2026\/04\/img_920x518uu2026-04-20-19-40-25-2434322-im-639123108492198076.jpg\",\"width\":796,\"height\":448,\"caption\":\"Paulo Moreira regressou aos relvados em Arouca\"},{\"@type\":\"BreadcrumbList\",\"@id\":\"https:\/\/portaltela.pt\/noticias\/2026\/04\/20\/paulo-moreira-volta-a-acao-em-arouca-e-mira-onze-contra-o-fc-porto\/#breadcrumb\",\"itemListElement\":[{\"@type\":\"ListItem\",\"position\":1,\"name\":\"In\u00edcio\",\"item\":\"https:\/\/portaltela.pt\/\"},{\"@type\":\"ListItem\",\"position\":2,\"name\":\"Paulo Moreira volta \u00e0 a\u00e7\u00e3o em Arouca e mira onze contra o FC Porto\"}]},{\"@type\":\"WebSite\",\"@id\":\"https:\/\/portaltela.pt\/#website\",\"url\":\"https:\/\/portaltela.pt\/\",\"name\":\"Portal Tela Portugal\",\"description\":\"\",\"potentialAction\":[{\"@type\":\"SearchAction\",\"target\":{\"@type\":\"EntryPoint\",\"urlTemplate\":\"https:\/\/portaltela.pt\/?s={search_term_string}\"},\"query-input\":{\"@type\":\"PropertyValueSpecification\",\"valueRequired\":true,\"valueName\":\"search_term_string\"}}],\"inLanguage\":\"pt-PT\"},{\"@type\":\"Person\",\"@id\":\"https:\/\/portaltela.pt\/#\/schema\/person\/c4278d4a6028830caff9ee44b42d32ed\",\"name\":\"Telinha\",\"image\":{\"@type\":\"ImageObject\",\"inLanguage\":\"pt-PT\",\"@id\":\"https:\/\/portaltela.pt\/s.01k8rhncp4jt1\/2025\/11\/talking-bot-125x125.png\",\"url\":\"https:\/\/portaltela.pt\/s.01k8rhncp4jt1\/2025\/11\/talking-bot-125x125.png\",\"contentUrl\":\"https:\/\/portaltela.pt\/s.01k8rhncp4jt1\/2025\/11\/talking-bot-125x125.png\",\"caption\":\"Telinha\"},\"sameAs\":[\"https:\/\/portaltela.pt\/\"],\"url\":\"https:\/\/portaltela.pt\/por\/367410592786\/\"}]}<\/script>\n<!-- \/ Yoast SEO plugin. -->","yoast_head_json":{"title":"Paulo Moreira volta \u00e0 a\u00e7\u00e3o em Arouca e mira onze contra o FC Porto - Portal Tela Portugal","robots":{"index":"index","follow":"follow","max-snippet":"max-snippet:-1","max-image-preview":"max-image-preview:large","max-video-preview":"max-video-preview:-1"},"og_locale":"pt_PT","og_type":"article","og_title":"Paulo Moreira volta \u00e0 a\u00e7\u00e3o em Arouca e mira onze contra o FC Porto - Portal Tela Portugal","og_description":"Paulo Moreira regressou aos relvados em Arouca e j\u00e1 est\u00e1 100% recuperado, apontando ao onze do Estrela da Amadora para receber o FC Porto. O m\u00e9dio, de 26 anos, soma tr\u00eas golos e duas assist\u00eancias em 26 jogos nesta \u00e9poca. A equipa de Jo\u00e3o Nuno aguarda novidades sobre o estado cl\u00ednico de Bernardo Schappo, defesa central brasileiro. Schappo saiu lesionado aos 23 minutos em Arouca e foi substitu\u00eddo por Luan Patrick; reavalia\u00e7\u00e3o ocorre na ter\u00e7a-feira. O treino da equipa est\u00e1 agendado para amanh\u00e3, e Schappo \u00e9 d\u00favida para o duelo com os drag\u00f5es no domingo.","og_url":"https:\/\/portaltela.pt\/noticias\/2026\/04\/20\/paulo-moreira-volta-a-acao-em-arouca-e-mira-onze-contra-o-fc-porto\/","og_site_name":"Portal Tela Portugal","article_published_time":"2026-04-20T18:47:38+00:00","author":"Telinha","twitter_card":"summary_large_image","twitter_misc":{"Escrito por":"Telinha","Tempo estimado de leitura":"1 minuto"},"schema":{"@context":"https:\/\/schema.org","@graph":[{"@type":"Article","@id":"https:\/\/portaltela.pt\/noticias\/2026\/04\/20\/paulo-moreira-volta-a-acao-em-arouca-e-mira-onze-contra-o-fc-porto\/#article","isPartOf":{"@id":"https:\/\/portaltela.pt\/noticias\/2026\/04\/20\/paulo-moreira-volta-a-acao-em-arouca-e-mira-onze-contra-o-fc-porto\/"},"author":{"name":"Telinha","@id":"https:\/\/portaltela.pt\/#\/schema\/person\/c4278d4a6028830caff9ee44b42d32ed"},"headline":"Paulo Moreira volta \u00e0 a\u00e7\u00e3o em Arouca e mira onze contra o FC Porto","datePublished":"2026-04-20T18:47:38+00:00","mainEntityOfPage":{"@id":"https:\/\/portaltela.pt\/noticias\/2026\/04\/20\/paulo-moreira-volta-a-acao-em-arouca-e-mira-onze-contra-o-fc-porto\/"},"wordCount":236,"image":{"@id":"https:\/\/portaltela.pt\/noticias\/2026\/04\/20\/paulo-moreira-volta-a-acao-em-arouca-e-mira-onze-contra-o-fc-porto\/#primaryimage"},"thumbnailUrl":"https:\/\/portaltela.pt\/s.01k8rhncp4jt1\/2026\/04\/img_920x518uu2026-04-20-19-40-25-2434322-im-639123108492198076.jpg","keywords":["_1.\u00aa Liga","Estrela","futebol","jogadores","les\u00f5es","Porto"],"articleSection":["Desporto","Futebol"],"inLanguage":"pt-PT"},{"@type":"WebPage","@id":"https:\/\/portaltela.pt\/noticias\/2026\/04\/20\/paulo-moreira-volta-a-acao-em-arouca-e-mira-onze-contra-o-fc-porto\/","url":"https:\/\/portaltela.pt\/noticias\/2026\/04\/20\/paulo-moreira-volta-a-acao-em-arouca-e-mira-onze-contra-o-fc-porto\/","name":"Paulo Moreira volta \u00e0 a\u00e7\u00e3o em Arouca e mira onze contra o FC Porto - Portal Tela Portugal","isPartOf":{"@id":"https:\/\/portaltela.pt\/#website"},"primaryImageOfPage":{"@id":"https:\/\/portaltela.pt\/noticias\/2026\/04\/20\/paulo-moreira-volta-a-acao-em-arouca-e-mira-onze-contra-o-fc-porto\/#primaryimage"},"image":{"@id":"https:\/\/portaltela.pt\/noticias\/2026\/04\/20\/paulo-moreira-volta-a-acao-em-arouca-e-mira-onze-contra-o-fc-porto\/#primaryimage"},"thumbnailUrl":"https:\/\/portaltela.pt\/s.01k8rhncp4jt1\/2026\/04\/img_920x518uu2026-04-20-19-40-25-2434322-im-639123108492198076.jpg","datePublished":"2026-04-20T18:47:38+00:00","author":{"@id":"https:\/\/portaltela.pt\/#\/schema\/person\/c4278d4a6028830caff9ee44b42d32ed"},"breadcrumb":{"@id":"https:\/\/portaltela.pt\/noticias\/2026\/04\/20\/paulo-moreira-volta-a-acao-em-arouca-e-mira-onze-contra-o-fc-porto\/#breadcrumb"},"inLanguage":"pt-PT","potentialAction":[{"@type":"ReadAction","target":["https:\/\/portaltela.pt\/noticias\/2026\/04\/20\/paulo-moreira-volta-a-acao-em-arouca-e-mira-onze-contra-o-fc-porto\/"]}]},{"@type":"ImageObject","inLanguage":"pt-PT","@id":"https:\/\/portaltela.pt\/noticias\/2026\/04\/20\/paulo-moreira-volta-a-acao-em-arouca-e-mira-onze-contra-o-fc-porto\/#primaryimage","url":"https:\/\/portaltela.pt\/s.01k8rhncp4jt1\/2026\/04\/img_920x518uu2026-04-20-19-40-25-2434322-im-639123108492198076.jpg","contentUrl":"https:\/\/portaltela.pt\/s.01k8rhncp4jt1\/2026\/04\/img_920x518uu2026-04-20-19-40-25-2434322-im-639123108492198076.jpg","width":796,"height":448,"caption":"Paulo Moreira regressou aos relvados em Arouca"},{"@type":"BreadcrumbList","@id":"https:\/\/portaltela.pt\/noticias\/2026\/04\/20\/paulo-moreira-volta-a-acao-em-arouca-e-mira-onze-contra-o-fc-porto\/#breadcrumb","itemListElement":[{"@type":"ListItem","position":1,"name":"In\u00edcio","item":"https:\/\/portaltela.pt\/"},{"@type":"ListItem","position":2,"name":"Paulo Moreira volta \u00e0 a\u00e7\u00e3o em Arouca e mira onze contra o FC Porto"}]},{"@type":"WebSite","@id":"https:\/\/portaltela.pt\/#website","url":"https:\/\/portaltela.pt\/","name":"Portal Tela Portugal","description":"","potentialAction":[{"@type":"SearchAction","target":{"@type":"EntryPoint","urlTemplate":"https:\/\/portaltela.pt\/?s={search_term_string}"},"query-input":{"@type":"PropertyValueSpecification","valueRequired":true,"valueName":"search_term_string"}}],"inLanguage":"pt-PT"},{"@type":"Person","@id":"https:\/\/portaltela.pt\/#\/schema\/person\/c4278d4a6028830caff9ee44b42d32ed","name":"Telinha","image":{"@type":"ImageObject","inLanguage":"pt-PT","@id":"https:\/\/portaltela.pt\/s.01k8rhncp4jt1\/2025\/11\/talking-bot-125x125.png","url":"https:\/\/portaltela.pt\/s.01k8rhncp4jt1\/2025\/11\/talking-bot-125x125.png","contentUrl":"https:\/\/portaltela.pt\/s.01k8rhncp4jt1\/2025\/11\/talking-bot-125x125.png","caption":"Telinha"},"sameAs":["https:\/\/portaltela.pt\/"],"url":"https:\/\/portaltela.pt\/por\/367410592786\/"}]}},"_links":{"self":[{"href":"https:\/\/portaltela.pt\/api\/wp\/v2\/posts\/451812","targetHints":{"allow":["GET"]}}],"collection":[{"href":"https:\/\/portaltela.pt\/api\/wp\/v2\/posts"}],"about":[{"href":"https:\/\/portaltela.pt\/api\/wp\/v2\/types\/post"}],"author":[{"embeddable":true,"href":"https:\/\/portaltela.pt\/api\/wp\/v2\/users\/2"}],"replies":[{"embeddable":true,"href":"https:\/\/portaltela.pt\/api\/wp\/v2\/comments?post=451812"}],"version-history":[{"count":0,"href":"https:\/\/portaltela.pt\/api\/wp\/v2\/posts\/451812\/revisions"}],"wp:featuredmedia":[{"embeddable":true,"href":"https:\/\/portaltela.pt\/api\/wp\/v2\/media\/451815"}],"wp:attachment":[{"href":"https:\/\/portaltela.pt\/api\/wp\/v2\/media?parent=451812"}],"wp:term":[{"taxonomy":"category","embeddable":true,"href":"https:\/\/portaltela.pt\/api\/wp\/v2\/categories?post=451812"},{"taxonomy":"post_tag","embeddable":true,"href":"https:\/\/portaltela.pt\/api\/wp\/v2\/tags?post=451812"}],"curies":[{"name":"wp","href":"https:\/\/api.w.org\/{rel}","templated":true}]}}