{"id":451706,"date":"2026-04-20T10:49:00","date_gmt":"2026-04-20T13:49:00","guid":{"rendered":"https:\/\/portaltela.pt\/noticias\/2026\/04\/20\/presidente-reune-se-com-o-rei-felipe-vi-e-almoca-com-sanchez\/"},"modified":"2026-04-20T10:49:00","modified_gmt":"2026-04-20T13:49:00","slug":"presidente-reune-se-com-o-rei-felipe-vi-e-almoca-com-sanchez","status":"publish","type":"post","link":"https:\/\/portaltela.pt\/noticias\/internacional\/2026\/04\/20\/presidente-reune-se-com-o-rei-felipe-vi-e-almoca-com-sanchez\/","title":{"rendered":"Presidente re\u00fane-se com o Rei Felipe VI e almo\u00e7a com S\u00e1nchez"},"content":{"rendered":"<p>O Presidente reuniu-se com o Rei Felipe VI e acompanhou um almo\u00e7o com o Primeiro-Ministro espanhol, Pedro S\u00e1nchez. O encontro ocorreu recentemente, mas n\u00e3o h\u00e1 detalhes p\u00fablicos sobre a data ou o local.<\/p>\n<p>O conte\u00fado completo da not\u00edcia est\u00e1 dispon\u00edvel apenas para subscritores. Informa\u00e7\u00f5es adicionais n\u00e3o foram divulgadas pela assessoria.<\/p>\n<p>Entre os participantes confirmados est\u00e3o o Presidente, o Rei Felipe VI e S\u00e1nchez. Ainda n\u00e3o foram revelados os temas discutidos nem os resultados do encontro.<\/p>\n<p>N\u00e3o h\u00e1 indica\u00e7\u00e3o de mudan\u00e7as institucionais ou medidas concretas anunciadas ao longo do encontro. O texto atual limita-se a relatar a ocorr\u00eancia do encontro e do almo\u00e7o.<\/p>\n","protected":false},"excerpt":{"rendered":"<ul>\n<li>O presidente teve encontro com o rei Felipe VI.<\/li>\n<li>O encontro foi seguido de almo\u00e7o.<\/li>\n<li>A reuni\u00e3o contou com a presen\u00e7a de S\u00e1nchez.<\/li>\n<\/ul>\n","protected":false},"author":2,"featured_media":451707,"comment_status":"closed","ping_status":"closed","sticky":false,"template":"","format":"standard","meta":{"footnotes":""},"categories":[6814,4],"tags":[2031,2832,7439,1014,30,2084],"class_list":["post-451706","post","type-post","status-publish","format-standard","has-post-thumbnail","hentry","category-geopolitica","category-internacional","tag-espanha","tag-politica","tag-politica-externa","tag-portugal","tag-presidente","tag-reunioes-internacionais"],"yoast_head":"<!-- This site is optimized with the Yoast SEO plugin v27.2 - https:\/\/yoast.com\/product\/yoast-seo-wordpress\/ -->\n<title>Presidente re\u00fane-se com o Rei Felipe VI e almo\u00e7a com S\u00e1nchez - Portal Tela Portugal<\/title>\n<meta name=\"robots\" content=\"index, follow, max-snippet:-1, max-image-preview:large, max-video-preview:-1\" \/>\n<meta property=\"og:locale\" content=\"pt_PT\" \/>\n<meta property=\"og:type\" content=\"article\" \/>\n<meta property=\"og:title\" content=\"Presidente re\u00fane-se com o Rei Felipe VI e almo\u00e7a com S\u00e1nchez - Portal Tela Portugal\" \/>\n<meta property=\"og:description\" content=\"O presidente teve encontro com o rei Felipe VI. O encontro foi seguido de almo\u00e7o. A reuni\u00e3o contou com a presen\u00e7a de S\u00e1nchez.\" \/>\n<meta property=\"og:url\" content=\"https:\/\/portaltela.pt\/noticias\/2026\/04\/20\/presidente-reune-se-com-o-rei-felipe-vi-e-almoca-com-sanchez\/\" \/>\n<meta property=\"og:site_name\" content=\"Portal Tela Portugal\" \/>\n<meta property=\"article:published_time\" content=\"2026-04-20T13:49:00+00:00\" \/>\n<meta name=\"author\" content=\"Telinha\" \/>\n<meta name=\"twitter:card\" content=\"summary_large_image\" \/>\n<meta name=\"twitter:label1\" content=\"Escrito por\" \/>\n\t<meta name=\"twitter:data1\" content=\"Telinha\" \/>\n\t<meta name=\"twitter:label2\" content=\"Tempo estimado de leitura\" \/>\n\t<meta name=\"twitter:data2\" content=\"1 minuto\" \/>\n<script type=\"application\/ld+json\" class=\"yoast-schema-graph\">{\"@context\":\"https:\/\/schema.org\",\"@graph\":[{\"@type\":\"Article\",\"@id\":\"https:\/\/portaltela.pt\/noticias\/2026\/04\/20\/presidente-reune-se-com-o-rei-felipe-vi-e-almoca-com-sanchez\/#article\",\"isPartOf\":{\"@id\":\"https:\/\/portaltela.pt\/noticias\/2026\/04\/20\/presidente-reune-se-com-o-rei-felipe-vi-e-almoca-com-sanchez\/\"},\"author\":{\"name\":\"Telinha\",\"@id\":\"https:\/\/portaltela.pt\/#\/schema\/person\/c4278d4a6028830caff9ee44b42d32ed\"},\"headline\":\"Presidente re\u00fane-se com o Rei Felipe VI e almo\u00e7a com S\u00e1nchez\",\"datePublished\":\"2026-04-20T13:49:00+00:00\",\"mainEntityOfPage\":{\"@id\":\"https:\/\/portaltela.pt\/noticias\/2026\/04\/20\/presidente-reune-se-com-o-rei-felipe-vi-e-almoca-com-sanchez\/\"},\"wordCount\":133,\"image\":{\"@id\":\"https:\/\/portaltela.pt\/noticias\/2026\/04\/20\/presidente-reune-se-com-o-rei-felipe-vi-e-almoca-com-sanchez\/#primaryimage\"},\"thumbnailUrl\":\"https:\/\/portaltela.pt\/s.01k8rhncp4jt1\/2026\/04\/CACHE_780X1200_ANALOG_WATERMARKED_46962890_4857552_20042026122837.jpg\",\"keywords\":[\"Espanha\",\"pol\u00edtica\",\"pol\u00edtica externa\",\"Portugal\",\"presidente\",\"reuni\u00f5es internacionais\"],\"articleSection\":[\"Geopol\u00edtica\",\"Internacional\"],\"inLanguage\":\"pt-PT\"},{\"@type\":\"WebPage\",\"@id\":\"https:\/\/portaltela.pt\/noticias\/2026\/04\/20\/presidente-reune-se-com-o-rei-felipe-vi-e-almoca-com-sanchez\/\",\"url\":\"https:\/\/portaltela.pt\/noticias\/2026\/04\/20\/presidente-reune-se-com-o-rei-felipe-vi-e-almoca-com-sanchez\/\",\"name\":\"Presidente re\u00fane-se com o Rei Felipe VI e almo\u00e7a com S\u00e1nchez - Portal Tela Portugal\",\"isPartOf\":{\"@id\":\"https:\/\/portaltela.pt\/#website\"},\"primaryImageOfPage\":{\"@id\":\"https:\/\/portaltela.pt\/noticias\/2026\/04\/20\/presidente-reune-se-com-o-rei-felipe-vi-e-almoca-com-sanchez\/#primaryimage\"},\"image\":{\"@id\":\"https:\/\/portaltela.pt\/noticias\/2026\/04\/20\/presidente-reune-se-com-o-rei-felipe-vi-e-almoca-com-sanchez\/#primaryimage\"},\"thumbnailUrl\":\"https:\/\/portaltela.pt\/s.01k8rhncp4jt1\/2026\/04\/CACHE_780X1200_ANALOG_WATERMARKED_46962890_4857552_20042026122837.jpg\",\"datePublished\":\"2026-04-20T13:49:00+00:00\",\"author\":{\"@id\":\"https:\/\/portaltela.pt\/#\/schema\/person\/c4278d4a6028830caff9ee44b42d32ed\"},\"breadcrumb\":{\"@id\":\"https:\/\/portaltela.pt\/noticias\/2026\/04\/20\/presidente-reune-se-com-o-rei-felipe-vi-e-almoca-com-sanchez\/#breadcrumb\"},\"inLanguage\":\"pt-PT\",\"potentialAction\":[{\"@type\":\"ReadAction\",\"target\":[\"https:\/\/portaltela.pt\/noticias\/2026\/04\/20\/presidente-reune-se-com-o-rei-felipe-vi-e-almoca-com-sanchez\/\"]}]},{\"@type\":\"ImageObject\",\"inLanguage\":\"pt-PT\",\"@id\":\"https:\/\/portaltela.pt\/noticias\/2026\/04\/20\/presidente-reune-se-com-o-rei-felipe-vi-e-almoca-com-sanchez\/#primaryimage\",\"url\":\"https:\/\/portaltela.pt\/s.01k8rhncp4jt1\/2026\/04\/CACHE_780X1200_ANALOG_WATERMARKED_46962890_4857552_20042026122837.jpg\",\"contentUrl\":\"https:\/\/portaltela.pt\/s.01k8rhncp4jt1\/2026\/04\/CACHE_780X1200_ANALOG_WATERMARKED_46962890_4857552_20042026122837.jpg\",\"width\":768,\"height\":512,\"caption\":\"Presidente teve encontro com Rei Felipe VI seguido de almo\u00e7o com a presen\u00e7a de S\u00e1nchez\"},{\"@type\":\"BreadcrumbList\",\"@id\":\"https:\/\/portaltela.pt\/noticias\/2026\/04\/20\/presidente-reune-se-com-o-rei-felipe-vi-e-almoca-com-sanchez\/#breadcrumb\",\"itemListElement\":[{\"@type\":\"ListItem\",\"position\":1,\"name\":\"In\u00edcio\",\"item\":\"https:\/\/portaltela.pt\/\"},{\"@type\":\"ListItem\",\"position\":2,\"name\":\"Presidente re\u00fane-se com o Rei Felipe VI e almo\u00e7a com S\u00e1nchez\"}]},{\"@type\":\"WebSite\",\"@id\":\"https:\/\/portaltela.pt\/#website\",\"url\":\"https:\/\/portaltela.pt\/\",\"name\":\"Portal Tela Portugal\",\"description\":\"\",\"potentialAction\":[{\"@type\":\"SearchAction\",\"target\":{\"@type\":\"EntryPoint\",\"urlTemplate\":\"https:\/\/portaltela.pt\/?s={search_term_string}\"},\"query-input\":{\"@type\":\"PropertyValueSpecification\",\"valueRequired\":true,\"valueName\":\"search_term_string\"}}],\"inLanguage\":\"pt-PT\"},{\"@type\":\"Person\",\"@id\":\"https:\/\/portaltela.pt\/#\/schema\/person\/c4278d4a6028830caff9ee44b42d32ed\",\"name\":\"Telinha\",\"image\":{\"@type\":\"ImageObject\",\"inLanguage\":\"pt-PT\",\"@id\":\"https:\/\/portaltela.pt\/s.01k8rhncp4jt1\/2025\/11\/talking-bot-125x125.png\",\"url\":\"https:\/\/portaltela.pt\/s.01k8rhncp4jt1\/2025\/11\/talking-bot-125x125.png\",\"contentUrl\":\"https:\/\/portaltela.pt\/s.01k8rhncp4jt1\/2025\/11\/talking-bot-125x125.png\",\"caption\":\"Telinha\"},\"sameAs\":[\"https:\/\/portaltela.pt\/\"],\"url\":\"https:\/\/portaltela.pt\/por\/367410592786\/\"}]}<\/script>\n<!-- \/ Yoast SEO plugin. -->","yoast_head_json":{"title":"Presidente re\u00fane-se com o Rei Felipe VI e almo\u00e7a com S\u00e1nchez - Portal Tela Portugal","robots":{"index":"index","follow":"follow","max-snippet":"max-snippet:-1","max-image-preview":"max-image-preview:large","max-video-preview":"max-video-preview:-1"},"og_locale":"pt_PT","og_type":"article","og_title":"Presidente re\u00fane-se com o Rei Felipe VI e almo\u00e7a com S\u00e1nchez - Portal Tela Portugal","og_description":"O presidente teve encontro com o rei Felipe VI. O encontro foi seguido de almo\u00e7o. A reuni\u00e3o contou com a presen\u00e7a de S\u00e1nchez.","og_url":"https:\/\/portaltela.pt\/noticias\/2026\/04\/20\/presidente-reune-se-com-o-rei-felipe-vi-e-almoca-com-sanchez\/","og_site_name":"Portal Tela Portugal","article_published_time":"2026-04-20T13:49:00+00:00","author":"Telinha","twitter_card":"summary_large_image","twitter_misc":{"Escrito por":"Telinha","Tempo estimado de leitura":"1 minuto"},"schema":{"@context":"https:\/\/schema.org","@graph":[{"@type":"Article","@id":"https:\/\/portaltela.pt\/noticias\/2026\/04\/20\/presidente-reune-se-com-o-rei-felipe-vi-e-almoca-com-sanchez\/#article","isPartOf":{"@id":"https:\/\/portaltela.pt\/noticias\/2026\/04\/20\/presidente-reune-se-com-o-rei-felipe-vi-e-almoca-com-sanchez\/"},"author":{"name":"Telinha","@id":"https:\/\/portaltela.pt\/#\/schema\/person\/c4278d4a6028830caff9ee44b42d32ed"},"headline":"Presidente re\u00fane-se com o Rei Felipe VI e almo\u00e7a com S\u00e1nchez","datePublished":"2026-04-20T13:49:00+00:00","mainEntityOfPage":{"@id":"https:\/\/portaltela.pt\/noticias\/2026\/04\/20\/presidente-reune-se-com-o-rei-felipe-vi-e-almoca-com-sanchez\/"},"wordCount":133,"image":{"@id":"https:\/\/portaltela.pt\/noticias\/2026\/04\/20\/presidente-reune-se-com-o-rei-felipe-vi-e-almoca-com-sanchez\/#primaryimage"},"thumbnailUrl":"https:\/\/portaltela.pt\/s.01k8rhncp4jt1\/2026\/04\/CACHE_780X1200_ANALOG_WATERMARKED_46962890_4857552_20042026122837.jpg","keywords":["Espanha","pol\u00edtica","pol\u00edtica externa","Portugal","presidente","reuni\u00f5es internacionais"],"articleSection":["Geopol\u00edtica","Internacional"],"inLanguage":"pt-PT"},{"@type":"WebPage","@id":"https:\/\/portaltela.pt\/noticias\/2026\/04\/20\/presidente-reune-se-com-o-rei-felipe-vi-e-almoca-com-sanchez\/","url":"https:\/\/portaltela.pt\/noticias\/2026\/04\/20\/presidente-reune-se-com-o-rei-felipe-vi-e-almoca-com-sanchez\/","name":"Presidente re\u00fane-se com o Rei Felipe VI e almo\u00e7a com S\u00e1nchez - Portal Tela Portugal","isPartOf":{"@id":"https:\/\/portaltela.pt\/#website"},"primaryImageOfPage":{"@id":"https:\/\/portaltela.pt\/noticias\/2026\/04\/20\/presidente-reune-se-com-o-rei-felipe-vi-e-almoca-com-sanchez\/#primaryimage"},"image":{"@id":"https:\/\/portaltela.pt\/noticias\/2026\/04\/20\/presidente-reune-se-com-o-rei-felipe-vi-e-almoca-com-sanchez\/#primaryimage"},"thumbnailUrl":"https:\/\/portaltela.pt\/s.01k8rhncp4jt1\/2026\/04\/CACHE_780X1200_ANALOG_WATERMARKED_46962890_4857552_20042026122837.jpg","datePublished":"2026-04-20T13:49:00+00:00","author":{"@id":"https:\/\/portaltela.pt\/#\/schema\/person\/c4278d4a6028830caff9ee44b42d32ed"},"breadcrumb":{"@id":"https:\/\/portaltela.pt\/noticias\/2026\/04\/20\/presidente-reune-se-com-o-rei-felipe-vi-e-almoca-com-sanchez\/#breadcrumb"},"inLanguage":"pt-PT","potentialAction":[{"@type":"ReadAction","target":["https:\/\/portaltela.pt\/noticias\/2026\/04\/20\/presidente-reune-se-com-o-rei-felipe-vi-e-almoca-com-sanchez\/"]}]},{"@type":"ImageObject","inLanguage":"pt-PT","@id":"https:\/\/portaltela.pt\/noticias\/2026\/04\/20\/presidente-reune-se-com-o-rei-felipe-vi-e-almoca-com-sanchez\/#primaryimage","url":"https:\/\/portaltela.pt\/s.01k8rhncp4jt1\/2026\/04\/CACHE_780X1200_ANALOG_WATERMARKED_46962890_4857552_20042026122837.jpg","contentUrl":"https:\/\/portaltela.pt\/s.01k8rhncp4jt1\/2026\/04\/CACHE_780X1200_ANALOG_WATERMARKED_46962890_4857552_20042026122837.jpg","width":768,"height":512,"caption":"Presidente teve encontro com Rei Felipe VI seguido de almo\u00e7o com a presen\u00e7a de S\u00e1nchez"},{"@type":"BreadcrumbList","@id":"https:\/\/portaltela.pt\/noticias\/2026\/04\/20\/presidente-reune-se-com-o-rei-felipe-vi-e-almoca-com-sanchez\/#breadcrumb","itemListElement":[{"@type":"ListItem","position":1,"name":"In\u00edcio","item":"https:\/\/portaltela.pt\/"},{"@type":"ListItem","position":2,"name":"Presidente re\u00fane-se com o Rei Felipe VI e almo\u00e7a com S\u00e1nchez"}]},{"@type":"WebSite","@id":"https:\/\/portaltela.pt\/#website","url":"https:\/\/portaltela.pt\/","name":"Portal Tela Portugal","description":"","potentialAction":[{"@type":"SearchAction","target":{"@type":"EntryPoint","urlTemplate":"https:\/\/portaltela.pt\/?s={search_term_string}"},"query-input":{"@type":"PropertyValueSpecification","valueRequired":true,"valueName":"search_term_string"}}],"inLanguage":"pt-PT"},{"@type":"Person","@id":"https:\/\/portaltela.pt\/#\/schema\/person\/c4278d4a6028830caff9ee44b42d32ed","name":"Telinha","image":{"@type":"ImageObject","inLanguage":"pt-PT","@id":"https:\/\/portaltela.pt\/s.01k8rhncp4jt1\/2025\/11\/talking-bot-125x125.png","url":"https:\/\/portaltela.pt\/s.01k8rhncp4jt1\/2025\/11\/talking-bot-125x125.png","contentUrl":"https:\/\/portaltela.pt\/s.01k8rhncp4jt1\/2025\/11\/talking-bot-125x125.png","caption":"Telinha"},"sameAs":["https:\/\/portaltela.pt\/"],"url":"https:\/\/portaltela.pt\/por\/367410592786\/"}]}},"_links":{"self":[{"href":"https:\/\/portaltela.pt\/api\/wp\/v2\/posts\/451706","targetHints":{"allow":["GET"]}}],"collection":[{"href":"https:\/\/portaltela.pt\/api\/wp\/v2\/posts"}],"about":[{"href":"https:\/\/portaltela.pt\/api\/wp\/v2\/types\/post"}],"author":[{"embeddable":true,"href":"https:\/\/portaltela.pt\/api\/wp\/v2\/users\/2"}],"replies":[{"embeddable":true,"href":"https:\/\/portaltela.pt\/api\/wp\/v2\/comments?post=451706"}],"version-history":[{"count":0,"href":"https:\/\/portaltela.pt\/api\/wp\/v2\/posts\/451706\/revisions"}],"wp:featuredmedia":[{"embeddable":true,"href":"https:\/\/portaltela.pt\/api\/wp\/v2\/media\/451707"}],"wp:attachment":[{"href":"https:\/\/portaltela.pt\/api\/wp\/v2\/media?parent=451706"}],"wp:term":[{"taxonomy":"category","embeddable":true,"href":"https:\/\/portaltela.pt\/api\/wp\/v2\/categories?post=451706"},{"taxonomy":"post_tag","embeddable":true,"href":"https:\/\/portaltela.pt\/api\/wp\/v2\/tags?post=451706"}],"curies":[{"name":"wp","href":"https:\/\/api.w.org\/{rel}","templated":true}]}}