{"id":451691,"date":"2026-04-20T14:33:13","date_gmt":"2026-04-20T17:33:13","guid":{"rendered":"https:\/\/portaltela.pt\/noticias\/2026\/04\/20\/faria-e-rocha-avancam-a-2-a-ronda-de-qualificacao-em-madrid\/"},"modified":"2026-04-20T14:33:13","modified_gmt":"2026-04-20T17:33:13","slug":"faria-e-rocha-avancam-a-2-a-ronda-de-qualificacao-em-madrid","status":"publish","type":"post","link":"https:\/\/portaltela.pt\/desporto\/futebol\/2026\/04\/20\/faria-e-rocha-avancam-a-2-a-ronda-de-qualificacao-em-madrid\/","title":{"rendered":"Faria e Rocha avan\u00e7am \u00e0 2.\u00aa ronda de qualifica\u00e7\u00e3o em Madrid"},"content":{"rendered":"<p>Jaime Faria e Henrique Rocha deram um passo importante na qualifica\u00e7\u00e3o do Masters 1000 de Madrid, ao obterem a passagem \u00e0 segunda ronda nesta segunda-feira. Os encontros ocorreram em Madrid, no quadro preliminar do evento, com o objetivo de chegar ao quadro principal ao lado de Nuno Borges.<\/p>\n<p>Faria, atualmente 136.\u00ba do ranking ATP, venceu o franc\u00eas Quentin Halys, 91.\u00ba, em tr\u00eas sets, com parciais de 6-7 (9), 6-3 e 6-4. O advers\u00e1rio seguinte no qualificador ser\u00e1 o sul-africano Lloyd Harri, 155.\u00ba.<\/p>\n<p>Rocha, 118.\u00ba do mundo, derrotou o alem\u00e3o Jan Choinski, 119.\u00ba, em duelo equilibrado, por 7-6 (5), 6-7 (5) e 7-5. O pr\u00f3ximo obst\u00e1culo do jogador portugu\u00eas ser\u00e1 o holand\u00eas Adolfo Daniel Vallejo, 96.\u00ba.<\/p>\n<h3>Progresso na qualifica\u00e7\u00e3o<\/h3>\n<p>A dupla nacional procura somar vit\u00f3rias para creditar-se no quadro principal do torneio. Faria permanece em posi\u00e7\u00e3o de saltar para a fase final caso ven\u00e7a Harri, enquanto Rocha mira uma derrota de Vallejo para seguir em frente.<\/p>\n<p>O Masters 1000 de Madrid continua a oferecer pontos importantes no ranking, com os jogos da fase de qualifica\u00e7\u00e3o a ocorrer ao longo da semana anterior ao quadro principal. Os resultados de ter\u00e7a-feira definem quem avan\u00e7a para a fase decisiva.<\/p>\n","protected":false},"excerpt":{"rendered":"<ul>\n<li>Faria, 136.\u00ba do ranking, venceu Quentin Halys (91.\u00ba) em tr\u00eas sets, 6-7 (9), 6-3, 6-4, na qualifica\u00e7\u00e3o para o Masters 1000 de Madrid.<\/li>\n<li>Faria segue para enfrentar Lloyd Harri (155.\u00ba) na tentativa de entrar no quadro principal.<\/li>\n<li>Rocha, 118.\u00ba do mundo, derrotou Jan Choinski (119.\u00ba) num duelo equilibrado, 7-6 (5), 6-7 (5), 7-5.<\/li>\n<li>O pr\u00f3ximo advers\u00e1rio de Rocha \u00e9 Adolfo Daniel Vallejo (96.\u00ba).<\/li>\n<li>Ambos os portugueses buscam integrar-se no quadro principal, juntando-se a Nuno Borges no Masters 1000 de Madrid.<\/li>\n<\/ul>\n","protected":false},"author":2,"featured_media":451700,"comment_status":"closed","ping_status":"closed","sticky":false,"template":"","format":"standard","meta":{"footnotes":""},"categories":[21,24],"tags":[152,81,40,1014,6610,94],"class_list":["post-451691","post","type-post","status-publish","format-standard","has-post-thumbnail","hentry","category-desporto","category-futebol","tag-desporto","tag-internacionais","tag-pessoas","tag-portugal","tag-ranking-internacional","tag-tenis"],"yoast_head":"<!-- This site is optimized with the Yoast SEO plugin v27.2 - https:\/\/yoast.com\/product\/yoast-seo-wordpress\/ -->\n<title>Faria e Rocha avan\u00e7am \u00e0 2.\u00aa ronda de qualifica\u00e7\u00e3o em Madrid - Portal Tela Portugal<\/title>\n<meta name=\"robots\" content=\"index, follow, max-snippet:-1, max-image-preview:large, max-video-preview:-1\" \/>\n<meta property=\"og:locale\" content=\"pt_PT\" \/>\n<meta property=\"og:type\" content=\"article\" \/>\n<meta property=\"og:title\" content=\"Faria e Rocha avan\u00e7am \u00e0 2.\u00aa ronda de qualifica\u00e7\u00e3o em Madrid - Portal Tela Portugal\" \/>\n<meta property=\"og:description\" content=\"Faria, 136.\u00ba do ranking, venceu Quentin Halys (91.\u00ba) em tr\u00eas sets, 6-7 (9), 6-3, 6-4, na qualifica\u00e7\u00e3o para o Masters 1000 de Madrid. Faria segue para enfrentar Lloyd Harri (155.\u00ba) na tentativa de entrar no quadro principal. Rocha, 118.\u00ba do mundo, derrotou Jan Choinski (119.\u00ba) num duelo equilibrado, 7-6 (5), 6-7 (5), 7-5. O pr\u00f3ximo advers\u00e1rio de Rocha \u00e9 Adolfo Daniel Vallejo (96.\u00ba). Ambos os portugueses buscam integrar-se no quadro principal, juntando-se a Nuno Borges no Masters 1000 de Madrid.\" \/>\n<meta property=\"og:url\" content=\"https:\/\/portaltela.pt\/noticias\/2026\/04\/20\/faria-e-rocha-avancam-a-2-a-ronda-de-qualificacao-em-madrid\/\" \/>\n<meta property=\"og:site_name\" content=\"Portal Tela Portugal\" \/>\n<meta property=\"article:published_time\" content=\"2026-04-20T17:33:13+00:00\" \/>\n<meta name=\"author\" content=\"Telinha\" \/>\n<meta name=\"twitter:card\" content=\"summary_large_image\" \/>\n<meta name=\"twitter:label1\" content=\"Escrito por\" \/>\n\t<meta name=\"twitter:data1\" content=\"Telinha\" \/>\n\t<meta name=\"twitter:label2\" content=\"Tempo estimado de leitura\" \/>\n\t<meta name=\"twitter:data2\" content=\"1 minuto\" \/>\n<script type=\"application\/ld+json\" class=\"yoast-schema-graph\">{\"@context\":\"https:\/\/schema.org\",\"@graph\":[{\"@type\":\"Article\",\"@id\":\"https:\/\/portaltela.pt\/noticias\/2026\/04\/20\/faria-e-rocha-avancam-a-2-a-ronda-de-qualificacao-em-madrid\/#article\",\"isPartOf\":{\"@id\":\"https:\/\/portaltela.pt\/noticias\/2026\/04\/20\/faria-e-rocha-avancam-a-2-a-ronda-de-qualificacao-em-madrid\/\"},\"author\":{\"name\":\"Telinha\",\"@id\":\"https:\/\/portaltela.pt\/#\/schema\/person\/c4278d4a6028830caff9ee44b42d32ed\"},\"headline\":\"Faria e Rocha avan\u00e7am \u00e0 2.\u00aa ronda de qualifica\u00e7\u00e3o em Madrid\",\"datePublished\":\"2026-04-20T17:33:13+00:00\",\"mainEntityOfPage\":{\"@id\":\"https:\/\/portaltela.pt\/noticias\/2026\/04\/20\/faria-e-rocha-avancam-a-2-a-ronda-de-qualificacao-em-madrid\/\"},\"wordCount\":210,\"image\":{\"@id\":\"https:\/\/portaltela.pt\/noticias\/2026\/04\/20\/faria-e-rocha-avancam-a-2-a-ronda-de-qualificacao-em-madrid\/#primaryimage\"},\"thumbnailUrl\":\"https:\/\/portaltela.pt\/s.01k8rhncp4jt1\/2026\/04\/img_920x518uu2026-04-20-18-08-36-2434298.jpg\",\"keywords\":[\"desporto\",\"internacionais\",\"pessoas\",\"Portugal\",\"ranking internacional\",\"t\u00eanis\"],\"articleSection\":[\"Desporto\",\"Futebol\"],\"inLanguage\":\"pt-PT\"},{\"@type\":\"WebPage\",\"@id\":\"https:\/\/portaltela.pt\/noticias\/2026\/04\/20\/faria-e-rocha-avancam-a-2-a-ronda-de-qualificacao-em-madrid\/\",\"url\":\"https:\/\/portaltela.pt\/noticias\/2026\/04\/20\/faria-e-rocha-avancam-a-2-a-ronda-de-qualificacao-em-madrid\/\",\"name\":\"Faria e Rocha avan\u00e7am \u00e0 2.\u00aa ronda de qualifica\u00e7\u00e3o em Madrid - Portal Tela Portugal\",\"isPartOf\":{\"@id\":\"https:\/\/portaltela.pt\/#website\"},\"primaryImageOfPage\":{\"@id\":\"https:\/\/portaltela.pt\/noticias\/2026\/04\/20\/faria-e-rocha-avancam-a-2-a-ronda-de-qualificacao-em-madrid\/#primaryimage\"},\"image\":{\"@id\":\"https:\/\/portaltela.pt\/noticias\/2026\/04\/20\/faria-e-rocha-avancam-a-2-a-ronda-de-qualificacao-em-madrid\/#primaryimage\"},\"thumbnailUrl\":\"https:\/\/portaltela.pt\/s.01k8rhncp4jt1\/2026\/04\/img_920x518uu2026-04-20-18-08-36-2434298.jpg\",\"datePublished\":\"2026-04-20T17:33:13+00:00\",\"author\":{\"@id\":\"https:\/\/portaltela.pt\/#\/schema\/person\/c4278d4a6028830caff9ee44b42d32ed\"},\"breadcrumb\":{\"@id\":\"https:\/\/portaltela.pt\/noticias\/2026\/04\/20\/faria-e-rocha-avancam-a-2-a-ronda-de-qualificacao-em-madrid\/#breadcrumb\"},\"inLanguage\":\"pt-PT\",\"potentialAction\":[{\"@type\":\"ReadAction\",\"target\":[\"https:\/\/portaltela.pt\/noticias\/2026\/04\/20\/faria-e-rocha-avancam-a-2-a-ronda-de-qualificacao-em-madrid\/\"]}]},{\"@type\":\"ImageObject\",\"inLanguage\":\"pt-PT\",\"@id\":\"https:\/\/portaltela.pt\/noticias\/2026\/04\/20\/faria-e-rocha-avancam-a-2-a-ronda-de-qualificacao-em-madrid\/#primaryimage\",\"url\":\"https:\/\/portaltela.pt\/s.01k8rhncp4jt1\/2026\/04\/img_920x518uu2026-04-20-18-08-36-2434298.jpg\",\"contentUrl\":\"https:\/\/portaltela.pt\/s.01k8rhncp4jt1\/2026\/04\/img_920x518uu2026-04-20-18-08-36-2434298.jpg\",\"width\":796,\"height\":448,\"caption\":\"Rocha avan\u00e7a em Madrid\"},{\"@type\":\"BreadcrumbList\",\"@id\":\"https:\/\/portaltela.pt\/noticias\/2026\/04\/20\/faria-e-rocha-avancam-a-2-a-ronda-de-qualificacao-em-madrid\/#breadcrumb\",\"itemListElement\":[{\"@type\":\"ListItem\",\"position\":1,\"name\":\"In\u00edcio\",\"item\":\"https:\/\/portaltela.pt\/\"},{\"@type\":\"ListItem\",\"position\":2,\"name\":\"Faria e Rocha avan\u00e7am \u00e0 2.\u00aa ronda de qualifica\u00e7\u00e3o em Madrid\"}]},{\"@type\":\"WebSite\",\"@id\":\"https:\/\/portaltela.pt\/#website\",\"url\":\"https:\/\/portaltela.pt\/\",\"name\":\"Portal Tela Portugal\",\"description\":\"\",\"potentialAction\":[{\"@type\":\"SearchAction\",\"target\":{\"@type\":\"EntryPoint\",\"urlTemplate\":\"https:\/\/portaltela.pt\/?s={search_term_string}\"},\"query-input\":{\"@type\":\"PropertyValueSpecification\",\"valueRequired\":true,\"valueName\":\"search_term_string\"}}],\"inLanguage\":\"pt-PT\"},{\"@type\":\"Person\",\"@id\":\"https:\/\/portaltela.pt\/#\/schema\/person\/c4278d4a6028830caff9ee44b42d32ed\",\"name\":\"Telinha\",\"image\":{\"@type\":\"ImageObject\",\"inLanguage\":\"pt-PT\",\"@id\":\"https:\/\/portaltela.pt\/s.01k8rhncp4jt1\/2025\/11\/talking-bot-125x125.png\",\"url\":\"https:\/\/portaltela.pt\/s.01k8rhncp4jt1\/2025\/11\/talking-bot-125x125.png\",\"contentUrl\":\"https:\/\/portaltela.pt\/s.01k8rhncp4jt1\/2025\/11\/talking-bot-125x125.png\",\"caption\":\"Telinha\"},\"sameAs\":[\"https:\/\/portaltela.pt\/\"],\"url\":\"https:\/\/portaltela.pt\/por\/367410592786\/\"}]}<\/script>\n<!-- \/ Yoast SEO plugin. -->","yoast_head_json":{"title":"Faria e Rocha avan\u00e7am \u00e0 2.\u00aa ronda de qualifica\u00e7\u00e3o em Madrid - Portal Tela Portugal","robots":{"index":"index","follow":"follow","max-snippet":"max-snippet:-1","max-image-preview":"max-image-preview:large","max-video-preview":"max-video-preview:-1"},"og_locale":"pt_PT","og_type":"article","og_title":"Faria e Rocha avan\u00e7am \u00e0 2.\u00aa ronda de qualifica\u00e7\u00e3o em Madrid - Portal Tela Portugal","og_description":"Faria, 136.\u00ba do ranking, venceu Quentin Halys (91.\u00ba) em tr\u00eas sets, 6-7 (9), 6-3, 6-4, na qualifica\u00e7\u00e3o para o Masters 1000 de Madrid. Faria segue para enfrentar Lloyd Harri (155.\u00ba) na tentativa de entrar no quadro principal. Rocha, 118.\u00ba do mundo, derrotou Jan Choinski (119.\u00ba) num duelo equilibrado, 7-6 (5), 6-7 (5), 7-5. O pr\u00f3ximo advers\u00e1rio de Rocha \u00e9 Adolfo Daniel Vallejo (96.\u00ba). Ambos os portugueses buscam integrar-se no quadro principal, juntando-se a Nuno Borges no Masters 1000 de Madrid.","og_url":"https:\/\/portaltela.pt\/noticias\/2026\/04\/20\/faria-e-rocha-avancam-a-2-a-ronda-de-qualificacao-em-madrid\/","og_site_name":"Portal Tela Portugal","article_published_time":"2026-04-20T17:33:13+00:00","author":"Telinha","twitter_card":"summary_large_image","twitter_misc":{"Escrito por":"Telinha","Tempo estimado de leitura":"1 minuto"},"schema":{"@context":"https:\/\/schema.org","@graph":[{"@type":"Article","@id":"https:\/\/portaltela.pt\/noticias\/2026\/04\/20\/faria-e-rocha-avancam-a-2-a-ronda-de-qualificacao-em-madrid\/#article","isPartOf":{"@id":"https:\/\/portaltela.pt\/noticias\/2026\/04\/20\/faria-e-rocha-avancam-a-2-a-ronda-de-qualificacao-em-madrid\/"},"author":{"name":"Telinha","@id":"https:\/\/portaltela.pt\/#\/schema\/person\/c4278d4a6028830caff9ee44b42d32ed"},"headline":"Faria e Rocha avan\u00e7am \u00e0 2.\u00aa ronda de qualifica\u00e7\u00e3o em Madrid","datePublished":"2026-04-20T17:33:13+00:00","mainEntityOfPage":{"@id":"https:\/\/portaltela.pt\/noticias\/2026\/04\/20\/faria-e-rocha-avancam-a-2-a-ronda-de-qualificacao-em-madrid\/"},"wordCount":210,"image":{"@id":"https:\/\/portaltela.pt\/noticias\/2026\/04\/20\/faria-e-rocha-avancam-a-2-a-ronda-de-qualificacao-em-madrid\/#primaryimage"},"thumbnailUrl":"https:\/\/portaltela.pt\/s.01k8rhncp4jt1\/2026\/04\/img_920x518uu2026-04-20-18-08-36-2434298.jpg","keywords":["desporto","internacionais","pessoas","Portugal","ranking internacional","t\u00eanis"],"articleSection":["Desporto","Futebol"],"inLanguage":"pt-PT"},{"@type":"WebPage","@id":"https:\/\/portaltela.pt\/noticias\/2026\/04\/20\/faria-e-rocha-avancam-a-2-a-ronda-de-qualificacao-em-madrid\/","url":"https:\/\/portaltela.pt\/noticias\/2026\/04\/20\/faria-e-rocha-avancam-a-2-a-ronda-de-qualificacao-em-madrid\/","name":"Faria e Rocha avan\u00e7am \u00e0 2.\u00aa ronda de qualifica\u00e7\u00e3o em Madrid - Portal Tela Portugal","isPartOf":{"@id":"https:\/\/portaltela.pt\/#website"},"primaryImageOfPage":{"@id":"https:\/\/portaltela.pt\/noticias\/2026\/04\/20\/faria-e-rocha-avancam-a-2-a-ronda-de-qualificacao-em-madrid\/#primaryimage"},"image":{"@id":"https:\/\/portaltela.pt\/noticias\/2026\/04\/20\/faria-e-rocha-avancam-a-2-a-ronda-de-qualificacao-em-madrid\/#primaryimage"},"thumbnailUrl":"https:\/\/portaltela.pt\/s.01k8rhncp4jt1\/2026\/04\/img_920x518uu2026-04-20-18-08-36-2434298.jpg","datePublished":"2026-04-20T17:33:13+00:00","author":{"@id":"https:\/\/portaltela.pt\/#\/schema\/person\/c4278d4a6028830caff9ee44b42d32ed"},"breadcrumb":{"@id":"https:\/\/portaltela.pt\/noticias\/2026\/04\/20\/faria-e-rocha-avancam-a-2-a-ronda-de-qualificacao-em-madrid\/#breadcrumb"},"inLanguage":"pt-PT","potentialAction":[{"@type":"ReadAction","target":["https:\/\/portaltela.pt\/noticias\/2026\/04\/20\/faria-e-rocha-avancam-a-2-a-ronda-de-qualificacao-em-madrid\/"]}]},{"@type":"ImageObject","inLanguage":"pt-PT","@id":"https:\/\/portaltela.pt\/noticias\/2026\/04\/20\/faria-e-rocha-avancam-a-2-a-ronda-de-qualificacao-em-madrid\/#primaryimage","url":"https:\/\/portaltela.pt\/s.01k8rhncp4jt1\/2026\/04\/img_920x518uu2026-04-20-18-08-36-2434298.jpg","contentUrl":"https:\/\/portaltela.pt\/s.01k8rhncp4jt1\/2026\/04\/img_920x518uu2026-04-20-18-08-36-2434298.jpg","width":796,"height":448,"caption":"Rocha avan\u00e7a em Madrid"},{"@type":"BreadcrumbList","@id":"https:\/\/portaltela.pt\/noticias\/2026\/04\/20\/faria-e-rocha-avancam-a-2-a-ronda-de-qualificacao-em-madrid\/#breadcrumb","itemListElement":[{"@type":"ListItem","position":1,"name":"In\u00edcio","item":"https:\/\/portaltela.pt\/"},{"@type":"ListItem","position":2,"name":"Faria e Rocha avan\u00e7am \u00e0 2.\u00aa ronda de qualifica\u00e7\u00e3o em Madrid"}]},{"@type":"WebSite","@id":"https:\/\/portaltela.pt\/#website","url":"https:\/\/portaltela.pt\/","name":"Portal Tela Portugal","description":"","potentialAction":[{"@type":"SearchAction","target":{"@type":"EntryPoint","urlTemplate":"https:\/\/portaltela.pt\/?s={search_term_string}"},"query-input":{"@type":"PropertyValueSpecification","valueRequired":true,"valueName":"search_term_string"}}],"inLanguage":"pt-PT"},{"@type":"Person","@id":"https:\/\/portaltela.pt\/#\/schema\/person\/c4278d4a6028830caff9ee44b42d32ed","name":"Telinha","image":{"@type":"ImageObject","inLanguage":"pt-PT","@id":"https:\/\/portaltela.pt\/s.01k8rhncp4jt1\/2025\/11\/talking-bot-125x125.png","url":"https:\/\/portaltela.pt\/s.01k8rhncp4jt1\/2025\/11\/talking-bot-125x125.png","contentUrl":"https:\/\/portaltela.pt\/s.01k8rhncp4jt1\/2025\/11\/talking-bot-125x125.png","caption":"Telinha"},"sameAs":["https:\/\/portaltela.pt\/"],"url":"https:\/\/portaltela.pt\/por\/367410592786\/"}]}},"_links":{"self":[{"href":"https:\/\/portaltela.pt\/api\/wp\/v2\/posts\/451691","targetHints":{"allow":["GET"]}}],"collection":[{"href":"https:\/\/portaltela.pt\/api\/wp\/v2\/posts"}],"about":[{"href":"https:\/\/portaltela.pt\/api\/wp\/v2\/types\/post"}],"author":[{"embeddable":true,"href":"https:\/\/portaltela.pt\/api\/wp\/v2\/users\/2"}],"replies":[{"embeddable":true,"href":"https:\/\/portaltela.pt\/api\/wp\/v2\/comments?post=451691"}],"version-history":[{"count":0,"href":"https:\/\/portaltela.pt\/api\/wp\/v2\/posts\/451691\/revisions"}],"wp:featuredmedia":[{"embeddable":true,"href":"https:\/\/portaltela.pt\/api\/wp\/v2\/media\/451700"}],"wp:attachment":[{"href":"https:\/\/portaltela.pt\/api\/wp\/v2\/media?parent=451691"}],"wp:term":[{"taxonomy":"category","embeddable":true,"href":"https:\/\/portaltela.pt\/api\/wp\/v2\/categories?post=451691"},{"taxonomy":"post_tag","embeddable":true,"href":"https:\/\/portaltela.pt\/api\/wp\/v2\/tags?post=451691"}],"curies":[{"name":"wp","href":"https:\/\/api.w.org\/{rel}","templated":true}]}}