{"id":451685,"date":"2026-04-20T14:33:09","date_gmt":"2026-04-20T17:33:09","guid":{"rendered":"https:\/\/portaltela.pt\/noticias\/2026\/04\/20\/starmer-diz-que-e-inacreditavel-nao-ter-sido-informado-sobre-veto-a-mandelson\/"},"modified":"2026-04-20T14:33:09","modified_gmt":"2026-04-20T17:33:09","slug":"starmer-diz-que-e-inacreditavel-nao-ter-sido-informado-sobre-veto-a-mandelson","status":"publish","type":"post","link":"https:\/\/portaltela.pt\/noticias\/internacional\/2026\/04\/20\/starmer-diz-que-e-inacreditavel-nao-ter-sido-informado-sobre-veto-a-mandelson\/","title":{"rendered":"Starmer diz que \u00e9 inacredit\u00e1vel n\u00e3o ter sido informado sobre veto a Mandelson"},"content":{"rendered":"<p>Keir Starmer afirmou que \u00e9 \u201cinacredit\u00e1vel\u201d n\u00e3o ter sido informado sobre o veto de seguran\u00e7a ao embaixador-designado Mandelson. O primeiro-ministro respondeu a cr\u00edticas que apontam para omiss\u00f5es do Foreign Office, no caso do UKSV, que em 2024 recomendou n\u00e3o autorizar Mandelson a chefiar a embaixada dos EUA.<\/p>\n<p>Starmer pediu desculpas \u00e0s v\u00edtimas de Jeffrey Epstein, com quem Mandelson mantinha liga\u00e7\u00f5es, ao justificar a nomea\u00e7\u00e3o para Washington. Reiterou que o veto do UKSV n\u00e3o foi transmitido aos ministros respons\u00e1veis pela nomea\u00e7\u00e3o.<\/p>\n<p>O chefe de governo garantiu que, se tivesse tomado conhecimento da recomenda\u00e7\u00e3o, n\u00e3o avan\u00e7aria com a nomea\u00e7\u00e3o. Anunciou ainda uma investiga\u00e7\u00e3o interna ao per\u00edodo em que Mandelson exerceu o cargo, entre fevereiro e setembro de 2025, altura em que foi demitido por quest\u00f5es de seguran\u00e7a nacional.<\/p>\n<h3>Contexto e desdobramentos<\/h3>\n<p>Segundo o l\u00edder trabalhista, novas informa\u00e7\u00f5es sobre o caso chegaram na ter\u00e7a-feira anterior. Explicou que n\u00e3o divulgou esses dados no debate parlamentar seguinte por ainda n\u00e3o ter reunido todos os factos relevantes sobre o veto do UKSV.<\/p>\n<p>As raz\u00f5es para o chumbo do UKSV n\u00e3o foram tornadas p\u00fablicas, devido a uma investiga\u00e7\u00e3o criminal em curso pela Pol\u00edcia Metropolitana de Londres. A investiga\u00e7\u00e3o envolve alegadas partilhas de informa\u00e7\u00f5es confidenciais entre Mandelson e um gestor de fortunas ligado a Epstein.<\/p>\n<p>Al\u00e9m das liga\u00e7\u00f5es com Epstein, surgem d\u00favidas sobre neg\u00f3cios de Mandelson com a R\u00fassia e a China, segundo cr\u00edticas internas. Em 2024, a Sky News informou que Starmer tinha conhecimento de que nomea\u00e7\u00f5es para embaixador nos EUA requerem aprova\u00e7\u00e3o do UKSV.<\/p>\n<h3>Testemunhos e consequ\u00eancias pol\u00edticas<\/h3>\n<p>Olly Robbins, chefe do servi\u00e7o diplom\u00e1tico, foi afastado por Starmer na semana anterior. Robbins dever\u00e1 depor no Parlamento, ap\u00f3s o l\u00edder afirmar discordar das explica\u00e7\u00f5es dadas sobre a decis\u00e3o de ignorar o veto.<\/p>\n<p>Morgan McSweeney, chefe de gabinete demitido em fevereiro, assumiu responsabilidade pelo processo de nomea\u00e7\u00e3o de Mandelson. Cr\u00edticos acusam Starmer de transferir responsabilidades para assessores e para a administra\u00e7\u00e3o p\u00fablica.<\/p>\n<p>A percep\u00e7\u00e3o p\u00fablica aponta para fragiliza\u00e7\u00e3o de Starmer, com sondagens a apontarem resultados desportando o Labour nas elei\u00e7\u00f5es locais e nas legislativas da Esc\u00f3cia e do Pa\u00eds de Gales. As elei\u00e7\u00f5es est\u00e3o marcadas para o pr\u00f3ximo m\u00eas.<\/p>\n","protected":false},"excerpt":{"rendered":"<ul>\n<li>O primeiro-ministro brit\u00e2nico, Keir Starmer, disse acreditar ser inacredit\u00e1vel n\u00e3o ter sido informado pelos funcion\u00e1rios do Foreign Office de que o Servi\u00e7o de Avalia\u00e7\u00e3o de Seguran\u00e7a recomendou, em 2024, n\u00e3o conceder autoriza\u00e7\u00e3o de seguran\u00e7a a Peter Mandelson para o posto.<\/li>\n<li>Starmer pediu desculpa \u00e0s v\u00edtimas ligadas ao ex-embaixador e aos que o apoiaram, garantindo que, se soubesse da recomenda\u00e7\u00e3o, n\u00e3o teria avan\u00e7ado com a nomea\u00e7\u00e3o, e anunciou uma investiga\u00e7\u00e3o interna ao per\u00edodo em que Mandelson foi embaixador.<\/li>\n<li>A defesa de Starmer \u00e9 de que informa\u00e7\u00f5es sens\u00edveis devem ser protegidas, mas que o ministro respons\u00e1vel pela nomea\u00e7\u00e3o devia ter sido informado sobre a recomenda\u00e7\u00e3o do UKSV.<\/li>\n<li>A investiga\u00e7\u00e3o criminal em curso pela Pol\u00edcia Metropolitana envolve alegadas informa\u00e7\u00f5es confidenciais partilhadas por Mandelson com um gestor de fortunas ligado a Epstein, o que complica o caso.<\/li>\n<li>Olly Robbins, funcion\u00e1rio p\u00fablico respons\u00e1vel pelo Servi\u00e7o Diplom\u00e1tico, dever\u00e1 prestar declara\u00e7\u00f5es ao Parlamento, ap\u00f3s Starmer indicar que n\u00e3o concordara com as explica\u00e7\u00f5es dele sobre a decis\u00e3o de ignorar o veto, enquanto alguns deputados criticam a gest\u00e3o do caso pelo Governo.<\/li>\n<\/ul>\n","protected":false},"author":2,"featured_media":451692,"comment_status":"closed","ping_status":"closed","sticky":false,"template":"","format":"standard","meta":{"footnotes":""},"categories":[4,7127],"tags":[6703,34,215,2832,2111,3908],"class_list":["post-451685","post","type-post","status-publish","format-standard","has-post-thumbnail","hentry","category-internacional","category-politica-internacional","tag-diplomacia-internacional","tag-governo","tag-investigacao","tag-politica","tag-reino-unido","tag-seguranca-nacional"],"yoast_head":"<!-- This site is optimized with the Yoast SEO plugin v27.2 - https:\/\/yoast.com\/product\/yoast-seo-wordpress\/ -->\n<title>Starmer diz que \u00e9 inacredit\u00e1vel n\u00e3o ter sido informado sobre veto a Mandelson - Portal Tela Portugal<\/title>\n<meta name=\"robots\" content=\"index, follow, max-snippet:-1, max-image-preview:large, max-video-preview:-1\" \/>\n<meta property=\"og:locale\" content=\"pt_PT\" \/>\n<meta property=\"og:type\" content=\"article\" \/>\n<meta property=\"og:title\" content=\"Starmer diz que \u00e9 inacredit\u00e1vel n\u00e3o ter sido informado sobre veto a Mandelson - Portal Tela Portugal\" \/>\n<meta property=\"og:description\" content=\"O primeiro-ministro brit\u00e2nico, Keir Starmer, disse acreditar ser inacredit\u00e1vel n\u00e3o ter sido informado pelos funcion\u00e1rios do Foreign Office de que o Servi\u00e7o de Avalia\u00e7\u00e3o de Seguran\u00e7a recomendou, em 2024, n\u00e3o conceder autoriza\u00e7\u00e3o de seguran\u00e7a a Peter Mandelson para o posto. Starmer pediu desculpa \u00e0s v\u00edtimas ligadas ao ex-embaixador e aos que o apoiaram, garantindo que, se soubesse da recomenda\u00e7\u00e3o, n\u00e3o teria avan\u00e7ado com a nomea\u00e7\u00e3o, e anunciou uma investiga\u00e7\u00e3o interna ao per\u00edodo em que Mandelson foi embaixador. A defesa de Starmer \u00e9 de que informa\u00e7\u00f5es sens\u00edveis devem ser protegidas, mas que o ministro respons\u00e1vel pela nomea\u00e7\u00e3o devia ter sido informado sobre a recomenda\u00e7\u00e3o do UKSV. A investiga\u00e7\u00e3o criminal em curso pela Pol\u00edcia Metropolitana envolve alegadas informa\u00e7\u00f5es confidenciais partilhadas por Mandelson com um gestor de fortunas ligado a Epstein, o que complica o caso. Olly Robbins, funcion\u00e1rio p\u00fablico respons\u00e1vel pelo Servi\u00e7o Diplom\u00e1tico, dever\u00e1 prestar declara\u00e7\u00f5es ao Parlamento, ap\u00f3s Starmer indicar que n\u00e3o concordara com as explica\u00e7\u00f5es dele sobre a decis\u00e3o de ignorar o veto, enquanto alguns deputados criticam a gest\u00e3o do caso pelo Governo.\" \/>\n<meta property=\"og:url\" content=\"https:\/\/portaltela.pt\/noticias\/2026\/04\/20\/starmer-diz-que-e-inacreditavel-nao-ter-sido-informado-sobre-veto-a-mandelson\/\" \/>\n<meta property=\"og:site_name\" content=\"Portal Tela Portugal\" \/>\n<meta property=\"article:published_time\" content=\"2026-04-20T17:33:09+00:00\" \/>\n<meta name=\"author\" content=\"Telinha\" \/>\n<meta name=\"twitter:card\" content=\"summary_large_image\" \/>\n<meta name=\"twitter:label1\" content=\"Escrito por\" \/>\n\t<meta name=\"twitter:data1\" content=\"Telinha\" \/>\n\t<meta name=\"twitter:label2\" content=\"Tempo estimado de leitura\" \/>\n\t<meta name=\"twitter:data2\" content=\"2 minutos\" \/>\n<script type=\"application\/ld+json\" class=\"yoast-schema-graph\">{\"@context\":\"https:\/\/schema.org\",\"@graph\":[{\"@type\":\"Article\",\"@id\":\"https:\/\/portaltela.pt\/noticias\/2026\/04\/20\/starmer-diz-que-e-inacreditavel-nao-ter-sido-informado-sobre-veto-a-mandelson\/#article\",\"isPartOf\":{\"@id\":\"https:\/\/portaltela.pt\/noticias\/2026\/04\/20\/starmer-diz-que-e-inacreditavel-nao-ter-sido-informado-sobre-veto-a-mandelson\/\"},\"author\":{\"name\":\"Telinha\",\"@id\":\"https:\/\/portaltela.pt\/#\/schema\/person\/c4278d4a6028830caff9ee44b42d32ed\"},\"headline\":\"Starmer diz que \u00e9 inacredit\u00e1vel n\u00e3o ter sido informado sobre veto a Mandelson\",\"datePublished\":\"2026-04-20T17:33:09+00:00\",\"mainEntityOfPage\":{\"@id\":\"https:\/\/portaltela.pt\/noticias\/2026\/04\/20\/starmer-diz-que-e-inacreditavel-nao-ter-sido-informado-sobre-veto-a-mandelson\/\"},\"wordCount\":423,\"image\":{\"@id\":\"https:\/\/portaltela.pt\/noticias\/2026\/04\/20\/starmer-diz-que-e-inacreditavel-nao-ter-sido-informado-sobre-veto-a-mandelson\/#primaryimage\"},\"thumbnailUrl\":\"https:\/\/portaltela.pt\/s.01k8rhncp4jt1\/2026\/04\/2082749.jpg\",\"keywords\":[\"diplomacia internacional\",\"governo\",\"investiga\u00e7\u00e3o\",\"pol\u00edtica\",\"Reino Unido\",\"Seguran\u00e7a Nacional\"],\"articleSection\":[\"Internacional\",\"Pol\u00edtica Internacional\"],\"inLanguage\":\"pt-PT\"},{\"@type\":\"WebPage\",\"@id\":\"https:\/\/portaltela.pt\/noticias\/2026\/04\/20\/starmer-diz-que-e-inacreditavel-nao-ter-sido-informado-sobre-veto-a-mandelson\/\",\"url\":\"https:\/\/portaltela.pt\/noticias\/2026\/04\/20\/starmer-diz-que-e-inacreditavel-nao-ter-sido-informado-sobre-veto-a-mandelson\/\",\"name\":\"Starmer diz que \u00e9 inacredit\u00e1vel n\u00e3o ter sido informado sobre veto a Mandelson - Portal Tela Portugal\",\"isPartOf\":{\"@id\":\"https:\/\/portaltela.pt\/#website\"},\"primaryImageOfPage\":{\"@id\":\"https:\/\/portaltela.pt\/noticias\/2026\/04\/20\/starmer-diz-que-e-inacreditavel-nao-ter-sido-informado-sobre-veto-a-mandelson\/#primaryimage\"},\"image\":{\"@id\":\"https:\/\/portaltela.pt\/noticias\/2026\/04\/20\/starmer-diz-que-e-inacreditavel-nao-ter-sido-informado-sobre-veto-a-mandelson\/#primaryimage\"},\"thumbnailUrl\":\"https:\/\/portaltela.pt\/s.01k8rhncp4jt1\/2026\/04\/2082749.jpg\",\"datePublished\":\"2026-04-20T17:33:09+00:00\",\"author\":{\"@id\":\"https:\/\/portaltela.pt\/#\/schema\/person\/c4278d4a6028830caff9ee44b42d32ed\"},\"breadcrumb\":{\"@id\":\"https:\/\/portaltela.pt\/noticias\/2026\/04\/20\/starmer-diz-que-e-inacreditavel-nao-ter-sido-informado-sobre-veto-a-mandelson\/#breadcrumb\"},\"inLanguage\":\"pt-PT\",\"potentialAction\":[{\"@type\":\"ReadAction\",\"target\":[\"https:\/\/portaltela.pt\/noticias\/2026\/04\/20\/starmer-diz-que-e-inacreditavel-nao-ter-sido-informado-sobre-veto-a-mandelson\/\"]}]},{\"@type\":\"ImageObject\",\"inLanguage\":\"pt-PT\",\"@id\":\"https:\/\/portaltela.pt\/noticias\/2026\/04\/20\/starmer-diz-que-e-inacreditavel-nao-ter-sido-informado-sobre-veto-a-mandelson\/#primaryimage\",\"url\":\"https:\/\/portaltela.pt\/s.01k8rhncp4jt1\/2026\/04\/2082749.jpg\",\"contentUrl\":\"https:\/\/portaltela.pt\/s.01k8rhncp4jt1\/2026\/04\/2082749.jpg\",\"width\":796,\"height\":448,\"caption\":\"Peter Mandelson, ex-embaixador do Reino Unido nos EUA, e Keir Starmer, primeiro-ministro brit\u00e2nico, num encontro em Washington D.C., em Fevereiro de 2025\"},{\"@type\":\"BreadcrumbList\",\"@id\":\"https:\/\/portaltela.pt\/noticias\/2026\/04\/20\/starmer-diz-que-e-inacreditavel-nao-ter-sido-informado-sobre-veto-a-mandelson\/#breadcrumb\",\"itemListElement\":[{\"@type\":\"ListItem\",\"position\":1,\"name\":\"In\u00edcio\",\"item\":\"https:\/\/portaltela.pt\/\"},{\"@type\":\"ListItem\",\"position\":2,\"name\":\"Starmer diz que \u00e9 inacredit\u00e1vel n\u00e3o ter sido informado sobre veto a Mandelson\"}]},{\"@type\":\"WebSite\",\"@id\":\"https:\/\/portaltela.pt\/#website\",\"url\":\"https:\/\/portaltela.pt\/\",\"name\":\"Portal Tela Portugal\",\"description\":\"\",\"potentialAction\":[{\"@type\":\"SearchAction\",\"target\":{\"@type\":\"EntryPoint\",\"urlTemplate\":\"https:\/\/portaltela.pt\/?s={search_term_string}\"},\"query-input\":{\"@type\":\"PropertyValueSpecification\",\"valueRequired\":true,\"valueName\":\"search_term_string\"}}],\"inLanguage\":\"pt-PT\"},{\"@type\":\"Person\",\"@id\":\"https:\/\/portaltela.pt\/#\/schema\/person\/c4278d4a6028830caff9ee44b42d32ed\",\"name\":\"Telinha\",\"image\":{\"@type\":\"ImageObject\",\"inLanguage\":\"pt-PT\",\"@id\":\"https:\/\/portaltela.pt\/s.01k8rhncp4jt1\/2025\/11\/talking-bot-125x125.png\",\"url\":\"https:\/\/portaltela.pt\/s.01k8rhncp4jt1\/2025\/11\/talking-bot-125x125.png\",\"contentUrl\":\"https:\/\/portaltela.pt\/s.01k8rhncp4jt1\/2025\/11\/talking-bot-125x125.png\",\"caption\":\"Telinha\"},\"sameAs\":[\"https:\/\/portaltela.pt\/\"],\"url\":\"https:\/\/portaltela.pt\/por\/367410592786\/\"}]}<\/script>\n<!-- \/ Yoast SEO plugin. -->","yoast_head_json":{"title":"Starmer diz que \u00e9 inacredit\u00e1vel n\u00e3o ter sido informado sobre veto a Mandelson - Portal Tela Portugal","robots":{"index":"index","follow":"follow","max-snippet":"max-snippet:-1","max-image-preview":"max-image-preview:large","max-video-preview":"max-video-preview:-1"},"og_locale":"pt_PT","og_type":"article","og_title":"Starmer diz que \u00e9 inacredit\u00e1vel n\u00e3o ter sido informado sobre veto a Mandelson - Portal Tela Portugal","og_description":"O primeiro-ministro brit\u00e2nico, Keir Starmer, disse acreditar ser inacredit\u00e1vel n\u00e3o ter sido informado pelos funcion\u00e1rios do Foreign Office de que o Servi\u00e7o de Avalia\u00e7\u00e3o de Seguran\u00e7a recomendou, em 2024, n\u00e3o conceder autoriza\u00e7\u00e3o de seguran\u00e7a a Peter Mandelson para o posto. Starmer pediu desculpa \u00e0s v\u00edtimas ligadas ao ex-embaixador e aos que o apoiaram, garantindo que, se soubesse da recomenda\u00e7\u00e3o, n\u00e3o teria avan\u00e7ado com a nomea\u00e7\u00e3o, e anunciou uma investiga\u00e7\u00e3o interna ao per\u00edodo em que Mandelson foi embaixador. A defesa de Starmer \u00e9 de que informa\u00e7\u00f5es sens\u00edveis devem ser protegidas, mas que o ministro respons\u00e1vel pela nomea\u00e7\u00e3o devia ter sido informado sobre a recomenda\u00e7\u00e3o do UKSV. A investiga\u00e7\u00e3o criminal em curso pela Pol\u00edcia Metropolitana envolve alegadas informa\u00e7\u00f5es confidenciais partilhadas por Mandelson com um gestor de fortunas ligado a Epstein, o que complica o caso. Olly Robbins, funcion\u00e1rio p\u00fablico respons\u00e1vel pelo Servi\u00e7o Diplom\u00e1tico, dever\u00e1 prestar declara\u00e7\u00f5es ao Parlamento, ap\u00f3s Starmer indicar que n\u00e3o concordara com as explica\u00e7\u00f5es dele sobre a decis\u00e3o de ignorar o veto, enquanto alguns deputados criticam a gest\u00e3o do caso pelo Governo.","og_url":"https:\/\/portaltela.pt\/noticias\/2026\/04\/20\/starmer-diz-que-e-inacreditavel-nao-ter-sido-informado-sobre-veto-a-mandelson\/","og_site_name":"Portal Tela Portugal","article_published_time":"2026-04-20T17:33:09+00:00","author":"Telinha","twitter_card":"summary_large_image","twitter_misc":{"Escrito por":"Telinha","Tempo estimado de leitura":"2 minutos"},"schema":{"@context":"https:\/\/schema.org","@graph":[{"@type":"Article","@id":"https:\/\/portaltela.pt\/noticias\/2026\/04\/20\/starmer-diz-que-e-inacreditavel-nao-ter-sido-informado-sobre-veto-a-mandelson\/#article","isPartOf":{"@id":"https:\/\/portaltela.pt\/noticias\/2026\/04\/20\/starmer-diz-que-e-inacreditavel-nao-ter-sido-informado-sobre-veto-a-mandelson\/"},"author":{"name":"Telinha","@id":"https:\/\/portaltela.pt\/#\/schema\/person\/c4278d4a6028830caff9ee44b42d32ed"},"headline":"Starmer diz que \u00e9 inacredit\u00e1vel n\u00e3o ter sido informado sobre veto a Mandelson","datePublished":"2026-04-20T17:33:09+00:00","mainEntityOfPage":{"@id":"https:\/\/portaltela.pt\/noticias\/2026\/04\/20\/starmer-diz-que-e-inacreditavel-nao-ter-sido-informado-sobre-veto-a-mandelson\/"},"wordCount":423,"image":{"@id":"https:\/\/portaltela.pt\/noticias\/2026\/04\/20\/starmer-diz-que-e-inacreditavel-nao-ter-sido-informado-sobre-veto-a-mandelson\/#primaryimage"},"thumbnailUrl":"https:\/\/portaltela.pt\/s.01k8rhncp4jt1\/2026\/04\/2082749.jpg","keywords":["diplomacia internacional","governo","investiga\u00e7\u00e3o","pol\u00edtica","Reino Unido","Seguran\u00e7a Nacional"],"articleSection":["Internacional","Pol\u00edtica Internacional"],"inLanguage":"pt-PT"},{"@type":"WebPage","@id":"https:\/\/portaltela.pt\/noticias\/2026\/04\/20\/starmer-diz-que-e-inacreditavel-nao-ter-sido-informado-sobre-veto-a-mandelson\/","url":"https:\/\/portaltela.pt\/noticias\/2026\/04\/20\/starmer-diz-que-e-inacreditavel-nao-ter-sido-informado-sobre-veto-a-mandelson\/","name":"Starmer diz que \u00e9 inacredit\u00e1vel n\u00e3o ter sido informado sobre veto a Mandelson - Portal Tela Portugal","isPartOf":{"@id":"https:\/\/portaltela.pt\/#website"},"primaryImageOfPage":{"@id":"https:\/\/portaltela.pt\/noticias\/2026\/04\/20\/starmer-diz-que-e-inacreditavel-nao-ter-sido-informado-sobre-veto-a-mandelson\/#primaryimage"},"image":{"@id":"https:\/\/portaltela.pt\/noticias\/2026\/04\/20\/starmer-diz-que-e-inacreditavel-nao-ter-sido-informado-sobre-veto-a-mandelson\/#primaryimage"},"thumbnailUrl":"https:\/\/portaltela.pt\/s.01k8rhncp4jt1\/2026\/04\/2082749.jpg","datePublished":"2026-04-20T17:33:09+00:00","author":{"@id":"https:\/\/portaltela.pt\/#\/schema\/person\/c4278d4a6028830caff9ee44b42d32ed"},"breadcrumb":{"@id":"https:\/\/portaltela.pt\/noticias\/2026\/04\/20\/starmer-diz-que-e-inacreditavel-nao-ter-sido-informado-sobre-veto-a-mandelson\/#breadcrumb"},"inLanguage":"pt-PT","potentialAction":[{"@type":"ReadAction","target":["https:\/\/portaltela.pt\/noticias\/2026\/04\/20\/starmer-diz-que-e-inacreditavel-nao-ter-sido-informado-sobre-veto-a-mandelson\/"]}]},{"@type":"ImageObject","inLanguage":"pt-PT","@id":"https:\/\/portaltela.pt\/noticias\/2026\/04\/20\/starmer-diz-que-e-inacreditavel-nao-ter-sido-informado-sobre-veto-a-mandelson\/#primaryimage","url":"https:\/\/portaltela.pt\/s.01k8rhncp4jt1\/2026\/04\/2082749.jpg","contentUrl":"https:\/\/portaltela.pt\/s.01k8rhncp4jt1\/2026\/04\/2082749.jpg","width":796,"height":448,"caption":"Peter Mandelson, ex-embaixador do Reino Unido nos EUA, e Keir Starmer, primeiro-ministro brit\u00e2nico, num encontro em Washington D.C., em Fevereiro de 2025"},{"@type":"BreadcrumbList","@id":"https:\/\/portaltela.pt\/noticias\/2026\/04\/20\/starmer-diz-que-e-inacreditavel-nao-ter-sido-informado-sobre-veto-a-mandelson\/#breadcrumb","itemListElement":[{"@type":"ListItem","position":1,"name":"In\u00edcio","item":"https:\/\/portaltela.pt\/"},{"@type":"ListItem","position":2,"name":"Starmer diz que \u00e9 inacredit\u00e1vel n\u00e3o ter sido informado sobre veto a Mandelson"}]},{"@type":"WebSite","@id":"https:\/\/portaltela.pt\/#website","url":"https:\/\/portaltela.pt\/","name":"Portal Tela Portugal","description":"","potentialAction":[{"@type":"SearchAction","target":{"@type":"EntryPoint","urlTemplate":"https:\/\/portaltela.pt\/?s={search_term_string}"},"query-input":{"@type":"PropertyValueSpecification","valueRequired":true,"valueName":"search_term_string"}}],"inLanguage":"pt-PT"},{"@type":"Person","@id":"https:\/\/portaltela.pt\/#\/schema\/person\/c4278d4a6028830caff9ee44b42d32ed","name":"Telinha","image":{"@type":"ImageObject","inLanguage":"pt-PT","@id":"https:\/\/portaltela.pt\/s.01k8rhncp4jt1\/2025\/11\/talking-bot-125x125.png","url":"https:\/\/portaltela.pt\/s.01k8rhncp4jt1\/2025\/11\/talking-bot-125x125.png","contentUrl":"https:\/\/portaltela.pt\/s.01k8rhncp4jt1\/2025\/11\/talking-bot-125x125.png","caption":"Telinha"},"sameAs":["https:\/\/portaltela.pt\/"],"url":"https:\/\/portaltela.pt\/por\/367410592786\/"}]}},"_links":{"self":[{"href":"https:\/\/portaltela.pt\/api\/wp\/v2\/posts\/451685","targetHints":{"allow":["GET"]}}],"collection":[{"href":"https:\/\/portaltela.pt\/api\/wp\/v2\/posts"}],"about":[{"href":"https:\/\/portaltela.pt\/api\/wp\/v2\/types\/post"}],"author":[{"embeddable":true,"href":"https:\/\/portaltela.pt\/api\/wp\/v2\/users\/2"}],"replies":[{"embeddable":true,"href":"https:\/\/portaltela.pt\/api\/wp\/v2\/comments?post=451685"}],"version-history":[{"count":0,"href":"https:\/\/portaltela.pt\/api\/wp\/v2\/posts\/451685\/revisions"}],"wp:featuredmedia":[{"embeddable":true,"href":"https:\/\/portaltela.pt\/api\/wp\/v2\/media\/451692"}],"wp:attachment":[{"href":"https:\/\/portaltela.pt\/api\/wp\/v2\/media?parent=451685"}],"wp:term":[{"taxonomy":"category","embeddable":true,"href":"https:\/\/portaltela.pt\/api\/wp\/v2\/categories?post=451685"},{"taxonomy":"post_tag","embeddable":true,"href":"https:\/\/portaltela.pt\/api\/wp\/v2\/tags?post=451685"}],"curies":[{"name":"wp","href":"https:\/\/api.w.org\/{rel}","templated":true}]}}