{"id":451678,"date":"2026-04-20T14:33:02","date_gmt":"2026-04-20T17:33:02","guid":{"rendered":"https:\/\/portaltela.pt\/noticias\/2026\/04\/20\/bayern-repete-o-discurso-habitual-na-bundesliga\/"},"modified":"2026-04-20T14:33:02","modified_gmt":"2026-04-20T17:33:02","slug":"bayern-repete-o-discurso-habitual-na-bundesliga","status":"publish","type":"post","link":"https:\/\/portaltela.pt\/desporto\/futebol\/2026\/04\/20\/bayern-repete-o-discurso-habitual-na-bundesliga\/","title":{"rendered":"Bayern repete o discurso habitual na Bundesliga"},"content":{"rendered":"<p>O Bayern Munique garantiu este domingo o t\u00edtulo da Bundesliga, ap\u00f3s vencer o Estugarda por 4-2. A equipa de Vincent Kompany consolidou o dom\u00ednio com uma vantagem j\u00e1 prevista pela maioria. O campeonato mant\u00e9m-se aberto para ta\u00e7a e Liga dos Campe\u00f5es.<\/p>\n<p>O t\u00e9cnico belga recuperou a linha de meio-campo com velocidade e versatilidade, apostando numa forma\u00e7\u00e3o que envolve mais de meia equipa no ataque. O Bayern voltou a mostrar capacidade de resposta ante advers\u00e1rios directos e de explorar o espa\u00e7o.<\/p>\n<p>O ataque contou com a valoriza\u00e7\u00e3o de Harry Kane, que voltou a ser goleador e a participar activamente na constru\u00e7\u00e3o. A frente de ataque integrou apoios frontais, recuos para construir e leitura de jogo, com impacto constante.<\/p>\n<h3>Contas, jovens e impactos<\/h3>\n<p>Michael Olise exibiu criatividade e intensidade, consolidando-se entre os melhores do plantel. Luis D\u00edaz contribuiu com verticalidade que oferece op\u00e7\u00f5es ao Bayern nos flancos, equilibrando estilos de jogo.<\/p>\n<p>A equipa teve de lidar com a aus\u00eancia de Jamal Musiala, que lesionou-se recentemente. O jovem Lennart Karl emergiu para \u201cfazer o papel\u201d no ataque, com nove golos e seis assist\u00eancias na primeira \u00e9poca seniores.<\/p>\n<p>Raphael Guerreiro teve participa\u00e7\u00e3o modesta, disputando 16 jogos, com cinco golos e duas assist\u00eancias. O portugu\u00eas manteve regularidade, maioritariamente a meio-campo, com incurs\u00f5es produtivas a lateral.<\/p>\n<h3>Conten\u00e7\u00e3o e obst\u00e1culos<\/h3>\n<p>A \u00fanica not\u00edcia negativa do fim de semana foi a les\u00e3o de Serge Gnabry. O problema no adutor ocorreu num treino e pode afast\u00e1-lo de jogos da Champions e da Ta\u00e7a, dependendo da evolu\u00e7\u00e3o cl\u00ednica.<\/p>\n<p>\u00c0 comunidade alem\u00e3, o clube n\u00e3o revelou a extens\u00e3o da les\u00e3o de Gnabry, mas a imprensa aponta risco de falhar o final da \u00e9poca e o Mundial 2026. O Bayern segue com foco nas eliminat\u00f3rias internas e internacionais.<\/p>\n<h3>Consequ\u00eancias do t\u00edtulo<\/h3>\n<p>O Bayern soma o 13\u00ba t\u00edtulo em 14 \u00e9pocas, com recorde de golos no campeonato (j\u00e1 109, superando o 101 de 1971\/72). A equipa assegura uma \u00e9poca de grandes resultados, com a possibilidade de vencer Ta\u00e7a e Liga dos Campe\u00f5es.<\/p>\n","protected":false},"excerpt":{"rendered":"<ul>\n<li>O Bayern Munique venceu o Stuttgart por 4\u20112, garantindo o t\u00edtulo da Bundesliga pela 13.\u00aa vez em 14 \u00e9pocas, e j\u00e1 soma recorde de 109 golos na competi\u00e7\u00e3o.<\/li>\n<li>O t\u00edtulo foi conquistado sob o comando de Vincent Kompany, que recuperou o Portugal para o topo ap\u00f3s descer de divis\u00e3o h\u00e1 dois anos.<\/li>\n<li>O plantel teve refer\u00eancias como Harry Kane, que voltou a ser goleador e ativo no jogo, e os impactos de Michael Olise e Luis D\u00edaz, respectivamente pela criatividade e velocidade.<\/li>\n<li>Jovens talentos surgiram, com Lennart Karl a destacar-se aos 18 anos e a substituir Musiala, que esteve lesionado, enquanto Raphael Guerreiro mostrou influ\u00eancia consistente.<\/li>\n<li>A venda de Serge Gnabry teve les\u00e3o no adutor durante um treino, levantando d\u00favidas sobre a sua participa\u00e7\u00e3o nos jogos da Champions, da Ta\u00e7a e potencialmente no Mundial de 2026.<\/li>\n<\/ul>\n","protected":false},"author":2,"featured_media":451682,"comment_status":"closed","ping_status":"closed","sticky":false,"template":"","format":"standard","meta":{"footnotes":""},"categories":[21,24],"tags":[1603,3577,32,7827,3626,7684],"class_list":["post-451678","post","type-post","status-publish","format-standard","has-post-thumbnail","hentry","category-desporto","category-futebol","tag-alemanha","tag-champions-league","tag-futebol","tag-gnabry","tag-luis-diaz","tag-raphael-guerreiro"],"yoast_head":"<!-- This site is optimized with the Yoast SEO plugin v27.2 - https:\/\/yoast.com\/product\/yoast-seo-wordpress\/ -->\n<title>Bayern repete o discurso habitual na Bundesliga - Portal Tela Portugal<\/title>\n<meta name=\"robots\" content=\"index, follow, max-snippet:-1, max-image-preview:large, max-video-preview:-1\" \/>\n<meta property=\"og:locale\" content=\"pt_PT\" \/>\n<meta property=\"og:type\" content=\"article\" \/>\n<meta property=\"og:title\" content=\"Bayern repete o discurso habitual na Bundesliga - Portal Tela Portugal\" \/>\n<meta property=\"og:description\" content=\"O Bayern Munique venceu o Stuttgart por 4\u20112, garantindo o t\u00edtulo da Bundesliga pela 13.\u00aa vez em 14 \u00e9pocas, e j\u00e1 soma recorde de 109 golos na competi\u00e7\u00e3o. O t\u00edtulo foi conquistado sob o comando de Vincent Kompany, que recuperou o Portugal para o topo ap\u00f3s descer de divis\u00e3o h\u00e1 dois anos. O plantel teve refer\u00eancias como Harry Kane, que voltou a ser goleador e ativo no jogo, e os impactos de Michael Olise e Luis D\u00edaz, respectivamente pela criatividade e velocidade. Jovens talentos surgiram, com Lennart Karl a destacar-se aos 18 anos e a substituir Musiala, que esteve lesionado, enquanto Raphael Guerreiro mostrou influ\u00eancia consistente. A venda de Serge Gnabry teve les\u00e3o no adutor durante um treino, levantando d\u00favidas sobre a sua participa\u00e7\u00e3o nos jogos da Champions, da Ta\u00e7a e potencialmente no Mundial de 2026.\" \/>\n<meta property=\"og:url\" content=\"https:\/\/portaltela.pt\/noticias\/2026\/04\/20\/bayern-repete-o-discurso-habitual-na-bundesliga\/\" \/>\n<meta property=\"og:site_name\" content=\"Portal Tela Portugal\" \/>\n<meta property=\"article:published_time\" content=\"2026-04-20T17:33:02+00:00\" \/>\n<meta name=\"author\" content=\"Telinha\" \/>\n<meta name=\"twitter:card\" content=\"summary_large_image\" \/>\n<meta name=\"twitter:label1\" content=\"Escrito por\" \/>\n\t<meta name=\"twitter:data1\" content=\"Telinha\" \/>\n\t<meta name=\"twitter:label2\" content=\"Tempo estimado de leitura\" \/>\n\t<meta name=\"twitter:data2\" content=\"2 minutos\" \/>\n<script type=\"application\/ld+json\" class=\"yoast-schema-graph\">{\"@context\":\"https:\/\/schema.org\",\"@graph\":[{\"@type\":\"Article\",\"@id\":\"https:\/\/portaltela.pt\/noticias\/2026\/04\/20\/bayern-repete-o-discurso-habitual-na-bundesliga\/#article\",\"isPartOf\":{\"@id\":\"https:\/\/portaltela.pt\/noticias\/2026\/04\/20\/bayern-repete-o-discurso-habitual-na-bundesliga\/\"},\"author\":{\"name\":\"Telinha\",\"@id\":\"https:\/\/portaltela.pt\/#\/schema\/person\/c4278d4a6028830caff9ee44b42d32ed\"},\"headline\":\"Bayern repete o discurso habitual na Bundesliga\",\"datePublished\":\"2026-04-20T17:33:02+00:00\",\"mainEntityOfPage\":{\"@id\":\"https:\/\/portaltela.pt\/noticias\/2026\/04\/20\/bayern-repete-o-discurso-habitual-na-bundesliga\/\"},\"wordCount\":365,\"image\":{\"@id\":\"https:\/\/portaltela.pt\/noticias\/2026\/04\/20\/bayern-repete-o-discurso-habitual-na-bundesliga\/#primaryimage\"},\"thumbnailUrl\":\"https:\/\/portaltela.pt\/s.01k8rhncp4jt1\/2026\/04\/2082740.jpg\",\"keywords\":[\"Alemanha\",\"Champions League\",\"futebol\",\"Gnabry\",\"Luis D\u00edaz\",\"Rapha\u00ebl Guerreiro\"],\"articleSection\":[\"Desporto\",\"Futebol\"],\"inLanguage\":\"pt-PT\"},{\"@type\":\"WebPage\",\"@id\":\"https:\/\/portaltela.pt\/noticias\/2026\/04\/20\/bayern-repete-o-discurso-habitual-na-bundesliga\/\",\"url\":\"https:\/\/portaltela.pt\/noticias\/2026\/04\/20\/bayern-repete-o-discurso-habitual-na-bundesliga\/\",\"name\":\"Bayern repete o discurso habitual na Bundesliga - Portal Tela Portugal\",\"isPartOf\":{\"@id\":\"https:\/\/portaltela.pt\/#website\"},\"primaryImageOfPage\":{\"@id\":\"https:\/\/portaltela.pt\/noticias\/2026\/04\/20\/bayern-repete-o-discurso-habitual-na-bundesliga\/#primaryimage\"},\"image\":{\"@id\":\"https:\/\/portaltela.pt\/noticias\/2026\/04\/20\/bayern-repete-o-discurso-habitual-na-bundesliga\/#primaryimage\"},\"thumbnailUrl\":\"https:\/\/portaltela.pt\/s.01k8rhncp4jt1\/2026\/04\/2082740.jpg\",\"datePublished\":\"2026-04-20T17:33:02+00:00\",\"author\":{\"@id\":\"https:\/\/portaltela.pt\/#\/schema\/person\/c4278d4a6028830caff9ee44b42d32ed\"},\"breadcrumb\":{\"@id\":\"https:\/\/portaltela.pt\/noticias\/2026\/04\/20\/bayern-repete-o-discurso-habitual-na-bundesliga\/#breadcrumb\"},\"inLanguage\":\"pt-PT\",\"potentialAction\":[{\"@type\":\"ReadAction\",\"target\":[\"https:\/\/portaltela.pt\/noticias\/2026\/04\/20\/bayern-repete-o-discurso-habitual-na-bundesliga\/\"]}]},{\"@type\":\"ImageObject\",\"inLanguage\":\"pt-PT\",\"@id\":\"https:\/\/portaltela.pt\/noticias\/2026\/04\/20\/bayern-repete-o-discurso-habitual-na-bundesliga\/#primaryimage\",\"url\":\"https:\/\/portaltela.pt\/s.01k8rhncp4jt1\/2026\/04\/2082740.jpg\",\"contentUrl\":\"https:\/\/portaltela.pt\/s.01k8rhncp4jt1\/2026\/04\/2082740.jpg\",\"width\":796,\"height\":448,\"caption\":\"Jogadores do Bayern celebram o t\u00edtulo alem\u00e3o\"},{\"@type\":\"BreadcrumbList\",\"@id\":\"https:\/\/portaltela.pt\/noticias\/2026\/04\/20\/bayern-repete-o-discurso-habitual-na-bundesliga\/#breadcrumb\",\"itemListElement\":[{\"@type\":\"ListItem\",\"position\":1,\"name\":\"In\u00edcio\",\"item\":\"https:\/\/portaltela.pt\/\"},{\"@type\":\"ListItem\",\"position\":2,\"name\":\"Bayern repete o discurso habitual na Bundesliga\"}]},{\"@type\":\"WebSite\",\"@id\":\"https:\/\/portaltela.pt\/#website\",\"url\":\"https:\/\/portaltela.pt\/\",\"name\":\"Portal Tela Portugal\",\"description\":\"\",\"potentialAction\":[{\"@type\":\"SearchAction\",\"target\":{\"@type\":\"EntryPoint\",\"urlTemplate\":\"https:\/\/portaltela.pt\/?s={search_term_string}\"},\"query-input\":{\"@type\":\"PropertyValueSpecification\",\"valueRequired\":true,\"valueName\":\"search_term_string\"}}],\"inLanguage\":\"pt-PT\"},{\"@type\":\"Person\",\"@id\":\"https:\/\/portaltela.pt\/#\/schema\/person\/c4278d4a6028830caff9ee44b42d32ed\",\"name\":\"Telinha\",\"image\":{\"@type\":\"ImageObject\",\"inLanguage\":\"pt-PT\",\"@id\":\"https:\/\/portaltela.pt\/s.01k8rhncp4jt1\/2025\/11\/talking-bot-125x125.png\",\"url\":\"https:\/\/portaltela.pt\/s.01k8rhncp4jt1\/2025\/11\/talking-bot-125x125.png\",\"contentUrl\":\"https:\/\/portaltela.pt\/s.01k8rhncp4jt1\/2025\/11\/talking-bot-125x125.png\",\"caption\":\"Telinha\"},\"sameAs\":[\"https:\/\/portaltela.pt\/\"],\"url\":\"https:\/\/portaltela.pt\/por\/367410592786\/\"}]}<\/script>\n<!-- \/ Yoast SEO plugin. -->","yoast_head_json":{"title":"Bayern repete o discurso habitual na Bundesliga - Portal Tela Portugal","robots":{"index":"index","follow":"follow","max-snippet":"max-snippet:-1","max-image-preview":"max-image-preview:large","max-video-preview":"max-video-preview:-1"},"og_locale":"pt_PT","og_type":"article","og_title":"Bayern repete o discurso habitual na Bundesliga - Portal Tela Portugal","og_description":"O Bayern Munique venceu o Stuttgart por 4\u20112, garantindo o t\u00edtulo da Bundesliga pela 13.\u00aa vez em 14 \u00e9pocas, e j\u00e1 soma recorde de 109 golos na competi\u00e7\u00e3o. O t\u00edtulo foi conquistado sob o comando de Vincent Kompany, que recuperou o Portugal para o topo ap\u00f3s descer de divis\u00e3o h\u00e1 dois anos. O plantel teve refer\u00eancias como Harry Kane, que voltou a ser goleador e ativo no jogo, e os impactos de Michael Olise e Luis D\u00edaz, respectivamente pela criatividade e velocidade. Jovens talentos surgiram, com Lennart Karl a destacar-se aos 18 anos e a substituir Musiala, que esteve lesionado, enquanto Raphael Guerreiro mostrou influ\u00eancia consistente. A venda de Serge Gnabry teve les\u00e3o no adutor durante um treino, levantando d\u00favidas sobre a sua participa\u00e7\u00e3o nos jogos da Champions, da Ta\u00e7a e potencialmente no Mundial de 2026.","og_url":"https:\/\/portaltela.pt\/noticias\/2026\/04\/20\/bayern-repete-o-discurso-habitual-na-bundesliga\/","og_site_name":"Portal Tela Portugal","article_published_time":"2026-04-20T17:33:02+00:00","author":"Telinha","twitter_card":"summary_large_image","twitter_misc":{"Escrito por":"Telinha","Tempo estimado de leitura":"2 minutos"},"schema":{"@context":"https:\/\/schema.org","@graph":[{"@type":"Article","@id":"https:\/\/portaltela.pt\/noticias\/2026\/04\/20\/bayern-repete-o-discurso-habitual-na-bundesliga\/#article","isPartOf":{"@id":"https:\/\/portaltela.pt\/noticias\/2026\/04\/20\/bayern-repete-o-discurso-habitual-na-bundesliga\/"},"author":{"name":"Telinha","@id":"https:\/\/portaltela.pt\/#\/schema\/person\/c4278d4a6028830caff9ee44b42d32ed"},"headline":"Bayern repete o discurso habitual na Bundesliga","datePublished":"2026-04-20T17:33:02+00:00","mainEntityOfPage":{"@id":"https:\/\/portaltela.pt\/noticias\/2026\/04\/20\/bayern-repete-o-discurso-habitual-na-bundesliga\/"},"wordCount":365,"image":{"@id":"https:\/\/portaltela.pt\/noticias\/2026\/04\/20\/bayern-repete-o-discurso-habitual-na-bundesliga\/#primaryimage"},"thumbnailUrl":"https:\/\/portaltela.pt\/s.01k8rhncp4jt1\/2026\/04\/2082740.jpg","keywords":["Alemanha","Champions League","futebol","Gnabry","Luis D\u00edaz","Rapha\u00ebl Guerreiro"],"articleSection":["Desporto","Futebol"],"inLanguage":"pt-PT"},{"@type":"WebPage","@id":"https:\/\/portaltela.pt\/noticias\/2026\/04\/20\/bayern-repete-o-discurso-habitual-na-bundesliga\/","url":"https:\/\/portaltela.pt\/noticias\/2026\/04\/20\/bayern-repete-o-discurso-habitual-na-bundesliga\/","name":"Bayern repete o discurso habitual na Bundesliga - Portal Tela Portugal","isPartOf":{"@id":"https:\/\/portaltela.pt\/#website"},"primaryImageOfPage":{"@id":"https:\/\/portaltela.pt\/noticias\/2026\/04\/20\/bayern-repete-o-discurso-habitual-na-bundesliga\/#primaryimage"},"image":{"@id":"https:\/\/portaltela.pt\/noticias\/2026\/04\/20\/bayern-repete-o-discurso-habitual-na-bundesliga\/#primaryimage"},"thumbnailUrl":"https:\/\/portaltela.pt\/s.01k8rhncp4jt1\/2026\/04\/2082740.jpg","datePublished":"2026-04-20T17:33:02+00:00","author":{"@id":"https:\/\/portaltela.pt\/#\/schema\/person\/c4278d4a6028830caff9ee44b42d32ed"},"breadcrumb":{"@id":"https:\/\/portaltela.pt\/noticias\/2026\/04\/20\/bayern-repete-o-discurso-habitual-na-bundesliga\/#breadcrumb"},"inLanguage":"pt-PT","potentialAction":[{"@type":"ReadAction","target":["https:\/\/portaltela.pt\/noticias\/2026\/04\/20\/bayern-repete-o-discurso-habitual-na-bundesliga\/"]}]},{"@type":"ImageObject","inLanguage":"pt-PT","@id":"https:\/\/portaltela.pt\/noticias\/2026\/04\/20\/bayern-repete-o-discurso-habitual-na-bundesliga\/#primaryimage","url":"https:\/\/portaltela.pt\/s.01k8rhncp4jt1\/2026\/04\/2082740.jpg","contentUrl":"https:\/\/portaltela.pt\/s.01k8rhncp4jt1\/2026\/04\/2082740.jpg","width":796,"height":448,"caption":"Jogadores do Bayern celebram o t\u00edtulo alem\u00e3o"},{"@type":"BreadcrumbList","@id":"https:\/\/portaltela.pt\/noticias\/2026\/04\/20\/bayern-repete-o-discurso-habitual-na-bundesliga\/#breadcrumb","itemListElement":[{"@type":"ListItem","position":1,"name":"In\u00edcio","item":"https:\/\/portaltela.pt\/"},{"@type":"ListItem","position":2,"name":"Bayern repete o discurso habitual na Bundesliga"}]},{"@type":"WebSite","@id":"https:\/\/portaltela.pt\/#website","url":"https:\/\/portaltela.pt\/","name":"Portal Tela Portugal","description":"","potentialAction":[{"@type":"SearchAction","target":{"@type":"EntryPoint","urlTemplate":"https:\/\/portaltela.pt\/?s={search_term_string}"},"query-input":{"@type":"PropertyValueSpecification","valueRequired":true,"valueName":"search_term_string"}}],"inLanguage":"pt-PT"},{"@type":"Person","@id":"https:\/\/portaltela.pt\/#\/schema\/person\/c4278d4a6028830caff9ee44b42d32ed","name":"Telinha","image":{"@type":"ImageObject","inLanguage":"pt-PT","@id":"https:\/\/portaltela.pt\/s.01k8rhncp4jt1\/2025\/11\/talking-bot-125x125.png","url":"https:\/\/portaltela.pt\/s.01k8rhncp4jt1\/2025\/11\/talking-bot-125x125.png","contentUrl":"https:\/\/portaltela.pt\/s.01k8rhncp4jt1\/2025\/11\/talking-bot-125x125.png","caption":"Telinha"},"sameAs":["https:\/\/portaltela.pt\/"],"url":"https:\/\/portaltela.pt\/por\/367410592786\/"}]}},"_links":{"self":[{"href":"https:\/\/portaltela.pt\/api\/wp\/v2\/posts\/451678","targetHints":{"allow":["GET"]}}],"collection":[{"href":"https:\/\/portaltela.pt\/api\/wp\/v2\/posts"}],"about":[{"href":"https:\/\/portaltela.pt\/api\/wp\/v2\/types\/post"}],"author":[{"embeddable":true,"href":"https:\/\/portaltela.pt\/api\/wp\/v2\/users\/2"}],"replies":[{"embeddable":true,"href":"https:\/\/portaltela.pt\/api\/wp\/v2\/comments?post=451678"}],"version-history":[{"count":0,"href":"https:\/\/portaltela.pt\/api\/wp\/v2\/posts\/451678\/revisions"}],"wp:featuredmedia":[{"embeddable":true,"href":"https:\/\/portaltela.pt\/api\/wp\/v2\/media\/451682"}],"wp:attachment":[{"href":"https:\/\/portaltela.pt\/api\/wp\/v2\/media?parent=451678"}],"wp:term":[{"taxonomy":"category","embeddable":true,"href":"https:\/\/portaltela.pt\/api\/wp\/v2\/categories?post=451678"},{"taxonomy":"post_tag","embeddable":true,"href":"https:\/\/portaltela.pt\/api\/wp\/v2\/tags?post=451678"}],"curies":[{"name":"wp","href":"https:\/\/api.w.org\/{rel}","templated":true}]}}