{"id":451645,"date":"2026-04-20T14:17:56","date_gmt":"2026-04-20T17:17:56","guid":{"rendered":"https:\/\/portaltela.pt\/noticias\/2026\/04\/20\/liliana-oliveira-diz-que-expulsao-de-diogo-da-casa-dos-segredos-10-foi-merecida\/"},"modified":"2026-04-20T14:17:56","modified_gmt":"2026-04-20T17:17:56","slug":"liliana-oliveira-diz-que-expulsao-de-diogo-da-casa-dos-segredos-10-foi-merecida","status":"publish","type":"post","link":"https:\/\/portaltela.pt\/entretenimento\/2026\/04\/20\/liliana-oliveira-diz-que-expulsao-de-diogo-da-casa-dos-segredos-10-foi-merecida\/","title":{"rendered":"Liliana Oliveira diz que expuls\u00e3o de Diogo da Casa dos Segredos 10 foi merecida"},"content":{"rendered":"<p>Diogo foi expulso da Casa dos Segredos 10, numa decis\u00e3o comunicada esta quarta-feira. A not\u00edcia indica que o concorrente abandonou o programa sem pr\u00e9mio, sem Ariana e sem Eva, segundo a comentadora Liliana Oliveira, do programa Tarde das Estrelas. A informa\u00e7\u00e3o foi publicada no dia 20 de abril de 2026, \u00e0s 18:04.<\/p>\n<p>Liliana Oliveira qualificou a sa\u00edda como merecida, destacando que Diogo deixou o reality sem ganhos ou apoio significativo dentro do formato. A comentadora n\u00e3o detalha os motivos da expuls\u00e3o, limitando-se a afirmar o desfecho do concurso para o concorrente em quest\u00e3o.<\/p>\n<p>A cobertura partiu de informa\u00e7\u00f5es divulgadas pela imprensa, com refer\u00eancia a declara\u00e7\u00f5es feitas pela comentadora durante o debate noturno. O epis\u00f3dio ocorre na edi\u00e7\u00e3o 10 de Casa dos Segredos, com a transmiss\u00e3o habitual de programa de entretenimento em Portugal. A basilar divulga\u00e7\u00e3o refor\u00e7a o foco em quem permanece no concurso e na aus\u00eancia dos elementos mencionados.<\/p>\n","protected":false},"excerpt":{"rendered":"<ul>\n<li>Liliana Oliveira, comentadora do programa Tarde das Estrelas, comentou a expuls\u00e3o de Diogo da Casa dos Segredos 10.<\/li>\n<li>A jornalista afirmou que a sa\u00edda do concorrente foi merecida.<\/li>\n<li>Segundo a comentadora, Diogo saiu sem pr\u00e9mio, nem Ariana nem Eva.<\/li>\n<li>A observa\u00e7\u00e3o foi partilhada no \u00e2mbito da cobertura do reality show.<\/li>\n<li>Informa\u00e7\u00e3o publicada no dia 20 de abril de 2026, \u00e0s 18:04.<\/li>\n<\/ul>\n","protected":false},"author":2,"featured_media":451653,"comment_status":"closed","ping_status":"closed","sticky":false,"template":"","format":"standard","meta":{"footnotes":""},"categories":[6675,12],"tags":[6393,6598,2971,6134,8958],"class_list":["post-451645","post","type-post","status-publish","format-standard","has-post-thumbnail","hentry","category-celebridades","category-entretenimento","tag-a-casa","tag-entretenimento","tag-expulsoes","tag-liliana-oliveira","tag-televisao"],"yoast_head":"<!-- This site is optimized with the Yoast SEO plugin v27.2 - https:\/\/yoast.com\/product\/yoast-seo-wordpress\/ -->\n<title>Liliana Oliveira diz que expuls\u00e3o de Diogo da Casa dos Segredos 10 foi merecida - Portal Tela Portugal<\/title>\n<meta name=\"robots\" content=\"index, follow, max-snippet:-1, max-image-preview:large, max-video-preview:-1\" \/>\n<meta property=\"og:locale\" content=\"pt_PT\" \/>\n<meta property=\"og:type\" content=\"article\" \/>\n<meta property=\"og:title\" content=\"Liliana Oliveira diz que expuls\u00e3o de Diogo da Casa dos Segredos 10 foi merecida - Portal Tela Portugal\" \/>\n<meta property=\"og:description\" content=\"Liliana Oliveira, comentadora do programa Tarde das Estrelas, comentou a expuls\u00e3o de Diogo da Casa dos Segredos 10. A jornalista afirmou que a sa\u00edda do concorrente foi merecida. Segundo a comentadora, Diogo saiu sem pr\u00e9mio, nem Ariana nem Eva. A observa\u00e7\u00e3o foi partilhada no \u00e2mbito da cobertura do reality show. Informa\u00e7\u00e3o publicada no dia 20 de abril de 2026, \u00e0s 18:04.\" \/>\n<meta property=\"og:url\" content=\"https:\/\/portaltela.pt\/noticias\/2026\/04\/20\/liliana-oliveira-diz-que-expulsao-de-diogo-da-casa-dos-segredos-10-foi-merecida\/\" \/>\n<meta property=\"og:site_name\" content=\"Portal Tela Portugal\" \/>\n<meta property=\"article:published_time\" content=\"2026-04-20T17:17:56+00:00\" \/>\n<meta name=\"author\" content=\"Telinha\" \/>\n<meta name=\"twitter:card\" content=\"summary_large_image\" \/>\n<meta name=\"twitter:label1\" content=\"Escrito por\" \/>\n\t<meta name=\"twitter:data1\" content=\"Telinha\" \/>\n\t<meta name=\"twitter:label2\" content=\"Tempo estimado de leitura\" \/>\n\t<meta name=\"twitter:data2\" content=\"1 minuto\" \/>\n<script type=\"application\/ld+json\" class=\"yoast-schema-graph\">{\"@context\":\"https:\/\/schema.org\",\"@graph\":[{\"@type\":\"Article\",\"@id\":\"https:\/\/portaltela.pt\/noticias\/2026\/04\/20\/liliana-oliveira-diz-que-expulsao-de-diogo-da-casa-dos-segredos-10-foi-merecida\/#article\",\"isPartOf\":{\"@id\":\"https:\/\/portaltela.pt\/noticias\/2026\/04\/20\/liliana-oliveira-diz-que-expulsao-de-diogo-da-casa-dos-segredos-10-foi-merecida\/\"},\"author\":{\"name\":\"Telinha\",\"@id\":\"https:\/\/portaltela.pt\/#\/schema\/person\/c4278d4a6028830caff9ee44b42d32ed\"},\"headline\":\"Liliana Oliveira diz que expuls\u00e3o de Diogo da Casa dos Segredos 10 foi merecida\",\"datePublished\":\"2026-04-20T17:17:56+00:00\",\"mainEntityOfPage\":{\"@id\":\"https:\/\/portaltela.pt\/noticias\/2026\/04\/20\/liliana-oliveira-diz-que-expulsao-de-diogo-da-casa-dos-segredos-10-foi-merecida\/\"},\"wordCount\":175,\"image\":{\"@id\":\"https:\/\/portaltela.pt\/noticias\/2026\/04\/20\/liliana-oliveira-diz-que-expulsao-de-diogo-da-casa-dos-segredos-10-foi-merecida\/#primaryimage\"},\"thumbnailUrl\":\"https:\/\/portaltela.pt\/s.01k8rhncp4jt1\/2026\/04\/img_1280x722uu2026-04-20-18-05-14-2279828.jpg\",\"keywords\":[\"a casa\",\"entretenimento\",\"expuls\u00f5es\",\"Liliana Oliveira\",\"televis\u00e3o\"],\"articleSection\":[\"Celebridades\",\"Entretenimento\"],\"inLanguage\":\"pt-PT\"},{\"@type\":\"WebPage\",\"@id\":\"https:\/\/portaltela.pt\/noticias\/2026\/04\/20\/liliana-oliveira-diz-que-expulsao-de-diogo-da-casa-dos-segredos-10-foi-merecida\/\",\"url\":\"https:\/\/portaltela.pt\/noticias\/2026\/04\/20\/liliana-oliveira-diz-que-expulsao-de-diogo-da-casa-dos-segredos-10-foi-merecida\/\",\"name\":\"Liliana Oliveira diz que expuls\u00e3o de Diogo da Casa dos Segredos 10 foi merecida - Portal Tela Portugal\",\"isPartOf\":{\"@id\":\"https:\/\/portaltela.pt\/#website\"},\"primaryImageOfPage\":{\"@id\":\"https:\/\/portaltela.pt\/noticias\/2026\/04\/20\/liliana-oliveira-diz-que-expulsao-de-diogo-da-casa-dos-segredos-10-foi-merecida\/#primaryimage\"},\"image\":{\"@id\":\"https:\/\/portaltela.pt\/noticias\/2026\/04\/20\/liliana-oliveira-diz-que-expulsao-de-diogo-da-casa-dos-segredos-10-foi-merecida\/#primaryimage\"},\"thumbnailUrl\":\"https:\/\/portaltela.pt\/s.01k8rhncp4jt1\/2026\/04\/img_1280x722uu2026-04-20-18-05-14-2279828.jpg\",\"datePublished\":\"2026-04-20T17:17:56+00:00\",\"author\":{\"@id\":\"https:\/\/portaltela.pt\/#\/schema\/person\/c4278d4a6028830caff9ee44b42d32ed\"},\"breadcrumb\":{\"@id\":\"https:\/\/portaltela.pt\/noticias\/2026\/04\/20\/liliana-oliveira-diz-que-expulsao-de-diogo-da-casa-dos-segredos-10-foi-merecida\/#breadcrumb\"},\"inLanguage\":\"pt-PT\",\"potentialAction\":[{\"@type\":\"ReadAction\",\"target\":[\"https:\/\/portaltela.pt\/noticias\/2026\/04\/20\/liliana-oliveira-diz-que-expulsao-de-diogo-da-casa-dos-segredos-10-foi-merecida\/\"]}]},{\"@type\":\"ImageObject\",\"inLanguage\":\"pt-PT\",\"@id\":\"https:\/\/portaltela.pt\/noticias\/2026\/04\/20\/liliana-oliveira-diz-que-expulsao-de-diogo-da-casa-dos-segredos-10-foi-merecida\/#primaryimage\",\"url\":\"https:\/\/portaltela.pt\/s.01k8rhncp4jt1\/2026\/04\/img_1280x722uu2026-04-20-18-05-14-2279828.jpg\",\"contentUrl\":\"https:\/\/portaltela.pt\/s.01k8rhncp4jt1\/2026\/04\/img_1280x722uu2026-04-20-18-05-14-2279828.jpg\",\"width\":796,\"height\":448,\"caption\":\"A sa\u00edda do Diogo foi merecida: Liliana Oliveira sobre expuls\u00e3o do concorrente da \u2018Casa dos Segredos 10\u2019\"},{\"@type\":\"BreadcrumbList\",\"@id\":\"https:\/\/portaltela.pt\/noticias\/2026\/04\/20\/liliana-oliveira-diz-que-expulsao-de-diogo-da-casa-dos-segredos-10-foi-merecida\/#breadcrumb\",\"itemListElement\":[{\"@type\":\"ListItem\",\"position\":1,\"name\":\"In\u00edcio\",\"item\":\"https:\/\/portaltela.pt\/\"},{\"@type\":\"ListItem\",\"position\":2,\"name\":\"Liliana Oliveira diz que expuls\u00e3o de Diogo da Casa dos Segredos 10 foi merecida\"}]},{\"@type\":\"WebSite\",\"@id\":\"https:\/\/portaltela.pt\/#website\",\"url\":\"https:\/\/portaltela.pt\/\",\"name\":\"Portal Tela Portugal\",\"description\":\"\",\"potentialAction\":[{\"@type\":\"SearchAction\",\"target\":{\"@type\":\"EntryPoint\",\"urlTemplate\":\"https:\/\/portaltela.pt\/?s={search_term_string}\"},\"query-input\":{\"@type\":\"PropertyValueSpecification\",\"valueRequired\":true,\"valueName\":\"search_term_string\"}}],\"inLanguage\":\"pt-PT\"},{\"@type\":\"Person\",\"@id\":\"https:\/\/portaltela.pt\/#\/schema\/person\/c4278d4a6028830caff9ee44b42d32ed\",\"name\":\"Telinha\",\"image\":{\"@type\":\"ImageObject\",\"inLanguage\":\"pt-PT\",\"@id\":\"https:\/\/portaltela.pt\/s.01k8rhncp4jt1\/2025\/11\/talking-bot-125x125.png\",\"url\":\"https:\/\/portaltela.pt\/s.01k8rhncp4jt1\/2025\/11\/talking-bot-125x125.png\",\"contentUrl\":\"https:\/\/portaltela.pt\/s.01k8rhncp4jt1\/2025\/11\/talking-bot-125x125.png\",\"caption\":\"Telinha\"},\"sameAs\":[\"https:\/\/portaltela.pt\/\"],\"url\":\"https:\/\/portaltela.pt\/por\/367410592786\/\"}]}<\/script>\n<!-- \/ Yoast SEO plugin. -->","yoast_head_json":{"title":"Liliana Oliveira diz que expuls\u00e3o de Diogo da Casa dos Segredos 10 foi merecida - Portal Tela Portugal","robots":{"index":"index","follow":"follow","max-snippet":"max-snippet:-1","max-image-preview":"max-image-preview:large","max-video-preview":"max-video-preview:-1"},"og_locale":"pt_PT","og_type":"article","og_title":"Liliana Oliveira diz que expuls\u00e3o de Diogo da Casa dos Segredos 10 foi merecida - Portal Tela Portugal","og_description":"Liliana Oliveira, comentadora do programa Tarde das Estrelas, comentou a expuls\u00e3o de Diogo da Casa dos Segredos 10. A jornalista afirmou que a sa\u00edda do concorrente foi merecida. Segundo a comentadora, Diogo saiu sem pr\u00e9mio, nem Ariana nem Eva. A observa\u00e7\u00e3o foi partilhada no \u00e2mbito da cobertura do reality show. Informa\u00e7\u00e3o publicada no dia 20 de abril de 2026, \u00e0s 18:04.","og_url":"https:\/\/portaltela.pt\/noticias\/2026\/04\/20\/liliana-oliveira-diz-que-expulsao-de-diogo-da-casa-dos-segredos-10-foi-merecida\/","og_site_name":"Portal Tela Portugal","article_published_time":"2026-04-20T17:17:56+00:00","author":"Telinha","twitter_card":"summary_large_image","twitter_misc":{"Escrito por":"Telinha","Tempo estimado de leitura":"1 minuto"},"schema":{"@context":"https:\/\/schema.org","@graph":[{"@type":"Article","@id":"https:\/\/portaltela.pt\/noticias\/2026\/04\/20\/liliana-oliveira-diz-que-expulsao-de-diogo-da-casa-dos-segredos-10-foi-merecida\/#article","isPartOf":{"@id":"https:\/\/portaltela.pt\/noticias\/2026\/04\/20\/liliana-oliveira-diz-que-expulsao-de-diogo-da-casa-dos-segredos-10-foi-merecida\/"},"author":{"name":"Telinha","@id":"https:\/\/portaltela.pt\/#\/schema\/person\/c4278d4a6028830caff9ee44b42d32ed"},"headline":"Liliana Oliveira diz que expuls\u00e3o de Diogo da Casa dos Segredos 10 foi merecida","datePublished":"2026-04-20T17:17:56+00:00","mainEntityOfPage":{"@id":"https:\/\/portaltela.pt\/noticias\/2026\/04\/20\/liliana-oliveira-diz-que-expulsao-de-diogo-da-casa-dos-segredos-10-foi-merecida\/"},"wordCount":175,"image":{"@id":"https:\/\/portaltela.pt\/noticias\/2026\/04\/20\/liliana-oliveira-diz-que-expulsao-de-diogo-da-casa-dos-segredos-10-foi-merecida\/#primaryimage"},"thumbnailUrl":"https:\/\/portaltela.pt\/s.01k8rhncp4jt1\/2026\/04\/img_1280x722uu2026-04-20-18-05-14-2279828.jpg","keywords":["a casa","entretenimento","expuls\u00f5es","Liliana Oliveira","televis\u00e3o"],"articleSection":["Celebridades","Entretenimento"],"inLanguage":"pt-PT"},{"@type":"WebPage","@id":"https:\/\/portaltela.pt\/noticias\/2026\/04\/20\/liliana-oliveira-diz-que-expulsao-de-diogo-da-casa-dos-segredos-10-foi-merecida\/","url":"https:\/\/portaltela.pt\/noticias\/2026\/04\/20\/liliana-oliveira-diz-que-expulsao-de-diogo-da-casa-dos-segredos-10-foi-merecida\/","name":"Liliana Oliveira diz que expuls\u00e3o de Diogo da Casa dos Segredos 10 foi merecida - Portal Tela Portugal","isPartOf":{"@id":"https:\/\/portaltela.pt\/#website"},"primaryImageOfPage":{"@id":"https:\/\/portaltela.pt\/noticias\/2026\/04\/20\/liliana-oliveira-diz-que-expulsao-de-diogo-da-casa-dos-segredos-10-foi-merecida\/#primaryimage"},"image":{"@id":"https:\/\/portaltela.pt\/noticias\/2026\/04\/20\/liliana-oliveira-diz-que-expulsao-de-diogo-da-casa-dos-segredos-10-foi-merecida\/#primaryimage"},"thumbnailUrl":"https:\/\/portaltela.pt\/s.01k8rhncp4jt1\/2026\/04\/img_1280x722uu2026-04-20-18-05-14-2279828.jpg","datePublished":"2026-04-20T17:17:56+00:00","author":{"@id":"https:\/\/portaltela.pt\/#\/schema\/person\/c4278d4a6028830caff9ee44b42d32ed"},"breadcrumb":{"@id":"https:\/\/portaltela.pt\/noticias\/2026\/04\/20\/liliana-oliveira-diz-que-expulsao-de-diogo-da-casa-dos-segredos-10-foi-merecida\/#breadcrumb"},"inLanguage":"pt-PT","potentialAction":[{"@type":"ReadAction","target":["https:\/\/portaltela.pt\/noticias\/2026\/04\/20\/liliana-oliveira-diz-que-expulsao-de-diogo-da-casa-dos-segredos-10-foi-merecida\/"]}]},{"@type":"ImageObject","inLanguage":"pt-PT","@id":"https:\/\/portaltela.pt\/noticias\/2026\/04\/20\/liliana-oliveira-diz-que-expulsao-de-diogo-da-casa-dos-segredos-10-foi-merecida\/#primaryimage","url":"https:\/\/portaltela.pt\/s.01k8rhncp4jt1\/2026\/04\/img_1280x722uu2026-04-20-18-05-14-2279828.jpg","contentUrl":"https:\/\/portaltela.pt\/s.01k8rhncp4jt1\/2026\/04\/img_1280x722uu2026-04-20-18-05-14-2279828.jpg","width":796,"height":448,"caption":"A sa\u00edda do Diogo foi merecida: Liliana Oliveira sobre expuls\u00e3o do concorrente da \u2018Casa dos Segredos 10\u2019"},{"@type":"BreadcrumbList","@id":"https:\/\/portaltela.pt\/noticias\/2026\/04\/20\/liliana-oliveira-diz-que-expulsao-de-diogo-da-casa-dos-segredos-10-foi-merecida\/#breadcrumb","itemListElement":[{"@type":"ListItem","position":1,"name":"In\u00edcio","item":"https:\/\/portaltela.pt\/"},{"@type":"ListItem","position":2,"name":"Liliana Oliveira diz que expuls\u00e3o de Diogo da Casa dos Segredos 10 foi merecida"}]},{"@type":"WebSite","@id":"https:\/\/portaltela.pt\/#website","url":"https:\/\/portaltela.pt\/","name":"Portal Tela Portugal","description":"","potentialAction":[{"@type":"SearchAction","target":{"@type":"EntryPoint","urlTemplate":"https:\/\/portaltela.pt\/?s={search_term_string}"},"query-input":{"@type":"PropertyValueSpecification","valueRequired":true,"valueName":"search_term_string"}}],"inLanguage":"pt-PT"},{"@type":"Person","@id":"https:\/\/portaltela.pt\/#\/schema\/person\/c4278d4a6028830caff9ee44b42d32ed","name":"Telinha","image":{"@type":"ImageObject","inLanguage":"pt-PT","@id":"https:\/\/portaltela.pt\/s.01k8rhncp4jt1\/2025\/11\/talking-bot-125x125.png","url":"https:\/\/portaltela.pt\/s.01k8rhncp4jt1\/2025\/11\/talking-bot-125x125.png","contentUrl":"https:\/\/portaltela.pt\/s.01k8rhncp4jt1\/2025\/11\/talking-bot-125x125.png","caption":"Telinha"},"sameAs":["https:\/\/portaltela.pt\/"],"url":"https:\/\/portaltela.pt\/por\/367410592786\/"}]}},"_links":{"self":[{"href":"https:\/\/portaltela.pt\/api\/wp\/v2\/posts\/451645","targetHints":{"allow":["GET"]}}],"collection":[{"href":"https:\/\/portaltela.pt\/api\/wp\/v2\/posts"}],"about":[{"href":"https:\/\/portaltela.pt\/api\/wp\/v2\/types\/post"}],"author":[{"embeddable":true,"href":"https:\/\/portaltela.pt\/api\/wp\/v2\/users\/2"}],"replies":[{"embeddable":true,"href":"https:\/\/portaltela.pt\/api\/wp\/v2\/comments?post=451645"}],"version-history":[{"count":0,"href":"https:\/\/portaltela.pt\/api\/wp\/v2\/posts\/451645\/revisions"}],"wp:featuredmedia":[{"embeddable":true,"href":"https:\/\/portaltela.pt\/api\/wp\/v2\/media\/451653"}],"wp:attachment":[{"href":"https:\/\/portaltela.pt\/api\/wp\/v2\/media?parent=451645"}],"wp:term":[{"taxonomy":"category","embeddable":true,"href":"https:\/\/portaltela.pt\/api\/wp\/v2\/categories?post=451645"},{"taxonomy":"post_tag","embeddable":true,"href":"https:\/\/portaltela.pt\/api\/wp\/v2\/tags?post=451645"}],"curies":[{"name":"wp","href":"https:\/\/api.w.org\/{rel}","templated":true}]}}