{"id":451622,"date":"2026-04-20T14:03:28","date_gmt":"2026-04-20T17:03:28","guid":{"rendered":"https:\/\/portaltela.pt\/noticias\/2026\/04\/20\/netanyahu-condena-soldado-das-fdi-por-vandalizar-estatua-de-jesus-no-libano\/"},"modified":"2026-04-20T14:03:28","modified_gmt":"2026-04-20T17:03:28","slug":"netanyahu-condena-soldado-das-fdi-por-vandalizar-estatua-de-jesus-no-libano","status":"publish","type":"post","link":"https:\/\/portaltela.pt\/internacionais\/2026\/04\/20\/netanyahu-condena-soldado-das-fdi-por-vandalizar-estatua-de-jesus-no-libano\/","title":{"rendered":"Netanyahu condena soldado das FDI por vandalizar est\u00e1tua de Jesus no L\u00edbano"},"content":{"rendered":"<p>O primeiro-ministro de Israel, Benjamin Netanyahu, condenou a profana\u00e7\u00e3o de uma est\u00e1tua de Jesus Cristo por um soldado das For\u00e7as de Defesa de Israel (FDI) numa aldeia do sul do L\u00edbano. O ato ocorreu em Debel, perto da fronteira, e foi gravado num v\u00eddeo que circulou nas redes sociais. O Governo confirmou a autenticidade das imagens.<\/p>\n<p>Netanyahu informou que o inqu\u00e9rito criminal j\u00e1 est\u00e1 a decorrer e que o agressor pode enfrentar medidas disciplinares severas. O l\u00edder afirmou que o Estado de Israel, enquanto na\u00e7\u00e3o, valoriza a toler\u00e2ncia e o respeito por todas as religi\u00f5es, e que o incidente n\u00e3o reflete as FDI nem o povo israelita.<\/p>\n<p>A fotografia mostra o rosto da est\u00e1tua ser desfigurado com uma marreta ou machado. O v\u00eddeo foi publicado por Younis Tirawi, descrito como jornalista palestiniano, e a localiza\u00e7\u00e3o foi confirmada pela pol\u00edcia local. Debel fica a cerca de seis quil\u00f3metros da fronteira com Israel.<\/p>\n<h3>Contexto regional<\/h3>\n<p>O incidente ocorre num momento de tens\u00f5es entre Israel e o L\u00edbano, num contexto de confrontos entre as FDI e o Hezbollah, ap\u00f3s a retoma de hostilidades no sul do L\u00edbano. O cessar-fogo vigente tem sido fr\u00e1gil desde o in\u00edcio de mar\u00e7o, com desloca\u00e7\u00f5es de civis em v\u00e1rias zonas.<\/p>\n<p>As autoridades israelitas indicaram que continuam a demolir estruturas na faixa fronteiri\u00e7a e pedem aos residentes que n\u00e3o regressem a determinadas aldeias. A troca de acusa\u00e7\u00f5es diplom\u00e1ticas j\u00e1 incluiu figuras pol\u00edticas de Israel e de pa\u00edses-alem.<\/p>\n<h3>Rea\u00e7\u00f5es internacionais<\/h3>\n<p>Entre rea\u00e7\u00f5es, o embaixador dos EUA em Israel apelou a consequ\u00eancias r\u00e1pidas e p\u00fablicas para o acto. Em Israel, o ministro dos Neg\u00f3cios Estrangeiros de ent\u00e3o pediu desculpas p\u00fablicas pelas ofensas religiosas, numa contesta\u00e7\u00e3o que gerou debates entre membros do Governo.<\/p>\n<p>No L\u00edbano, comunidades crist\u00e3s formam uma parte significativa da popula\u00e7\u00e3o e vivem sob o Pacto Nacional que partilha poder com comunidades mu\u00e7ulmanas. O epis\u00f3dio intensifica preocupa\u00e7\u00f5es entre crist\u00e3os na regi\u00e3o j\u00e1 afetados pelos combates em curso.<\/p>\n","protected":false},"excerpt":{"rendered":"<ul>\n<li>O primeiro-ministro de Israel, Benjamin Netanyahu, condenou a profana\u00e7\u00e3o de uma est\u00e1tua de Jesus por um soldado das For\u00e7as de Defesa de Israel no sul do L\u00edbano e anunciou investiga\u00e7\u00e3o criminal.<\/li>\n<li>A fotografia do incidente, que mostra o suposto ataque ao rosto da est\u00e1tua, foi partilhada nas redes sociais e as autoridades israelitas confirmaram a sua autenticidade.<\/li>\n<li>O epis\u00f3dio ocorreu na aldeia crist\u00e3 de Debel, a cerca de seis quil\u00f3metros da fronteira entre o L\u00edbano e Israel.<\/li>\n<li>Netanyahu disse que Israel, como Estado judeu, valoriza a toler\u00e2ncia e o respeito entre religi\u00f5es; o embaixador dos Estados Unidos em Israel tamb\u00e9m condenou o ato.<\/li>\n<li>O incidente ocorre num contexto de tens\u00f5es entre Israel e o L\u00edbano e com o Hezbollah, num cessar-fogo fr\u00e1gil e num conflito regional mais amplo.<\/li>\n<\/ul>\n","protected":false},"author":2,"featured_media":451633,"comment_status":"closed","ping_status":"closed","sticky":false,"template":"","format":"standard","meta":{"footnotes":""},"categories":[6912],"tags":[7934,8180,8191,8626,7913,7951],"class_list":["post-451622","post","type-post","status-publish","format-standard","has-post-thumbnail","hentry","category-internacionais","tag-_conflitos-internacionais","tag-_cristianismo","tag-_israel","tag-_libano","tag-_politica","tag-_religiao"],"yoast_head":"<!-- This site is optimized with the Yoast SEO plugin v27.2 - https:\/\/yoast.com\/product\/yoast-seo-wordpress\/ -->\n<title>Netanyahu condena soldado das FDI por vandalizar est\u00e1tua de Jesus no L\u00edbano - Portal Tela Portugal<\/title>\n<meta name=\"robots\" content=\"index, follow, max-snippet:-1, max-image-preview:large, max-video-preview:-1\" \/>\n<meta property=\"og:locale\" content=\"pt_PT\" \/>\n<meta property=\"og:type\" content=\"article\" \/>\n<meta property=\"og:title\" content=\"Netanyahu condena soldado das FDI por vandalizar est\u00e1tua de Jesus no L\u00edbano - Portal Tela Portugal\" \/>\n<meta property=\"og:description\" content=\"O primeiro-ministro de Israel, Benjamin Netanyahu, condenou a profana\u00e7\u00e3o de uma est\u00e1tua de Jesus por um soldado das For\u00e7as de Defesa de Israel no sul do L\u00edbano e anunciou investiga\u00e7\u00e3o criminal. A fotografia do incidente, que mostra o suposto ataque ao rosto da est\u00e1tua, foi partilhada nas redes sociais e as autoridades israelitas confirmaram a sua autenticidade. O epis\u00f3dio ocorreu na aldeia crist\u00e3 de Debel, a cerca de seis quil\u00f3metros da fronteira entre o L\u00edbano e Israel. Netanyahu disse que Israel, como Estado judeu, valoriza a toler\u00e2ncia e o respeito entre religi\u00f5es; o embaixador dos Estados Unidos em Israel tamb\u00e9m condenou o ato. O incidente ocorre num contexto de tens\u00f5es entre Israel e o L\u00edbano e com o Hezbollah, num cessar-fogo fr\u00e1gil e num conflito regional mais amplo.\" \/>\n<meta property=\"og:url\" content=\"https:\/\/portaltela.pt\/noticias\/2026\/04\/20\/netanyahu-condena-soldado-das-fdi-por-vandalizar-estatua-de-jesus-no-libano\/\" \/>\n<meta property=\"og:site_name\" content=\"Portal Tela Portugal\" \/>\n<meta property=\"article:published_time\" content=\"2026-04-20T17:03:28+00:00\" \/>\n<meta name=\"author\" content=\"Telinha\" \/>\n<meta name=\"twitter:card\" content=\"summary_large_image\" \/>\n<meta name=\"twitter:label1\" content=\"Escrito por\" \/>\n\t<meta name=\"twitter:data1\" content=\"Telinha\" \/>\n\t<meta name=\"twitter:label2\" content=\"Tempo estimado de leitura\" \/>\n\t<meta name=\"twitter:data2\" content=\"2 minutos\" \/>\n<script type=\"application\/ld+json\" class=\"yoast-schema-graph\">{\"@context\":\"https:\/\/schema.org\",\"@graph\":[{\"@type\":\"Article\",\"@id\":\"https:\/\/portaltela.pt\/noticias\/2026\/04\/20\/netanyahu-condena-soldado-das-fdi-por-vandalizar-estatua-de-jesus-no-libano\/#article\",\"isPartOf\":{\"@id\":\"https:\/\/portaltela.pt\/noticias\/2026\/04\/20\/netanyahu-condena-soldado-das-fdi-por-vandalizar-estatua-de-jesus-no-libano\/\"},\"author\":{\"name\":\"Telinha\",\"@id\":\"https:\/\/portaltela.pt\/#\/schema\/person\/c4278d4a6028830caff9ee44b42d32ed\"},\"headline\":\"Netanyahu condena soldado das FDI por vandalizar est\u00e1tua de Jesus no L\u00edbano\",\"datePublished\":\"2026-04-20T17:03:28+00:00\",\"mainEntityOfPage\":{\"@id\":\"https:\/\/portaltela.pt\/noticias\/2026\/04\/20\/netanyahu-condena-soldado-das-fdi-por-vandalizar-estatua-de-jesus-no-libano\/\"},\"wordCount\":379,\"image\":{\"@id\":\"https:\/\/portaltela.pt\/noticias\/2026\/04\/20\/netanyahu-condena-soldado-das-fdi-por-vandalizar-estatua-de-jesus-no-libano\/#primaryimage\"},\"thumbnailUrl\":\"https:\/\/portaltela.pt\/s.01k8rhncp4jt1\/2026\/04\/1536x864_cmsv2_ca3091ad-3672-5b21-9bed-dc7a7418c0fb-9728471.jpg\",\"keywords\":[\"_conflitos internacionais\",\"_cristianismo\",\"_Israel\",\"_L\u00edbano\",\"_pol\u00edtica\",\"_religi\u00e3o\"],\"articleSection\":[\"Internacionais\"],\"inLanguage\":\"pt-PT\"},{\"@type\":\"WebPage\",\"@id\":\"https:\/\/portaltela.pt\/noticias\/2026\/04\/20\/netanyahu-condena-soldado-das-fdi-por-vandalizar-estatua-de-jesus-no-libano\/\",\"url\":\"https:\/\/portaltela.pt\/noticias\/2026\/04\/20\/netanyahu-condena-soldado-das-fdi-por-vandalizar-estatua-de-jesus-no-libano\/\",\"name\":\"Netanyahu condena soldado das FDI por vandalizar est\u00e1tua de Jesus no L\u00edbano - Portal Tela Portugal\",\"isPartOf\":{\"@id\":\"https:\/\/portaltela.pt\/#website\"},\"primaryImageOfPage\":{\"@id\":\"https:\/\/portaltela.pt\/noticias\/2026\/04\/20\/netanyahu-condena-soldado-das-fdi-por-vandalizar-estatua-de-jesus-no-libano\/#primaryimage\"},\"image\":{\"@id\":\"https:\/\/portaltela.pt\/noticias\/2026\/04\/20\/netanyahu-condena-soldado-das-fdi-por-vandalizar-estatua-de-jesus-no-libano\/#primaryimage\"},\"thumbnailUrl\":\"https:\/\/portaltela.pt\/s.01k8rhncp4jt1\/2026\/04\/1536x864_cmsv2_ca3091ad-3672-5b21-9bed-dc7a7418c0fb-9728471.jpg\",\"datePublished\":\"2026-04-20T17:03:28+00:00\",\"author\":{\"@id\":\"https:\/\/portaltela.pt\/#\/schema\/person\/c4278d4a6028830caff9ee44b42d32ed\"},\"breadcrumb\":{\"@id\":\"https:\/\/portaltela.pt\/noticias\/2026\/04\/20\/netanyahu-condena-soldado-das-fdi-por-vandalizar-estatua-de-jesus-no-libano\/#breadcrumb\"},\"inLanguage\":\"pt-PT\",\"potentialAction\":[{\"@type\":\"ReadAction\",\"target\":[\"https:\/\/portaltela.pt\/noticias\/2026\/04\/20\/netanyahu-condena-soldado-das-fdi-por-vandalizar-estatua-de-jesus-no-libano\/\"]}]},{\"@type\":\"ImageObject\",\"inLanguage\":\"pt-PT\",\"@id\":\"https:\/\/portaltela.pt\/noticias\/2026\/04\/20\/netanyahu-condena-soldado-das-fdi-por-vandalizar-estatua-de-jesus-no-libano\/#primaryimage\",\"url\":\"https:\/\/portaltela.pt\/s.01k8rhncp4jt1\/2026\/04\/1536x864_cmsv2_ca3091ad-3672-5b21-9bed-dc7a7418c0fb-9728471.jpg\",\"contentUrl\":\"https:\/\/portaltela.pt\/s.01k8rhncp4jt1\/2026\/04\/1536x864_cmsv2_ca3091ad-3672-5b21-9bed-dc7a7418c0fb-9728471.jpg\",\"width\":1536,\"height\":864,\"caption\":\"Imagem de um soldado das FDI a profanar uma est\u00e1tua de Jesus no Sul do L\u00edbano\"},{\"@type\":\"BreadcrumbList\",\"@id\":\"https:\/\/portaltela.pt\/noticias\/2026\/04\/20\/netanyahu-condena-soldado-das-fdi-por-vandalizar-estatua-de-jesus-no-libano\/#breadcrumb\",\"itemListElement\":[{\"@type\":\"ListItem\",\"position\":1,\"name\":\"In\u00edcio\",\"item\":\"https:\/\/portaltela.pt\/\"},{\"@type\":\"ListItem\",\"position\":2,\"name\":\"Netanyahu condena soldado das FDI por vandalizar est\u00e1tua de Jesus no L\u00edbano\"}]},{\"@type\":\"WebSite\",\"@id\":\"https:\/\/portaltela.pt\/#website\",\"url\":\"https:\/\/portaltela.pt\/\",\"name\":\"Portal Tela Portugal\",\"description\":\"\",\"potentialAction\":[{\"@type\":\"SearchAction\",\"target\":{\"@type\":\"EntryPoint\",\"urlTemplate\":\"https:\/\/portaltela.pt\/?s={search_term_string}\"},\"query-input\":{\"@type\":\"PropertyValueSpecification\",\"valueRequired\":true,\"valueName\":\"search_term_string\"}}],\"inLanguage\":\"pt-PT\"},{\"@type\":\"Person\",\"@id\":\"https:\/\/portaltela.pt\/#\/schema\/person\/c4278d4a6028830caff9ee44b42d32ed\",\"name\":\"Telinha\",\"image\":{\"@type\":\"ImageObject\",\"inLanguage\":\"pt-PT\",\"@id\":\"https:\/\/portaltela.pt\/s.01k8rhncp4jt1\/2025\/11\/talking-bot-125x125.png\",\"url\":\"https:\/\/portaltela.pt\/s.01k8rhncp4jt1\/2025\/11\/talking-bot-125x125.png\",\"contentUrl\":\"https:\/\/portaltela.pt\/s.01k8rhncp4jt1\/2025\/11\/talking-bot-125x125.png\",\"caption\":\"Telinha\"},\"sameAs\":[\"https:\/\/portaltela.pt\/\"],\"url\":\"https:\/\/portaltela.pt\/por\/367410592786\/\"}]}<\/script>\n<!-- \/ Yoast SEO plugin. -->","yoast_head_json":{"title":"Netanyahu condena soldado das FDI por vandalizar est\u00e1tua de Jesus no L\u00edbano - Portal Tela Portugal","robots":{"index":"index","follow":"follow","max-snippet":"max-snippet:-1","max-image-preview":"max-image-preview:large","max-video-preview":"max-video-preview:-1"},"og_locale":"pt_PT","og_type":"article","og_title":"Netanyahu condena soldado das FDI por vandalizar est\u00e1tua de Jesus no L\u00edbano - Portal Tela Portugal","og_description":"O primeiro-ministro de Israel, Benjamin Netanyahu, condenou a profana\u00e7\u00e3o de uma est\u00e1tua de Jesus por um soldado das For\u00e7as de Defesa de Israel no sul do L\u00edbano e anunciou investiga\u00e7\u00e3o criminal. A fotografia do incidente, que mostra o suposto ataque ao rosto da est\u00e1tua, foi partilhada nas redes sociais e as autoridades israelitas confirmaram a sua autenticidade. O epis\u00f3dio ocorreu na aldeia crist\u00e3 de Debel, a cerca de seis quil\u00f3metros da fronteira entre o L\u00edbano e Israel. Netanyahu disse que Israel, como Estado judeu, valoriza a toler\u00e2ncia e o respeito entre religi\u00f5es; o embaixador dos Estados Unidos em Israel tamb\u00e9m condenou o ato. O incidente ocorre num contexto de tens\u00f5es entre Israel e o L\u00edbano e com o Hezbollah, num cessar-fogo fr\u00e1gil e num conflito regional mais amplo.","og_url":"https:\/\/portaltela.pt\/noticias\/2026\/04\/20\/netanyahu-condena-soldado-das-fdi-por-vandalizar-estatua-de-jesus-no-libano\/","og_site_name":"Portal Tela Portugal","article_published_time":"2026-04-20T17:03:28+00:00","author":"Telinha","twitter_card":"summary_large_image","twitter_misc":{"Escrito por":"Telinha","Tempo estimado de leitura":"2 minutos"},"schema":{"@context":"https:\/\/schema.org","@graph":[{"@type":"Article","@id":"https:\/\/portaltela.pt\/noticias\/2026\/04\/20\/netanyahu-condena-soldado-das-fdi-por-vandalizar-estatua-de-jesus-no-libano\/#article","isPartOf":{"@id":"https:\/\/portaltela.pt\/noticias\/2026\/04\/20\/netanyahu-condena-soldado-das-fdi-por-vandalizar-estatua-de-jesus-no-libano\/"},"author":{"name":"Telinha","@id":"https:\/\/portaltela.pt\/#\/schema\/person\/c4278d4a6028830caff9ee44b42d32ed"},"headline":"Netanyahu condena soldado das FDI por vandalizar est\u00e1tua de Jesus no L\u00edbano","datePublished":"2026-04-20T17:03:28+00:00","mainEntityOfPage":{"@id":"https:\/\/portaltela.pt\/noticias\/2026\/04\/20\/netanyahu-condena-soldado-das-fdi-por-vandalizar-estatua-de-jesus-no-libano\/"},"wordCount":379,"image":{"@id":"https:\/\/portaltela.pt\/noticias\/2026\/04\/20\/netanyahu-condena-soldado-das-fdi-por-vandalizar-estatua-de-jesus-no-libano\/#primaryimage"},"thumbnailUrl":"https:\/\/portaltela.pt\/s.01k8rhncp4jt1\/2026\/04\/1536x864_cmsv2_ca3091ad-3672-5b21-9bed-dc7a7418c0fb-9728471.jpg","keywords":["_conflitos internacionais","_cristianismo","_Israel","_L\u00edbano","_pol\u00edtica","_religi\u00e3o"],"articleSection":["Internacionais"],"inLanguage":"pt-PT"},{"@type":"WebPage","@id":"https:\/\/portaltela.pt\/noticias\/2026\/04\/20\/netanyahu-condena-soldado-das-fdi-por-vandalizar-estatua-de-jesus-no-libano\/","url":"https:\/\/portaltela.pt\/noticias\/2026\/04\/20\/netanyahu-condena-soldado-das-fdi-por-vandalizar-estatua-de-jesus-no-libano\/","name":"Netanyahu condena soldado das FDI por vandalizar est\u00e1tua de Jesus no L\u00edbano - Portal Tela Portugal","isPartOf":{"@id":"https:\/\/portaltela.pt\/#website"},"primaryImageOfPage":{"@id":"https:\/\/portaltela.pt\/noticias\/2026\/04\/20\/netanyahu-condena-soldado-das-fdi-por-vandalizar-estatua-de-jesus-no-libano\/#primaryimage"},"image":{"@id":"https:\/\/portaltela.pt\/noticias\/2026\/04\/20\/netanyahu-condena-soldado-das-fdi-por-vandalizar-estatua-de-jesus-no-libano\/#primaryimage"},"thumbnailUrl":"https:\/\/portaltela.pt\/s.01k8rhncp4jt1\/2026\/04\/1536x864_cmsv2_ca3091ad-3672-5b21-9bed-dc7a7418c0fb-9728471.jpg","datePublished":"2026-04-20T17:03:28+00:00","author":{"@id":"https:\/\/portaltela.pt\/#\/schema\/person\/c4278d4a6028830caff9ee44b42d32ed"},"breadcrumb":{"@id":"https:\/\/portaltela.pt\/noticias\/2026\/04\/20\/netanyahu-condena-soldado-das-fdi-por-vandalizar-estatua-de-jesus-no-libano\/#breadcrumb"},"inLanguage":"pt-PT","potentialAction":[{"@type":"ReadAction","target":["https:\/\/portaltela.pt\/noticias\/2026\/04\/20\/netanyahu-condena-soldado-das-fdi-por-vandalizar-estatua-de-jesus-no-libano\/"]}]},{"@type":"ImageObject","inLanguage":"pt-PT","@id":"https:\/\/portaltela.pt\/noticias\/2026\/04\/20\/netanyahu-condena-soldado-das-fdi-por-vandalizar-estatua-de-jesus-no-libano\/#primaryimage","url":"https:\/\/portaltela.pt\/s.01k8rhncp4jt1\/2026\/04\/1536x864_cmsv2_ca3091ad-3672-5b21-9bed-dc7a7418c0fb-9728471.jpg","contentUrl":"https:\/\/portaltela.pt\/s.01k8rhncp4jt1\/2026\/04\/1536x864_cmsv2_ca3091ad-3672-5b21-9bed-dc7a7418c0fb-9728471.jpg","width":1536,"height":864,"caption":"Imagem de um soldado das FDI a profanar uma est\u00e1tua de Jesus no Sul do L\u00edbano"},{"@type":"BreadcrumbList","@id":"https:\/\/portaltela.pt\/noticias\/2026\/04\/20\/netanyahu-condena-soldado-das-fdi-por-vandalizar-estatua-de-jesus-no-libano\/#breadcrumb","itemListElement":[{"@type":"ListItem","position":1,"name":"In\u00edcio","item":"https:\/\/portaltela.pt\/"},{"@type":"ListItem","position":2,"name":"Netanyahu condena soldado das FDI por vandalizar est\u00e1tua de Jesus no L\u00edbano"}]},{"@type":"WebSite","@id":"https:\/\/portaltela.pt\/#website","url":"https:\/\/portaltela.pt\/","name":"Portal Tela Portugal","description":"","potentialAction":[{"@type":"SearchAction","target":{"@type":"EntryPoint","urlTemplate":"https:\/\/portaltela.pt\/?s={search_term_string}"},"query-input":{"@type":"PropertyValueSpecification","valueRequired":true,"valueName":"search_term_string"}}],"inLanguage":"pt-PT"},{"@type":"Person","@id":"https:\/\/portaltela.pt\/#\/schema\/person\/c4278d4a6028830caff9ee44b42d32ed","name":"Telinha","image":{"@type":"ImageObject","inLanguage":"pt-PT","@id":"https:\/\/portaltela.pt\/s.01k8rhncp4jt1\/2025\/11\/talking-bot-125x125.png","url":"https:\/\/portaltela.pt\/s.01k8rhncp4jt1\/2025\/11\/talking-bot-125x125.png","contentUrl":"https:\/\/portaltela.pt\/s.01k8rhncp4jt1\/2025\/11\/talking-bot-125x125.png","caption":"Telinha"},"sameAs":["https:\/\/portaltela.pt\/"],"url":"https:\/\/portaltela.pt\/por\/367410592786\/"}]}},"_links":{"self":[{"href":"https:\/\/portaltela.pt\/api\/wp\/v2\/posts\/451622","targetHints":{"allow":["GET"]}}],"collection":[{"href":"https:\/\/portaltela.pt\/api\/wp\/v2\/posts"}],"about":[{"href":"https:\/\/portaltela.pt\/api\/wp\/v2\/types\/post"}],"author":[{"embeddable":true,"href":"https:\/\/portaltela.pt\/api\/wp\/v2\/users\/2"}],"replies":[{"embeddable":true,"href":"https:\/\/portaltela.pt\/api\/wp\/v2\/comments?post=451622"}],"version-history":[{"count":0,"href":"https:\/\/portaltela.pt\/api\/wp\/v2\/posts\/451622\/revisions"}],"wp:featuredmedia":[{"embeddable":true,"href":"https:\/\/portaltela.pt\/api\/wp\/v2\/media\/451633"}],"wp:attachment":[{"href":"https:\/\/portaltela.pt\/api\/wp\/v2\/media?parent=451622"}],"wp:term":[{"taxonomy":"category","embeddable":true,"href":"https:\/\/portaltela.pt\/api\/wp\/v2\/categories?post=451622"},{"taxonomy":"post_tag","embeddable":true,"href":"https:\/\/portaltela.pt\/api\/wp\/v2\/tags?post=451622"}],"curies":[{"name":"wp","href":"https:\/\/api.w.org\/{rel}","templated":true}]}}