{"id":451603,"date":"2026-04-20T13:48:55","date_gmt":"2026-04-20T16:48:55","guid":{"rendered":"https:\/\/portaltela.pt\/noticias\/2026\/04\/20\/jose-mourinho-visita-treino-da-equipa-b-do-benfica-apos-derbi-vitorioso\/"},"modified":"2026-04-20T13:48:55","modified_gmt":"2026-04-20T16:48:55","slug":"jose-mourinho-visita-treino-da-equipa-b-do-benfica-apos-derbi-vitorioso","status":"publish","type":"post","link":"https:\/\/portaltela.pt\/desporto\/futebol\/2026\/04\/20\/jose-mourinho-visita-treino-da-equipa-b-do-benfica-apos-derbi-vitorioso\/","title":{"rendered":"Jos\u00e9 Mourinho visita treino da equipa B do Benfica ap\u00f3s d\u00e9rbi vitorioso"},"content":{"rendered":"<p>Jos\u00e9 Mourinho visitou o treino da equipa B do Benfica no Seixal, durante uma folga do plantel principal. O treinador esteve presente poucas horas ap\u00f3s o Benfica vencer o d\u00e9rbi de Lisboa em Alvalade e ascender ao 2.\u00ba lugar da Betclic.<\/p>\n<p>O t\u00e9cnico assistiu a parte dos trabalhos e manteve conversa com N\u00e9lson Ver\u00edssimo, treinador da equipa B. O encontro decorreu em ambiente descontra\u00eddo, com cumprimentos a v\u00e1rios jogadores.<\/p>\n<p>Entre os cumprimentos estiveram sauda\u00e7\u00f5es a jogadores que costumam trabalhar com a equipa principal, como Daniel Banjaqui, segundo apurou a reportagem. A presen\u00e7a de Mourinho n\u00e3o foi anunciada pelo clube.<\/p>\n","protected":false},"excerpt":{"rendered":"<ul>\n<li>Jos\u00e9 Mourinho visitou o treino da equipa B do Benfica, em dia de folga do plantel principal.<\/li>\n<li>O encontro ocorreu horas depois de o Benfica vencer o d\u00e9rbi de Alvalade e subir ao 2.\u00ba lugar da Betclic.<\/li>\n<li>O t\u00e9cnico das \u00e1guias manteve conversa com N\u00e9lson Ver\u00edssimo, treinador da equipa secund\u00e1ria.<\/li>\n<li>Mourinho cumprimentou v\u00e1rios jogadores, incluindo Daniel Banjaqui, que j\u00e1 trabalha com a equipa principal.<\/li>\n<\/ul>\n","protected":false},"author":2,"featured_media":451609,"comment_status":"closed","ping_status":"closed","sticky":false,"template":"","format":"standard","meta":{"footnotes":""},"categories":[21,24],"tags":[4175,1946,3972,2138,9194,1064],"class_list":["post-451603","post","type-post","status-publish","format-standard","has-post-thumbnail","hentry","category-desporto","category-futebol","tag-2-a-liga","tag-benfica","tag-benfica-sad","tag-jose-mourinho","tag-nelson-verissimo","tag-seixal"],"yoast_head":"<!-- This site is optimized with the Yoast SEO plugin v27.2 - https:\/\/yoast.com\/product\/yoast-seo-wordpress\/ -->\n<title>Jos\u00e9 Mourinho visita treino da equipa B do Benfica ap\u00f3s d\u00e9rbi vitorioso - Portal Tela Portugal<\/title>\n<meta name=\"robots\" content=\"index, follow, max-snippet:-1, max-image-preview:large, max-video-preview:-1\" \/>\n<meta property=\"og:locale\" content=\"pt_PT\" \/>\n<meta property=\"og:type\" content=\"article\" \/>\n<meta property=\"og:title\" content=\"Jos\u00e9 Mourinho visita treino da equipa B do Benfica ap\u00f3s d\u00e9rbi vitorioso - Portal Tela Portugal\" \/>\n<meta property=\"og:description\" content=\"Jos\u00e9 Mourinho visitou o treino da equipa B do Benfica, em dia de folga do plantel principal. O encontro ocorreu horas depois de o Benfica vencer o d\u00e9rbi de Alvalade e subir ao 2.\u00ba lugar da Betclic. O t\u00e9cnico das \u00e1guias manteve conversa com N\u00e9lson Ver\u00edssimo, treinador da equipa secund\u00e1ria. Mourinho cumprimentou v\u00e1rios jogadores, incluindo Daniel Banjaqui, que j\u00e1 trabalha com a equipa principal.\" \/>\n<meta property=\"og:url\" content=\"https:\/\/portaltela.pt\/noticias\/2026\/04\/20\/jose-mourinho-visita-treino-da-equipa-b-do-benfica-apos-derbi-vitorioso\/\" \/>\n<meta property=\"og:site_name\" content=\"Portal Tela Portugal\" \/>\n<meta property=\"article:published_time\" content=\"2026-04-20T16:48:55+00:00\" \/>\n<meta name=\"author\" content=\"Telinha\" \/>\n<meta name=\"twitter:card\" content=\"summary_large_image\" \/>\n<meta name=\"twitter:label1\" content=\"Escrito por\" \/>\n\t<meta name=\"twitter:data1\" content=\"Telinha\" \/>\n\t<meta name=\"twitter:label2\" content=\"Tempo estimado de leitura\" \/>\n\t<meta name=\"twitter:data2\" content=\"1 minuto\" \/>\n<script type=\"application\/ld+json\" class=\"yoast-schema-graph\">{\"@context\":\"https:\/\/schema.org\",\"@graph\":[{\"@type\":\"Article\",\"@id\":\"https:\/\/portaltela.pt\/noticias\/2026\/04\/20\/jose-mourinho-visita-treino-da-equipa-b-do-benfica-apos-derbi-vitorioso\/#article\",\"isPartOf\":{\"@id\":\"https:\/\/portaltela.pt\/noticias\/2026\/04\/20\/jose-mourinho-visita-treino-da-equipa-b-do-benfica-apos-derbi-vitorioso\/\"},\"author\":{\"name\":\"Telinha\",\"@id\":\"https:\/\/portaltela.pt\/#\/schema\/person\/c4278d4a6028830caff9ee44b42d32ed\"},\"headline\":\"Jos\u00e9 Mourinho visita treino da equipa B do Benfica ap\u00f3s d\u00e9rbi vitorioso\",\"datePublished\":\"2026-04-20T16:48:55+00:00\",\"mainEntityOfPage\":{\"@id\":\"https:\/\/portaltela.pt\/noticias\/2026\/04\/20\/jose-mourinho-visita-treino-da-equipa-b-do-benfica-apos-derbi-vitorioso\/\"},\"wordCount\":122,\"image\":{\"@id\":\"https:\/\/portaltela.pt\/noticias\/2026\/04\/20\/jose-mourinho-visita-treino-da-equipa-b-do-benfica-apos-derbi-vitorioso\/#primaryimage\"},\"thumbnailUrl\":\"https:\/\/portaltela.pt\/s.01k8rhncp4jt1\/2026\/04\/img_1200x721uu2026-04-20-17-40-31-2434292-im-639123036631023965.png\",\"keywords\":[\"2.\u00aa Liga\",\"Benfica\",\"Benfica SAD\",\"Jos\u00e9 Mourinho\",\"N\u00e9lson Ver\u00edssimo\",\"Seixal\"],\"articleSection\":[\"Desporto\",\"Futebol\"],\"inLanguage\":\"pt-PT\"},{\"@type\":\"WebPage\",\"@id\":\"https:\/\/portaltela.pt\/noticias\/2026\/04\/20\/jose-mourinho-visita-treino-da-equipa-b-do-benfica-apos-derbi-vitorioso\/\",\"url\":\"https:\/\/portaltela.pt\/noticias\/2026\/04\/20\/jose-mourinho-visita-treino-da-equipa-b-do-benfica-apos-derbi-vitorioso\/\",\"name\":\"Jos\u00e9 Mourinho visita treino da equipa B do Benfica ap\u00f3s d\u00e9rbi vitorioso - Portal Tela Portugal\",\"isPartOf\":{\"@id\":\"https:\/\/portaltela.pt\/#website\"},\"primaryImageOfPage\":{\"@id\":\"https:\/\/portaltela.pt\/noticias\/2026\/04\/20\/jose-mourinho-visita-treino-da-equipa-b-do-benfica-apos-derbi-vitorioso\/#primaryimage\"},\"image\":{\"@id\":\"https:\/\/portaltela.pt\/noticias\/2026\/04\/20\/jose-mourinho-visita-treino-da-equipa-b-do-benfica-apos-derbi-vitorioso\/#primaryimage\"},\"thumbnailUrl\":\"https:\/\/portaltela.pt\/s.01k8rhncp4jt1\/2026\/04\/img_1200x721uu2026-04-20-17-40-31-2434292-im-639123036631023965.png\",\"datePublished\":\"2026-04-20T16:48:55+00:00\",\"author\":{\"@id\":\"https:\/\/portaltela.pt\/#\/schema\/person\/c4278d4a6028830caff9ee44b42d32ed\"},\"breadcrumb\":{\"@id\":\"https:\/\/portaltela.pt\/noticias\/2026\/04\/20\/jose-mourinho-visita-treino-da-equipa-b-do-benfica-apos-derbi-vitorioso\/#breadcrumb\"},\"inLanguage\":\"pt-PT\",\"potentialAction\":[{\"@type\":\"ReadAction\",\"target\":[\"https:\/\/portaltela.pt\/noticias\/2026\/04\/20\/jose-mourinho-visita-treino-da-equipa-b-do-benfica-apos-derbi-vitorioso\/\"]}]},{\"@type\":\"ImageObject\",\"inLanguage\":\"pt-PT\",\"@id\":\"https:\/\/portaltela.pt\/noticias\/2026\/04\/20\/jose-mourinho-visita-treino-da-equipa-b-do-benfica-apos-derbi-vitorioso\/#primaryimage\",\"url\":\"https:\/\/portaltela.pt\/s.01k8rhncp4jt1\/2026\/04\/img_1200x721uu2026-04-20-17-40-31-2434292-im-639123036631023965.png\",\"contentUrl\":\"https:\/\/portaltela.pt\/s.01k8rhncp4jt1\/2026\/04\/img_1200x721uu2026-04-20-17-40-31-2434292-im-639123036631023965.png\",\"width\":1200,\"height\":721,\"caption\":\"Jos\u00e9 Mourinho \u00e0 conversa com N\u00e9lson Ver\u00edssimo\"},{\"@type\":\"BreadcrumbList\",\"@id\":\"https:\/\/portaltela.pt\/noticias\/2026\/04\/20\/jose-mourinho-visita-treino-da-equipa-b-do-benfica-apos-derbi-vitorioso\/#breadcrumb\",\"itemListElement\":[{\"@type\":\"ListItem\",\"position\":1,\"name\":\"In\u00edcio\",\"item\":\"https:\/\/portaltela.pt\/\"},{\"@type\":\"ListItem\",\"position\":2,\"name\":\"Jos\u00e9 Mourinho visita treino da equipa B do Benfica ap\u00f3s d\u00e9rbi vitorioso\"}]},{\"@type\":\"WebSite\",\"@id\":\"https:\/\/portaltela.pt\/#website\",\"url\":\"https:\/\/portaltela.pt\/\",\"name\":\"Portal Tela Portugal\",\"description\":\"\",\"potentialAction\":[{\"@type\":\"SearchAction\",\"target\":{\"@type\":\"EntryPoint\",\"urlTemplate\":\"https:\/\/portaltela.pt\/?s={search_term_string}\"},\"query-input\":{\"@type\":\"PropertyValueSpecification\",\"valueRequired\":true,\"valueName\":\"search_term_string\"}}],\"inLanguage\":\"pt-PT\"},{\"@type\":\"Person\",\"@id\":\"https:\/\/portaltela.pt\/#\/schema\/person\/c4278d4a6028830caff9ee44b42d32ed\",\"name\":\"Telinha\",\"image\":{\"@type\":\"ImageObject\",\"inLanguage\":\"pt-PT\",\"@id\":\"https:\/\/portaltela.pt\/s.01k8rhncp4jt1\/2025\/11\/talking-bot-125x125.png\",\"url\":\"https:\/\/portaltela.pt\/s.01k8rhncp4jt1\/2025\/11\/talking-bot-125x125.png\",\"contentUrl\":\"https:\/\/portaltela.pt\/s.01k8rhncp4jt1\/2025\/11\/talking-bot-125x125.png\",\"caption\":\"Telinha\"},\"sameAs\":[\"https:\/\/portaltela.pt\/\"],\"url\":\"https:\/\/portaltela.pt\/por\/367410592786\/\"}]}<\/script>\n<!-- \/ Yoast SEO plugin. -->","yoast_head_json":{"title":"Jos\u00e9 Mourinho visita treino da equipa B do Benfica ap\u00f3s d\u00e9rbi vitorioso - Portal Tela Portugal","robots":{"index":"index","follow":"follow","max-snippet":"max-snippet:-1","max-image-preview":"max-image-preview:large","max-video-preview":"max-video-preview:-1"},"og_locale":"pt_PT","og_type":"article","og_title":"Jos\u00e9 Mourinho visita treino da equipa B do Benfica ap\u00f3s d\u00e9rbi vitorioso - Portal Tela Portugal","og_description":"Jos\u00e9 Mourinho visitou o treino da equipa B do Benfica, em dia de folga do plantel principal. O encontro ocorreu horas depois de o Benfica vencer o d\u00e9rbi de Alvalade e subir ao 2.\u00ba lugar da Betclic. O t\u00e9cnico das \u00e1guias manteve conversa com N\u00e9lson Ver\u00edssimo, treinador da equipa secund\u00e1ria. Mourinho cumprimentou v\u00e1rios jogadores, incluindo Daniel Banjaqui, que j\u00e1 trabalha com a equipa principal.","og_url":"https:\/\/portaltela.pt\/noticias\/2026\/04\/20\/jose-mourinho-visita-treino-da-equipa-b-do-benfica-apos-derbi-vitorioso\/","og_site_name":"Portal Tela Portugal","article_published_time":"2026-04-20T16:48:55+00:00","author":"Telinha","twitter_card":"summary_large_image","twitter_misc":{"Escrito por":"Telinha","Tempo estimado de leitura":"1 minuto"},"schema":{"@context":"https:\/\/schema.org","@graph":[{"@type":"Article","@id":"https:\/\/portaltela.pt\/noticias\/2026\/04\/20\/jose-mourinho-visita-treino-da-equipa-b-do-benfica-apos-derbi-vitorioso\/#article","isPartOf":{"@id":"https:\/\/portaltela.pt\/noticias\/2026\/04\/20\/jose-mourinho-visita-treino-da-equipa-b-do-benfica-apos-derbi-vitorioso\/"},"author":{"name":"Telinha","@id":"https:\/\/portaltela.pt\/#\/schema\/person\/c4278d4a6028830caff9ee44b42d32ed"},"headline":"Jos\u00e9 Mourinho visita treino da equipa B do Benfica ap\u00f3s d\u00e9rbi vitorioso","datePublished":"2026-04-20T16:48:55+00:00","mainEntityOfPage":{"@id":"https:\/\/portaltela.pt\/noticias\/2026\/04\/20\/jose-mourinho-visita-treino-da-equipa-b-do-benfica-apos-derbi-vitorioso\/"},"wordCount":122,"image":{"@id":"https:\/\/portaltela.pt\/noticias\/2026\/04\/20\/jose-mourinho-visita-treino-da-equipa-b-do-benfica-apos-derbi-vitorioso\/#primaryimage"},"thumbnailUrl":"https:\/\/portaltela.pt\/s.01k8rhncp4jt1\/2026\/04\/img_1200x721uu2026-04-20-17-40-31-2434292-im-639123036631023965.png","keywords":["2.\u00aa Liga","Benfica","Benfica SAD","Jos\u00e9 Mourinho","N\u00e9lson Ver\u00edssimo","Seixal"],"articleSection":["Desporto","Futebol"],"inLanguage":"pt-PT"},{"@type":"WebPage","@id":"https:\/\/portaltela.pt\/noticias\/2026\/04\/20\/jose-mourinho-visita-treino-da-equipa-b-do-benfica-apos-derbi-vitorioso\/","url":"https:\/\/portaltela.pt\/noticias\/2026\/04\/20\/jose-mourinho-visita-treino-da-equipa-b-do-benfica-apos-derbi-vitorioso\/","name":"Jos\u00e9 Mourinho visita treino da equipa B do Benfica ap\u00f3s d\u00e9rbi vitorioso - Portal Tela Portugal","isPartOf":{"@id":"https:\/\/portaltela.pt\/#website"},"primaryImageOfPage":{"@id":"https:\/\/portaltela.pt\/noticias\/2026\/04\/20\/jose-mourinho-visita-treino-da-equipa-b-do-benfica-apos-derbi-vitorioso\/#primaryimage"},"image":{"@id":"https:\/\/portaltela.pt\/noticias\/2026\/04\/20\/jose-mourinho-visita-treino-da-equipa-b-do-benfica-apos-derbi-vitorioso\/#primaryimage"},"thumbnailUrl":"https:\/\/portaltela.pt\/s.01k8rhncp4jt1\/2026\/04\/img_1200x721uu2026-04-20-17-40-31-2434292-im-639123036631023965.png","datePublished":"2026-04-20T16:48:55+00:00","author":{"@id":"https:\/\/portaltela.pt\/#\/schema\/person\/c4278d4a6028830caff9ee44b42d32ed"},"breadcrumb":{"@id":"https:\/\/portaltela.pt\/noticias\/2026\/04\/20\/jose-mourinho-visita-treino-da-equipa-b-do-benfica-apos-derbi-vitorioso\/#breadcrumb"},"inLanguage":"pt-PT","potentialAction":[{"@type":"ReadAction","target":["https:\/\/portaltela.pt\/noticias\/2026\/04\/20\/jose-mourinho-visita-treino-da-equipa-b-do-benfica-apos-derbi-vitorioso\/"]}]},{"@type":"ImageObject","inLanguage":"pt-PT","@id":"https:\/\/portaltela.pt\/noticias\/2026\/04\/20\/jose-mourinho-visita-treino-da-equipa-b-do-benfica-apos-derbi-vitorioso\/#primaryimage","url":"https:\/\/portaltela.pt\/s.01k8rhncp4jt1\/2026\/04\/img_1200x721uu2026-04-20-17-40-31-2434292-im-639123036631023965.png","contentUrl":"https:\/\/portaltela.pt\/s.01k8rhncp4jt1\/2026\/04\/img_1200x721uu2026-04-20-17-40-31-2434292-im-639123036631023965.png","width":1200,"height":721,"caption":"Jos\u00e9 Mourinho \u00e0 conversa com N\u00e9lson Ver\u00edssimo"},{"@type":"BreadcrumbList","@id":"https:\/\/portaltela.pt\/noticias\/2026\/04\/20\/jose-mourinho-visita-treino-da-equipa-b-do-benfica-apos-derbi-vitorioso\/#breadcrumb","itemListElement":[{"@type":"ListItem","position":1,"name":"In\u00edcio","item":"https:\/\/portaltela.pt\/"},{"@type":"ListItem","position":2,"name":"Jos\u00e9 Mourinho visita treino da equipa B do Benfica ap\u00f3s d\u00e9rbi vitorioso"}]},{"@type":"WebSite","@id":"https:\/\/portaltela.pt\/#website","url":"https:\/\/portaltela.pt\/","name":"Portal Tela Portugal","description":"","potentialAction":[{"@type":"SearchAction","target":{"@type":"EntryPoint","urlTemplate":"https:\/\/portaltela.pt\/?s={search_term_string}"},"query-input":{"@type":"PropertyValueSpecification","valueRequired":true,"valueName":"search_term_string"}}],"inLanguage":"pt-PT"},{"@type":"Person","@id":"https:\/\/portaltela.pt\/#\/schema\/person\/c4278d4a6028830caff9ee44b42d32ed","name":"Telinha","image":{"@type":"ImageObject","inLanguage":"pt-PT","@id":"https:\/\/portaltela.pt\/s.01k8rhncp4jt1\/2025\/11\/talking-bot-125x125.png","url":"https:\/\/portaltela.pt\/s.01k8rhncp4jt1\/2025\/11\/talking-bot-125x125.png","contentUrl":"https:\/\/portaltela.pt\/s.01k8rhncp4jt1\/2025\/11\/talking-bot-125x125.png","caption":"Telinha"},"sameAs":["https:\/\/portaltela.pt\/"],"url":"https:\/\/portaltela.pt\/por\/367410592786\/"}]}},"_links":{"self":[{"href":"https:\/\/portaltela.pt\/api\/wp\/v2\/posts\/451603","targetHints":{"allow":["GET"]}}],"collection":[{"href":"https:\/\/portaltela.pt\/api\/wp\/v2\/posts"}],"about":[{"href":"https:\/\/portaltela.pt\/api\/wp\/v2\/types\/post"}],"author":[{"embeddable":true,"href":"https:\/\/portaltela.pt\/api\/wp\/v2\/users\/2"}],"replies":[{"embeddable":true,"href":"https:\/\/portaltela.pt\/api\/wp\/v2\/comments?post=451603"}],"version-history":[{"count":0,"href":"https:\/\/portaltela.pt\/api\/wp\/v2\/posts\/451603\/revisions"}],"wp:featuredmedia":[{"embeddable":true,"href":"https:\/\/portaltela.pt\/api\/wp\/v2\/media\/451609"}],"wp:attachment":[{"href":"https:\/\/portaltela.pt\/api\/wp\/v2\/media?parent=451603"}],"wp:term":[{"taxonomy":"category","embeddable":true,"href":"https:\/\/portaltela.pt\/api\/wp\/v2\/categories?post=451603"},{"taxonomy":"post_tag","embeddable":true,"href":"https:\/\/portaltela.pt\/api\/wp\/v2\/tags?post=451603"}],"curies":[{"name":"wp","href":"https:\/\/api.w.org\/{rel}","templated":true}]}}