{"id":451593,"date":"2026-04-20T13:48:49","date_gmt":"2026-04-20T16:48:49","guid":{"rendered":"https:\/\/portaltela.pt\/noticias\/2026\/04\/20\/magyar-condiciona-fim-do-veto-ao-emprestimo-da-ue-com-retoma-fornecimento-druzhba\/"},"modified":"2026-04-20T13:48:49","modified_gmt":"2026-04-20T16:48:49","slug":"magyar-condiciona-fim-do-veto-ao-emprestimo-da-ue-com-retoma-fornecimento-druzhba","status":"publish","type":"post","link":"https:\/\/portaltela.pt\/politica-internacional\/2026\/04\/20\/magyar-condiciona-fim-do-veto-ao-emprestimo-da-ue-com-retoma-fornecimento-druzhba\/","title":{"rendered":"Magyar condiciona fim do veto ao empr\u00e9stimo da UE com retoma fornecimento Druzhba"},"content":{"rendered":"<p>P\u00e9ter Magyar, futuro primeiro-ministro da Hungria, condicionou na segunda-feira a retirada do veto de Budapeste ao empr\u00e9stimo de 90 mil milh\u00f5es de euros da UE \u00e0 Ucr\u00e2nia \u00e0 retoma do fornecimento pelo oleoduto Druzhba. A condi\u00e7\u00e3o passa pela reativa\u00e7\u00e3o do fornecimento atrav\u00e9s da rota que liga a R\u00fassia \u00e0 Europa Central.<\/p>\n<p>O partido de Magyar, Tisza, venceu as legislativas com uma maioria de dois ter\u00e7os. O veto h\u00fangaro tem mantido o empr\u00e9stimo bloqueado desde dezembro, sob a lideran\u00e7a de Viktor Orb\u00e1n.<\/p>\n<p>A presid\u00eancia rotativa do Conselho da UE pretende aprovar o empr\u00e9stimo na quarta-feira, fechando o \u00faltimo passo do processo. Magyar descreveu o encontro com uma miss\u00e3o da Comiss\u00e3o Europeia como bom e construtivo.<\/p>\n<p>A delega\u00e7\u00e3o europeia ter\u00e1 oferecido apoio nos processos pendentes, incluindo 17 mil milh\u00f5es de euros congelados por pol\u00edticas da Hungria. O empr\u00e9stimo visa manter a Ucr\u00e2nia no esfor\u00e7o de guerra frente \u00e0 invas\u00e3o russa.<\/p>\n<p>O Druzhba continua fora de opera\u00e7\u00e3o desde final de janeiro, ap\u00f3s um ataque russo num tro\u00e7o na Ucr\u00e2nia, o que complica o abastecimento de petr\u00f3leo para a regi\u00e3o. A retirada do veto depende da retoma dos abastecimentos pela rede.<\/p>\n<p>Num evento anterior, Magyar recusou responder de forma direta sobre o veto, limitando-se a dizer que manteria di\u00e1logo com os l\u00edderes da UE. O atual impasse persiste at\u00e9 aos pr\u00f3ximos passos formais do bloco.<\/p>\n","protected":false},"excerpt":{"rendered":"<ul>\n<li>O pr\u00f3ximo primeiro-ministro da Hungria, P\u00e9ter Magyar, condicionou a retirada do veto ao empr\u00e9stimo de 90 mil milh\u00f5es de euros da Uni\u00e3o Europeia \u00e0 Ucr\u00e2nia \u00e0 retoma do fornecimento pelo oleoduto Druzhba.<\/li>\n<li>A presid\u00eancia rotativa do Conselho da UE espera aprovar o empr\u00e9stimo na quarta-feira, \u00faltimo passo para a sua concretiza\u00e7\u00e3o, apesar do veto h\u00fangaro.<\/li>\n<li>Magyar afirmou ter tido um encontro com uma miss\u00e3o da Comiss\u00e3o Europeia na semana passada, descrevendo o ambiente como bom e construtivo.<\/li>\n<li>A delega\u00e7\u00e3o europeia ofereceu ajuda \u00e0 Hungria em processos pendentes na arena europeia, incluindo 17 mil milh\u00f5es de euros congelados pela deriva autorit\u00e1ria de Orb\u00e1n.<\/li>\n<li>Magyar indicou que o veto ser\u00e1 retirado se os abastecimentos atrav\u00e9s do Druzhba forem retomados, mantendo a pedra de toque no fornecimento de petr\u00f3leo russo para a Europa Central.<\/li>\n<\/ul>\n","protected":false},"author":2,"featured_media":451596,"comment_status":"closed","ping_status":"closed","sticky":false,"template":"","format":"standard","meta":{"footnotes":""},"categories":[1,7127],"tags":[6703,174,2579,3110,2134,2055],"class_list":["post-451593","post","type-post","status-publish","format-standard","has-post-thumbnail","hentry","category-noticias","category-politica-internacional","tag-diplomacia-internacional","tag-energia","tag-hungria","tag-russia","tag-ucrania","tag-uniao-europeia"],"yoast_head":"<!-- This site is optimized with the Yoast SEO plugin v27.2 - https:\/\/yoast.com\/product\/yoast-seo-wordpress\/ -->\n<title>Magyar condiciona fim do veto ao empr\u00e9stimo da UE com retoma fornecimento Druzhba - Portal Tela Portugal<\/title>\n<meta name=\"robots\" content=\"index, follow, max-snippet:-1, max-image-preview:large, max-video-preview:-1\" \/>\n<meta property=\"og:locale\" content=\"pt_PT\" \/>\n<meta property=\"og:type\" content=\"article\" \/>\n<meta property=\"og:title\" content=\"Magyar condiciona fim do veto ao empr\u00e9stimo da UE com retoma fornecimento Druzhba - Portal Tela Portugal\" \/>\n<meta property=\"og:description\" content=\"O pr\u00f3ximo primeiro-ministro da Hungria, P\u00e9ter Magyar, condicionou a retirada do veto ao empr\u00e9stimo de 90 mil milh\u00f5es de euros da Uni\u00e3o Europeia \u00e0 Ucr\u00e2nia \u00e0 retoma do fornecimento pelo oleoduto Druzhba. A presid\u00eancia rotativa do Conselho da UE espera aprovar o empr\u00e9stimo na quarta-feira, \u00faltimo passo para a sua concretiza\u00e7\u00e3o, apesar do veto h\u00fangaro. Magyar afirmou ter tido um encontro com uma miss\u00e3o da Comiss\u00e3o Europeia na semana passada, descrevendo o ambiente como bom e construtivo. A delega\u00e7\u00e3o europeia ofereceu ajuda \u00e0 Hungria em processos pendentes na arena europeia, incluindo 17 mil milh\u00f5es de euros congelados pela deriva autorit\u00e1ria de Orb\u00e1n. Magyar indicou que o veto ser\u00e1 retirado se os abastecimentos atrav\u00e9s do Druzhba forem retomados, mantendo a pedra de toque no fornecimento de petr\u00f3leo russo para a Europa Central.\" \/>\n<meta property=\"og:url\" content=\"https:\/\/portaltela.pt\/noticias\/2026\/04\/20\/magyar-condiciona-fim-do-veto-ao-emprestimo-da-ue-com-retoma-fornecimento-druzhba\/\" \/>\n<meta property=\"og:site_name\" content=\"Portal Tela Portugal\" \/>\n<meta property=\"article:published_time\" content=\"2026-04-20T16:48:49+00:00\" \/>\n<meta name=\"author\" content=\"Telinha\" \/>\n<meta name=\"twitter:card\" content=\"summary_large_image\" \/>\n<meta name=\"twitter:label1\" content=\"Escrito por\" \/>\n\t<meta name=\"twitter:data1\" content=\"Telinha\" \/>\n\t<meta name=\"twitter:label2\" content=\"Tempo estimado de leitura\" \/>\n\t<meta name=\"twitter:data2\" content=\"1 minuto\" \/>\n<script type=\"application\/ld+json\" class=\"yoast-schema-graph\">{\"@context\":\"https:\/\/schema.org\",\"@graph\":[{\"@type\":\"Article\",\"@id\":\"https:\/\/portaltela.pt\/noticias\/2026\/04\/20\/magyar-condiciona-fim-do-veto-ao-emprestimo-da-ue-com-retoma-fornecimento-druzhba\/#article\",\"isPartOf\":{\"@id\":\"https:\/\/portaltela.pt\/noticias\/2026\/04\/20\/magyar-condiciona-fim-do-veto-ao-emprestimo-da-ue-com-retoma-fornecimento-druzhba\/\"},\"author\":{\"name\":\"Telinha\",\"@id\":\"https:\/\/portaltela.pt\/#\/schema\/person\/c4278d4a6028830caff9ee44b42d32ed\"},\"headline\":\"Magyar condiciona fim do veto ao empr\u00e9stimo da UE com retoma fornecimento Druzhba\",\"datePublished\":\"2026-04-20T16:48:49+00:00\",\"mainEntityOfPage\":{\"@id\":\"https:\/\/portaltela.pt\/noticias\/2026\/04\/20\/magyar-condiciona-fim-do-veto-ao-emprestimo-da-ue-com-retoma-fornecimento-druzhba\/\"},\"wordCount\":262,\"image\":{\"@id\":\"https:\/\/portaltela.pt\/noticias\/2026\/04\/20\/magyar-condiciona-fim-do-veto-ao-emprestimo-da-ue-com-retoma-fornecimento-druzhba\/#primaryimage\"},\"thumbnailUrl\":\"https:\/\/portaltela.pt\/s.01k8rhncp4jt1\/2026\/04\/img_1280x721uu2026-04-12-21-13-05-2278151.jpg\",\"keywords\":[\"diplomacia internacional\",\"energia\",\"Hungria\",\"R\u00fassia\",\"Ucr\u00e2nia\",\"Uni\u00e3o Europeia\"],\"articleSection\":[\"Not\u00edcias\",\"Pol\u00edtica Internacional\"],\"inLanguage\":\"pt-PT\"},{\"@type\":\"WebPage\",\"@id\":\"https:\/\/portaltela.pt\/noticias\/2026\/04\/20\/magyar-condiciona-fim-do-veto-ao-emprestimo-da-ue-com-retoma-fornecimento-druzhba\/\",\"url\":\"https:\/\/portaltela.pt\/noticias\/2026\/04\/20\/magyar-condiciona-fim-do-veto-ao-emprestimo-da-ue-com-retoma-fornecimento-druzhba\/\",\"name\":\"Magyar condiciona fim do veto ao empr\u00e9stimo da UE com retoma fornecimento Druzhba - Portal Tela Portugal\",\"isPartOf\":{\"@id\":\"https:\/\/portaltela.pt\/#website\"},\"primaryImageOfPage\":{\"@id\":\"https:\/\/portaltela.pt\/noticias\/2026\/04\/20\/magyar-condiciona-fim-do-veto-ao-emprestimo-da-ue-com-retoma-fornecimento-druzhba\/#primaryimage\"},\"image\":{\"@id\":\"https:\/\/portaltela.pt\/noticias\/2026\/04\/20\/magyar-condiciona-fim-do-veto-ao-emprestimo-da-ue-com-retoma-fornecimento-druzhba\/#primaryimage\"},\"thumbnailUrl\":\"https:\/\/portaltela.pt\/s.01k8rhncp4jt1\/2026\/04\/img_1280x721uu2026-04-12-21-13-05-2278151.jpg\",\"datePublished\":\"2026-04-20T16:48:49+00:00\",\"author\":{\"@id\":\"https:\/\/portaltela.pt\/#\/schema\/person\/c4278d4a6028830caff9ee44b42d32ed\"},\"breadcrumb\":{\"@id\":\"https:\/\/portaltela.pt\/noticias\/2026\/04\/20\/magyar-condiciona-fim-do-veto-ao-emprestimo-da-ue-com-retoma-fornecimento-druzhba\/#breadcrumb\"},\"inLanguage\":\"pt-PT\",\"potentialAction\":[{\"@type\":\"ReadAction\",\"target\":[\"https:\/\/portaltela.pt\/noticias\/2026\/04\/20\/magyar-condiciona-fim-do-veto-ao-emprestimo-da-ue-com-retoma-fornecimento-druzhba\/\"]}]},{\"@type\":\"ImageObject\",\"inLanguage\":\"pt-PT\",\"@id\":\"https:\/\/portaltela.pt\/noticias\/2026\/04\/20\/magyar-condiciona-fim-do-veto-ao-emprestimo-da-ue-com-retoma-fornecimento-druzhba\/#primaryimage\",\"url\":\"https:\/\/portaltela.pt\/s.01k8rhncp4jt1\/2026\/04\/img_1280x721uu2026-04-12-21-13-05-2278151.jpg\",\"contentUrl\":\"https:\/\/portaltela.pt\/s.01k8rhncp4jt1\/2026\/04\/img_1280x721uu2026-04-12-21-13-05-2278151.jpg\",\"width\":796,\"height\":448,\"caption\":\"P\u00e9ter Magyar\"},{\"@type\":\"BreadcrumbList\",\"@id\":\"https:\/\/portaltela.pt\/noticias\/2026\/04\/20\/magyar-condiciona-fim-do-veto-ao-emprestimo-da-ue-com-retoma-fornecimento-druzhba\/#breadcrumb\",\"itemListElement\":[{\"@type\":\"ListItem\",\"position\":1,\"name\":\"In\u00edcio\",\"item\":\"https:\/\/portaltela.pt\/\"},{\"@type\":\"ListItem\",\"position\":2,\"name\":\"Magyar condiciona fim do veto ao empr\u00e9stimo da UE com retoma fornecimento Druzhba\"}]},{\"@type\":\"WebSite\",\"@id\":\"https:\/\/portaltela.pt\/#website\",\"url\":\"https:\/\/portaltela.pt\/\",\"name\":\"Portal Tela Portugal\",\"description\":\"\",\"potentialAction\":[{\"@type\":\"SearchAction\",\"target\":{\"@type\":\"EntryPoint\",\"urlTemplate\":\"https:\/\/portaltela.pt\/?s={search_term_string}\"},\"query-input\":{\"@type\":\"PropertyValueSpecification\",\"valueRequired\":true,\"valueName\":\"search_term_string\"}}],\"inLanguage\":\"pt-PT\"},{\"@type\":\"Person\",\"@id\":\"https:\/\/portaltela.pt\/#\/schema\/person\/c4278d4a6028830caff9ee44b42d32ed\",\"name\":\"Telinha\",\"image\":{\"@type\":\"ImageObject\",\"inLanguage\":\"pt-PT\",\"@id\":\"https:\/\/portaltela.pt\/s.01k8rhncp4jt1\/2025\/11\/talking-bot-125x125.png\",\"url\":\"https:\/\/portaltela.pt\/s.01k8rhncp4jt1\/2025\/11\/talking-bot-125x125.png\",\"contentUrl\":\"https:\/\/portaltela.pt\/s.01k8rhncp4jt1\/2025\/11\/talking-bot-125x125.png\",\"caption\":\"Telinha\"},\"sameAs\":[\"https:\/\/portaltela.pt\/\"],\"url\":\"https:\/\/portaltela.pt\/por\/367410592786\/\"}]}<\/script>\n<!-- \/ Yoast SEO plugin. -->","yoast_head_json":{"title":"Magyar condiciona fim do veto ao empr\u00e9stimo da UE com retoma fornecimento Druzhba - Portal Tela Portugal","robots":{"index":"index","follow":"follow","max-snippet":"max-snippet:-1","max-image-preview":"max-image-preview:large","max-video-preview":"max-video-preview:-1"},"og_locale":"pt_PT","og_type":"article","og_title":"Magyar condiciona fim do veto ao empr\u00e9stimo da UE com retoma fornecimento Druzhba - Portal Tela Portugal","og_description":"O pr\u00f3ximo primeiro-ministro da Hungria, P\u00e9ter Magyar, condicionou a retirada do veto ao empr\u00e9stimo de 90 mil milh\u00f5es de euros da Uni\u00e3o Europeia \u00e0 Ucr\u00e2nia \u00e0 retoma do fornecimento pelo oleoduto Druzhba. A presid\u00eancia rotativa do Conselho da UE espera aprovar o empr\u00e9stimo na quarta-feira, \u00faltimo passo para a sua concretiza\u00e7\u00e3o, apesar do veto h\u00fangaro. Magyar afirmou ter tido um encontro com uma miss\u00e3o da Comiss\u00e3o Europeia na semana passada, descrevendo o ambiente como bom e construtivo. A delega\u00e7\u00e3o europeia ofereceu ajuda \u00e0 Hungria em processos pendentes na arena europeia, incluindo 17 mil milh\u00f5es de euros congelados pela deriva autorit\u00e1ria de Orb\u00e1n. Magyar indicou que o veto ser\u00e1 retirado se os abastecimentos atrav\u00e9s do Druzhba forem retomados, mantendo a pedra de toque no fornecimento de petr\u00f3leo russo para a Europa Central.","og_url":"https:\/\/portaltela.pt\/noticias\/2026\/04\/20\/magyar-condiciona-fim-do-veto-ao-emprestimo-da-ue-com-retoma-fornecimento-druzhba\/","og_site_name":"Portal Tela Portugal","article_published_time":"2026-04-20T16:48:49+00:00","author":"Telinha","twitter_card":"summary_large_image","twitter_misc":{"Escrito por":"Telinha","Tempo estimado de leitura":"1 minuto"},"schema":{"@context":"https:\/\/schema.org","@graph":[{"@type":"Article","@id":"https:\/\/portaltela.pt\/noticias\/2026\/04\/20\/magyar-condiciona-fim-do-veto-ao-emprestimo-da-ue-com-retoma-fornecimento-druzhba\/#article","isPartOf":{"@id":"https:\/\/portaltela.pt\/noticias\/2026\/04\/20\/magyar-condiciona-fim-do-veto-ao-emprestimo-da-ue-com-retoma-fornecimento-druzhba\/"},"author":{"name":"Telinha","@id":"https:\/\/portaltela.pt\/#\/schema\/person\/c4278d4a6028830caff9ee44b42d32ed"},"headline":"Magyar condiciona fim do veto ao empr\u00e9stimo da UE com retoma fornecimento Druzhba","datePublished":"2026-04-20T16:48:49+00:00","mainEntityOfPage":{"@id":"https:\/\/portaltela.pt\/noticias\/2026\/04\/20\/magyar-condiciona-fim-do-veto-ao-emprestimo-da-ue-com-retoma-fornecimento-druzhba\/"},"wordCount":262,"image":{"@id":"https:\/\/portaltela.pt\/noticias\/2026\/04\/20\/magyar-condiciona-fim-do-veto-ao-emprestimo-da-ue-com-retoma-fornecimento-druzhba\/#primaryimage"},"thumbnailUrl":"https:\/\/portaltela.pt\/s.01k8rhncp4jt1\/2026\/04\/img_1280x721uu2026-04-12-21-13-05-2278151.jpg","keywords":["diplomacia internacional","energia","Hungria","R\u00fassia","Ucr\u00e2nia","Uni\u00e3o Europeia"],"articleSection":["Not\u00edcias","Pol\u00edtica Internacional"],"inLanguage":"pt-PT"},{"@type":"WebPage","@id":"https:\/\/portaltela.pt\/noticias\/2026\/04\/20\/magyar-condiciona-fim-do-veto-ao-emprestimo-da-ue-com-retoma-fornecimento-druzhba\/","url":"https:\/\/portaltela.pt\/noticias\/2026\/04\/20\/magyar-condiciona-fim-do-veto-ao-emprestimo-da-ue-com-retoma-fornecimento-druzhba\/","name":"Magyar condiciona fim do veto ao empr\u00e9stimo da UE com retoma fornecimento Druzhba - Portal Tela Portugal","isPartOf":{"@id":"https:\/\/portaltela.pt\/#website"},"primaryImageOfPage":{"@id":"https:\/\/portaltela.pt\/noticias\/2026\/04\/20\/magyar-condiciona-fim-do-veto-ao-emprestimo-da-ue-com-retoma-fornecimento-druzhba\/#primaryimage"},"image":{"@id":"https:\/\/portaltela.pt\/noticias\/2026\/04\/20\/magyar-condiciona-fim-do-veto-ao-emprestimo-da-ue-com-retoma-fornecimento-druzhba\/#primaryimage"},"thumbnailUrl":"https:\/\/portaltela.pt\/s.01k8rhncp4jt1\/2026\/04\/img_1280x721uu2026-04-12-21-13-05-2278151.jpg","datePublished":"2026-04-20T16:48:49+00:00","author":{"@id":"https:\/\/portaltela.pt\/#\/schema\/person\/c4278d4a6028830caff9ee44b42d32ed"},"breadcrumb":{"@id":"https:\/\/portaltela.pt\/noticias\/2026\/04\/20\/magyar-condiciona-fim-do-veto-ao-emprestimo-da-ue-com-retoma-fornecimento-druzhba\/#breadcrumb"},"inLanguage":"pt-PT","potentialAction":[{"@type":"ReadAction","target":["https:\/\/portaltela.pt\/noticias\/2026\/04\/20\/magyar-condiciona-fim-do-veto-ao-emprestimo-da-ue-com-retoma-fornecimento-druzhba\/"]}]},{"@type":"ImageObject","inLanguage":"pt-PT","@id":"https:\/\/portaltela.pt\/noticias\/2026\/04\/20\/magyar-condiciona-fim-do-veto-ao-emprestimo-da-ue-com-retoma-fornecimento-druzhba\/#primaryimage","url":"https:\/\/portaltela.pt\/s.01k8rhncp4jt1\/2026\/04\/img_1280x721uu2026-04-12-21-13-05-2278151.jpg","contentUrl":"https:\/\/portaltela.pt\/s.01k8rhncp4jt1\/2026\/04\/img_1280x721uu2026-04-12-21-13-05-2278151.jpg","width":796,"height":448,"caption":"P\u00e9ter Magyar"},{"@type":"BreadcrumbList","@id":"https:\/\/portaltela.pt\/noticias\/2026\/04\/20\/magyar-condiciona-fim-do-veto-ao-emprestimo-da-ue-com-retoma-fornecimento-druzhba\/#breadcrumb","itemListElement":[{"@type":"ListItem","position":1,"name":"In\u00edcio","item":"https:\/\/portaltela.pt\/"},{"@type":"ListItem","position":2,"name":"Magyar condiciona fim do veto ao empr\u00e9stimo da UE com retoma fornecimento Druzhba"}]},{"@type":"WebSite","@id":"https:\/\/portaltela.pt\/#website","url":"https:\/\/portaltela.pt\/","name":"Portal Tela Portugal","description":"","potentialAction":[{"@type":"SearchAction","target":{"@type":"EntryPoint","urlTemplate":"https:\/\/portaltela.pt\/?s={search_term_string}"},"query-input":{"@type":"PropertyValueSpecification","valueRequired":true,"valueName":"search_term_string"}}],"inLanguage":"pt-PT"},{"@type":"Person","@id":"https:\/\/portaltela.pt\/#\/schema\/person\/c4278d4a6028830caff9ee44b42d32ed","name":"Telinha","image":{"@type":"ImageObject","inLanguage":"pt-PT","@id":"https:\/\/portaltela.pt\/s.01k8rhncp4jt1\/2025\/11\/talking-bot-125x125.png","url":"https:\/\/portaltela.pt\/s.01k8rhncp4jt1\/2025\/11\/talking-bot-125x125.png","contentUrl":"https:\/\/portaltela.pt\/s.01k8rhncp4jt1\/2025\/11\/talking-bot-125x125.png","caption":"Telinha"},"sameAs":["https:\/\/portaltela.pt\/"],"url":"https:\/\/portaltela.pt\/por\/367410592786\/"}]}},"_links":{"self":[{"href":"https:\/\/portaltela.pt\/api\/wp\/v2\/posts\/451593","targetHints":{"allow":["GET"]}}],"collection":[{"href":"https:\/\/portaltela.pt\/api\/wp\/v2\/posts"}],"about":[{"href":"https:\/\/portaltela.pt\/api\/wp\/v2\/types\/post"}],"author":[{"embeddable":true,"href":"https:\/\/portaltela.pt\/api\/wp\/v2\/users\/2"}],"replies":[{"embeddable":true,"href":"https:\/\/portaltela.pt\/api\/wp\/v2\/comments?post=451593"}],"version-history":[{"count":0,"href":"https:\/\/portaltela.pt\/api\/wp\/v2\/posts\/451593\/revisions"}],"wp:featuredmedia":[{"embeddable":true,"href":"https:\/\/portaltela.pt\/api\/wp\/v2\/media\/451596"}],"wp:attachment":[{"href":"https:\/\/portaltela.pt\/api\/wp\/v2\/media?parent=451593"}],"wp:term":[{"taxonomy":"category","embeddable":true,"href":"https:\/\/portaltela.pt\/api\/wp\/v2\/categories?post=451593"},{"taxonomy":"post_tag","embeddable":true,"href":"https:\/\/portaltela.pt\/api\/wp\/v2\/tags?post=451593"}],"curies":[{"name":"wp","href":"https:\/\/api.w.org\/{rel}","templated":true}]}}