{"id":451566,"date":"2026-04-20T13:33:02","date_gmt":"2026-04-20T16:33:02","guid":{"rendered":"https:\/\/portaltela.pt\/noticias\/2026\/04\/20\/sata-reforca-voos-nos-acores-em-momentos-estrategicos-com-198-ligacoes\/"},"modified":"2026-04-20T13:33:02","modified_gmt":"2026-04-20T16:33:02","slug":"sata-reforca-voos-nos-acores-em-momentos-estrategicos-com-198-ligacoes","status":"publish","type":"post","link":"https:\/\/portaltela.pt\/noticias\/economia\/2026\/04\/20\/sata-reforca-voos-nos-acores-em-momentos-estrategicos-com-198-ligacoes\/","title":{"rendered":"SATA refor\u00e7a voos nos A\u00e7ores em momentos estrat\u00e9gicos com 198 liga\u00e7\u00f5es"},"content":{"rendered":"<p>A SATA Air A\u00e7ores anunciou o refor\u00e7o da opera\u00e7\u00e3o a\u00e9rea interna no arquip\u00e9lago para o ver\u00e3o, com 198 voos adicionais. O total passa a somar aos mais de 500 voos semanais j\u00e1 existentes, no pico da esta\u00e7\u00e3o.<\/p>\n<p>As opera\u00e7\u00f5es extra s\u00e3o todas inter-ilhas e suportam momentos estrat\u00e9gicos do calend\u00e1rio regional. Festividades, eventos culturais e desportivos elevam a procura de viagens entre ilhas, segundo comunicado da companhia.<\/p>\n<p>O refor\u00e7o resulta de um acordo de proximidade com c\u00e2maras municipais e entidades locais, para assegurar a mobilidade de residentes e apoiar a atividade econ\u00f3mica, social e cultural das ilhas.<\/p>\n<p>Entre os motivos previstos est\u00e3o ralis, trails, provas desportivas, festivais culturais e religiosos, e festas populares, indicam as informa\u00e7\u00f5es oficiais.<\/p>\n<p>A SATA afirma que o refor\u00e7o ser\u00e1 implementado de forma faseada, acompanhando a procura, para gerir a capacidade dispon\u00edvel. Detalhes sobre voos extraordin\u00e1rios ser\u00e3o partilhados conforme cada per\u00edodo se aproxima.<\/p>\n<p>A decis\u00e3o surge num contexto de debate sobre a sa\u00edda da Ryanair dos A\u00e7ores, que gerou receios no turismo local. O an\u00fancio n\u00e3o altera o calend\u00e1rio de voos com Portugal Continental ou outros destinos.<\/p>\n","protected":false},"excerpt":{"rendered":"<ul>\n<li>A SATA Air A\u00e7ores vai adicionar 198 voos adicionais entre ilhas no Ver\u00e3o, elevando a oferta para mais de 500 voos semanais no pico da esta\u00e7\u00e3o.<\/li>\n<li>Os aumenta s\u00e3o apenas em liga\u00e7\u00f5es inter-ilhas e respondem a momentos estrat\u00e9gicos do calend\u00e1rio regional (festividades, eventos culturais e desportivos).<\/li>\n<li>O refor\u00e7o resulta de um trabalho de proximidade com c\u00e2maras municipais e outras entidades locais para assegurar mobilidade de residentes e dinamizar a economia.<\/li>\n<li>Os voos extra v\u00e3o ocorrer de forma faseada, consoante a procura, com a divulga\u00e7\u00e3o dos detalhes \u00e0 medida que cada per\u00edodo se aproxima.<\/li>\n<li>A medida surge no contexto do debate sobre a sa\u00edda da Ryanair dos A\u00e7ores, mas n\u00e3o prev\u00ea altera\u00e7\u00f5es na circula\u00e7\u00e3o com Portugal Continental ou outros destinos.<\/li>\n<\/ul>\n","protected":false},"author":2,"featured_media":451567,"comment_status":"closed","ping_status":"closed","sticky":false,"template":"","format":"standard","meta":{"footnotes":""},"categories":[2,1],"tags":[8118,7890,8020,8287,5784],"class_list":["post-451566","post","type-post","status-publish","format-standard","has-post-thumbnail","hentry","category-economia","category-noticias","tag-_acores","tag-_aeroportos","tag-_mobilidade","tag-_transporte","tag-voos"],"yoast_head":"<!-- This site is optimized with the Yoast SEO plugin v27.2 - https:\/\/yoast.com\/product\/yoast-seo-wordpress\/ -->\n<title>SATA refor\u00e7a voos nos A\u00e7ores em momentos estrat\u00e9gicos com 198 liga\u00e7\u00f5es - Portal Tela Portugal<\/title>\n<meta name=\"robots\" content=\"index, follow, max-snippet:-1, max-image-preview:large, max-video-preview:-1\" \/>\n<meta property=\"og:locale\" content=\"pt_PT\" \/>\n<meta property=\"og:type\" content=\"article\" \/>\n<meta property=\"og:title\" content=\"SATA refor\u00e7a voos nos A\u00e7ores em momentos estrat\u00e9gicos com 198 liga\u00e7\u00f5es - Portal Tela Portugal\" \/>\n<meta property=\"og:description\" content=\"A SATA Air A\u00e7ores vai adicionar 198 voos adicionais entre ilhas no Ver\u00e3o, elevando a oferta para mais de 500 voos semanais no pico da esta\u00e7\u00e3o. Os aumenta s\u00e3o apenas em liga\u00e7\u00f5es inter-ilhas e respondem a momentos estrat\u00e9gicos do calend\u00e1rio regional (festividades, eventos culturais e desportivos). O refor\u00e7o resulta de um trabalho de proximidade com c\u00e2maras municipais e outras entidades locais para assegurar mobilidade de residentes e dinamizar a economia. Os voos extra v\u00e3o ocorrer de forma faseada, consoante a procura, com a divulga\u00e7\u00e3o dos detalhes \u00e0 medida que cada per\u00edodo se aproxima. A medida surge no contexto do debate sobre a sa\u00edda da Ryanair dos A\u00e7ores, mas n\u00e3o prev\u00ea altera\u00e7\u00f5es na circula\u00e7\u00e3o com Portugal Continental ou outros destinos.\" \/>\n<meta property=\"og:url\" content=\"https:\/\/portaltela.pt\/noticias\/2026\/04\/20\/sata-reforca-voos-nos-acores-em-momentos-estrategicos-com-198-ligacoes\/\" \/>\n<meta property=\"og:site_name\" content=\"Portal Tela Portugal\" \/>\n<meta property=\"article:published_time\" content=\"2026-04-20T16:33:02+00:00\" \/>\n<meta name=\"author\" content=\"Telinha\" \/>\n<meta name=\"twitter:card\" content=\"summary_large_image\" \/>\n<meta name=\"twitter:label1\" content=\"Escrito por\" \/>\n\t<meta name=\"twitter:data1\" content=\"Telinha\" \/>\n\t<meta name=\"twitter:label2\" content=\"Tempo estimado de leitura\" \/>\n\t<meta name=\"twitter:data2\" content=\"1 minuto\" \/>\n<script type=\"application\/ld+json\" class=\"yoast-schema-graph\">{\"@context\":\"https:\/\/schema.org\",\"@graph\":[{\"@type\":\"Article\",\"@id\":\"https:\/\/portaltela.pt\/noticias\/2026\/04\/20\/sata-reforca-voos-nos-acores-em-momentos-estrategicos-com-198-ligacoes\/#article\",\"isPartOf\":{\"@id\":\"https:\/\/portaltela.pt\/noticias\/2026\/04\/20\/sata-reforca-voos-nos-acores-em-momentos-estrategicos-com-198-ligacoes\/\"},\"author\":{\"name\":\"Telinha\",\"@id\":\"https:\/\/portaltela.pt\/#\/schema\/person\/c4278d4a6028830caff9ee44b42d32ed\"},\"headline\":\"SATA refor\u00e7a voos nos A\u00e7ores em momentos estrat\u00e9gicos com 198 liga\u00e7\u00f5es\",\"datePublished\":\"2026-04-20T16:33:02+00:00\",\"mainEntityOfPage\":{\"@id\":\"https:\/\/portaltela.pt\/noticias\/2026\/04\/20\/sata-reforca-voos-nos-acores-em-momentos-estrategicos-com-198-ligacoes\/\"},\"wordCount\":219,\"image\":{\"@id\":\"https:\/\/portaltela.pt\/noticias\/2026\/04\/20\/sata-reforca-voos-nos-acores-em-momentos-estrategicos-com-198-ligacoes\/#primaryimage\"},\"thumbnailUrl\":\"https:\/\/portaltela.pt\/s.01k8rhncp4jt1\/2026\/04\/2082735.jpg\",\"keywords\":[\"_A\u00e7ores\",\"_aeroportos\",\"_mobilidade\",\"_transporte\",\"voos\"],\"articleSection\":[\"Economia\",\"Not\u00edcias\"],\"inLanguage\":\"pt-PT\"},{\"@type\":\"WebPage\",\"@id\":\"https:\/\/portaltela.pt\/noticias\/2026\/04\/20\/sata-reforca-voos-nos-acores-em-momentos-estrategicos-com-198-ligacoes\/\",\"url\":\"https:\/\/portaltela.pt\/noticias\/2026\/04\/20\/sata-reforca-voos-nos-acores-em-momentos-estrategicos-com-198-ligacoes\/\",\"name\":\"SATA refor\u00e7a voos nos A\u00e7ores em momentos estrat\u00e9gicos com 198 liga\u00e7\u00f5es - Portal Tela Portugal\",\"isPartOf\":{\"@id\":\"https:\/\/portaltela.pt\/#website\"},\"primaryImageOfPage\":{\"@id\":\"https:\/\/portaltela.pt\/noticias\/2026\/04\/20\/sata-reforca-voos-nos-acores-em-momentos-estrategicos-com-198-ligacoes\/#primaryimage\"},\"image\":{\"@id\":\"https:\/\/portaltela.pt\/noticias\/2026\/04\/20\/sata-reforca-voos-nos-acores-em-momentos-estrategicos-com-198-ligacoes\/#primaryimage\"},\"thumbnailUrl\":\"https:\/\/portaltela.pt\/s.01k8rhncp4jt1\/2026\/04\/2082735.jpg\",\"datePublished\":\"2026-04-20T16:33:02+00:00\",\"author\":{\"@id\":\"https:\/\/portaltela.pt\/#\/schema\/person\/c4278d4a6028830caff9ee44b42d32ed\"},\"breadcrumb\":{\"@id\":\"https:\/\/portaltela.pt\/noticias\/2026\/04\/20\/sata-reforca-voos-nos-acores-em-momentos-estrategicos-com-198-ligacoes\/#breadcrumb\"},\"inLanguage\":\"pt-PT\",\"potentialAction\":[{\"@type\":\"ReadAction\",\"target\":[\"https:\/\/portaltela.pt\/noticias\/2026\/04\/20\/sata-reforca-voos-nos-acores-em-momentos-estrategicos-com-198-ligacoes\/\"]}]},{\"@type\":\"ImageObject\",\"inLanguage\":\"pt-PT\",\"@id\":\"https:\/\/portaltela.pt\/noticias\/2026\/04\/20\/sata-reforca-voos-nos-acores-em-momentos-estrategicos-com-198-ligacoes\/#primaryimage\",\"url\":\"https:\/\/portaltela.pt\/s.01k8rhncp4jt1\/2026\/04\/2082735.jpg\",\"contentUrl\":\"https:\/\/portaltela.pt\/s.01k8rhncp4jt1\/2026\/04\/2082735.jpg\",\"width\":796,\"height\":448,\"caption\":\"No Faial, aeroporto da Horta. Todas as ilhas ter\u00e3o refor\u00e7os, garante a SATA\"},{\"@type\":\"BreadcrumbList\",\"@id\":\"https:\/\/portaltela.pt\/noticias\/2026\/04\/20\/sata-reforca-voos-nos-acores-em-momentos-estrategicos-com-198-ligacoes\/#breadcrumb\",\"itemListElement\":[{\"@type\":\"ListItem\",\"position\":1,\"name\":\"In\u00edcio\",\"item\":\"https:\/\/portaltela.pt\/\"},{\"@type\":\"ListItem\",\"position\":2,\"name\":\"SATA refor\u00e7a voos nos A\u00e7ores em momentos estrat\u00e9gicos com 198 liga\u00e7\u00f5es\"}]},{\"@type\":\"WebSite\",\"@id\":\"https:\/\/portaltela.pt\/#website\",\"url\":\"https:\/\/portaltela.pt\/\",\"name\":\"Portal Tela Portugal\",\"description\":\"\",\"potentialAction\":[{\"@type\":\"SearchAction\",\"target\":{\"@type\":\"EntryPoint\",\"urlTemplate\":\"https:\/\/portaltela.pt\/?s={search_term_string}\"},\"query-input\":{\"@type\":\"PropertyValueSpecification\",\"valueRequired\":true,\"valueName\":\"search_term_string\"}}],\"inLanguage\":\"pt-PT\"},{\"@type\":\"Person\",\"@id\":\"https:\/\/portaltela.pt\/#\/schema\/person\/c4278d4a6028830caff9ee44b42d32ed\",\"name\":\"Telinha\",\"image\":{\"@type\":\"ImageObject\",\"inLanguage\":\"pt-PT\",\"@id\":\"https:\/\/portaltela.pt\/s.01k8rhncp4jt1\/2025\/11\/talking-bot-125x125.png\",\"url\":\"https:\/\/portaltela.pt\/s.01k8rhncp4jt1\/2025\/11\/talking-bot-125x125.png\",\"contentUrl\":\"https:\/\/portaltela.pt\/s.01k8rhncp4jt1\/2025\/11\/talking-bot-125x125.png\",\"caption\":\"Telinha\"},\"sameAs\":[\"https:\/\/portaltela.pt\/\"],\"url\":\"https:\/\/portaltela.pt\/por\/367410592786\/\"}]}<\/script>\n<!-- \/ Yoast SEO plugin. -->","yoast_head_json":{"title":"SATA refor\u00e7a voos nos A\u00e7ores em momentos estrat\u00e9gicos com 198 liga\u00e7\u00f5es - Portal Tela Portugal","robots":{"index":"index","follow":"follow","max-snippet":"max-snippet:-1","max-image-preview":"max-image-preview:large","max-video-preview":"max-video-preview:-1"},"og_locale":"pt_PT","og_type":"article","og_title":"SATA refor\u00e7a voos nos A\u00e7ores em momentos estrat\u00e9gicos com 198 liga\u00e7\u00f5es - Portal Tela Portugal","og_description":"A SATA Air A\u00e7ores vai adicionar 198 voos adicionais entre ilhas no Ver\u00e3o, elevando a oferta para mais de 500 voos semanais no pico da esta\u00e7\u00e3o. Os aumenta s\u00e3o apenas em liga\u00e7\u00f5es inter-ilhas e respondem a momentos estrat\u00e9gicos do calend\u00e1rio regional (festividades, eventos culturais e desportivos). O refor\u00e7o resulta de um trabalho de proximidade com c\u00e2maras municipais e outras entidades locais para assegurar mobilidade de residentes e dinamizar a economia. Os voos extra v\u00e3o ocorrer de forma faseada, consoante a procura, com a divulga\u00e7\u00e3o dos detalhes \u00e0 medida que cada per\u00edodo se aproxima. A medida surge no contexto do debate sobre a sa\u00edda da Ryanair dos A\u00e7ores, mas n\u00e3o prev\u00ea altera\u00e7\u00f5es na circula\u00e7\u00e3o com Portugal Continental ou outros destinos.","og_url":"https:\/\/portaltela.pt\/noticias\/2026\/04\/20\/sata-reforca-voos-nos-acores-em-momentos-estrategicos-com-198-ligacoes\/","og_site_name":"Portal Tela Portugal","article_published_time":"2026-04-20T16:33:02+00:00","author":"Telinha","twitter_card":"summary_large_image","twitter_misc":{"Escrito por":"Telinha","Tempo estimado de leitura":"1 minuto"},"schema":{"@context":"https:\/\/schema.org","@graph":[{"@type":"Article","@id":"https:\/\/portaltela.pt\/noticias\/2026\/04\/20\/sata-reforca-voos-nos-acores-em-momentos-estrategicos-com-198-ligacoes\/#article","isPartOf":{"@id":"https:\/\/portaltela.pt\/noticias\/2026\/04\/20\/sata-reforca-voos-nos-acores-em-momentos-estrategicos-com-198-ligacoes\/"},"author":{"name":"Telinha","@id":"https:\/\/portaltela.pt\/#\/schema\/person\/c4278d4a6028830caff9ee44b42d32ed"},"headline":"SATA refor\u00e7a voos nos A\u00e7ores em momentos estrat\u00e9gicos com 198 liga\u00e7\u00f5es","datePublished":"2026-04-20T16:33:02+00:00","mainEntityOfPage":{"@id":"https:\/\/portaltela.pt\/noticias\/2026\/04\/20\/sata-reforca-voos-nos-acores-em-momentos-estrategicos-com-198-ligacoes\/"},"wordCount":219,"image":{"@id":"https:\/\/portaltela.pt\/noticias\/2026\/04\/20\/sata-reforca-voos-nos-acores-em-momentos-estrategicos-com-198-ligacoes\/#primaryimage"},"thumbnailUrl":"https:\/\/portaltela.pt\/s.01k8rhncp4jt1\/2026\/04\/2082735.jpg","keywords":["_A\u00e7ores","_aeroportos","_mobilidade","_transporte","voos"],"articleSection":["Economia","Not\u00edcias"],"inLanguage":"pt-PT"},{"@type":"WebPage","@id":"https:\/\/portaltela.pt\/noticias\/2026\/04\/20\/sata-reforca-voos-nos-acores-em-momentos-estrategicos-com-198-ligacoes\/","url":"https:\/\/portaltela.pt\/noticias\/2026\/04\/20\/sata-reforca-voos-nos-acores-em-momentos-estrategicos-com-198-ligacoes\/","name":"SATA refor\u00e7a voos nos A\u00e7ores em momentos estrat\u00e9gicos com 198 liga\u00e7\u00f5es - Portal Tela Portugal","isPartOf":{"@id":"https:\/\/portaltela.pt\/#website"},"primaryImageOfPage":{"@id":"https:\/\/portaltela.pt\/noticias\/2026\/04\/20\/sata-reforca-voos-nos-acores-em-momentos-estrategicos-com-198-ligacoes\/#primaryimage"},"image":{"@id":"https:\/\/portaltela.pt\/noticias\/2026\/04\/20\/sata-reforca-voos-nos-acores-em-momentos-estrategicos-com-198-ligacoes\/#primaryimage"},"thumbnailUrl":"https:\/\/portaltela.pt\/s.01k8rhncp4jt1\/2026\/04\/2082735.jpg","datePublished":"2026-04-20T16:33:02+00:00","author":{"@id":"https:\/\/portaltela.pt\/#\/schema\/person\/c4278d4a6028830caff9ee44b42d32ed"},"breadcrumb":{"@id":"https:\/\/portaltela.pt\/noticias\/2026\/04\/20\/sata-reforca-voos-nos-acores-em-momentos-estrategicos-com-198-ligacoes\/#breadcrumb"},"inLanguage":"pt-PT","potentialAction":[{"@type":"ReadAction","target":["https:\/\/portaltela.pt\/noticias\/2026\/04\/20\/sata-reforca-voos-nos-acores-em-momentos-estrategicos-com-198-ligacoes\/"]}]},{"@type":"ImageObject","inLanguage":"pt-PT","@id":"https:\/\/portaltela.pt\/noticias\/2026\/04\/20\/sata-reforca-voos-nos-acores-em-momentos-estrategicos-com-198-ligacoes\/#primaryimage","url":"https:\/\/portaltela.pt\/s.01k8rhncp4jt1\/2026\/04\/2082735.jpg","contentUrl":"https:\/\/portaltela.pt\/s.01k8rhncp4jt1\/2026\/04\/2082735.jpg","width":796,"height":448,"caption":"No Faial, aeroporto da Horta. Todas as ilhas ter\u00e3o refor\u00e7os, garante a SATA"},{"@type":"BreadcrumbList","@id":"https:\/\/portaltela.pt\/noticias\/2026\/04\/20\/sata-reforca-voos-nos-acores-em-momentos-estrategicos-com-198-ligacoes\/#breadcrumb","itemListElement":[{"@type":"ListItem","position":1,"name":"In\u00edcio","item":"https:\/\/portaltela.pt\/"},{"@type":"ListItem","position":2,"name":"SATA refor\u00e7a voos nos A\u00e7ores em momentos estrat\u00e9gicos com 198 liga\u00e7\u00f5es"}]},{"@type":"WebSite","@id":"https:\/\/portaltela.pt\/#website","url":"https:\/\/portaltela.pt\/","name":"Portal Tela Portugal","description":"","potentialAction":[{"@type":"SearchAction","target":{"@type":"EntryPoint","urlTemplate":"https:\/\/portaltela.pt\/?s={search_term_string}"},"query-input":{"@type":"PropertyValueSpecification","valueRequired":true,"valueName":"search_term_string"}}],"inLanguage":"pt-PT"},{"@type":"Person","@id":"https:\/\/portaltela.pt\/#\/schema\/person\/c4278d4a6028830caff9ee44b42d32ed","name":"Telinha","image":{"@type":"ImageObject","inLanguage":"pt-PT","@id":"https:\/\/portaltela.pt\/s.01k8rhncp4jt1\/2025\/11\/talking-bot-125x125.png","url":"https:\/\/portaltela.pt\/s.01k8rhncp4jt1\/2025\/11\/talking-bot-125x125.png","contentUrl":"https:\/\/portaltela.pt\/s.01k8rhncp4jt1\/2025\/11\/talking-bot-125x125.png","caption":"Telinha"},"sameAs":["https:\/\/portaltela.pt\/"],"url":"https:\/\/portaltela.pt\/por\/367410592786\/"}]}},"_links":{"self":[{"href":"https:\/\/portaltela.pt\/api\/wp\/v2\/posts\/451566","targetHints":{"allow":["GET"]}}],"collection":[{"href":"https:\/\/portaltela.pt\/api\/wp\/v2\/posts"}],"about":[{"href":"https:\/\/portaltela.pt\/api\/wp\/v2\/types\/post"}],"author":[{"embeddable":true,"href":"https:\/\/portaltela.pt\/api\/wp\/v2\/users\/2"}],"replies":[{"embeddable":true,"href":"https:\/\/portaltela.pt\/api\/wp\/v2\/comments?post=451566"}],"version-history":[{"count":0,"href":"https:\/\/portaltela.pt\/api\/wp\/v2\/posts\/451566\/revisions"}],"wp:featuredmedia":[{"embeddable":true,"href":"https:\/\/portaltela.pt\/api\/wp\/v2\/media\/451567"}],"wp:attachment":[{"href":"https:\/\/portaltela.pt\/api\/wp\/v2\/media?parent=451566"}],"wp:term":[{"taxonomy":"category","embeddable":true,"href":"https:\/\/portaltela.pt\/api\/wp\/v2\/categories?post=451566"},{"taxonomy":"post_tag","embeddable":true,"href":"https:\/\/portaltela.pt\/api\/wp\/v2\/tags?post=451566"}],"curies":[{"name":"wp","href":"https:\/\/api.w.org\/{rel}","templated":true}]}}