{"id":451553,"date":"2026-04-20T13:18:12","date_gmt":"2026-04-20T16:18:12","guid":{"rendered":"https:\/\/portaltela.pt\/noticias\/2026\/04\/20\/estadio-do-bessa-e-complexo-desportivo-vao-a-leilao-por-38-milhoes-de-euros-2\/"},"modified":"2026-04-20T13:18:12","modified_gmt":"2026-04-20T16:18:12","slug":"estadio-do-bessa-e-complexo-desportivo-vao-a-leilao-por-38-milhoes-de-euros-2","status":"publish","type":"post","link":"https:\/\/portaltela.pt\/desporto\/futebol\/2026\/04\/20\/estadio-do-bessa-e-complexo-desportivo-vao-a-leilao-por-38-milhoes-de-euros-2\/","title":{"rendered":"Est\u00e1dio do Bessa e complexo desportivo v\u00e3o a leil\u00e3o por 38 milh\u00f5es de euros"},"content":{"rendered":"<p>O Est\u00e1dio do Bessa, casa do Boavista h\u00e1 22 anos, e o respetivo complexo desportivo no Porto v\u00e3o a leil\u00e3o por 38 milh\u00f5es de euros, ap\u00f3s 27 de abril, no \u00e2mbito da insolv\u00eancia do clube. A opera\u00e7\u00e3o \u00e9 feita pela leiloeira LEILOSOC Worldwide.<\/p>\n<p>O patrim\u00f3nio do Boavista est\u00e1 dividido em duas &#8220;fatias&#8221; que podem ser licitadas em conjunto ou separadamente, conforme o an\u00fancio da leiloeira. A sala de m\u00e1quinas deste conjunto desportivo tem base de 31 milh\u00f5es de euros, enquanto o complexo adjacente, que permite potenciais projetos imobili\u00e1rios, come\u00e7a em 6,8 milh\u00f5es.<\/p>\n<h3>O que est\u00e1 em leil\u00e3o<\/h3>\n<p>O Est\u00e1dio do Bessa S\u00e9culo XXI, remodelado e inaugurado h\u00e1 22 anos, apresenta \u00e1rea bruta de constru\u00e7\u00e3o de cerca de 78 mil m\u00b2, distribu\u00eddos por 11 pisos. O recinto est\u00e1, no entanto, indispon\u00edvel para uso devido a impedimento da ANEPC.<\/p>\n<p>A venda inclui tamb\u00e9m o conjunto desportivo adjacente, que pode abrigar projetos de desenvolvimento imobili\u00e1rio. Os dois ativos podem ser adquiridos em conjunto ou em separado, com possibilidade de licitar ao mesmo tempo para evitar desmembramento.<\/p>\n<h3>Contexto financeiro e calend\u00e1rio<\/h3>\n<p>O leil\u00e3o acontece num momento de agravamento da situa\u00e7\u00e3o financeira do Boavista, que acumula d\u00edvidas superiores a 150 milh\u00f5es de euros. A liquida\u00e7\u00e3o do patrim\u00f3nio foi aprovada em setembro de 2025 para conter preju\u00edzos da massa insolvente.<\/p>\n<p>Em fevereiro, a administradora de insolv\u00eancia afastou parte da dire\u00e7\u00e3o ap\u00f3s falha no pagamento de despesas, evento que levou \u00e0 interven\u00e7\u00e3o de um acionista da SAD. O clube, sem equipa profissional desde 2024, compete hoje nos escal\u00f5es distritais, sob supervis\u00e3o da FIFA quanto a limita\u00e7\u00f5es de inscri\u00e7\u00e3o.<\/p>\n<p>As licita\u00e7\u00f5es para o est\u00e1dio e o complexo arrancam a 27 de abril na plataforma eletr\u00f3nica da LEILOSOC, com prazo at\u00e9 20 de maio, \u00e0s 18h. Al\u00e9m destes ativos, a massa insolvente j\u00e1 leiloou em fevereiro um apartamento, uma loja e 28 lotes de garagem, com prazos encerrados a 10 de abril.<\/p>\n","protected":false},"excerpt":{"rendered":"<ul>\n<li>Est\u00e1dio do Bessa e o complexo desportivo do Boavista v\u00e3o a leil\u00e3o por 38 milh\u00f5es de euros, no \u00e2mbito da insolv\u00eancia do clube.<\/li>\n<li>Os ativos podem ser licitados em conjunto ou separadamente; o recinto desportivo de abertura tem base de 31 milh\u00f5es e o complexo anexo de 6,8 milh\u00f5es.<\/li>\n<li>O Est\u00e1dio do Bessa tem about 78 mil metros quadrados de \u00e1rea bruta de constru\u00e7\u00e3o, com 11 pisos, e inclui campo, \u00e1reas administrativas, restaurante, resid\u00eancia para atletas e parque de estacionamento; o uso est\u00e1 impedido pela Autoridade Nacional de Emerg\u00eancia e Prote\u00e7\u00e3o Civil desde maio de 2025.<\/li>\n<li>O leil\u00e3o come\u00e7a a 27 de abril e termina \u00e0s 18:00 de 20 de maio, atrav\u00e9s da plataforma eletr\u00f3nica da LEILOSOC Worldwide.<\/li>\n<li>O Boavista acumula d\u00edvidas superiores a 150 milh\u00f5es de euros, com a massa insolvente a avan\u00e7ar com a liquida\u00e7\u00e3o do patrim\u00f3nio para travar preju\u00edzos.<\/li>\n<\/ul>\n","protected":false},"author":2,"featured_media":451561,"comment_status":"closed","ping_status":"closed","sticky":false,"template":"","format":"standard","meta":{"footnotes":""},"categories":[21,24],"tags":[8088,718,152,6587,6195,814],"class_list":["post-451553","post","type-post","status-publish","format-standard","has-post-thumbnail","hentry","category-desporto","category-futebol","tag-_porto","tag-construcao","tag-desporto","tag-insolvencia-dolosa","tag-leiloes","tag-patrimonio"],"yoast_head":"<!-- This site is optimized with the Yoast SEO plugin v27.2 - https:\/\/yoast.com\/product\/yoast-seo-wordpress\/ -->\n<title>Est\u00e1dio do Bessa e complexo desportivo v\u00e3o a leil\u00e3o por 38 milh\u00f5es de euros - Portal Tela Portugal<\/title>\n<meta name=\"robots\" content=\"index, follow, max-snippet:-1, max-image-preview:large, max-video-preview:-1\" \/>\n<meta property=\"og:locale\" content=\"pt_PT\" \/>\n<meta property=\"og:type\" content=\"article\" \/>\n<meta property=\"og:title\" content=\"Est\u00e1dio do Bessa e complexo desportivo v\u00e3o a leil\u00e3o por 38 milh\u00f5es de euros - Portal Tela Portugal\" \/>\n<meta property=\"og:description\" content=\"Est\u00e1dio do Bessa e o complexo desportivo do Boavista v\u00e3o a leil\u00e3o por 38 milh\u00f5es de euros, no \u00e2mbito da insolv\u00eancia do clube. Os ativos podem ser licitados em conjunto ou separadamente; o recinto desportivo de abertura tem base de 31 milh\u00f5es e o complexo anexo de 6,8 milh\u00f5es. O Est\u00e1dio do Bessa tem about 78 mil metros quadrados de \u00e1rea bruta de constru\u00e7\u00e3o, com 11 pisos, e inclui campo, \u00e1reas administrativas, restaurante, resid\u00eancia para atletas e parque de estacionamento; o uso est\u00e1 impedido pela Autoridade Nacional de Emerg\u00eancia e Prote\u00e7\u00e3o Civil desde maio de 2025. O leil\u00e3o come\u00e7a a 27 de abril e termina \u00e0s 18:00 de 20 de maio, atrav\u00e9s da plataforma eletr\u00f3nica da LEILOSOC Worldwide. O Boavista acumula d\u00edvidas superiores a 150 milh\u00f5es de euros, com a massa insolvente a avan\u00e7ar com a liquida\u00e7\u00e3o do patrim\u00f3nio para travar preju\u00edzos.\" \/>\n<meta property=\"og:url\" content=\"https:\/\/portaltela.pt\/noticias\/2026\/04\/20\/estadio-do-bessa-e-complexo-desportivo-vao-a-leilao-por-38-milhoes-de-euros-2\/\" \/>\n<meta property=\"og:site_name\" content=\"Portal Tela Portugal\" \/>\n<meta property=\"article:published_time\" content=\"2026-04-20T16:18:12+00:00\" \/>\n<meta name=\"author\" content=\"Telinha\" \/>\n<meta name=\"twitter:card\" content=\"summary_large_image\" \/>\n<meta name=\"twitter:label1\" content=\"Escrito por\" \/>\n\t<meta name=\"twitter:data1\" content=\"Telinha\" \/>\n\t<meta name=\"twitter:label2\" content=\"Tempo estimado de leitura\" \/>\n\t<meta name=\"twitter:data2\" content=\"2 minutos\" \/>\n<script type=\"application\/ld+json\" class=\"yoast-schema-graph\">{\"@context\":\"https:\/\/schema.org\",\"@graph\":[{\"@type\":\"Article\",\"@id\":\"https:\/\/portaltela.pt\/noticias\/2026\/04\/20\/estadio-do-bessa-e-complexo-desportivo-vao-a-leilao-por-38-milhoes-de-euros-2\/#article\",\"isPartOf\":{\"@id\":\"https:\/\/portaltela.pt\/noticias\/2026\/04\/20\/estadio-do-bessa-e-complexo-desportivo-vao-a-leilao-por-38-milhoes-de-euros-2\/\"},\"author\":{\"name\":\"Telinha\",\"@id\":\"https:\/\/portaltela.pt\/#\/schema\/person\/c4278d4a6028830caff9ee44b42d32ed\"},\"headline\":\"Est\u00e1dio do Bessa e complexo desportivo v\u00e3o a leil\u00e3o por 38 milh\u00f5es de euros\",\"datePublished\":\"2026-04-20T16:18:12+00:00\",\"mainEntityOfPage\":{\"@id\":\"https:\/\/portaltela.pt\/noticias\/2026\/04\/20\/estadio-do-bessa-e-complexo-desportivo-vao-a-leilao-por-38-milhoes-de-euros-2\/\"},\"wordCount\":355,\"image\":{\"@id\":\"https:\/\/portaltela.pt\/noticias\/2026\/04\/20\/estadio-do-bessa-e-complexo-desportivo-vao-a-leilao-por-38-milhoes-de-euros-2\/#primaryimage\"},\"thumbnailUrl\":\"https:\/\/portaltela.pt\/s.01k8rhncp4jt1\/2026\/04\/img_1500x1000uu2023-08-14-19-34-46-1418996.jpg\",\"keywords\":[\"_Porto\",\"Constru\u00e7\u00e3o\",\"desporto\",\"insolv\u00eancia dolosa\",\"leil\u00f5es\",\"patrim\u00f3nio\"],\"articleSection\":[\"Desporto\",\"Futebol\"],\"inLanguage\":\"pt-PT\"},{\"@type\":\"WebPage\",\"@id\":\"https:\/\/portaltela.pt\/noticias\/2026\/04\/20\/estadio-do-bessa-e-complexo-desportivo-vao-a-leilao-por-38-milhoes-de-euros-2\/\",\"url\":\"https:\/\/portaltela.pt\/noticias\/2026\/04\/20\/estadio-do-bessa-e-complexo-desportivo-vao-a-leilao-por-38-milhoes-de-euros-2\/\",\"name\":\"Est\u00e1dio do Bessa e complexo desportivo v\u00e3o a leil\u00e3o por 38 milh\u00f5es de euros - Portal Tela Portugal\",\"isPartOf\":{\"@id\":\"https:\/\/portaltela.pt\/#website\"},\"primaryImageOfPage\":{\"@id\":\"https:\/\/portaltela.pt\/noticias\/2026\/04\/20\/estadio-do-bessa-e-complexo-desportivo-vao-a-leilao-por-38-milhoes-de-euros-2\/#primaryimage\"},\"image\":{\"@id\":\"https:\/\/portaltela.pt\/noticias\/2026\/04\/20\/estadio-do-bessa-e-complexo-desportivo-vao-a-leilao-por-38-milhoes-de-euros-2\/#primaryimage\"},\"thumbnailUrl\":\"https:\/\/portaltela.pt\/s.01k8rhncp4jt1\/2026\/04\/img_1500x1000uu2023-08-14-19-34-46-1418996.jpg\",\"datePublished\":\"2026-04-20T16:18:12+00:00\",\"author\":{\"@id\":\"https:\/\/portaltela.pt\/#\/schema\/person\/c4278d4a6028830caff9ee44b42d32ed\"},\"breadcrumb\":{\"@id\":\"https:\/\/portaltela.pt\/noticias\/2026\/04\/20\/estadio-do-bessa-e-complexo-desportivo-vao-a-leilao-por-38-milhoes-de-euros-2\/#breadcrumb\"},\"inLanguage\":\"pt-PT\",\"potentialAction\":[{\"@type\":\"ReadAction\",\"target\":[\"https:\/\/portaltela.pt\/noticias\/2026\/04\/20\/estadio-do-bessa-e-complexo-desportivo-vao-a-leilao-por-38-milhoes-de-euros-2\/\"]}]},{\"@type\":\"ImageObject\",\"inLanguage\":\"pt-PT\",\"@id\":\"https:\/\/portaltela.pt\/noticias\/2026\/04\/20\/estadio-do-bessa-e-complexo-desportivo-vao-a-leilao-por-38-milhoes-de-euros-2\/#primaryimage\",\"url\":\"https:\/\/portaltela.pt\/s.01k8rhncp4jt1\/2026\/04\/img_1500x1000uu2023-08-14-19-34-46-1418996.jpg\",\"contentUrl\":\"https:\/\/portaltela.pt\/s.01k8rhncp4jt1\/2026\/04\/img_1500x1000uu2023-08-14-19-34-46-1418996.jpg\",\"width\":796,\"height\":448,\"caption\":\"Est\u00e1dio do Bessa\"},{\"@type\":\"BreadcrumbList\",\"@id\":\"https:\/\/portaltela.pt\/noticias\/2026\/04\/20\/estadio-do-bessa-e-complexo-desportivo-vao-a-leilao-por-38-milhoes-de-euros-2\/#breadcrumb\",\"itemListElement\":[{\"@type\":\"ListItem\",\"position\":1,\"name\":\"In\u00edcio\",\"item\":\"https:\/\/portaltela.pt\/\"},{\"@type\":\"ListItem\",\"position\":2,\"name\":\"Est\u00e1dio do Bessa e complexo desportivo v\u00e3o a leil\u00e3o por 38 milh\u00f5es de euros\"}]},{\"@type\":\"WebSite\",\"@id\":\"https:\/\/portaltela.pt\/#website\",\"url\":\"https:\/\/portaltela.pt\/\",\"name\":\"Portal Tela Portugal\",\"description\":\"\",\"potentialAction\":[{\"@type\":\"SearchAction\",\"target\":{\"@type\":\"EntryPoint\",\"urlTemplate\":\"https:\/\/portaltela.pt\/?s={search_term_string}\"},\"query-input\":{\"@type\":\"PropertyValueSpecification\",\"valueRequired\":true,\"valueName\":\"search_term_string\"}}],\"inLanguage\":\"pt-PT\"},{\"@type\":\"Person\",\"@id\":\"https:\/\/portaltela.pt\/#\/schema\/person\/c4278d4a6028830caff9ee44b42d32ed\",\"name\":\"Telinha\",\"image\":{\"@type\":\"ImageObject\",\"inLanguage\":\"pt-PT\",\"@id\":\"https:\/\/portaltela.pt\/s.01k8rhncp4jt1\/2025\/11\/talking-bot-125x125.png\",\"url\":\"https:\/\/portaltela.pt\/s.01k8rhncp4jt1\/2025\/11\/talking-bot-125x125.png\",\"contentUrl\":\"https:\/\/portaltela.pt\/s.01k8rhncp4jt1\/2025\/11\/talking-bot-125x125.png\",\"caption\":\"Telinha\"},\"sameAs\":[\"https:\/\/portaltela.pt\/\"],\"url\":\"https:\/\/portaltela.pt\/por\/367410592786\/\"}]}<\/script>\n<!-- \/ Yoast SEO plugin. -->","yoast_head_json":{"title":"Est\u00e1dio do Bessa e complexo desportivo v\u00e3o a leil\u00e3o por 38 milh\u00f5es de euros - Portal Tela Portugal","robots":{"index":"index","follow":"follow","max-snippet":"max-snippet:-1","max-image-preview":"max-image-preview:large","max-video-preview":"max-video-preview:-1"},"og_locale":"pt_PT","og_type":"article","og_title":"Est\u00e1dio do Bessa e complexo desportivo v\u00e3o a leil\u00e3o por 38 milh\u00f5es de euros - Portal Tela Portugal","og_description":"Est\u00e1dio do Bessa e o complexo desportivo do Boavista v\u00e3o a leil\u00e3o por 38 milh\u00f5es de euros, no \u00e2mbito da insolv\u00eancia do clube. Os ativos podem ser licitados em conjunto ou separadamente; o recinto desportivo de abertura tem base de 31 milh\u00f5es e o complexo anexo de 6,8 milh\u00f5es. O Est\u00e1dio do Bessa tem about 78 mil metros quadrados de \u00e1rea bruta de constru\u00e7\u00e3o, com 11 pisos, e inclui campo, \u00e1reas administrativas, restaurante, resid\u00eancia para atletas e parque de estacionamento; o uso est\u00e1 impedido pela Autoridade Nacional de Emerg\u00eancia e Prote\u00e7\u00e3o Civil desde maio de 2025. O leil\u00e3o come\u00e7a a 27 de abril e termina \u00e0s 18:00 de 20 de maio, atrav\u00e9s da plataforma eletr\u00f3nica da LEILOSOC Worldwide. O Boavista acumula d\u00edvidas superiores a 150 milh\u00f5es de euros, com a massa insolvente a avan\u00e7ar com a liquida\u00e7\u00e3o do patrim\u00f3nio para travar preju\u00edzos.","og_url":"https:\/\/portaltela.pt\/noticias\/2026\/04\/20\/estadio-do-bessa-e-complexo-desportivo-vao-a-leilao-por-38-milhoes-de-euros-2\/","og_site_name":"Portal Tela Portugal","article_published_time":"2026-04-20T16:18:12+00:00","author":"Telinha","twitter_card":"summary_large_image","twitter_misc":{"Escrito por":"Telinha","Tempo estimado de leitura":"2 minutos"},"schema":{"@context":"https:\/\/schema.org","@graph":[{"@type":"Article","@id":"https:\/\/portaltela.pt\/noticias\/2026\/04\/20\/estadio-do-bessa-e-complexo-desportivo-vao-a-leilao-por-38-milhoes-de-euros-2\/#article","isPartOf":{"@id":"https:\/\/portaltela.pt\/noticias\/2026\/04\/20\/estadio-do-bessa-e-complexo-desportivo-vao-a-leilao-por-38-milhoes-de-euros-2\/"},"author":{"name":"Telinha","@id":"https:\/\/portaltela.pt\/#\/schema\/person\/c4278d4a6028830caff9ee44b42d32ed"},"headline":"Est\u00e1dio do Bessa e complexo desportivo v\u00e3o a leil\u00e3o por 38 milh\u00f5es de euros","datePublished":"2026-04-20T16:18:12+00:00","mainEntityOfPage":{"@id":"https:\/\/portaltela.pt\/noticias\/2026\/04\/20\/estadio-do-bessa-e-complexo-desportivo-vao-a-leilao-por-38-milhoes-de-euros-2\/"},"wordCount":355,"image":{"@id":"https:\/\/portaltela.pt\/noticias\/2026\/04\/20\/estadio-do-bessa-e-complexo-desportivo-vao-a-leilao-por-38-milhoes-de-euros-2\/#primaryimage"},"thumbnailUrl":"https:\/\/portaltela.pt\/s.01k8rhncp4jt1\/2026\/04\/img_1500x1000uu2023-08-14-19-34-46-1418996.jpg","keywords":["_Porto","Constru\u00e7\u00e3o","desporto","insolv\u00eancia dolosa","leil\u00f5es","patrim\u00f3nio"],"articleSection":["Desporto","Futebol"],"inLanguage":"pt-PT"},{"@type":"WebPage","@id":"https:\/\/portaltela.pt\/noticias\/2026\/04\/20\/estadio-do-bessa-e-complexo-desportivo-vao-a-leilao-por-38-milhoes-de-euros-2\/","url":"https:\/\/portaltela.pt\/noticias\/2026\/04\/20\/estadio-do-bessa-e-complexo-desportivo-vao-a-leilao-por-38-milhoes-de-euros-2\/","name":"Est\u00e1dio do Bessa e complexo desportivo v\u00e3o a leil\u00e3o por 38 milh\u00f5es de euros - Portal Tela Portugal","isPartOf":{"@id":"https:\/\/portaltela.pt\/#website"},"primaryImageOfPage":{"@id":"https:\/\/portaltela.pt\/noticias\/2026\/04\/20\/estadio-do-bessa-e-complexo-desportivo-vao-a-leilao-por-38-milhoes-de-euros-2\/#primaryimage"},"image":{"@id":"https:\/\/portaltela.pt\/noticias\/2026\/04\/20\/estadio-do-bessa-e-complexo-desportivo-vao-a-leilao-por-38-milhoes-de-euros-2\/#primaryimage"},"thumbnailUrl":"https:\/\/portaltela.pt\/s.01k8rhncp4jt1\/2026\/04\/img_1500x1000uu2023-08-14-19-34-46-1418996.jpg","datePublished":"2026-04-20T16:18:12+00:00","author":{"@id":"https:\/\/portaltela.pt\/#\/schema\/person\/c4278d4a6028830caff9ee44b42d32ed"},"breadcrumb":{"@id":"https:\/\/portaltela.pt\/noticias\/2026\/04\/20\/estadio-do-bessa-e-complexo-desportivo-vao-a-leilao-por-38-milhoes-de-euros-2\/#breadcrumb"},"inLanguage":"pt-PT","potentialAction":[{"@type":"ReadAction","target":["https:\/\/portaltela.pt\/noticias\/2026\/04\/20\/estadio-do-bessa-e-complexo-desportivo-vao-a-leilao-por-38-milhoes-de-euros-2\/"]}]},{"@type":"ImageObject","inLanguage":"pt-PT","@id":"https:\/\/portaltela.pt\/noticias\/2026\/04\/20\/estadio-do-bessa-e-complexo-desportivo-vao-a-leilao-por-38-milhoes-de-euros-2\/#primaryimage","url":"https:\/\/portaltela.pt\/s.01k8rhncp4jt1\/2026\/04\/img_1500x1000uu2023-08-14-19-34-46-1418996.jpg","contentUrl":"https:\/\/portaltela.pt\/s.01k8rhncp4jt1\/2026\/04\/img_1500x1000uu2023-08-14-19-34-46-1418996.jpg","width":796,"height":448,"caption":"Est\u00e1dio do Bessa"},{"@type":"BreadcrumbList","@id":"https:\/\/portaltela.pt\/noticias\/2026\/04\/20\/estadio-do-bessa-e-complexo-desportivo-vao-a-leilao-por-38-milhoes-de-euros-2\/#breadcrumb","itemListElement":[{"@type":"ListItem","position":1,"name":"In\u00edcio","item":"https:\/\/portaltela.pt\/"},{"@type":"ListItem","position":2,"name":"Est\u00e1dio do Bessa e complexo desportivo v\u00e3o a leil\u00e3o por 38 milh\u00f5es de euros"}]},{"@type":"WebSite","@id":"https:\/\/portaltela.pt\/#website","url":"https:\/\/portaltela.pt\/","name":"Portal Tela Portugal","description":"","potentialAction":[{"@type":"SearchAction","target":{"@type":"EntryPoint","urlTemplate":"https:\/\/portaltela.pt\/?s={search_term_string}"},"query-input":{"@type":"PropertyValueSpecification","valueRequired":true,"valueName":"search_term_string"}}],"inLanguage":"pt-PT"},{"@type":"Person","@id":"https:\/\/portaltela.pt\/#\/schema\/person\/c4278d4a6028830caff9ee44b42d32ed","name":"Telinha","image":{"@type":"ImageObject","inLanguage":"pt-PT","@id":"https:\/\/portaltela.pt\/s.01k8rhncp4jt1\/2025\/11\/talking-bot-125x125.png","url":"https:\/\/portaltela.pt\/s.01k8rhncp4jt1\/2025\/11\/talking-bot-125x125.png","contentUrl":"https:\/\/portaltela.pt\/s.01k8rhncp4jt1\/2025\/11\/talking-bot-125x125.png","caption":"Telinha"},"sameAs":["https:\/\/portaltela.pt\/"],"url":"https:\/\/portaltela.pt\/por\/367410592786\/"}]}},"_links":{"self":[{"href":"https:\/\/portaltela.pt\/api\/wp\/v2\/posts\/451553","targetHints":{"allow":["GET"]}}],"collection":[{"href":"https:\/\/portaltela.pt\/api\/wp\/v2\/posts"}],"about":[{"href":"https:\/\/portaltela.pt\/api\/wp\/v2\/types\/post"}],"author":[{"embeddable":true,"href":"https:\/\/portaltela.pt\/api\/wp\/v2\/users\/2"}],"replies":[{"embeddable":true,"href":"https:\/\/portaltela.pt\/api\/wp\/v2\/comments?post=451553"}],"version-history":[{"count":0,"href":"https:\/\/portaltela.pt\/api\/wp\/v2\/posts\/451553\/revisions"}],"wp:featuredmedia":[{"embeddable":true,"href":"https:\/\/portaltela.pt\/api\/wp\/v2\/media\/451561"}],"wp:attachment":[{"href":"https:\/\/portaltela.pt\/api\/wp\/v2\/media?parent=451553"}],"wp:term":[{"taxonomy":"category","embeddable":true,"href":"https:\/\/portaltela.pt\/api\/wp\/v2\/categories?post=451553"},{"taxonomy":"post_tag","embeddable":true,"href":"https:\/\/portaltela.pt\/api\/wp\/v2\/tags?post=451553"}],"curies":[{"name":"wp","href":"https:\/\/api.w.org\/{rel}","templated":true}]}}