{"id":451548,"date":"2026-04-20T13:18:08","date_gmt":"2026-04-20T16:18:08","guid":{"rendered":"https:\/\/portaltela.pt\/noticias\/2026\/04\/20\/o-retorno-do-sapato-da-estacao-divide-opinioes-sobre-a-coluna\/"},"modified":"2026-04-20T13:18:08","modified_gmt":"2026-04-20T16:18:08","slug":"o-retorno-do-sapato-da-estacao-divide-opinioes-sobre-a-coluna","status":"publish","type":"post","link":"https:\/\/portaltela.pt\/saude\/2026\/04\/20\/o-retorno-do-sapato-da-estacao-divide-opinioes-sobre-a-coluna\/","title":{"rendered":"O retorno do sapato da esta\u00e7\u00e3o divide opini\u00f5es sobre a coluna"},"content":{"rendered":"<p>As sabrinas voltaram \u00e0 moda da primavera, sendo leves, elegantes e vers\u00e1teis. Apesar do ar delicado, o cal\u00e7ado raso pode criar desconforto e, em alguns casos, afetar a postura quando usado diariamente.<\/p>\n<p>Segundo a fisioterapeuta In\u00eas Alendouro, o corpo est\u00e1 habituado a modelos com apoio. A mudan\u00e7a abrupta para uma sabrina fina obriga o corpo a reaprender a caminhar, aumentando o risco de dores em v\u00e1rias regi\u00f5es.<\/p>\n<p>A podologista Joana Ferreira sublinha a falta de estrutura das sabrinas, que trazem pouca estabilidade e amortecimento. O uso frequente pode agravar o antep\u00e9, o arco plantar e favorecer condi\u00e7\u00f5es como metatarsalgia ou fasite plantar.<\/p>\n<h3>Riscos e recomenda\u00e7\u00f5es<\/h3>\n<p>Com o tempo, o formato estreito pode comprimir os dedos, agravando deforma\u00e7\u00f5es existentes. Joana alerta para joanetes e outras altera\u00e7\u00f5es quando h\u00e1 aperto excessivo.<\/p>\n<p>Para mitigar efeitos, a especialista recomenda variar o cal\u00e7ado e optar por modelos com solas firmes, amortecimento moderado e biqueiras largas. Palmilhas podem ajudar, mas o espa\u00e7o na sabrina \u00e9 limitado.<\/p>\n<p>Pessoas com p\u00e9 chato, p\u00e9 cavo, dores cr\u00f3nicas ou fascite plantar devem ter cautela, como tamb\u00e9m mulheres gr\u00e1vidas, devido \u00e0 mudan\u00e7a no centro de gravidade e \u00e0 maior laxid\u00e3o dos ligamentos.<\/p>\n<p>As sabrinas podem acompanhar looks de primavera, desde que n\u00e3o sejam usadas todos os dias sem descanso. O equil\u00edbrio passa por transitar gradualmente entre modelos com diferente apoio.<\/p>\n","protected":false},"excerpt":{"rendered":"<ul>\n<li>As sabrinas, sapatos rasos da primavera, voltaram como op\u00e7\u00e3o leve e elegante, mas podem provocar dores nos p\u00e9s e afetar a postura, sobretudo com uso di\u00e1rio.<\/li>\n<li>A falta de estrutura e amortecimento aumenta a sobrecarga no antep\u00e9 e no arco plantar, podendo surgir metatarsalgia, dor no calcanhar e inflama\u00e7\u00e3o da f\u00e1scia plantar.<\/li>\n<li>Cal\u00e7ados estreitos que comprimem os dedos podem agravar deforma\u00e7\u00f5es existentes, como joanetes, especialmente em uso prolongado.<\/li>\n<li>A recomenda\u00e7\u00e3o \u00e9 variar o tipo de sapato, fazer a transi\u00e7\u00e3o gradualmente e optar por solas firmes, algum amortecimento e biqueiras largas; palmilhas ajudam, mas t\u00eam limites.<\/li>\n<li>Grupos que requerem aten\u00e7\u00e3o extra incluem pessoas com p\u00e9 chato, p\u00e9 cavo, dores cr\u00f3nicas ou fascite plantar, e na gravidez o risco pode aumentar devido a mudan\u00e7as no corpo.<\/li>\n<\/ul>\n","protected":false},"author":2,"featured_media":451557,"comment_status":"closed","ping_status":"closed","sticky":false,"template":"","format":"standard","meta":{"footnotes":""},"categories":[7371,6745],"tags":[5749,2264,9186,135,8683,172],"class_list":["post-451548","post","type-post","status-publish","format-standard","has-post-thumbnail","hentry","category-medicina","category-saude","tag-fascite-plantar","tag-fisioterapia","tag-joanetes","tag-moda","tag-sapatos","tag-saude"],"yoast_head":"<!-- This site is optimized with the Yoast SEO plugin v27.2 - https:\/\/yoast.com\/product\/yoast-seo-wordpress\/ -->\n<title>O retorno do sapato da esta\u00e7\u00e3o divide opini\u00f5es sobre a coluna - Portal Tela Portugal<\/title>\n<meta name=\"robots\" content=\"index, follow, max-snippet:-1, max-image-preview:large, max-video-preview:-1\" \/>\n<meta property=\"og:locale\" content=\"pt_PT\" \/>\n<meta property=\"og:type\" content=\"article\" \/>\n<meta property=\"og:title\" content=\"O retorno do sapato da esta\u00e7\u00e3o divide opini\u00f5es sobre a coluna - Portal Tela Portugal\" \/>\n<meta property=\"og:description\" content=\"As sabrinas, sapatos rasos da primavera, voltaram como op\u00e7\u00e3o leve e elegante, mas podem provocar dores nos p\u00e9s e afetar a postura, sobretudo com uso di\u00e1rio. A falta de estrutura e amortecimento aumenta a sobrecarga no antep\u00e9 e no arco plantar, podendo surgir metatarsalgia, dor no calcanhar e inflama\u00e7\u00e3o da f\u00e1scia plantar. Cal\u00e7ados estreitos que comprimem os dedos podem agravar deforma\u00e7\u00f5es existentes, como joanetes, especialmente em uso prolongado. A recomenda\u00e7\u00e3o \u00e9 variar o tipo de sapato, fazer a transi\u00e7\u00e3o gradualmente e optar por solas firmes, algum amortecimento e biqueiras largas; palmilhas ajudam, mas t\u00eam limites. Grupos que requerem aten\u00e7\u00e3o extra incluem pessoas com p\u00e9 chato, p\u00e9 cavo, dores cr\u00f3nicas ou fascite plantar, e na gravidez o risco pode aumentar devido a mudan\u00e7as no corpo.\" \/>\n<meta property=\"og:url\" content=\"https:\/\/portaltela.pt\/noticias\/2026\/04\/20\/o-retorno-do-sapato-da-estacao-divide-opinioes-sobre-a-coluna\/\" \/>\n<meta property=\"og:site_name\" content=\"Portal Tela Portugal\" \/>\n<meta property=\"article:published_time\" content=\"2026-04-20T16:18:08+00:00\" \/>\n<meta name=\"author\" content=\"Telinha\" \/>\n<meta name=\"twitter:card\" content=\"summary_large_image\" \/>\n<meta name=\"twitter:label1\" content=\"Escrito por\" \/>\n\t<meta name=\"twitter:data1\" content=\"Telinha\" \/>\n\t<meta name=\"twitter:label2\" content=\"Tempo estimado de leitura\" \/>\n\t<meta name=\"twitter:data2\" content=\"1 minuto\" \/>\n<script type=\"application\/ld+json\" class=\"yoast-schema-graph\">{\"@context\":\"https:\/\/schema.org\",\"@graph\":[{\"@type\":\"Article\",\"@id\":\"https:\/\/portaltela.pt\/noticias\/2026\/04\/20\/o-retorno-do-sapato-da-estacao-divide-opinioes-sobre-a-coluna\/#article\",\"isPartOf\":{\"@id\":\"https:\/\/portaltela.pt\/noticias\/2026\/04\/20\/o-retorno-do-sapato-da-estacao-divide-opinioes-sobre-a-coluna\/\"},\"author\":{\"name\":\"Telinha\",\"@id\":\"https:\/\/portaltela.pt\/#\/schema\/person\/c4278d4a6028830caff9ee44b42d32ed\"},\"headline\":\"O retorno do sapato da esta\u00e7\u00e3o divide opini\u00f5es sobre a coluna\",\"datePublished\":\"2026-04-20T16:18:08+00:00\",\"mainEntityOfPage\":{\"@id\":\"https:\/\/portaltela.pt\/noticias\/2026\/04\/20\/o-retorno-do-sapato-da-estacao-divide-opinioes-sobre-a-coluna\/\"},\"wordCount\":247,\"image\":{\"@id\":\"https:\/\/portaltela.pt\/noticias\/2026\/04\/20\/o-retorno-do-sapato-da-estacao-divide-opinioes-sobre-a-coluna\/#primaryimage\"},\"thumbnailUrl\":\"https:\/\/portaltela.pt\/s.01k8rhncp4jt1\/2026\/04\/default_1200x675.jpg\",\"keywords\":[\"fascite plantar\",\"fisioterapia\",\"joanetes\",\"moda\",\"sapatos\",\"sa\u00fade\"],\"articleSection\":[\"Medicina\",\"Sa\u00fade\"],\"inLanguage\":\"pt-PT\"},{\"@type\":\"WebPage\",\"@id\":\"https:\/\/portaltela.pt\/noticias\/2026\/04\/20\/o-retorno-do-sapato-da-estacao-divide-opinioes-sobre-a-coluna\/\",\"url\":\"https:\/\/portaltela.pt\/noticias\/2026\/04\/20\/o-retorno-do-sapato-da-estacao-divide-opinioes-sobre-a-coluna\/\",\"name\":\"O retorno do sapato da esta\u00e7\u00e3o divide opini\u00f5es sobre a coluna - Portal Tela Portugal\",\"isPartOf\":{\"@id\":\"https:\/\/portaltela.pt\/#website\"},\"primaryImageOfPage\":{\"@id\":\"https:\/\/portaltela.pt\/noticias\/2026\/04\/20\/o-retorno-do-sapato-da-estacao-divide-opinioes-sobre-a-coluna\/#primaryimage\"},\"image\":{\"@id\":\"https:\/\/portaltela.pt\/noticias\/2026\/04\/20\/o-retorno-do-sapato-da-estacao-divide-opinioes-sobre-a-coluna\/#primaryimage\"},\"thumbnailUrl\":\"https:\/\/portaltela.pt\/s.01k8rhncp4jt1\/2026\/04\/default_1200x675.jpg\",\"datePublished\":\"2026-04-20T16:18:08+00:00\",\"author\":{\"@id\":\"https:\/\/portaltela.pt\/#\/schema\/person\/c4278d4a6028830caff9ee44b42d32ed\"},\"breadcrumb\":{\"@id\":\"https:\/\/portaltela.pt\/noticias\/2026\/04\/20\/o-retorno-do-sapato-da-estacao-divide-opinioes-sobre-a-coluna\/#breadcrumb\"},\"inLanguage\":\"pt-PT\",\"potentialAction\":[{\"@type\":\"ReadAction\",\"target\":[\"https:\/\/portaltela.pt\/noticias\/2026\/04\/20\/o-retorno-do-sapato-da-estacao-divide-opinioes-sobre-a-coluna\/\"]}]},{\"@type\":\"ImageObject\",\"inLanguage\":\"pt-PT\",\"@id\":\"https:\/\/portaltela.pt\/noticias\/2026\/04\/20\/o-retorno-do-sapato-da-estacao-divide-opinioes-sobre-a-coluna\/#primaryimage\",\"url\":\"https:\/\/portaltela.pt\/s.01k8rhncp4jt1\/2026\/04\/default_1200x675.jpg\",\"contentUrl\":\"https:\/\/portaltela.pt\/s.01k8rhncp4jt1\/2026\/04\/default_1200x675.jpg\",\"width\":796,\"height\":448,\"caption\":\"Photo\"},{\"@type\":\"BreadcrumbList\",\"@id\":\"https:\/\/portaltela.pt\/noticias\/2026\/04\/20\/o-retorno-do-sapato-da-estacao-divide-opinioes-sobre-a-coluna\/#breadcrumb\",\"itemListElement\":[{\"@type\":\"ListItem\",\"position\":1,\"name\":\"In\u00edcio\",\"item\":\"https:\/\/portaltela.pt\/\"},{\"@type\":\"ListItem\",\"position\":2,\"name\":\"O retorno do sapato da esta\u00e7\u00e3o divide opini\u00f5es sobre a coluna\"}]},{\"@type\":\"WebSite\",\"@id\":\"https:\/\/portaltela.pt\/#website\",\"url\":\"https:\/\/portaltela.pt\/\",\"name\":\"Portal Tela Portugal\",\"description\":\"\",\"potentialAction\":[{\"@type\":\"SearchAction\",\"target\":{\"@type\":\"EntryPoint\",\"urlTemplate\":\"https:\/\/portaltela.pt\/?s={search_term_string}\"},\"query-input\":{\"@type\":\"PropertyValueSpecification\",\"valueRequired\":true,\"valueName\":\"search_term_string\"}}],\"inLanguage\":\"pt-PT\"},{\"@type\":\"Person\",\"@id\":\"https:\/\/portaltela.pt\/#\/schema\/person\/c4278d4a6028830caff9ee44b42d32ed\",\"name\":\"Telinha\",\"image\":{\"@type\":\"ImageObject\",\"inLanguage\":\"pt-PT\",\"@id\":\"https:\/\/portaltela.pt\/s.01k8rhncp4jt1\/2025\/11\/talking-bot-125x125.png\",\"url\":\"https:\/\/portaltela.pt\/s.01k8rhncp4jt1\/2025\/11\/talking-bot-125x125.png\",\"contentUrl\":\"https:\/\/portaltela.pt\/s.01k8rhncp4jt1\/2025\/11\/talking-bot-125x125.png\",\"caption\":\"Telinha\"},\"sameAs\":[\"https:\/\/portaltela.pt\/\"],\"url\":\"https:\/\/portaltela.pt\/por\/367410592786\/\"}]}<\/script>\n<!-- \/ Yoast SEO plugin. -->","yoast_head_json":{"title":"O retorno do sapato da esta\u00e7\u00e3o divide opini\u00f5es sobre a coluna - Portal Tela Portugal","robots":{"index":"index","follow":"follow","max-snippet":"max-snippet:-1","max-image-preview":"max-image-preview:large","max-video-preview":"max-video-preview:-1"},"og_locale":"pt_PT","og_type":"article","og_title":"O retorno do sapato da esta\u00e7\u00e3o divide opini\u00f5es sobre a coluna - Portal Tela Portugal","og_description":"As sabrinas, sapatos rasos da primavera, voltaram como op\u00e7\u00e3o leve e elegante, mas podem provocar dores nos p\u00e9s e afetar a postura, sobretudo com uso di\u00e1rio. A falta de estrutura e amortecimento aumenta a sobrecarga no antep\u00e9 e no arco plantar, podendo surgir metatarsalgia, dor no calcanhar e inflama\u00e7\u00e3o da f\u00e1scia plantar. Cal\u00e7ados estreitos que comprimem os dedos podem agravar deforma\u00e7\u00f5es existentes, como joanetes, especialmente em uso prolongado. A recomenda\u00e7\u00e3o \u00e9 variar o tipo de sapato, fazer a transi\u00e7\u00e3o gradualmente e optar por solas firmes, algum amortecimento e biqueiras largas; palmilhas ajudam, mas t\u00eam limites. Grupos que requerem aten\u00e7\u00e3o extra incluem pessoas com p\u00e9 chato, p\u00e9 cavo, dores cr\u00f3nicas ou fascite plantar, e na gravidez o risco pode aumentar devido a mudan\u00e7as no corpo.","og_url":"https:\/\/portaltela.pt\/noticias\/2026\/04\/20\/o-retorno-do-sapato-da-estacao-divide-opinioes-sobre-a-coluna\/","og_site_name":"Portal Tela Portugal","article_published_time":"2026-04-20T16:18:08+00:00","author":"Telinha","twitter_card":"summary_large_image","twitter_misc":{"Escrito por":"Telinha","Tempo estimado de leitura":"1 minuto"},"schema":{"@context":"https:\/\/schema.org","@graph":[{"@type":"Article","@id":"https:\/\/portaltela.pt\/noticias\/2026\/04\/20\/o-retorno-do-sapato-da-estacao-divide-opinioes-sobre-a-coluna\/#article","isPartOf":{"@id":"https:\/\/portaltela.pt\/noticias\/2026\/04\/20\/o-retorno-do-sapato-da-estacao-divide-opinioes-sobre-a-coluna\/"},"author":{"name":"Telinha","@id":"https:\/\/portaltela.pt\/#\/schema\/person\/c4278d4a6028830caff9ee44b42d32ed"},"headline":"O retorno do sapato da esta\u00e7\u00e3o divide opini\u00f5es sobre a coluna","datePublished":"2026-04-20T16:18:08+00:00","mainEntityOfPage":{"@id":"https:\/\/portaltela.pt\/noticias\/2026\/04\/20\/o-retorno-do-sapato-da-estacao-divide-opinioes-sobre-a-coluna\/"},"wordCount":247,"image":{"@id":"https:\/\/portaltela.pt\/noticias\/2026\/04\/20\/o-retorno-do-sapato-da-estacao-divide-opinioes-sobre-a-coluna\/#primaryimage"},"thumbnailUrl":"https:\/\/portaltela.pt\/s.01k8rhncp4jt1\/2026\/04\/default_1200x675.jpg","keywords":["fascite plantar","fisioterapia","joanetes","moda","sapatos","sa\u00fade"],"articleSection":["Medicina","Sa\u00fade"],"inLanguage":"pt-PT"},{"@type":"WebPage","@id":"https:\/\/portaltela.pt\/noticias\/2026\/04\/20\/o-retorno-do-sapato-da-estacao-divide-opinioes-sobre-a-coluna\/","url":"https:\/\/portaltela.pt\/noticias\/2026\/04\/20\/o-retorno-do-sapato-da-estacao-divide-opinioes-sobre-a-coluna\/","name":"O retorno do sapato da esta\u00e7\u00e3o divide opini\u00f5es sobre a coluna - Portal Tela Portugal","isPartOf":{"@id":"https:\/\/portaltela.pt\/#website"},"primaryImageOfPage":{"@id":"https:\/\/portaltela.pt\/noticias\/2026\/04\/20\/o-retorno-do-sapato-da-estacao-divide-opinioes-sobre-a-coluna\/#primaryimage"},"image":{"@id":"https:\/\/portaltela.pt\/noticias\/2026\/04\/20\/o-retorno-do-sapato-da-estacao-divide-opinioes-sobre-a-coluna\/#primaryimage"},"thumbnailUrl":"https:\/\/portaltela.pt\/s.01k8rhncp4jt1\/2026\/04\/default_1200x675.jpg","datePublished":"2026-04-20T16:18:08+00:00","author":{"@id":"https:\/\/portaltela.pt\/#\/schema\/person\/c4278d4a6028830caff9ee44b42d32ed"},"breadcrumb":{"@id":"https:\/\/portaltela.pt\/noticias\/2026\/04\/20\/o-retorno-do-sapato-da-estacao-divide-opinioes-sobre-a-coluna\/#breadcrumb"},"inLanguage":"pt-PT","potentialAction":[{"@type":"ReadAction","target":["https:\/\/portaltela.pt\/noticias\/2026\/04\/20\/o-retorno-do-sapato-da-estacao-divide-opinioes-sobre-a-coluna\/"]}]},{"@type":"ImageObject","inLanguage":"pt-PT","@id":"https:\/\/portaltela.pt\/noticias\/2026\/04\/20\/o-retorno-do-sapato-da-estacao-divide-opinioes-sobre-a-coluna\/#primaryimage","url":"https:\/\/portaltela.pt\/s.01k8rhncp4jt1\/2026\/04\/default_1200x675.jpg","contentUrl":"https:\/\/portaltela.pt\/s.01k8rhncp4jt1\/2026\/04\/default_1200x675.jpg","width":796,"height":448,"caption":"Photo"},{"@type":"BreadcrumbList","@id":"https:\/\/portaltela.pt\/noticias\/2026\/04\/20\/o-retorno-do-sapato-da-estacao-divide-opinioes-sobre-a-coluna\/#breadcrumb","itemListElement":[{"@type":"ListItem","position":1,"name":"In\u00edcio","item":"https:\/\/portaltela.pt\/"},{"@type":"ListItem","position":2,"name":"O retorno do sapato da esta\u00e7\u00e3o divide opini\u00f5es sobre a coluna"}]},{"@type":"WebSite","@id":"https:\/\/portaltela.pt\/#website","url":"https:\/\/portaltela.pt\/","name":"Portal Tela Portugal","description":"","potentialAction":[{"@type":"SearchAction","target":{"@type":"EntryPoint","urlTemplate":"https:\/\/portaltela.pt\/?s={search_term_string}"},"query-input":{"@type":"PropertyValueSpecification","valueRequired":true,"valueName":"search_term_string"}}],"inLanguage":"pt-PT"},{"@type":"Person","@id":"https:\/\/portaltela.pt\/#\/schema\/person\/c4278d4a6028830caff9ee44b42d32ed","name":"Telinha","image":{"@type":"ImageObject","inLanguage":"pt-PT","@id":"https:\/\/portaltela.pt\/s.01k8rhncp4jt1\/2025\/11\/talking-bot-125x125.png","url":"https:\/\/portaltela.pt\/s.01k8rhncp4jt1\/2025\/11\/talking-bot-125x125.png","contentUrl":"https:\/\/portaltela.pt\/s.01k8rhncp4jt1\/2025\/11\/talking-bot-125x125.png","caption":"Telinha"},"sameAs":["https:\/\/portaltela.pt\/"],"url":"https:\/\/portaltela.pt\/por\/367410592786\/"}]}},"_links":{"self":[{"href":"https:\/\/portaltela.pt\/api\/wp\/v2\/posts\/451548","targetHints":{"allow":["GET"]}}],"collection":[{"href":"https:\/\/portaltela.pt\/api\/wp\/v2\/posts"}],"about":[{"href":"https:\/\/portaltela.pt\/api\/wp\/v2\/types\/post"}],"author":[{"embeddable":true,"href":"https:\/\/portaltela.pt\/api\/wp\/v2\/users\/2"}],"replies":[{"embeddable":true,"href":"https:\/\/portaltela.pt\/api\/wp\/v2\/comments?post=451548"}],"version-history":[{"count":0,"href":"https:\/\/portaltela.pt\/api\/wp\/v2\/posts\/451548\/revisions"}],"wp:featuredmedia":[{"embeddable":true,"href":"https:\/\/portaltela.pt\/api\/wp\/v2\/media\/451557"}],"wp:attachment":[{"href":"https:\/\/portaltela.pt\/api\/wp\/v2\/media?parent=451548"}],"wp:term":[{"taxonomy":"category","embeddable":true,"href":"https:\/\/portaltela.pt\/api\/wp\/v2\/categories?post=451548"},{"taxonomy":"post_tag","embeddable":true,"href":"https:\/\/portaltela.pt\/api\/wp\/v2\/tags?post=451548"}],"curies":[{"name":"wp","href":"https:\/\/api.w.org\/{rel}","templated":true}]}}