{"id":451537,"date":"2026-04-20T13:17:57","date_gmt":"2026-04-20T16:17:57","guid":{"rendered":"https:\/\/portaltela.pt\/noticias\/2026\/04\/20\/elon-musk-falha-audiencia-na-justica-francesa-sobre-abusos-no-x\/"},"modified":"2026-04-20T13:17:57","modified_gmt":"2026-04-20T16:17:57","slug":"elon-musk-falha-audiencia-na-justica-francesa-sobre-abusos-no-x","status":"publish","type":"post","link":"https:\/\/portaltela.pt\/justica\/2026\/04\/20\/elon-musk-falha-audiencia-na-justica-francesa-sobre-abusos-no-x\/","title":{"rendered":"Elon Musk falha audi\u00eancia na justi\u00e7a francesa sobre abusos no X"},"content":{"rendered":"<p>Elon Musk n\u00e3o compareceu hoje perante a justi\u00e7a francesa no \u00e2mbito de uma investiga\u00e7\u00e3o sobre poss\u00edveis abusos na rede social X, informou o Minist\u00e9rio P\u00fablico franc\u00eas, contactado pela AFP.<\/p>\n<p>A aus\u00eancia do empres\u00e1rio foi confirmada pela institui\u00e7\u00e3o, que n\u00e3o forneceu pormenores adicionais de momento. A investiga\u00e7\u00e3o centra\u2011se em alegados abusos na plataforma X.<\/p>\n<p>Fonte da AFP confirmou que o caso continua em curso, sem dados sobre a audi\u00eancia nem sobre eventuais dilig\u00eancias subsequentes.<\/p>\n<p>N\u00e3o foram partilhadas informa\u00e7\u00f5es sobre prazos, nem sobre o papel espec\u00edfico de Musk no inqu\u00e9rito, que permanece em segredo de justi\u00e7a.<\/p>\n","protected":false},"excerpt":{"rendered":"<ul>\n<li>Elon Musk n\u00e3o compareceu perante a justi\u00e7a francesa no \u00e2mbito de uma investiga\u00e7\u00e3o sobre poss\u00edveis abusos na rede social X.<\/li>\n<li>A informa\u00e7\u00e3o foi comunicada pelo Minist\u00e9rio P\u00fablico franc\u00eas.<\/li>\n<li>A declara\u00e7\u00e3o foi feita \u00e0 ag\u00eancia France Presse (AFP).<\/li>\n<li>O caso envolve alega\u00e7\u00f5es de abusos na plataforma X.<\/li>\n<li>O conte\u00fado completo da not\u00edcia est\u00e1 dispon\u00edvel apenas para subscritores.<\/li>\n<\/ul>\n","protected":false},"author":2,"featured_media":451541,"comment_status":"closed","ping_status":"closed","sticky":false,"template":"","format":"standard","meta":{"footnotes":""},"categories":[6815],"tags":[8770,8157,5866,147,4972,215],"class_list":["post-451537","post","type-post","status-publish","format-standard","has-post-thumbnail","hentry","category-justica","tag-_justica","tag-_redes-sociais","tag-abusos","tag-crime","tag-elon-musk","tag-investigacao"],"yoast_head":"<!-- This site is optimized with the Yoast SEO plugin v27.2 - https:\/\/yoast.com\/product\/yoast-seo-wordpress\/ -->\n<title>Elon Musk falha audi\u00eancia na justi\u00e7a francesa sobre abusos no X - Portal Tela Portugal<\/title>\n<meta name=\"robots\" content=\"index, follow, max-snippet:-1, max-image-preview:large, max-video-preview:-1\" \/>\n<meta property=\"og:locale\" content=\"pt_PT\" \/>\n<meta property=\"og:type\" content=\"article\" \/>\n<meta property=\"og:title\" content=\"Elon Musk falha audi\u00eancia na justi\u00e7a francesa sobre abusos no X - Portal Tela Portugal\" \/>\n<meta property=\"og:description\" content=\"Elon Musk n\u00e3o compareceu perante a justi\u00e7a francesa no \u00e2mbito de uma investiga\u00e7\u00e3o sobre poss\u00edveis abusos na rede social X. A informa\u00e7\u00e3o foi comunicada pelo Minist\u00e9rio P\u00fablico franc\u00eas. A declara\u00e7\u00e3o foi feita \u00e0 ag\u00eancia France Presse (AFP). O caso envolve alega\u00e7\u00f5es de abusos na plataforma X. O conte\u00fado completo da not\u00edcia est\u00e1 dispon\u00edvel apenas para subscritores.\" \/>\n<meta property=\"og:url\" content=\"https:\/\/portaltela.pt\/noticias\/2026\/04\/20\/elon-musk-falha-audiencia-na-justica-francesa-sobre-abusos-no-x\/\" \/>\n<meta property=\"og:site_name\" content=\"Portal Tela Portugal\" \/>\n<meta property=\"article:published_time\" content=\"2026-04-20T16:17:57+00:00\" \/>\n<meta name=\"author\" content=\"Telinha\" \/>\n<meta name=\"twitter:card\" content=\"summary_large_image\" \/>\n<meta name=\"twitter:label1\" content=\"Escrito por\" \/>\n\t<meta name=\"twitter:data1\" content=\"Telinha\" \/>\n\t<meta name=\"twitter:label2\" content=\"Tempo estimado de leitura\" \/>\n\t<meta name=\"twitter:data2\" content=\"1 minuto\" \/>\n<script type=\"application\/ld+json\" class=\"yoast-schema-graph\">{\"@context\":\"https:\/\/schema.org\",\"@graph\":[{\"@type\":\"Article\",\"@id\":\"https:\/\/portaltela.pt\/noticias\/2026\/04\/20\/elon-musk-falha-audiencia-na-justica-francesa-sobre-abusos-no-x\/#article\",\"isPartOf\":{\"@id\":\"https:\/\/portaltela.pt\/noticias\/2026\/04\/20\/elon-musk-falha-audiencia-na-justica-francesa-sobre-abusos-no-x\/\"},\"author\":{\"name\":\"Telinha\",\"@id\":\"https:\/\/portaltela.pt\/#\/schema\/person\/c4278d4a6028830caff9ee44b42d32ed\"},\"headline\":\"Elon Musk falha audi\u00eancia na justi\u00e7a francesa sobre abusos no X\",\"datePublished\":\"2026-04-20T16:17:57+00:00\",\"mainEntityOfPage\":{\"@id\":\"https:\/\/portaltela.pt\/noticias\/2026\/04\/20\/elon-musk-falha-audiencia-na-justica-francesa-sobre-abusos-no-x\/\"},\"wordCount\":127,\"image\":{\"@id\":\"https:\/\/portaltela.pt\/noticias\/2026\/04\/20\/elon-musk-falha-audiencia-na-justica-francesa-sobre-abusos-no-x\/#primaryimage\"},\"thumbnailUrl\":\"https:\/\/portaltela.pt\/s.01k8rhncp4jt1\/2026\/04\/CACHE_780X1200_ANALOG_WATERMARKED_46405553_291165327488378.jpg\",\"keywords\":[\"_justi\u00e7a\",\"_redes sociais\",\"abusos\",\"crime\",\"Elon Musk\",\"investiga\u00e7\u00e3o\"],\"articleSection\":[\"Justi\u00e7a\"],\"inLanguage\":\"pt-PT\"},{\"@type\":\"WebPage\",\"@id\":\"https:\/\/portaltela.pt\/noticias\/2026\/04\/20\/elon-musk-falha-audiencia-na-justica-francesa-sobre-abusos-no-x\/\",\"url\":\"https:\/\/portaltela.pt\/noticias\/2026\/04\/20\/elon-musk-falha-audiencia-na-justica-francesa-sobre-abusos-no-x\/\",\"name\":\"Elon Musk falha audi\u00eancia na justi\u00e7a francesa sobre abusos no X - Portal Tela Portugal\",\"isPartOf\":{\"@id\":\"https:\/\/portaltela.pt\/#website\"},\"primaryImageOfPage\":{\"@id\":\"https:\/\/portaltela.pt\/noticias\/2026\/04\/20\/elon-musk-falha-audiencia-na-justica-francesa-sobre-abusos-no-x\/#primaryimage\"},\"image\":{\"@id\":\"https:\/\/portaltela.pt\/noticias\/2026\/04\/20\/elon-musk-falha-audiencia-na-justica-francesa-sobre-abusos-no-x\/#primaryimage\"},\"thumbnailUrl\":\"https:\/\/portaltela.pt\/s.01k8rhncp4jt1\/2026\/04\/CACHE_780X1200_ANALOG_WATERMARKED_46405553_291165327488378.jpg\",\"datePublished\":\"2026-04-20T16:17:57+00:00\",\"author\":{\"@id\":\"https:\/\/portaltela.pt\/#\/schema\/person\/c4278d4a6028830caff9ee44b42d32ed\"},\"breadcrumb\":{\"@id\":\"https:\/\/portaltela.pt\/noticias\/2026\/04\/20\/elon-musk-falha-audiencia-na-justica-francesa-sobre-abusos-no-x\/#breadcrumb\"},\"inLanguage\":\"pt-PT\",\"potentialAction\":[{\"@type\":\"ReadAction\",\"target\":[\"https:\/\/portaltela.pt\/noticias\/2026\/04\/20\/elon-musk-falha-audiencia-na-justica-francesa-sobre-abusos-no-x\/\"]}]},{\"@type\":\"ImageObject\",\"inLanguage\":\"pt-PT\",\"@id\":\"https:\/\/portaltela.pt\/noticias\/2026\/04\/20\/elon-musk-falha-audiencia-na-justica-francesa-sobre-abusos-no-x\/#primaryimage\",\"url\":\"https:\/\/portaltela.pt\/s.01k8rhncp4jt1\/2026\/04\/CACHE_780X1200_ANALOG_WATERMARKED_46405553_291165327488378.jpg\",\"contentUrl\":\"https:\/\/portaltela.pt\/s.01k8rhncp4jt1\/2026\/04\/CACHE_780X1200_ANALOG_WATERMARKED_46405553_291165327488378.jpg\",\"width\":796,\"height\":448,\"caption\":\"Elon Musk falha audi\u00e7\u00e3o na justi\u00e7a francesa sobre poss\u00edveis abusos na rede social X\"},{\"@type\":\"BreadcrumbList\",\"@id\":\"https:\/\/portaltela.pt\/noticias\/2026\/04\/20\/elon-musk-falha-audiencia-na-justica-francesa-sobre-abusos-no-x\/#breadcrumb\",\"itemListElement\":[{\"@type\":\"ListItem\",\"position\":1,\"name\":\"In\u00edcio\",\"item\":\"https:\/\/portaltela.pt\/\"},{\"@type\":\"ListItem\",\"position\":2,\"name\":\"Elon Musk falha audi\u00eancia na justi\u00e7a francesa sobre abusos no X\"}]},{\"@type\":\"WebSite\",\"@id\":\"https:\/\/portaltela.pt\/#website\",\"url\":\"https:\/\/portaltela.pt\/\",\"name\":\"Portal Tela Portugal\",\"description\":\"\",\"potentialAction\":[{\"@type\":\"SearchAction\",\"target\":{\"@type\":\"EntryPoint\",\"urlTemplate\":\"https:\/\/portaltela.pt\/?s={search_term_string}\"},\"query-input\":{\"@type\":\"PropertyValueSpecification\",\"valueRequired\":true,\"valueName\":\"search_term_string\"}}],\"inLanguage\":\"pt-PT\"},{\"@type\":\"Person\",\"@id\":\"https:\/\/portaltela.pt\/#\/schema\/person\/c4278d4a6028830caff9ee44b42d32ed\",\"name\":\"Telinha\",\"image\":{\"@type\":\"ImageObject\",\"inLanguage\":\"pt-PT\",\"@id\":\"https:\/\/portaltela.pt\/s.01k8rhncp4jt1\/2025\/11\/talking-bot-125x125.png\",\"url\":\"https:\/\/portaltela.pt\/s.01k8rhncp4jt1\/2025\/11\/talking-bot-125x125.png\",\"contentUrl\":\"https:\/\/portaltela.pt\/s.01k8rhncp4jt1\/2025\/11\/talking-bot-125x125.png\",\"caption\":\"Telinha\"},\"sameAs\":[\"https:\/\/portaltela.pt\/\"],\"url\":\"https:\/\/portaltela.pt\/por\/367410592786\/\"}]}<\/script>\n<!-- \/ Yoast SEO plugin. -->","yoast_head_json":{"title":"Elon Musk falha audi\u00eancia na justi\u00e7a francesa sobre abusos no X - Portal Tela Portugal","robots":{"index":"index","follow":"follow","max-snippet":"max-snippet:-1","max-image-preview":"max-image-preview:large","max-video-preview":"max-video-preview:-1"},"og_locale":"pt_PT","og_type":"article","og_title":"Elon Musk falha audi\u00eancia na justi\u00e7a francesa sobre abusos no X - Portal Tela Portugal","og_description":"Elon Musk n\u00e3o compareceu perante a justi\u00e7a francesa no \u00e2mbito de uma investiga\u00e7\u00e3o sobre poss\u00edveis abusos na rede social X. A informa\u00e7\u00e3o foi comunicada pelo Minist\u00e9rio P\u00fablico franc\u00eas. A declara\u00e7\u00e3o foi feita \u00e0 ag\u00eancia France Presse (AFP). O caso envolve alega\u00e7\u00f5es de abusos na plataforma X. O conte\u00fado completo da not\u00edcia est\u00e1 dispon\u00edvel apenas para subscritores.","og_url":"https:\/\/portaltela.pt\/noticias\/2026\/04\/20\/elon-musk-falha-audiencia-na-justica-francesa-sobre-abusos-no-x\/","og_site_name":"Portal Tela Portugal","article_published_time":"2026-04-20T16:17:57+00:00","author":"Telinha","twitter_card":"summary_large_image","twitter_misc":{"Escrito por":"Telinha","Tempo estimado de leitura":"1 minuto"},"schema":{"@context":"https:\/\/schema.org","@graph":[{"@type":"Article","@id":"https:\/\/portaltela.pt\/noticias\/2026\/04\/20\/elon-musk-falha-audiencia-na-justica-francesa-sobre-abusos-no-x\/#article","isPartOf":{"@id":"https:\/\/portaltela.pt\/noticias\/2026\/04\/20\/elon-musk-falha-audiencia-na-justica-francesa-sobre-abusos-no-x\/"},"author":{"name":"Telinha","@id":"https:\/\/portaltela.pt\/#\/schema\/person\/c4278d4a6028830caff9ee44b42d32ed"},"headline":"Elon Musk falha audi\u00eancia na justi\u00e7a francesa sobre abusos no X","datePublished":"2026-04-20T16:17:57+00:00","mainEntityOfPage":{"@id":"https:\/\/portaltela.pt\/noticias\/2026\/04\/20\/elon-musk-falha-audiencia-na-justica-francesa-sobre-abusos-no-x\/"},"wordCount":127,"image":{"@id":"https:\/\/portaltela.pt\/noticias\/2026\/04\/20\/elon-musk-falha-audiencia-na-justica-francesa-sobre-abusos-no-x\/#primaryimage"},"thumbnailUrl":"https:\/\/portaltela.pt\/s.01k8rhncp4jt1\/2026\/04\/CACHE_780X1200_ANALOG_WATERMARKED_46405553_291165327488378.jpg","keywords":["_justi\u00e7a","_redes sociais","abusos","crime","Elon Musk","investiga\u00e7\u00e3o"],"articleSection":["Justi\u00e7a"],"inLanguage":"pt-PT"},{"@type":"WebPage","@id":"https:\/\/portaltela.pt\/noticias\/2026\/04\/20\/elon-musk-falha-audiencia-na-justica-francesa-sobre-abusos-no-x\/","url":"https:\/\/portaltela.pt\/noticias\/2026\/04\/20\/elon-musk-falha-audiencia-na-justica-francesa-sobre-abusos-no-x\/","name":"Elon Musk falha audi\u00eancia na justi\u00e7a francesa sobre abusos no X - Portal Tela Portugal","isPartOf":{"@id":"https:\/\/portaltela.pt\/#website"},"primaryImageOfPage":{"@id":"https:\/\/portaltela.pt\/noticias\/2026\/04\/20\/elon-musk-falha-audiencia-na-justica-francesa-sobre-abusos-no-x\/#primaryimage"},"image":{"@id":"https:\/\/portaltela.pt\/noticias\/2026\/04\/20\/elon-musk-falha-audiencia-na-justica-francesa-sobre-abusos-no-x\/#primaryimage"},"thumbnailUrl":"https:\/\/portaltela.pt\/s.01k8rhncp4jt1\/2026\/04\/CACHE_780X1200_ANALOG_WATERMARKED_46405553_291165327488378.jpg","datePublished":"2026-04-20T16:17:57+00:00","author":{"@id":"https:\/\/portaltela.pt\/#\/schema\/person\/c4278d4a6028830caff9ee44b42d32ed"},"breadcrumb":{"@id":"https:\/\/portaltela.pt\/noticias\/2026\/04\/20\/elon-musk-falha-audiencia-na-justica-francesa-sobre-abusos-no-x\/#breadcrumb"},"inLanguage":"pt-PT","potentialAction":[{"@type":"ReadAction","target":["https:\/\/portaltela.pt\/noticias\/2026\/04\/20\/elon-musk-falha-audiencia-na-justica-francesa-sobre-abusos-no-x\/"]}]},{"@type":"ImageObject","inLanguage":"pt-PT","@id":"https:\/\/portaltela.pt\/noticias\/2026\/04\/20\/elon-musk-falha-audiencia-na-justica-francesa-sobre-abusos-no-x\/#primaryimage","url":"https:\/\/portaltela.pt\/s.01k8rhncp4jt1\/2026\/04\/CACHE_780X1200_ANALOG_WATERMARKED_46405553_291165327488378.jpg","contentUrl":"https:\/\/portaltela.pt\/s.01k8rhncp4jt1\/2026\/04\/CACHE_780X1200_ANALOG_WATERMARKED_46405553_291165327488378.jpg","width":796,"height":448,"caption":"Elon Musk falha audi\u00e7\u00e3o na justi\u00e7a francesa sobre poss\u00edveis abusos na rede social X"},{"@type":"BreadcrumbList","@id":"https:\/\/portaltela.pt\/noticias\/2026\/04\/20\/elon-musk-falha-audiencia-na-justica-francesa-sobre-abusos-no-x\/#breadcrumb","itemListElement":[{"@type":"ListItem","position":1,"name":"In\u00edcio","item":"https:\/\/portaltela.pt\/"},{"@type":"ListItem","position":2,"name":"Elon Musk falha audi\u00eancia na justi\u00e7a francesa sobre abusos no X"}]},{"@type":"WebSite","@id":"https:\/\/portaltela.pt\/#website","url":"https:\/\/portaltela.pt\/","name":"Portal Tela Portugal","description":"","potentialAction":[{"@type":"SearchAction","target":{"@type":"EntryPoint","urlTemplate":"https:\/\/portaltela.pt\/?s={search_term_string}"},"query-input":{"@type":"PropertyValueSpecification","valueRequired":true,"valueName":"search_term_string"}}],"inLanguage":"pt-PT"},{"@type":"Person","@id":"https:\/\/portaltela.pt\/#\/schema\/person\/c4278d4a6028830caff9ee44b42d32ed","name":"Telinha","image":{"@type":"ImageObject","inLanguage":"pt-PT","@id":"https:\/\/portaltela.pt\/s.01k8rhncp4jt1\/2025\/11\/talking-bot-125x125.png","url":"https:\/\/portaltela.pt\/s.01k8rhncp4jt1\/2025\/11\/talking-bot-125x125.png","contentUrl":"https:\/\/portaltela.pt\/s.01k8rhncp4jt1\/2025\/11\/talking-bot-125x125.png","caption":"Telinha"},"sameAs":["https:\/\/portaltela.pt\/"],"url":"https:\/\/portaltela.pt\/por\/367410592786\/"}]}},"_links":{"self":[{"href":"https:\/\/portaltela.pt\/api\/wp\/v2\/posts\/451537","targetHints":{"allow":["GET"]}}],"collection":[{"href":"https:\/\/portaltela.pt\/api\/wp\/v2\/posts"}],"about":[{"href":"https:\/\/portaltela.pt\/api\/wp\/v2\/types\/post"}],"author":[{"embeddable":true,"href":"https:\/\/portaltela.pt\/api\/wp\/v2\/users\/2"}],"replies":[{"embeddable":true,"href":"https:\/\/portaltela.pt\/api\/wp\/v2\/comments?post=451537"}],"version-history":[{"count":0,"href":"https:\/\/portaltela.pt\/api\/wp\/v2\/posts\/451537\/revisions"}],"wp:featuredmedia":[{"embeddable":true,"href":"https:\/\/portaltela.pt\/api\/wp\/v2\/media\/451541"}],"wp:attachment":[{"href":"https:\/\/portaltela.pt\/api\/wp\/v2\/media?parent=451537"}],"wp:term":[{"taxonomy":"category","embeddable":true,"href":"https:\/\/portaltela.pt\/api\/wp\/v2\/categories?post=451537"},{"taxonomy":"post_tag","embeddable":true,"href":"https:\/\/portaltela.pt\/api\/wp\/v2\/tags?post=451537"}],"curies":[{"name":"wp","href":"https:\/\/api.w.org\/{rel}","templated":true}]}}