{"id":451528,"date":"2026-04-20T13:03:16","date_gmt":"2026-04-20T16:03:16","guid":{"rendered":"https:\/\/portaltela.pt\/noticias\/2026\/04\/20\/onu-em-crise-ouve-candidatos-a-sucessao-de-guterres\/"},"modified":"2026-04-20T13:03:16","modified_gmt":"2026-04-20T16:03:16","slug":"onu-em-crise-ouve-candidatos-a-sucessao-de-guterres","status":"publish","type":"post","link":"https:\/\/portaltela.pt\/noticias\/politica\/2026\/04\/20\/onu-em-crise-ouve-candidatos-a-sucessao-de-guterres\/","title":{"rendered":"ONU em crise ouve candidatos \u00e0 sucess\u00e3o de Guterres"},"content":{"rendered":"<p>A ONU inicia esta semana as audi\u00e7\u00f5es p\u00fablicas para o pr\u00f3ximo secret\u00e1rio-geral, ap\u00f3s quatro candidatos serem escolhidos para o processo de sucess\u00e3o de Ant\u00f3nio Guterres. O objetivo \u00e9 selecionar o(a) pr\u00f3ximo(a) l\u00edder da organiza\u00e7\u00e3o. O debate ocorre em ambiente internacional e com forte aten\u00e7\u00e3o aos dilemas do multilateralismo atual.<\/p>\n<p>O cen\u00e1rio internacional tem mostrado mudan\u00e7as profundas nas \u00faltimas d\u00e9cadas, com o papel da ONU em avalia\u00e7\u00e3o constante. A administra\u00e7\u00e3o norte-americana tem exercido influ\u00eancia significativa sobre quem poder\u00e1 liderar a organiza\u00e7\u00e3o. T\u00e9cnicos apontam que o cargo enfrenta desafios de alcance e credibilidade.<\/p>\n<p>Michelle Bachelet, ex-presidente do Chile, \u00e9 a candidata mais conhecida. Washington tem reservas sobre as suas posi\u00e7\u00f5es de aborto e cr\u00edticas a Israel, o que complica o apoio norte-americano. China tamb\u00e9m se manifestou contra um relat\u00f3rio sobre Xinjiang em que ela esteve envolvida.<\/p>\n<p>Rafael Grossi, actual diretor-geral da AIEA, \u00e9 visto como o candidato com maior for\u00e7a t\u00e9cnica. O Governo argentino apoiou a sua candidatura, destacando o seu percurso em organiza\u00e7\u00f5es internacionais. A comunidade diplom\u00e1tica acompanha sobretudo o peso t\u00e9cnico da escolha.<\/p>\n<p>Rebeca Grynspan, ex-Secret\u00e1ria-geral da UNCTAD, representa a via feminina na elei\u00e7\u00e3o. Dirigiu uma ag\u00eancia global de com\u00e9rcio e desenvolvimento, trazendo experi\u00eancia em desenvolvimento e coopera\u00e7\u00e3o multilateral. O seu nome \u00e9 considerado com potencial de apoio significativo.<\/p>\n<p>Macky Sall, antigo presidente do Senegal, \u00e9 o \u00fanico candidato n\u00e3o provenientes das Am\u00e9ricas. A candidatura enfrenta resist\u00eancia interna no Senegal e entre alguns estados africanos, contribuindo para um cen\u00e1rio de divis\u00f5es entre blocos regionais.<\/p>\n","protected":false},"excerpt":{"rendered":"<ul>\n<li>Come\u00e7am as audi\u00e7\u00f5es p\u00fablicas dos quatro candidatos ao cargo de secret\u00e1rio-geral da ONU, com expectativa de eleger a primeira mulher.<\/li>\n<li>Os candidatos s\u00e3o: Michelle Bachelet (ex-presidente do Chile), Rafael Grossi (director-geral da Ag\u00eancia Internacional de Energia At\u00f3mica), Rebeca Grynspan (ex-l\u00edder da UNCTAD) e Macky Sall (ex-presidente do Senegal).<\/li>\n<li>Washington op\u00f5e-se \u00e0 candidatura de Bachelet, por quest\u00f5es relacionadas com aborto e cr\u00edticas a Israel; a China tamb\u00e9m criticou um relat\u00f3rio de Bachelet sobre abusos de direitos humanos em Xinjiang.<\/li>\n<li>O debate ocorre num contexto de menor atratividade do cargo e de tens\u00f5es internacionais entre EUA e R\u00fassia, com choque de posi\u00e7\u00f5es sobre conflitos globais.<\/li>\n<li>Anteriormente, a presidente da Assembleia Geral, Annalena Baerbock, afirmou que o mundo sem as Na\u00e7\u00f5es Unidas seria pior e defendeu reformas da organiza\u00e7\u00e3o.<\/li>\n<\/ul>\n","protected":false},"author":2,"featured_media":451530,"comment_status":"closed","ping_status":"closed","sticky":false,"template":"","format":"standard","meta":{"footnotes":""},"categories":[6912,5],"tags":[5227,5505,6703,3228,5123,466],"class_list":["post-451528","post","type-post","status-publish","format-standard","has-post-thumbnail","hentry","category-internacionais","category-politica","tag-africa","tag-america","tag-diplomacia-internacional","tag-eleicoes-internacionais","tag-onu","tag-organizacao-internacional"],"yoast_head":"<!-- This site is optimized with the Yoast SEO plugin v27.2 - https:\/\/yoast.com\/product\/yoast-seo-wordpress\/ -->\n<title>ONU em crise ouve candidatos \u00e0 sucess\u00e3o de Guterres - Portal Tela Portugal<\/title>\n<meta name=\"robots\" content=\"index, follow, max-snippet:-1, max-image-preview:large, max-video-preview:-1\" \/>\n<meta property=\"og:locale\" content=\"pt_PT\" \/>\n<meta property=\"og:type\" content=\"article\" \/>\n<meta property=\"og:title\" content=\"ONU em crise ouve candidatos \u00e0 sucess\u00e3o de Guterres - Portal Tela Portugal\" \/>\n<meta property=\"og:description\" content=\"Come\u00e7am as audi\u00e7\u00f5es p\u00fablicas dos quatro candidatos ao cargo de secret\u00e1rio-geral da ONU, com expectativa de eleger a primeira mulher. Os candidatos s\u00e3o: Michelle Bachelet (ex-presidente do Chile), Rafael Grossi (director-geral da Ag\u00eancia Internacional de Energia At\u00f3mica), Rebeca Grynspan (ex-l\u00edder da UNCTAD) e Macky Sall (ex-presidente do Senegal). Washington op\u00f5e-se \u00e0 candidatura de Bachelet, por quest\u00f5es relacionadas com aborto e cr\u00edticas a Israel; a China tamb\u00e9m criticou um relat\u00f3rio de Bachelet sobre abusos de direitos humanos em Xinjiang. O debate ocorre num contexto de menor atratividade do cargo e de tens\u00f5es internacionais entre EUA e R\u00fassia, com choque de posi\u00e7\u00f5es sobre conflitos globais. Anteriormente, a presidente da Assembleia Geral, Annalena Baerbock, afirmou que o mundo sem as Na\u00e7\u00f5es Unidas seria pior e defendeu reformas da organiza\u00e7\u00e3o.\" \/>\n<meta property=\"og:url\" content=\"https:\/\/portaltela.pt\/noticias\/2026\/04\/20\/onu-em-crise-ouve-candidatos-a-sucessao-de-guterres\/\" \/>\n<meta property=\"og:site_name\" content=\"Portal Tela Portugal\" \/>\n<meta property=\"article:published_time\" content=\"2026-04-20T16:03:16+00:00\" \/>\n<meta name=\"author\" content=\"Telinha\" \/>\n<meta name=\"twitter:card\" content=\"summary_large_image\" \/>\n<meta name=\"twitter:label1\" content=\"Escrito por\" \/>\n\t<meta name=\"twitter:data1\" content=\"Telinha\" \/>\n\t<meta name=\"twitter:label2\" content=\"Tempo estimado de leitura\" \/>\n\t<meta name=\"twitter:data2\" content=\"1 minuto\" \/>\n<script type=\"application\/ld+json\" class=\"yoast-schema-graph\">{\"@context\":\"https:\/\/schema.org\",\"@graph\":[{\"@type\":\"Article\",\"@id\":\"https:\/\/portaltela.pt\/noticias\/2026\/04\/20\/onu-em-crise-ouve-candidatos-a-sucessao-de-guterres\/#article\",\"isPartOf\":{\"@id\":\"https:\/\/portaltela.pt\/noticias\/2026\/04\/20\/onu-em-crise-ouve-candidatos-a-sucessao-de-guterres\/\"},\"author\":{\"name\":\"Telinha\",\"@id\":\"https:\/\/portaltela.pt\/#\/schema\/person\/c4278d4a6028830caff9ee44b42d32ed\"},\"headline\":\"ONU em crise ouve candidatos \u00e0 sucess\u00e3o de Guterres\",\"datePublished\":\"2026-04-20T16:03:16+00:00\",\"mainEntityOfPage\":{\"@id\":\"https:\/\/portaltela.pt\/noticias\/2026\/04\/20\/onu-em-crise-ouve-candidatos-a-sucessao-de-guterres\/\"},\"wordCount\":289,\"image\":{\"@id\":\"https:\/\/portaltela.pt\/noticias\/2026\/04\/20\/onu-em-crise-ouve-candidatos-a-sucessao-de-guterres\/#primaryimage\"},\"thumbnailUrl\":\"https:\/\/portaltela.pt\/s.01k8rhncp4jt1\/2026\/04\/2082722.jpg\",\"keywords\":[\"\u00c1frica\",\"Am\u00e9rica\",\"diplomacia internacional\",\"elei\u00e7\u00f5es internacionais\",\"ONU\",\"organiza\u00e7\u00e3o internacional\"],\"articleSection\":[\"Internacionais\",\"Pol\u00edtica\"],\"inLanguage\":\"pt-PT\"},{\"@type\":\"WebPage\",\"@id\":\"https:\/\/portaltela.pt\/noticias\/2026\/04\/20\/onu-em-crise-ouve-candidatos-a-sucessao-de-guterres\/\",\"url\":\"https:\/\/portaltela.pt\/noticias\/2026\/04\/20\/onu-em-crise-ouve-candidatos-a-sucessao-de-guterres\/\",\"name\":\"ONU em crise ouve candidatos \u00e0 sucess\u00e3o de Guterres - Portal Tela Portugal\",\"isPartOf\":{\"@id\":\"https:\/\/portaltela.pt\/#website\"},\"primaryImageOfPage\":{\"@id\":\"https:\/\/portaltela.pt\/noticias\/2026\/04\/20\/onu-em-crise-ouve-candidatos-a-sucessao-de-guterres\/#primaryimage\"},\"image\":{\"@id\":\"https:\/\/portaltela.pt\/noticias\/2026\/04\/20\/onu-em-crise-ouve-candidatos-a-sucessao-de-guterres\/#primaryimage\"},\"thumbnailUrl\":\"https:\/\/portaltela.pt\/s.01k8rhncp4jt1\/2026\/04\/2082722.jpg\",\"datePublished\":\"2026-04-20T16:03:16+00:00\",\"author\":{\"@id\":\"https:\/\/portaltela.pt\/#\/schema\/person\/c4278d4a6028830caff9ee44b42d32ed\"},\"breadcrumb\":{\"@id\":\"https:\/\/portaltela.pt\/noticias\/2026\/04\/20\/onu-em-crise-ouve-candidatos-a-sucessao-de-guterres\/#breadcrumb\"},\"inLanguage\":\"pt-PT\",\"potentialAction\":[{\"@type\":\"ReadAction\",\"target\":[\"https:\/\/portaltela.pt\/noticias\/2026\/04\/20\/onu-em-crise-ouve-candidatos-a-sucessao-de-guterres\/\"]}]},{\"@type\":\"ImageObject\",\"inLanguage\":\"pt-PT\",\"@id\":\"https:\/\/portaltela.pt\/noticias\/2026\/04\/20\/onu-em-crise-ouve-candidatos-a-sucessao-de-guterres\/#primaryimage\",\"url\":\"https:\/\/portaltela.pt\/s.01k8rhncp4jt1\/2026\/04\/2082722.jpg\",\"contentUrl\":\"https:\/\/portaltela.pt\/s.01k8rhncp4jt1\/2026\/04\/2082722.jpg\",\"width\":796,\"height\":448,\"caption\":\"Ant\u00f3nio Guterres vai deixar a chefia das Na\u00e7\u00f5es Unidas no final de 2026\"},{\"@type\":\"BreadcrumbList\",\"@id\":\"https:\/\/portaltela.pt\/noticias\/2026\/04\/20\/onu-em-crise-ouve-candidatos-a-sucessao-de-guterres\/#breadcrumb\",\"itemListElement\":[{\"@type\":\"ListItem\",\"position\":1,\"name\":\"In\u00edcio\",\"item\":\"https:\/\/portaltela.pt\/\"},{\"@type\":\"ListItem\",\"position\":2,\"name\":\"ONU em crise ouve candidatos \u00e0 sucess\u00e3o de Guterres\"}]},{\"@type\":\"WebSite\",\"@id\":\"https:\/\/portaltela.pt\/#website\",\"url\":\"https:\/\/portaltela.pt\/\",\"name\":\"Portal Tela Portugal\",\"description\":\"\",\"potentialAction\":[{\"@type\":\"SearchAction\",\"target\":{\"@type\":\"EntryPoint\",\"urlTemplate\":\"https:\/\/portaltela.pt\/?s={search_term_string}\"},\"query-input\":{\"@type\":\"PropertyValueSpecification\",\"valueRequired\":true,\"valueName\":\"search_term_string\"}}],\"inLanguage\":\"pt-PT\"},{\"@type\":\"Person\",\"@id\":\"https:\/\/portaltela.pt\/#\/schema\/person\/c4278d4a6028830caff9ee44b42d32ed\",\"name\":\"Telinha\",\"image\":{\"@type\":\"ImageObject\",\"inLanguage\":\"pt-PT\",\"@id\":\"https:\/\/portaltela.pt\/s.01k8rhncp4jt1\/2025\/11\/talking-bot-125x125.png\",\"url\":\"https:\/\/portaltela.pt\/s.01k8rhncp4jt1\/2025\/11\/talking-bot-125x125.png\",\"contentUrl\":\"https:\/\/portaltela.pt\/s.01k8rhncp4jt1\/2025\/11\/talking-bot-125x125.png\",\"caption\":\"Telinha\"},\"sameAs\":[\"https:\/\/portaltela.pt\/\"],\"url\":\"https:\/\/portaltela.pt\/por\/367410592786\/\"}]}<\/script>\n<!-- \/ Yoast SEO plugin. -->","yoast_head_json":{"title":"ONU em crise ouve candidatos \u00e0 sucess\u00e3o de Guterres - Portal Tela Portugal","robots":{"index":"index","follow":"follow","max-snippet":"max-snippet:-1","max-image-preview":"max-image-preview:large","max-video-preview":"max-video-preview:-1"},"og_locale":"pt_PT","og_type":"article","og_title":"ONU em crise ouve candidatos \u00e0 sucess\u00e3o de Guterres - Portal Tela Portugal","og_description":"Come\u00e7am as audi\u00e7\u00f5es p\u00fablicas dos quatro candidatos ao cargo de secret\u00e1rio-geral da ONU, com expectativa de eleger a primeira mulher. Os candidatos s\u00e3o: Michelle Bachelet (ex-presidente do Chile), Rafael Grossi (director-geral da Ag\u00eancia Internacional de Energia At\u00f3mica), Rebeca Grynspan (ex-l\u00edder da UNCTAD) e Macky Sall (ex-presidente do Senegal). Washington op\u00f5e-se \u00e0 candidatura de Bachelet, por quest\u00f5es relacionadas com aborto e cr\u00edticas a Israel; a China tamb\u00e9m criticou um relat\u00f3rio de Bachelet sobre abusos de direitos humanos em Xinjiang. O debate ocorre num contexto de menor atratividade do cargo e de tens\u00f5es internacionais entre EUA e R\u00fassia, com choque de posi\u00e7\u00f5es sobre conflitos globais. Anteriormente, a presidente da Assembleia Geral, Annalena Baerbock, afirmou que o mundo sem as Na\u00e7\u00f5es Unidas seria pior e defendeu reformas da organiza\u00e7\u00e3o.","og_url":"https:\/\/portaltela.pt\/noticias\/2026\/04\/20\/onu-em-crise-ouve-candidatos-a-sucessao-de-guterres\/","og_site_name":"Portal Tela Portugal","article_published_time":"2026-04-20T16:03:16+00:00","author":"Telinha","twitter_card":"summary_large_image","twitter_misc":{"Escrito por":"Telinha","Tempo estimado de leitura":"1 minuto"},"schema":{"@context":"https:\/\/schema.org","@graph":[{"@type":"Article","@id":"https:\/\/portaltela.pt\/noticias\/2026\/04\/20\/onu-em-crise-ouve-candidatos-a-sucessao-de-guterres\/#article","isPartOf":{"@id":"https:\/\/portaltela.pt\/noticias\/2026\/04\/20\/onu-em-crise-ouve-candidatos-a-sucessao-de-guterres\/"},"author":{"name":"Telinha","@id":"https:\/\/portaltela.pt\/#\/schema\/person\/c4278d4a6028830caff9ee44b42d32ed"},"headline":"ONU em crise ouve candidatos \u00e0 sucess\u00e3o de Guterres","datePublished":"2026-04-20T16:03:16+00:00","mainEntityOfPage":{"@id":"https:\/\/portaltela.pt\/noticias\/2026\/04\/20\/onu-em-crise-ouve-candidatos-a-sucessao-de-guterres\/"},"wordCount":289,"image":{"@id":"https:\/\/portaltela.pt\/noticias\/2026\/04\/20\/onu-em-crise-ouve-candidatos-a-sucessao-de-guterres\/#primaryimage"},"thumbnailUrl":"https:\/\/portaltela.pt\/s.01k8rhncp4jt1\/2026\/04\/2082722.jpg","keywords":["\u00c1frica","Am\u00e9rica","diplomacia internacional","elei\u00e7\u00f5es internacionais","ONU","organiza\u00e7\u00e3o internacional"],"articleSection":["Internacionais","Pol\u00edtica"],"inLanguage":"pt-PT"},{"@type":"WebPage","@id":"https:\/\/portaltela.pt\/noticias\/2026\/04\/20\/onu-em-crise-ouve-candidatos-a-sucessao-de-guterres\/","url":"https:\/\/portaltela.pt\/noticias\/2026\/04\/20\/onu-em-crise-ouve-candidatos-a-sucessao-de-guterres\/","name":"ONU em crise ouve candidatos \u00e0 sucess\u00e3o de Guterres - Portal Tela Portugal","isPartOf":{"@id":"https:\/\/portaltela.pt\/#website"},"primaryImageOfPage":{"@id":"https:\/\/portaltela.pt\/noticias\/2026\/04\/20\/onu-em-crise-ouve-candidatos-a-sucessao-de-guterres\/#primaryimage"},"image":{"@id":"https:\/\/portaltela.pt\/noticias\/2026\/04\/20\/onu-em-crise-ouve-candidatos-a-sucessao-de-guterres\/#primaryimage"},"thumbnailUrl":"https:\/\/portaltela.pt\/s.01k8rhncp4jt1\/2026\/04\/2082722.jpg","datePublished":"2026-04-20T16:03:16+00:00","author":{"@id":"https:\/\/portaltela.pt\/#\/schema\/person\/c4278d4a6028830caff9ee44b42d32ed"},"breadcrumb":{"@id":"https:\/\/portaltela.pt\/noticias\/2026\/04\/20\/onu-em-crise-ouve-candidatos-a-sucessao-de-guterres\/#breadcrumb"},"inLanguage":"pt-PT","potentialAction":[{"@type":"ReadAction","target":["https:\/\/portaltela.pt\/noticias\/2026\/04\/20\/onu-em-crise-ouve-candidatos-a-sucessao-de-guterres\/"]}]},{"@type":"ImageObject","inLanguage":"pt-PT","@id":"https:\/\/portaltela.pt\/noticias\/2026\/04\/20\/onu-em-crise-ouve-candidatos-a-sucessao-de-guterres\/#primaryimage","url":"https:\/\/portaltela.pt\/s.01k8rhncp4jt1\/2026\/04\/2082722.jpg","contentUrl":"https:\/\/portaltela.pt\/s.01k8rhncp4jt1\/2026\/04\/2082722.jpg","width":796,"height":448,"caption":"Ant\u00f3nio Guterres vai deixar a chefia das Na\u00e7\u00f5es Unidas no final de 2026"},{"@type":"BreadcrumbList","@id":"https:\/\/portaltela.pt\/noticias\/2026\/04\/20\/onu-em-crise-ouve-candidatos-a-sucessao-de-guterres\/#breadcrumb","itemListElement":[{"@type":"ListItem","position":1,"name":"In\u00edcio","item":"https:\/\/portaltela.pt\/"},{"@type":"ListItem","position":2,"name":"ONU em crise ouve candidatos \u00e0 sucess\u00e3o de Guterres"}]},{"@type":"WebSite","@id":"https:\/\/portaltela.pt\/#website","url":"https:\/\/portaltela.pt\/","name":"Portal Tela Portugal","description":"","potentialAction":[{"@type":"SearchAction","target":{"@type":"EntryPoint","urlTemplate":"https:\/\/portaltela.pt\/?s={search_term_string}"},"query-input":{"@type":"PropertyValueSpecification","valueRequired":true,"valueName":"search_term_string"}}],"inLanguage":"pt-PT"},{"@type":"Person","@id":"https:\/\/portaltela.pt\/#\/schema\/person\/c4278d4a6028830caff9ee44b42d32ed","name":"Telinha","image":{"@type":"ImageObject","inLanguage":"pt-PT","@id":"https:\/\/portaltela.pt\/s.01k8rhncp4jt1\/2025\/11\/talking-bot-125x125.png","url":"https:\/\/portaltela.pt\/s.01k8rhncp4jt1\/2025\/11\/talking-bot-125x125.png","contentUrl":"https:\/\/portaltela.pt\/s.01k8rhncp4jt1\/2025\/11\/talking-bot-125x125.png","caption":"Telinha"},"sameAs":["https:\/\/portaltela.pt\/"],"url":"https:\/\/portaltela.pt\/por\/367410592786\/"}]}},"_links":{"self":[{"href":"https:\/\/portaltela.pt\/api\/wp\/v2\/posts\/451528","targetHints":{"allow":["GET"]}}],"collection":[{"href":"https:\/\/portaltela.pt\/api\/wp\/v2\/posts"}],"about":[{"href":"https:\/\/portaltela.pt\/api\/wp\/v2\/types\/post"}],"author":[{"embeddable":true,"href":"https:\/\/portaltela.pt\/api\/wp\/v2\/users\/2"}],"replies":[{"embeddable":true,"href":"https:\/\/portaltela.pt\/api\/wp\/v2\/comments?post=451528"}],"version-history":[{"count":0,"href":"https:\/\/portaltela.pt\/api\/wp\/v2\/posts\/451528\/revisions"}],"wp:featuredmedia":[{"embeddable":true,"href":"https:\/\/portaltela.pt\/api\/wp\/v2\/media\/451530"}],"wp:attachment":[{"href":"https:\/\/portaltela.pt\/api\/wp\/v2\/media?parent=451528"}],"wp:term":[{"taxonomy":"category","embeddable":true,"href":"https:\/\/portaltela.pt\/api\/wp\/v2\/categories?post=451528"},{"taxonomy":"post_tag","embeddable":true,"href":"https:\/\/portaltela.pt\/api\/wp\/v2\/tags?post=451528"}],"curies":[{"name":"wp","href":"https:\/\/api.w.org\/{rel}","templated":true}]}}