{"id":451525,"date":"2026-04-20T13:03:14","date_gmt":"2026-04-20T16:03:14","guid":{"rendered":"https:\/\/portaltela.pt\/noticias\/2026\/04\/20\/avaliacoes-insatisfatorias-marcam-sporting-santa-clara-e-fc-porto-famalicao\/"},"modified":"2026-04-20T13:03:14","modified_gmt":"2026-04-20T16:03:14","slug":"avaliacoes-insatisfatorias-marcam-sporting-santa-clara-e-fc-porto-famalicao","status":"publish","type":"post","link":"https:\/\/portaltela.pt\/desporto\/futebol\/2026\/04\/20\/avaliacoes-insatisfatorias-marcam-sporting-santa-clara-e-fc-porto-famalicao\/","title":{"rendered":"Avalia\u00e7\u00f5es insatisfat\u00f3rias marcam Sporting-Santa Clara e FC Porto-Famalic\u00e3o"},"content":{"rendered":"<p>O Conselho de Arbitragem da FPF divulgou, nesta segunda-feira, as aprecia\u00e7\u00f5es \u00e0s atua\u00e7\u00f5es das equipas de arbitragem na 28.\u00aa jornada dos campeonatos profissionais. Digno de destaque \u00e9 o parecer insatisfat\u00f3rio para Andr\u00e9 Narciso no encontro Sporting-Santa Clara (4-2) e para S\u00e9rgio Guelho e Manuel Mota no FC Porto-Famalic\u00e3o (2-2).<\/p>\n<p>Al\u00e9m disso, as avalia\u00e7\u00f5es refletem grada\u00e7\u00f5es entre satisfat\u00f3rio e muito satisfat\u00f3rio, com a Videoarbitragem a completar v\u00e1rias an\u00e1lises. Os resultados variam conforme o desempenho observado em cada jogo ao longo da jornada.<\/p>\n<h3>Resumo das avalia\u00e7\u00f5es<\/h3>\n<ul>\n<li>Gil Vicente &#8211; AVS SAD: Arbitragem Satisfat\u00f3rio; Videoarbitragem Satisfat\u00f3rio<\/li>\n<li>V. Guimar\u00e3es &#8211; Tondela: Arbitragem Satisfat\u00f3rio; Videoarbitragem Muito Satisfat\u00f3rio<\/li>\n<li>Sporting &#8211; Santa Clara: Arbitragem Insatisfat\u00f3rio; Videoarbitragem Muito Satisfat\u00f3rio<\/li>\n<li>Nacional &#8211; E. Amadora: Arbitragem Muito Satisfat\u00f3ria; Videoarbitragem Satisfat\u00f3rio<\/li>\n<li>Moreirense &#8211; Sp. Braga: Arbitragem Satisfat\u00f3rio; Videoarbitragem Satisfat\u00f3rio<\/li>\n<li>Rio Ave &#8211; Alverca: Arbitragem Muito Satisfat\u00f3rio; Videoarbitragem Satisfat\u00f3rio<\/li>\n<li>FC Porto &#8211; Famalic\u00e3o: Arbitragem Insatisfat\u00f3rio; Videoarbitragem Insatisfat\u00f3rio<\/li>\n<li>Arouca &#8211; Estoril: Arbitragem Satisfat\u00f3rio; Videoarbitragem Satisfat\u00f3rio<\/li>\n<li>Casa Pia &#8211; Benfica: Arbitragem Satisfat\u00f3rio; Videoarbitragem Satisfat\u00f3rio<\/li>\n<\/ul>\n","protected":false},"excerpt":{"rendered":"<ul>\n<li>O Conselho de Arbitragem da Federa\u00e7\u00e3o Portuguesa de Futebol divulgou as aprecia\u00e7\u00f5es \u00e0 atua\u00e7\u00e3o da arbitragem na 28.\u00aa jornada dos campeonatos profissionais.<\/li>\n<li>Sporting-Santa Clara (4-2): arbitragem insatisfat\u00f3ria, com a videoarbitragem classificada como muito satisfat\u00f3ria.<\/li>\n<li>FC Porto-Famalic\u00e3o (2-2): arbitragem insatisfat\u00f3ria, com a videoarbitragem tamb\u00e9m insatisfat\u00f3ria.<\/li>\n<li>Em outros encontros, as avalia\u00e7\u00f5es foram positivas: V. Guimar\u00e3es-Tondela (arbitragem satisfat\u00f3ria; videoarbitragem muito satisfat\u00f3ria) e Nacional-E. Amadora (arbitragem muito satisfat\u00f3ria; videoarbitragem satisfat\u00f3rio).<\/li>\n<li>A lista completa mostra ainda outras partidas com arbitragens satisfat\u00f3rias ou muito satisfat\u00f3rias, sem coment\u00e1rios adicionais.<\/li>\n<\/ul>\n","protected":false},"author":2,"featured_media":451531,"comment_status":"closed","ping_status":"closed","sticky":false,"template":"","format":"standard","meta":{"footnotes":""},"categories":[21,24],"tags":[7931,4143,982,998,1652,1700],"class_list":["post-451525","post","type-post","status-publish","format-standard","has-post-thumbnail","hentry","category-desporto","category-futebol","tag-_arbitragem","tag-1-liga","tag-porto","tag-santa-clara","tag-sporting","tag-videoarbitragem"],"yoast_head":"<!-- This site is optimized with the Yoast SEO plugin v27.2 - https:\/\/yoast.com\/product\/yoast-seo-wordpress\/ -->\n<title>Avalia\u00e7\u00f5es insatisfat\u00f3rias marcam Sporting-Santa Clara e FC Porto-Famalic\u00e3o - Portal Tela Portugal<\/title>\n<meta name=\"robots\" content=\"index, follow, max-snippet:-1, max-image-preview:large, max-video-preview:-1\" \/>\n<meta property=\"og:locale\" content=\"pt_PT\" \/>\n<meta property=\"og:type\" content=\"article\" \/>\n<meta property=\"og:title\" content=\"Avalia\u00e7\u00f5es insatisfat\u00f3rias marcam Sporting-Santa Clara e FC Porto-Famalic\u00e3o - Portal Tela Portugal\" \/>\n<meta property=\"og:description\" content=\"O Conselho de Arbitragem da Federa\u00e7\u00e3o Portuguesa de Futebol divulgou as aprecia\u00e7\u00f5es \u00e0 atua\u00e7\u00e3o da arbitragem na 28.\u00aa jornada dos campeonatos profissionais. Sporting-Santa Clara (4-2): arbitragem insatisfat\u00f3ria, com a videoarbitragem classificada como muito satisfat\u00f3ria. FC Porto-Famalic\u00e3o (2-2): arbitragem insatisfat\u00f3ria, com a videoarbitragem tamb\u00e9m insatisfat\u00f3ria. Em outros encontros, as avalia\u00e7\u00f5es foram positivas: V. Guimar\u00e3es-Tondela (arbitragem satisfat\u00f3ria; videoarbitragem muito satisfat\u00f3ria) e Nacional-E. Amadora (arbitragem muito satisfat\u00f3ria; videoarbitragem satisfat\u00f3rio). A lista completa mostra ainda outras partidas com arbitragens satisfat\u00f3rias ou muito satisfat\u00f3rias, sem coment\u00e1rios adicionais.\" \/>\n<meta property=\"og:url\" content=\"https:\/\/portaltela.pt\/noticias\/2026\/04\/20\/avaliacoes-insatisfatorias-marcam-sporting-santa-clara-e-fc-porto-famalicao\/\" \/>\n<meta property=\"og:site_name\" content=\"Portal Tela Portugal\" \/>\n<meta property=\"article:published_time\" content=\"2026-04-20T16:03:14+00:00\" \/>\n<meta name=\"author\" content=\"Telinha\" \/>\n<meta name=\"twitter:card\" content=\"summary_large_image\" \/>\n<meta name=\"twitter:label1\" content=\"Escrito por\" \/>\n\t<meta name=\"twitter:data1\" content=\"Telinha\" \/>\n\t<meta name=\"twitter:label2\" content=\"Tempo estimado de leitura\" \/>\n\t<meta name=\"twitter:data2\" content=\"1 minuto\" \/>\n<script type=\"application\/ld+json\" class=\"yoast-schema-graph\">{\"@context\":\"https:\/\/schema.org\",\"@graph\":[{\"@type\":\"Article\",\"@id\":\"https:\/\/portaltela.pt\/noticias\/2026\/04\/20\/avaliacoes-insatisfatorias-marcam-sporting-santa-clara-e-fc-porto-famalicao\/#article\",\"isPartOf\":{\"@id\":\"https:\/\/portaltela.pt\/noticias\/2026\/04\/20\/avaliacoes-insatisfatorias-marcam-sporting-santa-clara-e-fc-porto-famalicao\/\"},\"author\":{\"name\":\"Telinha\",\"@id\":\"https:\/\/portaltela.pt\/#\/schema\/person\/c4278d4a6028830caff9ee44b42d32ed\"},\"headline\":\"Avalia\u00e7\u00f5es insatisfat\u00f3rias marcam Sporting-Santa Clara e FC Porto-Famalic\u00e3o\",\"datePublished\":\"2026-04-20T16:03:14+00:00\",\"mainEntityOfPage\":{\"@id\":\"https:\/\/portaltela.pt\/noticias\/2026\/04\/20\/avaliacoes-insatisfatorias-marcam-sporting-santa-clara-e-fc-porto-famalicao\/\"},\"wordCount\":202,\"image\":{\"@id\":\"https:\/\/portaltela.pt\/noticias\/2026\/04\/20\/avaliacoes-insatisfatorias-marcam-sporting-santa-clara-e-fc-porto-famalicao\/#primaryimage\"},\"thumbnailUrl\":\"https:\/\/portaltela.pt\/s.01k8rhncp4jt1\/2026\/04\/img_920x518uu2026-04-05-18-15-17-2431275-im-639122997865489914.jpg\",\"keywords\":[\"_arbitragem\",\"1. Liga\",\"Porto\",\"Santa Clara\",\"Sporting\",\"Videoarbitragem\"],\"articleSection\":[\"Desporto\",\"Futebol\"],\"inLanguage\":\"pt-PT\"},{\"@type\":\"WebPage\",\"@id\":\"https:\/\/portaltela.pt\/noticias\/2026\/04\/20\/avaliacoes-insatisfatorias-marcam-sporting-santa-clara-e-fc-porto-famalicao\/\",\"url\":\"https:\/\/portaltela.pt\/noticias\/2026\/04\/20\/avaliacoes-insatisfatorias-marcam-sporting-santa-clara-e-fc-porto-famalicao\/\",\"name\":\"Avalia\u00e7\u00f5es insatisfat\u00f3rias marcam Sporting-Santa Clara e FC Porto-Famalic\u00e3o - Portal Tela Portugal\",\"isPartOf\":{\"@id\":\"https:\/\/portaltela.pt\/#website\"},\"primaryImageOfPage\":{\"@id\":\"https:\/\/portaltela.pt\/noticias\/2026\/04\/20\/avaliacoes-insatisfatorias-marcam-sporting-santa-clara-e-fc-porto-famalicao\/#primaryimage\"},\"image\":{\"@id\":\"https:\/\/portaltela.pt\/noticias\/2026\/04\/20\/avaliacoes-insatisfatorias-marcam-sporting-santa-clara-e-fc-porto-famalicao\/#primaryimage\"},\"thumbnailUrl\":\"https:\/\/portaltela.pt\/s.01k8rhncp4jt1\/2026\/04\/img_920x518uu2026-04-05-18-15-17-2431275-im-639122997865489914.jpg\",\"datePublished\":\"2026-04-20T16:03:14+00:00\",\"author\":{\"@id\":\"https:\/\/portaltela.pt\/#\/schema\/person\/c4278d4a6028830caff9ee44b42d32ed\"},\"breadcrumb\":{\"@id\":\"https:\/\/portaltela.pt\/noticias\/2026\/04\/20\/avaliacoes-insatisfatorias-marcam-sporting-santa-clara-e-fc-porto-famalicao\/#breadcrumb\"},\"inLanguage\":\"pt-PT\",\"potentialAction\":[{\"@type\":\"ReadAction\",\"target\":[\"https:\/\/portaltela.pt\/noticias\/2026\/04\/20\/avaliacoes-insatisfatorias-marcam-sporting-santa-clara-e-fc-porto-famalicao\/\"]}]},{\"@type\":\"ImageObject\",\"inLanguage\":\"pt-PT\",\"@id\":\"https:\/\/portaltela.pt\/noticias\/2026\/04\/20\/avaliacoes-insatisfatorias-marcam-sporting-santa-clara-e-fc-porto-famalicao\/#primaryimage\",\"url\":\"https:\/\/portaltela.pt\/s.01k8rhncp4jt1\/2026\/04\/img_920x518uu2026-04-05-18-15-17-2431275-im-639122997865489914.jpg\",\"contentUrl\":\"https:\/\/portaltela.pt\/s.01k8rhncp4jt1\/2026\/04\/img_920x518uu2026-04-05-18-15-17-2431275-im-639122997865489914.jpg\",\"width\":796,\"height\":448,\"caption\":\"Andr\u00e9 Narciso apitou o Sporting-Santa Clara\"},{\"@type\":\"BreadcrumbList\",\"@id\":\"https:\/\/portaltela.pt\/noticias\/2026\/04\/20\/avaliacoes-insatisfatorias-marcam-sporting-santa-clara-e-fc-porto-famalicao\/#breadcrumb\",\"itemListElement\":[{\"@type\":\"ListItem\",\"position\":1,\"name\":\"In\u00edcio\",\"item\":\"https:\/\/portaltela.pt\/\"},{\"@type\":\"ListItem\",\"position\":2,\"name\":\"Avalia\u00e7\u00f5es insatisfat\u00f3rias marcam Sporting-Santa Clara e FC Porto-Famalic\u00e3o\"}]},{\"@type\":\"WebSite\",\"@id\":\"https:\/\/portaltela.pt\/#website\",\"url\":\"https:\/\/portaltela.pt\/\",\"name\":\"Portal Tela Portugal\",\"description\":\"\",\"potentialAction\":[{\"@type\":\"SearchAction\",\"target\":{\"@type\":\"EntryPoint\",\"urlTemplate\":\"https:\/\/portaltela.pt\/?s={search_term_string}\"},\"query-input\":{\"@type\":\"PropertyValueSpecification\",\"valueRequired\":true,\"valueName\":\"search_term_string\"}}],\"inLanguage\":\"pt-PT\"},{\"@type\":\"Person\",\"@id\":\"https:\/\/portaltela.pt\/#\/schema\/person\/c4278d4a6028830caff9ee44b42d32ed\",\"name\":\"Telinha\",\"image\":{\"@type\":\"ImageObject\",\"inLanguage\":\"pt-PT\",\"@id\":\"https:\/\/portaltela.pt\/s.01k8rhncp4jt1\/2025\/11\/talking-bot-125x125.png\",\"url\":\"https:\/\/portaltela.pt\/s.01k8rhncp4jt1\/2025\/11\/talking-bot-125x125.png\",\"contentUrl\":\"https:\/\/portaltela.pt\/s.01k8rhncp4jt1\/2025\/11\/talking-bot-125x125.png\",\"caption\":\"Telinha\"},\"sameAs\":[\"https:\/\/portaltela.pt\/\"],\"url\":\"https:\/\/portaltela.pt\/por\/367410592786\/\"}]}<\/script>\n<!-- \/ Yoast SEO plugin. -->","yoast_head_json":{"title":"Avalia\u00e7\u00f5es insatisfat\u00f3rias marcam Sporting-Santa Clara e FC Porto-Famalic\u00e3o - Portal Tela Portugal","robots":{"index":"index","follow":"follow","max-snippet":"max-snippet:-1","max-image-preview":"max-image-preview:large","max-video-preview":"max-video-preview:-1"},"og_locale":"pt_PT","og_type":"article","og_title":"Avalia\u00e7\u00f5es insatisfat\u00f3rias marcam Sporting-Santa Clara e FC Porto-Famalic\u00e3o - Portal Tela Portugal","og_description":"O Conselho de Arbitragem da Federa\u00e7\u00e3o Portuguesa de Futebol divulgou as aprecia\u00e7\u00f5es \u00e0 atua\u00e7\u00e3o da arbitragem na 28.\u00aa jornada dos campeonatos profissionais. Sporting-Santa Clara (4-2): arbitragem insatisfat\u00f3ria, com a videoarbitragem classificada como muito satisfat\u00f3ria. FC Porto-Famalic\u00e3o (2-2): arbitragem insatisfat\u00f3ria, com a videoarbitragem tamb\u00e9m insatisfat\u00f3ria. Em outros encontros, as avalia\u00e7\u00f5es foram positivas: V. Guimar\u00e3es-Tondela (arbitragem satisfat\u00f3ria; videoarbitragem muito satisfat\u00f3ria) e Nacional-E. Amadora (arbitragem muito satisfat\u00f3ria; videoarbitragem satisfat\u00f3rio). A lista completa mostra ainda outras partidas com arbitragens satisfat\u00f3rias ou muito satisfat\u00f3rias, sem coment\u00e1rios adicionais.","og_url":"https:\/\/portaltela.pt\/noticias\/2026\/04\/20\/avaliacoes-insatisfatorias-marcam-sporting-santa-clara-e-fc-porto-famalicao\/","og_site_name":"Portal Tela Portugal","article_published_time":"2026-04-20T16:03:14+00:00","author":"Telinha","twitter_card":"summary_large_image","twitter_misc":{"Escrito por":"Telinha","Tempo estimado de leitura":"1 minuto"},"schema":{"@context":"https:\/\/schema.org","@graph":[{"@type":"Article","@id":"https:\/\/portaltela.pt\/noticias\/2026\/04\/20\/avaliacoes-insatisfatorias-marcam-sporting-santa-clara-e-fc-porto-famalicao\/#article","isPartOf":{"@id":"https:\/\/portaltela.pt\/noticias\/2026\/04\/20\/avaliacoes-insatisfatorias-marcam-sporting-santa-clara-e-fc-porto-famalicao\/"},"author":{"name":"Telinha","@id":"https:\/\/portaltela.pt\/#\/schema\/person\/c4278d4a6028830caff9ee44b42d32ed"},"headline":"Avalia\u00e7\u00f5es insatisfat\u00f3rias marcam Sporting-Santa Clara e FC Porto-Famalic\u00e3o","datePublished":"2026-04-20T16:03:14+00:00","mainEntityOfPage":{"@id":"https:\/\/portaltela.pt\/noticias\/2026\/04\/20\/avaliacoes-insatisfatorias-marcam-sporting-santa-clara-e-fc-porto-famalicao\/"},"wordCount":202,"image":{"@id":"https:\/\/portaltela.pt\/noticias\/2026\/04\/20\/avaliacoes-insatisfatorias-marcam-sporting-santa-clara-e-fc-porto-famalicao\/#primaryimage"},"thumbnailUrl":"https:\/\/portaltela.pt\/s.01k8rhncp4jt1\/2026\/04\/img_920x518uu2026-04-05-18-15-17-2431275-im-639122997865489914.jpg","keywords":["_arbitragem","1. Liga","Porto","Santa Clara","Sporting","Videoarbitragem"],"articleSection":["Desporto","Futebol"],"inLanguage":"pt-PT"},{"@type":"WebPage","@id":"https:\/\/portaltela.pt\/noticias\/2026\/04\/20\/avaliacoes-insatisfatorias-marcam-sporting-santa-clara-e-fc-porto-famalicao\/","url":"https:\/\/portaltela.pt\/noticias\/2026\/04\/20\/avaliacoes-insatisfatorias-marcam-sporting-santa-clara-e-fc-porto-famalicao\/","name":"Avalia\u00e7\u00f5es insatisfat\u00f3rias marcam Sporting-Santa Clara e FC Porto-Famalic\u00e3o - Portal Tela Portugal","isPartOf":{"@id":"https:\/\/portaltela.pt\/#website"},"primaryImageOfPage":{"@id":"https:\/\/portaltela.pt\/noticias\/2026\/04\/20\/avaliacoes-insatisfatorias-marcam-sporting-santa-clara-e-fc-porto-famalicao\/#primaryimage"},"image":{"@id":"https:\/\/portaltela.pt\/noticias\/2026\/04\/20\/avaliacoes-insatisfatorias-marcam-sporting-santa-clara-e-fc-porto-famalicao\/#primaryimage"},"thumbnailUrl":"https:\/\/portaltela.pt\/s.01k8rhncp4jt1\/2026\/04\/img_920x518uu2026-04-05-18-15-17-2431275-im-639122997865489914.jpg","datePublished":"2026-04-20T16:03:14+00:00","author":{"@id":"https:\/\/portaltela.pt\/#\/schema\/person\/c4278d4a6028830caff9ee44b42d32ed"},"breadcrumb":{"@id":"https:\/\/portaltela.pt\/noticias\/2026\/04\/20\/avaliacoes-insatisfatorias-marcam-sporting-santa-clara-e-fc-porto-famalicao\/#breadcrumb"},"inLanguage":"pt-PT","potentialAction":[{"@type":"ReadAction","target":["https:\/\/portaltela.pt\/noticias\/2026\/04\/20\/avaliacoes-insatisfatorias-marcam-sporting-santa-clara-e-fc-porto-famalicao\/"]}]},{"@type":"ImageObject","inLanguage":"pt-PT","@id":"https:\/\/portaltela.pt\/noticias\/2026\/04\/20\/avaliacoes-insatisfatorias-marcam-sporting-santa-clara-e-fc-porto-famalicao\/#primaryimage","url":"https:\/\/portaltela.pt\/s.01k8rhncp4jt1\/2026\/04\/img_920x518uu2026-04-05-18-15-17-2431275-im-639122997865489914.jpg","contentUrl":"https:\/\/portaltela.pt\/s.01k8rhncp4jt1\/2026\/04\/img_920x518uu2026-04-05-18-15-17-2431275-im-639122997865489914.jpg","width":796,"height":448,"caption":"Andr\u00e9 Narciso apitou o Sporting-Santa Clara"},{"@type":"BreadcrumbList","@id":"https:\/\/portaltela.pt\/noticias\/2026\/04\/20\/avaliacoes-insatisfatorias-marcam-sporting-santa-clara-e-fc-porto-famalicao\/#breadcrumb","itemListElement":[{"@type":"ListItem","position":1,"name":"In\u00edcio","item":"https:\/\/portaltela.pt\/"},{"@type":"ListItem","position":2,"name":"Avalia\u00e7\u00f5es insatisfat\u00f3rias marcam Sporting-Santa Clara e FC Porto-Famalic\u00e3o"}]},{"@type":"WebSite","@id":"https:\/\/portaltela.pt\/#website","url":"https:\/\/portaltela.pt\/","name":"Portal Tela Portugal","description":"","potentialAction":[{"@type":"SearchAction","target":{"@type":"EntryPoint","urlTemplate":"https:\/\/portaltela.pt\/?s={search_term_string}"},"query-input":{"@type":"PropertyValueSpecification","valueRequired":true,"valueName":"search_term_string"}}],"inLanguage":"pt-PT"},{"@type":"Person","@id":"https:\/\/portaltela.pt\/#\/schema\/person\/c4278d4a6028830caff9ee44b42d32ed","name":"Telinha","image":{"@type":"ImageObject","inLanguage":"pt-PT","@id":"https:\/\/portaltela.pt\/s.01k8rhncp4jt1\/2025\/11\/talking-bot-125x125.png","url":"https:\/\/portaltela.pt\/s.01k8rhncp4jt1\/2025\/11\/talking-bot-125x125.png","contentUrl":"https:\/\/portaltela.pt\/s.01k8rhncp4jt1\/2025\/11\/talking-bot-125x125.png","caption":"Telinha"},"sameAs":["https:\/\/portaltela.pt\/"],"url":"https:\/\/portaltela.pt\/por\/367410592786\/"}]}},"_links":{"self":[{"href":"https:\/\/portaltela.pt\/api\/wp\/v2\/posts\/451525","targetHints":{"allow":["GET"]}}],"collection":[{"href":"https:\/\/portaltela.pt\/api\/wp\/v2\/posts"}],"about":[{"href":"https:\/\/portaltela.pt\/api\/wp\/v2\/types\/post"}],"author":[{"embeddable":true,"href":"https:\/\/portaltela.pt\/api\/wp\/v2\/users\/2"}],"replies":[{"embeddable":true,"href":"https:\/\/portaltela.pt\/api\/wp\/v2\/comments?post=451525"}],"version-history":[{"count":0,"href":"https:\/\/portaltela.pt\/api\/wp\/v2\/posts\/451525\/revisions"}],"wp:featuredmedia":[{"embeddable":true,"href":"https:\/\/portaltela.pt\/api\/wp\/v2\/media\/451531"}],"wp:attachment":[{"href":"https:\/\/portaltela.pt\/api\/wp\/v2\/media?parent=451525"}],"wp:term":[{"taxonomy":"category","embeddable":true,"href":"https:\/\/portaltela.pt\/api\/wp\/v2\/categories?post=451525"},{"taxonomy":"post_tag","embeddable":true,"href":"https:\/\/portaltela.pt\/api\/wp\/v2\/tags?post=451525"}],"curies":[{"name":"wp","href":"https:\/\/api.w.org\/{rel}","templated":true}]}}