{"id":451491,"date":"2026-04-20T12:33:19","date_gmt":"2026-04-20T15:33:19","guid":{"rendered":"https:\/\/portaltela.pt\/noticias\/2026\/04\/20\/figo-diz-desejar-o-melhor-a-mourinho-menos-quando-enfrenta-o-sporting\/"},"modified":"2026-04-20T12:33:19","modified_gmt":"2026-04-20T15:33:19","slug":"figo-diz-desejar-o-melhor-a-mourinho-menos-quando-enfrenta-o-sporting","status":"publish","type":"post","link":"https:\/\/portaltela.pt\/desporto\/futebol\/2026\/04\/20\/figo-diz-desejar-o-melhor-a-mourinho-menos-quando-enfrenta-o-sporting\/","title":{"rendered":"Figo diz desejar o melhor a Mourinho, menos quando enfrenta o Sporting"},"content":{"rendered":"<p>Lu\u00eds Figo revelou, numa confer\u00eancia de imprensa \u00e0 margem dos Pr\u00e9mios Laureus, que mant\u00e9m uma rela\u00e7\u00e3o de amizade com Jos\u00e9 Mourinho e que deseja-lhe sempre o melhor, exceto quando enfrenta o Sporting. A declara\u00e7\u00e3o surgiu na v\u00e9spera da gala.<\/p>\n<p>O antigo internacional recordou os la\u00e7os entre Mourinho e a sua carreira, descrevendo o t\u00e9cnico como algu\u00e9m com grande vis\u00e3o de jogo e experi\u00eancia, valorizando-o como treinador para qualquer equipa. Acrescentou que, enquanto amigo e refer\u00eancia, torce pelo seu sucesso, independentemente do clube onde esteja.<\/p>\n<h3>Contexto recente e Mundial 2026<\/h3>\n<p>Figo comentou ainda a atualiza\u00e7\u00e3o da sele\u00e7\u00e3o portuguesa para o Mundial 2026, afirmando acreditar que a equipa tem tudo para vencer o torneio. Referiu que Roberto Mart\u00ednez \u00e9 um amigo e que a sele\u00e7\u00e3o pode alcan\u00e7ar o t\u00edtulo, desde que mantenha o seu jogo coletivo e a disciplina ao longo de um campeonato longo.<\/p>\n<p>O ex-jogador apontou que Portugal pode sofrer com um dia menos inspirado, mas confia na qualidade dos seus atletas e na combina\u00e7\u00e3o de talento e estrat\u00e9gia. Refor\u00e7ou ainda a convic\u00e7\u00e3o de que Cristiano Ronaldo chega em boa forma para as competi\u00e7\u00f5es que se seguem.<\/p>\n<h3>Liga dos Campe\u00f5es e prefer\u00eancias<\/h3>\n<p>Sobre a Liga dos Campe\u00f5es, Figo acredita que o vencedor sair\u00e1 da meia-final entre Bayern Munique e PSG, embora admitisse que preferia ver o Atl\u00e9tico de Madrid a vencer, pela hist\u00f3ria de finais perdidas e pela amizade que mant\u00e9m com Miguel \u00c1ngel Gil e Enrique Cerezo.<\/p>\n<p>Avaliando o momento atual, o antigo extremo enfatizou que o futebol portugu\u00eas tem potencial para surpreender, desde que mantenha equil\u00edbrio entre ataque e defesa e uma gest\u00e3o de jogos consciente. A entrevista foi publicada na v\u00e9spera da cerim\u00f3nia Laureus.<\/p>\n","protected":false},"excerpt":{"rendered":"<ul>\n<li>Lu\u00eds Figo, na v\u00e9spera dos Laureus, falou sobre Mourinho, chamando-o de amigo e destacando a sua qualidade e experi\u00eancia, e disse que deseja sempre o melhor, exceto quando joga contra o Sporting.<\/li>\n<li>O antigo jogador recordou os la\u00e7os com Mourinho, que j\u00e1 foi tradutor de Bobby Robson, adjunto de Louis van Gaal e treinador, e \u00e9 considerado valioso para qualquer equipa.<\/li>\n<li>Figo analisou as perspetivas de Portugal no Mundial 2026, afirmando que temos tudo para vencer, mas admitiu que um mau dia pode eliminar a sele\u00e7\u00e3o.<\/li>\n<li>Referiu Roberto Mart\u00ednez como amigo e desejou que a sele\u00e7\u00e3o portuguesa tenha sucesso, destacando a qualidade da equipa e o tamanho da na\u00e7\u00e3o.<\/li>\n<li>Sobre a Liga dos Campe\u00f5es, o vencedor dever\u00e1 sair da meia-final entre Bayern de Munique e Paris Saint-Germain; o portugu\u00eas revelou que gostaria que o Atl\u00e9tico de Madrid vencesse, por amizade com Miguel \u00c1ngel Gil e Enrique Cerezo.<\/li>\n<\/ul>\n","protected":false},"author":2,"featured_media":451498,"comment_status":"closed","ping_status":"closed","sticky":false,"template":"","format":"standard","meta":{"footnotes":""},"categories":[21,24],"tags":[1109,3577,1947,32,2057,1652],"class_list":["post-451491","post","type-post","status-publish","format-standard","has-post-thumbnail","hentry","category-desporto","category-futebol","tag-atletico-de-madrid","tag-champions-league","tag-cristiano-ronaldo","tag-futebol","tag-selecao-nacional","tag-sporting"],"yoast_head":"<!-- This site is optimized with the Yoast SEO plugin v27.2 - https:\/\/yoast.com\/product\/yoast-seo-wordpress\/ -->\n<title>Figo diz desejar o melhor a Mourinho, menos quando enfrenta o Sporting - Portal Tela Portugal<\/title>\n<meta name=\"robots\" content=\"index, follow, max-snippet:-1, max-image-preview:large, max-video-preview:-1\" \/>\n<meta property=\"og:locale\" content=\"pt_PT\" \/>\n<meta property=\"og:type\" content=\"article\" \/>\n<meta property=\"og:title\" content=\"Figo diz desejar o melhor a Mourinho, menos quando enfrenta o Sporting - Portal Tela Portugal\" \/>\n<meta property=\"og:description\" content=\"Lu\u00eds Figo, na v\u00e9spera dos Laureus, falou sobre Mourinho, chamando-o de amigo e destacando a sua qualidade e experi\u00eancia, e disse que deseja sempre o melhor, exceto quando joga contra o Sporting. O antigo jogador recordou os la\u00e7os com Mourinho, que j\u00e1 foi tradutor de Bobby Robson, adjunto de Louis van Gaal e treinador, e \u00e9 considerado valioso para qualquer equipa. Figo analisou as perspetivas de Portugal no Mundial 2026, afirmando que temos tudo para vencer, mas admitiu que um mau dia pode eliminar a sele\u00e7\u00e3o. Referiu Roberto Mart\u00ednez como amigo e desejou que a sele\u00e7\u00e3o portuguesa tenha sucesso, destacando a qualidade da equipa e o tamanho da na\u00e7\u00e3o. Sobre a Liga dos Campe\u00f5es, o vencedor dever\u00e1 sair da meia-final entre Bayern de Munique e Paris Saint-Germain; o portugu\u00eas revelou que gostaria que o Atl\u00e9tico de Madrid vencesse, por amizade com Miguel \u00c1ngel Gil e Enrique Cerezo.\" \/>\n<meta property=\"og:url\" content=\"https:\/\/portaltela.pt\/noticias\/2026\/04\/20\/figo-diz-desejar-o-melhor-a-mourinho-menos-quando-enfrenta-o-sporting\/\" \/>\n<meta property=\"og:site_name\" content=\"Portal Tela Portugal\" \/>\n<meta property=\"article:published_time\" content=\"2026-04-20T15:33:19+00:00\" \/>\n<meta name=\"author\" content=\"Telinha\" \/>\n<meta name=\"twitter:card\" content=\"summary_large_image\" \/>\n<meta name=\"twitter:label1\" content=\"Escrito por\" \/>\n\t<meta name=\"twitter:data1\" content=\"Telinha\" \/>\n\t<meta name=\"twitter:label2\" content=\"Tempo estimado de leitura\" \/>\n\t<meta name=\"twitter:data2\" content=\"2 minutos\" \/>\n<script type=\"application\/ld+json\" class=\"yoast-schema-graph\">{\"@context\":\"https:\/\/schema.org\",\"@graph\":[{\"@type\":\"Article\",\"@id\":\"https:\/\/portaltela.pt\/noticias\/2026\/04\/20\/figo-diz-desejar-o-melhor-a-mourinho-menos-quando-enfrenta-o-sporting\/#article\",\"isPartOf\":{\"@id\":\"https:\/\/portaltela.pt\/noticias\/2026\/04\/20\/figo-diz-desejar-o-melhor-a-mourinho-menos-quando-enfrenta-o-sporting\/\"},\"author\":{\"name\":\"Telinha\",\"@id\":\"https:\/\/portaltela.pt\/#\/schema\/person\/c4278d4a6028830caff9ee44b42d32ed\"},\"headline\":\"Figo diz desejar o melhor a Mourinho, menos quando enfrenta o Sporting\",\"datePublished\":\"2026-04-20T15:33:19+00:00\",\"mainEntityOfPage\":{\"@id\":\"https:\/\/portaltela.pt\/noticias\/2026\/04\/20\/figo-diz-desejar-o-melhor-a-mourinho-menos-quando-enfrenta-o-sporting\/\"},\"wordCount\":320,\"image\":{\"@id\":\"https:\/\/portaltela.pt\/noticias\/2026\/04\/20\/figo-diz-desejar-o-melhor-a-mourinho-menos-quando-enfrenta-o-sporting\/#primaryimage\"},\"thumbnailUrl\":\"https:\/\/portaltela.pt\/s.01k8rhncp4jt1\/2026\/04\/img_920x518uu2026-04-20-16-14-26-2434277.jpg\",\"keywords\":[\"Atl\u00e9tico de Madrid\",\"Champions League\",\"Cristiano Ronaldo\",\"futebol\",\"Sele\u00e7\u00e3o Nacional\",\"Sporting\"],\"articleSection\":[\"Desporto\",\"Futebol\"],\"inLanguage\":\"pt-PT\"},{\"@type\":\"WebPage\",\"@id\":\"https:\/\/portaltela.pt\/noticias\/2026\/04\/20\/figo-diz-desejar-o-melhor-a-mourinho-menos-quando-enfrenta-o-sporting\/\",\"url\":\"https:\/\/portaltela.pt\/noticias\/2026\/04\/20\/figo-diz-desejar-o-melhor-a-mourinho-menos-quando-enfrenta-o-sporting\/\",\"name\":\"Figo diz desejar o melhor a Mourinho, menos quando enfrenta o Sporting - Portal Tela Portugal\",\"isPartOf\":{\"@id\":\"https:\/\/portaltela.pt\/#website\"},\"primaryImageOfPage\":{\"@id\":\"https:\/\/portaltela.pt\/noticias\/2026\/04\/20\/figo-diz-desejar-o-melhor-a-mourinho-menos-quando-enfrenta-o-sporting\/#primaryimage\"},\"image\":{\"@id\":\"https:\/\/portaltela.pt\/noticias\/2026\/04\/20\/figo-diz-desejar-o-melhor-a-mourinho-menos-quando-enfrenta-o-sporting\/#primaryimage\"},\"thumbnailUrl\":\"https:\/\/portaltela.pt\/s.01k8rhncp4jt1\/2026\/04\/img_920x518uu2026-04-20-16-14-26-2434277.jpg\",\"datePublished\":\"2026-04-20T15:33:19+00:00\",\"author\":{\"@id\":\"https:\/\/portaltela.pt\/#\/schema\/person\/c4278d4a6028830caff9ee44b42d32ed\"},\"breadcrumb\":{\"@id\":\"https:\/\/portaltela.pt\/noticias\/2026\/04\/20\/figo-diz-desejar-o-melhor-a-mourinho-menos-quando-enfrenta-o-sporting\/#breadcrumb\"},\"inLanguage\":\"pt-PT\",\"potentialAction\":[{\"@type\":\"ReadAction\",\"target\":[\"https:\/\/portaltela.pt\/noticias\/2026\/04\/20\/figo-diz-desejar-o-melhor-a-mourinho-menos-quando-enfrenta-o-sporting\/\"]}]},{\"@type\":\"ImageObject\",\"inLanguage\":\"pt-PT\",\"@id\":\"https:\/\/portaltela.pt\/noticias\/2026\/04\/20\/figo-diz-desejar-o-melhor-a-mourinho-menos-quando-enfrenta-o-sporting\/#primaryimage\",\"url\":\"https:\/\/portaltela.pt\/s.01k8rhncp4jt1\/2026\/04\/img_920x518uu2026-04-20-16-14-26-2434277.jpg\",\"contentUrl\":\"https:\/\/portaltela.pt\/s.01k8rhncp4jt1\/2026\/04\/img_920x518uu2026-04-20-16-14-26-2434277.jpg\",\"width\":796,\"height\":448,\"caption\":\"Lu\u00eds Figo na confer\u00eancia de imprensa dos Laureus\"},{\"@type\":\"BreadcrumbList\",\"@id\":\"https:\/\/portaltela.pt\/noticias\/2026\/04\/20\/figo-diz-desejar-o-melhor-a-mourinho-menos-quando-enfrenta-o-sporting\/#breadcrumb\",\"itemListElement\":[{\"@type\":\"ListItem\",\"position\":1,\"name\":\"In\u00edcio\",\"item\":\"https:\/\/portaltela.pt\/\"},{\"@type\":\"ListItem\",\"position\":2,\"name\":\"Figo diz desejar o melhor a Mourinho, menos quando enfrenta o Sporting\"}]},{\"@type\":\"WebSite\",\"@id\":\"https:\/\/portaltela.pt\/#website\",\"url\":\"https:\/\/portaltela.pt\/\",\"name\":\"Portal Tela Portugal\",\"description\":\"\",\"potentialAction\":[{\"@type\":\"SearchAction\",\"target\":{\"@type\":\"EntryPoint\",\"urlTemplate\":\"https:\/\/portaltela.pt\/?s={search_term_string}\"},\"query-input\":{\"@type\":\"PropertyValueSpecification\",\"valueRequired\":true,\"valueName\":\"search_term_string\"}}],\"inLanguage\":\"pt-PT\"},{\"@type\":\"Person\",\"@id\":\"https:\/\/portaltela.pt\/#\/schema\/person\/c4278d4a6028830caff9ee44b42d32ed\",\"name\":\"Telinha\",\"image\":{\"@type\":\"ImageObject\",\"inLanguage\":\"pt-PT\",\"@id\":\"https:\/\/portaltela.pt\/s.01k8rhncp4jt1\/2025\/11\/talking-bot-125x125.png\",\"url\":\"https:\/\/portaltela.pt\/s.01k8rhncp4jt1\/2025\/11\/talking-bot-125x125.png\",\"contentUrl\":\"https:\/\/portaltela.pt\/s.01k8rhncp4jt1\/2025\/11\/talking-bot-125x125.png\",\"caption\":\"Telinha\"},\"sameAs\":[\"https:\/\/portaltela.pt\/\"],\"url\":\"https:\/\/portaltela.pt\/por\/367410592786\/\"}]}<\/script>\n<!-- \/ Yoast SEO plugin. -->","yoast_head_json":{"title":"Figo diz desejar o melhor a Mourinho, menos quando enfrenta o Sporting - Portal Tela Portugal","robots":{"index":"index","follow":"follow","max-snippet":"max-snippet:-1","max-image-preview":"max-image-preview:large","max-video-preview":"max-video-preview:-1"},"og_locale":"pt_PT","og_type":"article","og_title":"Figo diz desejar o melhor a Mourinho, menos quando enfrenta o Sporting - Portal Tela Portugal","og_description":"Lu\u00eds Figo, na v\u00e9spera dos Laureus, falou sobre Mourinho, chamando-o de amigo e destacando a sua qualidade e experi\u00eancia, e disse que deseja sempre o melhor, exceto quando joga contra o Sporting. O antigo jogador recordou os la\u00e7os com Mourinho, que j\u00e1 foi tradutor de Bobby Robson, adjunto de Louis van Gaal e treinador, e \u00e9 considerado valioso para qualquer equipa. Figo analisou as perspetivas de Portugal no Mundial 2026, afirmando que temos tudo para vencer, mas admitiu que um mau dia pode eliminar a sele\u00e7\u00e3o. Referiu Roberto Mart\u00ednez como amigo e desejou que a sele\u00e7\u00e3o portuguesa tenha sucesso, destacando a qualidade da equipa e o tamanho da na\u00e7\u00e3o. Sobre a Liga dos Campe\u00f5es, o vencedor dever\u00e1 sair da meia-final entre Bayern de Munique e Paris Saint-Germain; o portugu\u00eas revelou que gostaria que o Atl\u00e9tico de Madrid vencesse, por amizade com Miguel \u00c1ngel Gil e Enrique Cerezo.","og_url":"https:\/\/portaltela.pt\/noticias\/2026\/04\/20\/figo-diz-desejar-o-melhor-a-mourinho-menos-quando-enfrenta-o-sporting\/","og_site_name":"Portal Tela Portugal","article_published_time":"2026-04-20T15:33:19+00:00","author":"Telinha","twitter_card":"summary_large_image","twitter_misc":{"Escrito por":"Telinha","Tempo estimado de leitura":"2 minutos"},"schema":{"@context":"https:\/\/schema.org","@graph":[{"@type":"Article","@id":"https:\/\/portaltela.pt\/noticias\/2026\/04\/20\/figo-diz-desejar-o-melhor-a-mourinho-menos-quando-enfrenta-o-sporting\/#article","isPartOf":{"@id":"https:\/\/portaltela.pt\/noticias\/2026\/04\/20\/figo-diz-desejar-o-melhor-a-mourinho-menos-quando-enfrenta-o-sporting\/"},"author":{"name":"Telinha","@id":"https:\/\/portaltela.pt\/#\/schema\/person\/c4278d4a6028830caff9ee44b42d32ed"},"headline":"Figo diz desejar o melhor a Mourinho, menos quando enfrenta o Sporting","datePublished":"2026-04-20T15:33:19+00:00","mainEntityOfPage":{"@id":"https:\/\/portaltela.pt\/noticias\/2026\/04\/20\/figo-diz-desejar-o-melhor-a-mourinho-menos-quando-enfrenta-o-sporting\/"},"wordCount":320,"image":{"@id":"https:\/\/portaltela.pt\/noticias\/2026\/04\/20\/figo-diz-desejar-o-melhor-a-mourinho-menos-quando-enfrenta-o-sporting\/#primaryimage"},"thumbnailUrl":"https:\/\/portaltela.pt\/s.01k8rhncp4jt1\/2026\/04\/img_920x518uu2026-04-20-16-14-26-2434277.jpg","keywords":["Atl\u00e9tico de Madrid","Champions League","Cristiano Ronaldo","futebol","Sele\u00e7\u00e3o Nacional","Sporting"],"articleSection":["Desporto","Futebol"],"inLanguage":"pt-PT"},{"@type":"WebPage","@id":"https:\/\/portaltela.pt\/noticias\/2026\/04\/20\/figo-diz-desejar-o-melhor-a-mourinho-menos-quando-enfrenta-o-sporting\/","url":"https:\/\/portaltela.pt\/noticias\/2026\/04\/20\/figo-diz-desejar-o-melhor-a-mourinho-menos-quando-enfrenta-o-sporting\/","name":"Figo diz desejar o melhor a Mourinho, menos quando enfrenta o Sporting - Portal Tela Portugal","isPartOf":{"@id":"https:\/\/portaltela.pt\/#website"},"primaryImageOfPage":{"@id":"https:\/\/portaltela.pt\/noticias\/2026\/04\/20\/figo-diz-desejar-o-melhor-a-mourinho-menos-quando-enfrenta-o-sporting\/#primaryimage"},"image":{"@id":"https:\/\/portaltela.pt\/noticias\/2026\/04\/20\/figo-diz-desejar-o-melhor-a-mourinho-menos-quando-enfrenta-o-sporting\/#primaryimage"},"thumbnailUrl":"https:\/\/portaltela.pt\/s.01k8rhncp4jt1\/2026\/04\/img_920x518uu2026-04-20-16-14-26-2434277.jpg","datePublished":"2026-04-20T15:33:19+00:00","author":{"@id":"https:\/\/portaltela.pt\/#\/schema\/person\/c4278d4a6028830caff9ee44b42d32ed"},"breadcrumb":{"@id":"https:\/\/portaltela.pt\/noticias\/2026\/04\/20\/figo-diz-desejar-o-melhor-a-mourinho-menos-quando-enfrenta-o-sporting\/#breadcrumb"},"inLanguage":"pt-PT","potentialAction":[{"@type":"ReadAction","target":["https:\/\/portaltela.pt\/noticias\/2026\/04\/20\/figo-diz-desejar-o-melhor-a-mourinho-menos-quando-enfrenta-o-sporting\/"]}]},{"@type":"ImageObject","inLanguage":"pt-PT","@id":"https:\/\/portaltela.pt\/noticias\/2026\/04\/20\/figo-diz-desejar-o-melhor-a-mourinho-menos-quando-enfrenta-o-sporting\/#primaryimage","url":"https:\/\/portaltela.pt\/s.01k8rhncp4jt1\/2026\/04\/img_920x518uu2026-04-20-16-14-26-2434277.jpg","contentUrl":"https:\/\/portaltela.pt\/s.01k8rhncp4jt1\/2026\/04\/img_920x518uu2026-04-20-16-14-26-2434277.jpg","width":796,"height":448,"caption":"Lu\u00eds Figo na confer\u00eancia de imprensa dos Laureus"},{"@type":"BreadcrumbList","@id":"https:\/\/portaltela.pt\/noticias\/2026\/04\/20\/figo-diz-desejar-o-melhor-a-mourinho-menos-quando-enfrenta-o-sporting\/#breadcrumb","itemListElement":[{"@type":"ListItem","position":1,"name":"In\u00edcio","item":"https:\/\/portaltela.pt\/"},{"@type":"ListItem","position":2,"name":"Figo diz desejar o melhor a Mourinho, menos quando enfrenta o Sporting"}]},{"@type":"WebSite","@id":"https:\/\/portaltela.pt\/#website","url":"https:\/\/portaltela.pt\/","name":"Portal Tela Portugal","description":"","potentialAction":[{"@type":"SearchAction","target":{"@type":"EntryPoint","urlTemplate":"https:\/\/portaltela.pt\/?s={search_term_string}"},"query-input":{"@type":"PropertyValueSpecification","valueRequired":true,"valueName":"search_term_string"}}],"inLanguage":"pt-PT"},{"@type":"Person","@id":"https:\/\/portaltela.pt\/#\/schema\/person\/c4278d4a6028830caff9ee44b42d32ed","name":"Telinha","image":{"@type":"ImageObject","inLanguage":"pt-PT","@id":"https:\/\/portaltela.pt\/s.01k8rhncp4jt1\/2025\/11\/talking-bot-125x125.png","url":"https:\/\/portaltela.pt\/s.01k8rhncp4jt1\/2025\/11\/talking-bot-125x125.png","contentUrl":"https:\/\/portaltela.pt\/s.01k8rhncp4jt1\/2025\/11\/talking-bot-125x125.png","caption":"Telinha"},"sameAs":["https:\/\/portaltela.pt\/"],"url":"https:\/\/portaltela.pt\/por\/367410592786\/"}]}},"_links":{"self":[{"href":"https:\/\/portaltela.pt\/api\/wp\/v2\/posts\/451491","targetHints":{"allow":["GET"]}}],"collection":[{"href":"https:\/\/portaltela.pt\/api\/wp\/v2\/posts"}],"about":[{"href":"https:\/\/portaltela.pt\/api\/wp\/v2\/types\/post"}],"author":[{"embeddable":true,"href":"https:\/\/portaltela.pt\/api\/wp\/v2\/users\/2"}],"replies":[{"embeddable":true,"href":"https:\/\/portaltela.pt\/api\/wp\/v2\/comments?post=451491"}],"version-history":[{"count":0,"href":"https:\/\/portaltela.pt\/api\/wp\/v2\/posts\/451491\/revisions"}],"wp:featuredmedia":[{"embeddable":true,"href":"https:\/\/portaltela.pt\/api\/wp\/v2\/media\/451498"}],"wp:attachment":[{"href":"https:\/\/portaltela.pt\/api\/wp\/v2\/media?parent=451491"}],"wp:term":[{"taxonomy":"category","embeddable":true,"href":"https:\/\/portaltela.pt\/api\/wp\/v2\/categories?post=451491"},{"taxonomy":"post_tag","embeddable":true,"href":"https:\/\/portaltela.pt\/api\/wp\/v2\/tags?post=451491"}],"curies":[{"name":"wp","href":"https:\/\/api.w.org\/{rel}","templated":true}]}}