{"id":451473,"date":"2026-04-20T12:18:15","date_gmt":"2026-04-20T15:18:15","guid":{"rendered":"https:\/\/portaltela.pt\/noticias\/2026\/04\/20\/comunidade-cabo-verdiana-no-porto-e-bem-integrada\/"},"modified":"2026-04-20T12:18:15","modified_gmt":"2026-04-20T15:18:15","slug":"comunidade-cabo-verdiana-no-porto-e-bem-integrada","status":"publish","type":"post","link":"https:\/\/portaltela.pt\/comunidade\/2026\/04\/20\/comunidade-cabo-verdiana-no-porto-e-bem-integrada\/","title":{"rendered":"Comunidade cabo-verdiana no Porto \u00e9 bem integrada"},"content":{"rendered":"<p>O Presidente de Cabo Verde, Jos\u00e9 Maria Neves, chegou ao Porto no \u00e2mbito da Presid\u00eancia na Di\u00e1spora, prevista at\u00e9 26 de abril. A visita visa ouvir a comunidade cabo-verdiana na cidade e fortalecer rela\u00e7\u00f5es com Portugal, nomeadamente com a autarquia local.<\/p>\n<p>Neves destacou que a comunidade cabo-verdiana no Porto \u00e9 bem acolhida e est\u00e1 bem integrada, sublinhando a import\u00e2ncia da coopera\u00e7\u00e3o entre Cabo Verde e Portugal e, em particular, com a cidade do Porto. A iniciativa pretende encorajar rela\u00e7\u00f5es bilateral s\u00f3lidas.<\/p>\n<p>Na rece\u00e7\u00e3o oficial, o presidente da C\u00e2mara Municipal do Porto, Pedro Duarte, elogiou a integra\u00e7\u00e3o exemplar da comunidade cabo-verdiana na cidade, afirmando que o Porto \u00e9 aberto ao mundo e cosmopolita. O autarca real\u00e7ou o contributo da comunidade para a vida local.<\/p>\n<p>A agenda contempla uma reuni\u00e3o entre Neves e autarcas do Norte e Centro de Portugal, na sala D. Maria da C\u00e2mara do Porto. O chefe de Estado tamb\u00e9m dever\u00e1 visitar uma casa que acolhe doentes cabo-verdianos encaminhados para o Porto.<\/p>\n<p>Hist\u00f3rico de coopera\u00e7\u00e3o e contexto<\/p>\n<p>A coopera\u00e7\u00e3o entre Cabo Verde e o Porto, vigente desde 1992, foca-se na preserva\u00e7\u00e3o do patrim\u00f3nio hist\u00f3rico e cultural. A visita insere-se no trabalho em di\u00e1logo com a di\u00e1spora cabo-verdiana integrada na cidade.<\/p>\n<p>Agenda de dia e desloca\u00e7\u00f5es<\/p>\n<p>A comitiva pretende visitar Barcelos, Braga, Guimar\u00e3es, Tondela, Sintra e Lisboa. Em Lisboa, Neves vai reunir-se com o Presidente da Rep\u00fablica de Portugal, Ant\u00f3nio Jos\u00e9 Seguro, num conjunto de encontros para promover a liga\u00e7\u00e3o entre os pa\u00edses.<\/p>\n<p>A viagem estende-se ao fim de semana, mantendo o objetivo de refor\u00e7ar la\u00e7os institucionais e a integra\u00e7\u00e3o da di\u00e1spora cabo-verdiana, com foco na coopera\u00e7\u00e3o cultural, econ\u00f3mica e social entre Cabo Verde e Portugal.<\/p>\n","protected":false},"excerpt":{"rendered":"<ul>\n<li>O Presidente de Cabo Verde, Jos\u00e9 Maria Neves, visitou o Porto no \u00e2mbito da Presid\u00eancia na Di\u00e1spora, com a miss\u00e3o de olhar para a comunidade cabo-verdiana na cidade, at\u00e9 26 de abril.<\/li>\n<li>Neves afirmou que a comunidade cabo-verdiana no Porto est\u00e1 bem integrada e bem acolhida, fortalecendo as rela\u00e7\u00f5es de coopera\u00e7\u00e3o entre Cabo Verde e Portugal.<\/li>\n<li>O presidente da C\u00e2mara Municipal do Porto, Pedro Duarte, elogiou a integra\u00e7\u00e3o da comunidade cabo-verdiana no Porto, descrevendo-a como exemplar.<\/li>\n<li>O Porto, considerado aberto e cosmopolita, tem acolhido diversas culturas, com a comunidade cabo-verdiana a contribuir para essa interliga\u00e7\u00e3o.<\/li>\n<li>A desloca\u00e7\u00e3o inclui reuni\u00f5es com autarcas do Norte e Centro de Portugal e visitas a v\u00e1rias localidades (Barcelos, Braga, Guimar\u00e3es, Tondela, Sintra e Lisboa), onde o presidente cabo-verdiano se encontrar\u00e1 com o Presidente da Rep\u00fablica de Portugal, Ant\u00f3nio Jos\u00e9 Seguro.<\/li>\n<\/ul>\n","protected":false},"author":2,"featured_media":451481,"comment_status":"closed","ping_status":"closed","sticky":false,"template":"","format":"standard","meta":{"footnotes":""},"categories":[7372],"tags":[2329,5360,256,902,982,1014],"class_list":["post-451473","post","type-post","status-publish","format-standard","has-post-thumbnail","hentry","category-comunidade","tag-cabo-verde","tag-comunidade-internacional","tag-cooperacao-internacional","tag-emigracao","tag-porto","tag-portugal"],"yoast_head":"<!-- This site is optimized with the Yoast SEO plugin v27.2 - https:\/\/yoast.com\/product\/yoast-seo-wordpress\/ -->\n<title>Comunidade cabo-verdiana no Porto \u00e9 bem integrada - Portal Tela Portugal<\/title>\n<meta name=\"robots\" content=\"index, follow, max-snippet:-1, max-image-preview:large, max-video-preview:-1\" \/>\n<meta property=\"og:locale\" content=\"pt_PT\" \/>\n<meta property=\"og:type\" content=\"article\" \/>\n<meta property=\"og:title\" content=\"Comunidade cabo-verdiana no Porto \u00e9 bem integrada - Portal Tela Portugal\" \/>\n<meta property=\"og:description\" content=\"O Presidente de Cabo Verde, Jos\u00e9 Maria Neves, visitou o Porto no \u00e2mbito da Presid\u00eancia na Di\u00e1spora, com a miss\u00e3o de olhar para a comunidade cabo-verdiana na cidade, at\u00e9 26 de abril. Neves afirmou que a comunidade cabo-verdiana no Porto est\u00e1 bem integrada e bem acolhida, fortalecendo as rela\u00e7\u00f5es de coopera\u00e7\u00e3o entre Cabo Verde e Portugal. O presidente da C\u00e2mara Municipal do Porto, Pedro Duarte, elogiou a integra\u00e7\u00e3o da comunidade cabo-verdiana no Porto, descrevendo-a como exemplar. O Porto, considerado aberto e cosmopolita, tem acolhido diversas culturas, com a comunidade cabo-verdiana a contribuir para essa interliga\u00e7\u00e3o. A desloca\u00e7\u00e3o inclui reuni\u00f5es com autarcas do Norte e Centro de Portugal e visitas a v\u00e1rias localidades (Barcelos, Braga, Guimar\u00e3es, Tondela, Sintra e Lisboa), onde o presidente cabo-verdiano se encontrar\u00e1 com o Presidente da Rep\u00fablica de Portugal, Ant\u00f3nio Jos\u00e9 Seguro.\" \/>\n<meta property=\"og:url\" content=\"https:\/\/portaltela.pt\/noticias\/2026\/04\/20\/comunidade-cabo-verdiana-no-porto-e-bem-integrada\/\" \/>\n<meta property=\"og:site_name\" content=\"Portal Tela Portugal\" \/>\n<meta property=\"article:published_time\" content=\"2026-04-20T15:18:15+00:00\" \/>\n<meta name=\"author\" content=\"Telinha\" \/>\n<meta name=\"twitter:card\" content=\"summary_large_image\" \/>\n<meta name=\"twitter:label1\" content=\"Escrito por\" \/>\n\t<meta name=\"twitter:data1\" content=\"Telinha\" \/>\n\t<meta name=\"twitter:label2\" content=\"Tempo estimado de leitura\" \/>\n\t<meta name=\"twitter:data2\" content=\"2 minutos\" \/>\n<script type=\"application\/ld+json\" class=\"yoast-schema-graph\">{\"@context\":\"https:\/\/schema.org\",\"@graph\":[{\"@type\":\"Article\",\"@id\":\"https:\/\/portaltela.pt\/noticias\/2026\/04\/20\/comunidade-cabo-verdiana-no-porto-e-bem-integrada\/#article\",\"isPartOf\":{\"@id\":\"https:\/\/portaltela.pt\/noticias\/2026\/04\/20\/comunidade-cabo-verdiana-no-porto-e-bem-integrada\/\"},\"author\":{\"name\":\"Telinha\",\"@id\":\"https:\/\/portaltela.pt\/#\/schema\/person\/c4278d4a6028830caff9ee44b42d32ed\"},\"headline\":\"Comunidade cabo-verdiana no Porto \u00e9 bem integrada\",\"datePublished\":\"2026-04-20T15:18:15+00:00\",\"mainEntityOfPage\":{\"@id\":\"https:\/\/portaltela.pt\/noticias\/2026\/04\/20\/comunidade-cabo-verdiana-no-porto-e-bem-integrada\/\"},\"wordCount\":312,\"image\":{\"@id\":\"https:\/\/portaltela.pt\/noticias\/2026\/04\/20\/comunidade-cabo-verdiana-no-porto-e-bem-integrada\/#primaryimage\"},\"thumbnailUrl\":\"https:\/\/portaltela.pt\/s.01k8rhncp4jt1\/2026\/04\/img_1500x1000uu2024-07-09-17-26-22-1699034.jpg\",\"keywords\":[\"Cabo Verde\",\"comunidade internacional\",\"coopera\u00e7\u00e3o internacional\",\"emigra\u00e7\u00e3o\",\"Porto\",\"Portugal\"],\"articleSection\":[\"Comunidade\"],\"inLanguage\":\"pt-PT\"},{\"@type\":\"WebPage\",\"@id\":\"https:\/\/portaltela.pt\/noticias\/2026\/04\/20\/comunidade-cabo-verdiana-no-porto-e-bem-integrada\/\",\"url\":\"https:\/\/portaltela.pt\/noticias\/2026\/04\/20\/comunidade-cabo-verdiana-no-porto-e-bem-integrada\/\",\"name\":\"Comunidade cabo-verdiana no Porto \u00e9 bem integrada - Portal Tela Portugal\",\"isPartOf\":{\"@id\":\"https:\/\/portaltela.pt\/#website\"},\"primaryImageOfPage\":{\"@id\":\"https:\/\/portaltela.pt\/noticias\/2026\/04\/20\/comunidade-cabo-verdiana-no-porto-e-bem-integrada\/#primaryimage\"},\"image\":{\"@id\":\"https:\/\/portaltela.pt\/noticias\/2026\/04\/20\/comunidade-cabo-verdiana-no-porto-e-bem-integrada\/#primaryimage\"},\"thumbnailUrl\":\"https:\/\/portaltela.pt\/s.01k8rhncp4jt1\/2026\/04\/img_1500x1000uu2024-07-09-17-26-22-1699034.jpg\",\"datePublished\":\"2026-04-20T15:18:15+00:00\",\"author\":{\"@id\":\"https:\/\/portaltela.pt\/#\/schema\/person\/c4278d4a6028830caff9ee44b42d32ed\"},\"breadcrumb\":{\"@id\":\"https:\/\/portaltela.pt\/noticias\/2026\/04\/20\/comunidade-cabo-verdiana-no-porto-e-bem-integrada\/#breadcrumb\"},\"inLanguage\":\"pt-PT\",\"potentialAction\":[{\"@type\":\"ReadAction\",\"target\":[\"https:\/\/portaltela.pt\/noticias\/2026\/04\/20\/comunidade-cabo-verdiana-no-porto-e-bem-integrada\/\"]}]},{\"@type\":\"ImageObject\",\"inLanguage\":\"pt-PT\",\"@id\":\"https:\/\/portaltela.pt\/noticias\/2026\/04\/20\/comunidade-cabo-verdiana-no-porto-e-bem-integrada\/#primaryimage\",\"url\":\"https:\/\/portaltela.pt\/s.01k8rhncp4jt1\/2026\/04\/img_1500x1000uu2024-07-09-17-26-22-1699034.jpg\",\"contentUrl\":\"https:\/\/portaltela.pt\/s.01k8rhncp4jt1\/2026\/04\/img_1500x1000uu2024-07-09-17-26-22-1699034.jpg\",\"width\":796,\"height\":448,\"caption\":\"Jos\u00e9 Maria Neves\"},{\"@type\":\"BreadcrumbList\",\"@id\":\"https:\/\/portaltela.pt\/noticias\/2026\/04\/20\/comunidade-cabo-verdiana-no-porto-e-bem-integrada\/#breadcrumb\",\"itemListElement\":[{\"@type\":\"ListItem\",\"position\":1,\"name\":\"In\u00edcio\",\"item\":\"https:\/\/portaltela.pt\/\"},{\"@type\":\"ListItem\",\"position\":2,\"name\":\"Comunidade cabo-verdiana no Porto \u00e9 bem integrada\"}]},{\"@type\":\"WebSite\",\"@id\":\"https:\/\/portaltela.pt\/#website\",\"url\":\"https:\/\/portaltela.pt\/\",\"name\":\"Portal Tela Portugal\",\"description\":\"\",\"potentialAction\":[{\"@type\":\"SearchAction\",\"target\":{\"@type\":\"EntryPoint\",\"urlTemplate\":\"https:\/\/portaltela.pt\/?s={search_term_string}\"},\"query-input\":{\"@type\":\"PropertyValueSpecification\",\"valueRequired\":true,\"valueName\":\"search_term_string\"}}],\"inLanguage\":\"pt-PT\"},{\"@type\":\"Person\",\"@id\":\"https:\/\/portaltela.pt\/#\/schema\/person\/c4278d4a6028830caff9ee44b42d32ed\",\"name\":\"Telinha\",\"image\":{\"@type\":\"ImageObject\",\"inLanguage\":\"pt-PT\",\"@id\":\"https:\/\/portaltela.pt\/s.01k8rhncp4jt1\/2025\/11\/talking-bot-125x125.png\",\"url\":\"https:\/\/portaltela.pt\/s.01k8rhncp4jt1\/2025\/11\/talking-bot-125x125.png\",\"contentUrl\":\"https:\/\/portaltela.pt\/s.01k8rhncp4jt1\/2025\/11\/talking-bot-125x125.png\",\"caption\":\"Telinha\"},\"sameAs\":[\"https:\/\/portaltela.pt\/\"],\"url\":\"https:\/\/portaltela.pt\/por\/367410592786\/\"}]}<\/script>\n<!-- \/ Yoast SEO plugin. -->","yoast_head_json":{"title":"Comunidade cabo-verdiana no Porto \u00e9 bem integrada - Portal Tela Portugal","robots":{"index":"index","follow":"follow","max-snippet":"max-snippet:-1","max-image-preview":"max-image-preview:large","max-video-preview":"max-video-preview:-1"},"og_locale":"pt_PT","og_type":"article","og_title":"Comunidade cabo-verdiana no Porto \u00e9 bem integrada - Portal Tela Portugal","og_description":"O Presidente de Cabo Verde, Jos\u00e9 Maria Neves, visitou o Porto no \u00e2mbito da Presid\u00eancia na Di\u00e1spora, com a miss\u00e3o de olhar para a comunidade cabo-verdiana na cidade, at\u00e9 26 de abril. Neves afirmou que a comunidade cabo-verdiana no Porto est\u00e1 bem integrada e bem acolhida, fortalecendo as rela\u00e7\u00f5es de coopera\u00e7\u00e3o entre Cabo Verde e Portugal. O presidente da C\u00e2mara Municipal do Porto, Pedro Duarte, elogiou a integra\u00e7\u00e3o da comunidade cabo-verdiana no Porto, descrevendo-a como exemplar. O Porto, considerado aberto e cosmopolita, tem acolhido diversas culturas, com a comunidade cabo-verdiana a contribuir para essa interliga\u00e7\u00e3o. A desloca\u00e7\u00e3o inclui reuni\u00f5es com autarcas do Norte e Centro de Portugal e visitas a v\u00e1rias localidades (Barcelos, Braga, Guimar\u00e3es, Tondela, Sintra e Lisboa), onde o presidente cabo-verdiano se encontrar\u00e1 com o Presidente da Rep\u00fablica de Portugal, Ant\u00f3nio Jos\u00e9 Seguro.","og_url":"https:\/\/portaltela.pt\/noticias\/2026\/04\/20\/comunidade-cabo-verdiana-no-porto-e-bem-integrada\/","og_site_name":"Portal Tela Portugal","article_published_time":"2026-04-20T15:18:15+00:00","author":"Telinha","twitter_card":"summary_large_image","twitter_misc":{"Escrito por":"Telinha","Tempo estimado de leitura":"2 minutos"},"schema":{"@context":"https:\/\/schema.org","@graph":[{"@type":"Article","@id":"https:\/\/portaltela.pt\/noticias\/2026\/04\/20\/comunidade-cabo-verdiana-no-porto-e-bem-integrada\/#article","isPartOf":{"@id":"https:\/\/portaltela.pt\/noticias\/2026\/04\/20\/comunidade-cabo-verdiana-no-porto-e-bem-integrada\/"},"author":{"name":"Telinha","@id":"https:\/\/portaltela.pt\/#\/schema\/person\/c4278d4a6028830caff9ee44b42d32ed"},"headline":"Comunidade cabo-verdiana no Porto \u00e9 bem integrada","datePublished":"2026-04-20T15:18:15+00:00","mainEntityOfPage":{"@id":"https:\/\/portaltela.pt\/noticias\/2026\/04\/20\/comunidade-cabo-verdiana-no-porto-e-bem-integrada\/"},"wordCount":312,"image":{"@id":"https:\/\/portaltela.pt\/noticias\/2026\/04\/20\/comunidade-cabo-verdiana-no-porto-e-bem-integrada\/#primaryimage"},"thumbnailUrl":"https:\/\/portaltela.pt\/s.01k8rhncp4jt1\/2026\/04\/img_1500x1000uu2024-07-09-17-26-22-1699034.jpg","keywords":["Cabo Verde","comunidade internacional","coopera\u00e7\u00e3o internacional","emigra\u00e7\u00e3o","Porto","Portugal"],"articleSection":["Comunidade"],"inLanguage":"pt-PT"},{"@type":"WebPage","@id":"https:\/\/portaltela.pt\/noticias\/2026\/04\/20\/comunidade-cabo-verdiana-no-porto-e-bem-integrada\/","url":"https:\/\/portaltela.pt\/noticias\/2026\/04\/20\/comunidade-cabo-verdiana-no-porto-e-bem-integrada\/","name":"Comunidade cabo-verdiana no Porto \u00e9 bem integrada - Portal Tela Portugal","isPartOf":{"@id":"https:\/\/portaltela.pt\/#website"},"primaryImageOfPage":{"@id":"https:\/\/portaltela.pt\/noticias\/2026\/04\/20\/comunidade-cabo-verdiana-no-porto-e-bem-integrada\/#primaryimage"},"image":{"@id":"https:\/\/portaltela.pt\/noticias\/2026\/04\/20\/comunidade-cabo-verdiana-no-porto-e-bem-integrada\/#primaryimage"},"thumbnailUrl":"https:\/\/portaltela.pt\/s.01k8rhncp4jt1\/2026\/04\/img_1500x1000uu2024-07-09-17-26-22-1699034.jpg","datePublished":"2026-04-20T15:18:15+00:00","author":{"@id":"https:\/\/portaltela.pt\/#\/schema\/person\/c4278d4a6028830caff9ee44b42d32ed"},"breadcrumb":{"@id":"https:\/\/portaltela.pt\/noticias\/2026\/04\/20\/comunidade-cabo-verdiana-no-porto-e-bem-integrada\/#breadcrumb"},"inLanguage":"pt-PT","potentialAction":[{"@type":"ReadAction","target":["https:\/\/portaltela.pt\/noticias\/2026\/04\/20\/comunidade-cabo-verdiana-no-porto-e-bem-integrada\/"]}]},{"@type":"ImageObject","inLanguage":"pt-PT","@id":"https:\/\/portaltela.pt\/noticias\/2026\/04\/20\/comunidade-cabo-verdiana-no-porto-e-bem-integrada\/#primaryimage","url":"https:\/\/portaltela.pt\/s.01k8rhncp4jt1\/2026\/04\/img_1500x1000uu2024-07-09-17-26-22-1699034.jpg","contentUrl":"https:\/\/portaltela.pt\/s.01k8rhncp4jt1\/2026\/04\/img_1500x1000uu2024-07-09-17-26-22-1699034.jpg","width":796,"height":448,"caption":"Jos\u00e9 Maria Neves"},{"@type":"BreadcrumbList","@id":"https:\/\/portaltela.pt\/noticias\/2026\/04\/20\/comunidade-cabo-verdiana-no-porto-e-bem-integrada\/#breadcrumb","itemListElement":[{"@type":"ListItem","position":1,"name":"In\u00edcio","item":"https:\/\/portaltela.pt\/"},{"@type":"ListItem","position":2,"name":"Comunidade cabo-verdiana no Porto \u00e9 bem integrada"}]},{"@type":"WebSite","@id":"https:\/\/portaltela.pt\/#website","url":"https:\/\/portaltela.pt\/","name":"Portal Tela Portugal","description":"","potentialAction":[{"@type":"SearchAction","target":{"@type":"EntryPoint","urlTemplate":"https:\/\/portaltela.pt\/?s={search_term_string}"},"query-input":{"@type":"PropertyValueSpecification","valueRequired":true,"valueName":"search_term_string"}}],"inLanguage":"pt-PT"},{"@type":"Person","@id":"https:\/\/portaltela.pt\/#\/schema\/person\/c4278d4a6028830caff9ee44b42d32ed","name":"Telinha","image":{"@type":"ImageObject","inLanguage":"pt-PT","@id":"https:\/\/portaltela.pt\/s.01k8rhncp4jt1\/2025\/11\/talking-bot-125x125.png","url":"https:\/\/portaltela.pt\/s.01k8rhncp4jt1\/2025\/11\/talking-bot-125x125.png","contentUrl":"https:\/\/portaltela.pt\/s.01k8rhncp4jt1\/2025\/11\/talking-bot-125x125.png","caption":"Telinha"},"sameAs":["https:\/\/portaltela.pt\/"],"url":"https:\/\/portaltela.pt\/por\/367410592786\/"}]}},"_links":{"self":[{"href":"https:\/\/portaltela.pt\/api\/wp\/v2\/posts\/451473","targetHints":{"allow":["GET"]}}],"collection":[{"href":"https:\/\/portaltela.pt\/api\/wp\/v2\/posts"}],"about":[{"href":"https:\/\/portaltela.pt\/api\/wp\/v2\/types\/post"}],"author":[{"embeddable":true,"href":"https:\/\/portaltela.pt\/api\/wp\/v2\/users\/2"}],"replies":[{"embeddable":true,"href":"https:\/\/portaltela.pt\/api\/wp\/v2\/comments?post=451473"}],"version-history":[{"count":0,"href":"https:\/\/portaltela.pt\/api\/wp\/v2\/posts\/451473\/revisions"}],"wp:featuredmedia":[{"embeddable":true,"href":"https:\/\/portaltela.pt\/api\/wp\/v2\/media\/451481"}],"wp:attachment":[{"href":"https:\/\/portaltela.pt\/api\/wp\/v2\/media?parent=451473"}],"wp:term":[{"taxonomy":"category","embeddable":true,"href":"https:\/\/portaltela.pt\/api\/wp\/v2\/categories?post=451473"},{"taxonomy":"post_tag","embeddable":true,"href":"https:\/\/portaltela.pt\/api\/wp\/v2\/tags?post=451473"}],"curies":[{"name":"wp","href":"https:\/\/api.w.org\/{rel}","templated":true}]}}