{"id":451471,"date":"2026-04-20T12:18:14","date_gmt":"2026-04-20T15:18:14","guid":{"rendered":"https:\/\/portaltela.pt\/noticias\/2026\/04\/20\/quem-nao-tem-passe-sente-que-o-metrobus-do-porto-ja-nao-e-gratis\/"},"modified":"2026-04-20T12:18:14","modified_gmt":"2026-04-20T15:18:14","slug":"quem-nao-tem-passe-sente-que-o-metrobus-do-porto-ja-nao-e-gratis","status":"publish","type":"post","link":"https:\/\/portaltela.pt\/sociedade\/2026\/04\/20\/quem-nao-tem-passe-sente-que-o-metrobus-do-porto-ja-nao-e-gratis\/","title":{"rendered":"Quem n\u00e3o tem passe sente que o metrobus do Porto j\u00e1 n\u00e3o \u00e9 gr\u00e1tis"},"content":{"rendered":"<p>O metrobus do Porto passou a cobrar tarifas nesta segunda-feira, ap\u00f3s 51 dias de opera\u00e7\u00e3o gratuita. O servi\u00e7o, que liga a Pra\u00e7a do Imp\u00e9rio \u00e0s zonas da Boavista e Marechal Gomes da Costa, iniciou a cobran\u00e7a no dia e hor\u00e1rio habituais de funcionamento.<\/p>\n<p>Quem utiliza o passe Andante n\u00e3o enfrentou altera\u00e7\u00f5es vis\u00edveis. J\u00e1 os utilizadores ocasionais, que compram bilhetes avulsos, passaram a pagar pelo percurso. A mudan\u00e7a afeta, em especial, quem dependia do benef\u00edcio gratuito para desloca\u00e7\u00f5es frequentes.<\/p>\n<p>A entrada em funcionamento do servi\u00e7o tem sido marcada por uma ades\u00e3o cont\u00ednua de utilizadores, com paragens sempre cheias, nomeadamente na Casa da M\u00fasica. O metrobus, j\u00e1 na sua 2\u00aa fase de opera\u00e7\u00e3o desde 28 de fevereiro, tornou-se parte da vida quotidiana na cidade.<\/p>\n<h3>Implica\u00e7\u00e3o dos passes e bilhetes<\/h3>\n<ul>\n<li>Acesso com o passe continua facilitado para utentes regulares, sem custo adicional imediato.<\/li>\n<li>Passageiros ocasionais devem adquirir bilhetes, refletindo a nova estrutura tarif\u00e1ria.<\/li>\n<li>A mudan\u00e7a aponta para uma diferencia\u00e7\u00e3o entre utilizadores frequentes e ocasionais do servi\u00e7o.<\/li>\n<\/ul>\n<h3>Desdobramentos de mobilidade na cidade<\/h3>\n<ul>\n<li>A linha liga a Casa da M\u00fasica \u00e0 Pra\u00e7a do Imp\u00e9rio, conectando zonas centrais com \u00e1reas da orla.<\/li>\n<li>A expectativa \u00e9 de que o custo de viagens regulares se traduza em altera\u00e7\u00f5es de h\u00e1bitos de desloca\u00e7\u00e3o.<\/li>\n<li>As autoridades municipais destacam a continuidade do servi\u00e7o e a import\u00e2ncia do metrobus para a rede de transporte.<\/li>\n<\/ul>\n","protected":false},"excerpt":{"rendered":"<ul>\n<li>Depois de 51 dias de opera\u00e7\u00e3o gratuita, as viagens no metrobus do Porto passaram a ser pagas nesta segunda-feira.<\/li>\n<li>Quem usa o passe Andante n\u00e3o sentiu a mudan\u00e7a.<\/li>\n<li>Quem utiliza t\u00edtulos ocasionais tem de comprar bilhete e admite que pode deixar de usar tanto o metrobus.<\/li>\n<li>O metrobus liga a Casa da M\u00fasica \u00e0 Pra\u00e7a do Imp\u00e9rio, passando pelas avenidas da Boavista e Marechal Gomes da Costa.<\/li>\n<li>O servi\u00e7o est\u00e1 em circula\u00e7\u00e3o desde 28 de fevereiro deste ano e j\u00e1 faz parte da rotina de muitos utentes.<\/li>\n<\/ul>\n","protected":false},"author":2,"featured_media":451478,"comment_status":"closed","ping_status":"closed","sticky":false,"template":"","format":"standard","meta":{"footnotes":""},"categories":[6725,6871],"tags":[8319,8088,9064,5795,6919,1549],"class_list":["post-451471","post","type-post","status-publish","format-standard","has-post-thumbnail","hentry","category-meio-ambiente","category-sociedade","tag-_mobilidade-urbana","tag-_porto","tag-_transporte-publico","tag-linha","tag-porto-sad","tag-tarifas"],"yoast_head":"<!-- This site is optimized with the Yoast SEO plugin v27.2 - https:\/\/yoast.com\/product\/yoast-seo-wordpress\/ -->\n<title>Quem n\u00e3o tem passe sente que o metrobus do Porto j\u00e1 n\u00e3o \u00e9 gr\u00e1tis - Portal Tela Portugal<\/title>\n<meta name=\"robots\" content=\"index, follow, max-snippet:-1, max-image-preview:large, max-video-preview:-1\" \/>\n<meta property=\"og:locale\" content=\"pt_PT\" \/>\n<meta property=\"og:type\" content=\"article\" \/>\n<meta property=\"og:title\" content=\"Quem n\u00e3o tem passe sente que o metrobus do Porto j\u00e1 n\u00e3o \u00e9 gr\u00e1tis - Portal Tela Portugal\" \/>\n<meta property=\"og:description\" content=\"Depois de 51 dias de opera\u00e7\u00e3o gratuita, as viagens no metrobus do Porto passaram a ser pagas nesta segunda-feira. Quem usa o passe Andante n\u00e3o sentiu a mudan\u00e7a. Quem utiliza t\u00edtulos ocasionais tem de comprar bilhete e admite que pode deixar de usar tanto o metrobus. O metrobus liga a Casa da M\u00fasica \u00e0 Pra\u00e7a do Imp\u00e9rio, passando pelas avenidas da Boavista e Marechal Gomes da Costa. O servi\u00e7o est\u00e1 em circula\u00e7\u00e3o desde 28 de fevereiro deste ano e j\u00e1 faz parte da rotina de muitos utentes.\" \/>\n<meta property=\"og:url\" content=\"https:\/\/portaltela.pt\/noticias\/2026\/04\/20\/quem-nao-tem-passe-sente-que-o-metrobus-do-porto-ja-nao-e-gratis\/\" \/>\n<meta property=\"og:site_name\" content=\"Portal Tela Portugal\" \/>\n<meta property=\"article:published_time\" content=\"2026-04-20T15:18:14+00:00\" \/>\n<meta name=\"author\" content=\"Telinha\" \/>\n<meta name=\"twitter:card\" content=\"summary_large_image\" \/>\n<meta name=\"twitter:label1\" content=\"Escrito por\" \/>\n\t<meta name=\"twitter:data1\" content=\"Telinha\" \/>\n\t<meta name=\"twitter:label2\" content=\"Tempo estimado de leitura\" \/>\n\t<meta name=\"twitter:data2\" content=\"1 minuto\" \/>\n<script type=\"application\/ld+json\" class=\"yoast-schema-graph\">{\"@context\":\"https:\/\/schema.org\",\"@graph\":[{\"@type\":\"Article\",\"@id\":\"https:\/\/portaltela.pt\/noticias\/2026\/04\/20\/quem-nao-tem-passe-sente-que-o-metrobus-do-porto-ja-nao-e-gratis\/#article\",\"isPartOf\":{\"@id\":\"https:\/\/portaltela.pt\/noticias\/2026\/04\/20\/quem-nao-tem-passe-sente-que-o-metrobus-do-porto-ja-nao-e-gratis\/\"},\"author\":{\"name\":\"Telinha\",\"@id\":\"https:\/\/portaltela.pt\/#\/schema\/person\/c4278d4a6028830caff9ee44b42d32ed\"},\"headline\":\"Quem n\u00e3o tem passe sente que o metrobus do Porto j\u00e1 n\u00e3o \u00e9 gr\u00e1tis\",\"datePublished\":\"2026-04-20T15:18:14+00:00\",\"mainEntityOfPage\":{\"@id\":\"https:\/\/portaltela.pt\/noticias\/2026\/04\/20\/quem-nao-tem-passe-sente-que-o-metrobus-do-porto-ja-nao-e-gratis\/\"},\"wordCount\":264,\"image\":{\"@id\":\"https:\/\/portaltela.pt\/noticias\/2026\/04\/20\/quem-nao-tem-passe-sente-que-o-metrobus-do-porto-ja-nao-e-gratis\/#primaryimage\"},\"thumbnailUrl\":\"https:\/\/portaltela.pt\/s.01k8rhncp4jt1\/2026\/04\/7b50d669-76d1-4125-ac10-931bfe9afdb1_1200x675.jpg\",\"keywords\":[\"_mobilidade urbana\",\"_Porto\",\"_transporte p\u00fablico\",\"Linha\",\"Porto SAD\",\"tarifas\"],\"articleSection\":[\"Meio Ambiente\",\"Sociedade\"],\"inLanguage\":\"pt-PT\"},{\"@type\":\"WebPage\",\"@id\":\"https:\/\/portaltela.pt\/noticias\/2026\/04\/20\/quem-nao-tem-passe-sente-que-o-metrobus-do-porto-ja-nao-e-gratis\/\",\"url\":\"https:\/\/portaltela.pt\/noticias\/2026\/04\/20\/quem-nao-tem-passe-sente-que-o-metrobus-do-porto-ja-nao-e-gratis\/\",\"name\":\"Quem n\u00e3o tem passe sente que o metrobus do Porto j\u00e1 n\u00e3o \u00e9 gr\u00e1tis - Portal Tela Portugal\",\"isPartOf\":{\"@id\":\"https:\/\/portaltela.pt\/#website\"},\"primaryImageOfPage\":{\"@id\":\"https:\/\/portaltela.pt\/noticias\/2026\/04\/20\/quem-nao-tem-passe-sente-que-o-metrobus-do-porto-ja-nao-e-gratis\/#primaryimage\"},\"image\":{\"@id\":\"https:\/\/portaltela.pt\/noticias\/2026\/04\/20\/quem-nao-tem-passe-sente-que-o-metrobus-do-porto-ja-nao-e-gratis\/#primaryimage\"},\"thumbnailUrl\":\"https:\/\/portaltela.pt\/s.01k8rhncp4jt1\/2026\/04\/7b50d669-76d1-4125-ac10-931bfe9afdb1_1200x675.jpg\",\"datePublished\":\"2026-04-20T15:18:14+00:00\",\"author\":{\"@id\":\"https:\/\/portaltela.pt\/#\/schema\/person\/c4278d4a6028830caff9ee44b42d32ed\"},\"breadcrumb\":{\"@id\":\"https:\/\/portaltela.pt\/noticias\/2026\/04\/20\/quem-nao-tem-passe-sente-que-o-metrobus-do-porto-ja-nao-e-gratis\/#breadcrumb\"},\"inLanguage\":\"pt-PT\",\"potentialAction\":[{\"@type\":\"ReadAction\",\"target\":[\"https:\/\/portaltela.pt\/noticias\/2026\/04\/20\/quem-nao-tem-passe-sente-que-o-metrobus-do-porto-ja-nao-e-gratis\/\"]}]},{\"@type\":\"ImageObject\",\"inLanguage\":\"pt-PT\",\"@id\":\"https:\/\/portaltela.pt\/noticias\/2026\/04\/20\/quem-nao-tem-passe-sente-que-o-metrobus-do-porto-ja-nao-e-gratis\/#primaryimage\",\"url\":\"https:\/\/portaltela.pt\/s.01k8rhncp4jt1\/2026\/04\/7b50d669-76d1-4125-ac10-931bfe9afdb1_1200x675.jpg\",\"contentUrl\":\"https:\/\/portaltela.pt\/s.01k8rhncp4jt1\/2026\/04\/7b50d669-76d1-4125-ac10-931bfe9afdb1_1200x675.jpg\",\"width\":796,\"height\":448,\"caption\":\"Photo\"},{\"@type\":\"BreadcrumbList\",\"@id\":\"https:\/\/portaltela.pt\/noticias\/2026\/04\/20\/quem-nao-tem-passe-sente-que-o-metrobus-do-porto-ja-nao-e-gratis\/#breadcrumb\",\"itemListElement\":[{\"@type\":\"ListItem\",\"position\":1,\"name\":\"In\u00edcio\",\"item\":\"https:\/\/portaltela.pt\/\"},{\"@type\":\"ListItem\",\"position\":2,\"name\":\"Quem n\u00e3o tem passe sente que o metrobus do Porto j\u00e1 n\u00e3o \u00e9 gr\u00e1tis\"}]},{\"@type\":\"WebSite\",\"@id\":\"https:\/\/portaltela.pt\/#website\",\"url\":\"https:\/\/portaltela.pt\/\",\"name\":\"Portal Tela Portugal\",\"description\":\"\",\"potentialAction\":[{\"@type\":\"SearchAction\",\"target\":{\"@type\":\"EntryPoint\",\"urlTemplate\":\"https:\/\/portaltela.pt\/?s={search_term_string}\"},\"query-input\":{\"@type\":\"PropertyValueSpecification\",\"valueRequired\":true,\"valueName\":\"search_term_string\"}}],\"inLanguage\":\"pt-PT\"},{\"@type\":\"Person\",\"@id\":\"https:\/\/portaltela.pt\/#\/schema\/person\/c4278d4a6028830caff9ee44b42d32ed\",\"name\":\"Telinha\",\"image\":{\"@type\":\"ImageObject\",\"inLanguage\":\"pt-PT\",\"@id\":\"https:\/\/portaltela.pt\/s.01k8rhncp4jt1\/2025\/11\/talking-bot-125x125.png\",\"url\":\"https:\/\/portaltela.pt\/s.01k8rhncp4jt1\/2025\/11\/talking-bot-125x125.png\",\"contentUrl\":\"https:\/\/portaltela.pt\/s.01k8rhncp4jt1\/2025\/11\/talking-bot-125x125.png\",\"caption\":\"Telinha\"},\"sameAs\":[\"https:\/\/portaltela.pt\/\"],\"url\":\"https:\/\/portaltela.pt\/por\/367410592786\/\"}]}<\/script>\n<!-- \/ Yoast SEO plugin. -->","yoast_head_json":{"title":"Quem n\u00e3o tem passe sente que o metrobus do Porto j\u00e1 n\u00e3o \u00e9 gr\u00e1tis - Portal Tela Portugal","robots":{"index":"index","follow":"follow","max-snippet":"max-snippet:-1","max-image-preview":"max-image-preview:large","max-video-preview":"max-video-preview:-1"},"og_locale":"pt_PT","og_type":"article","og_title":"Quem n\u00e3o tem passe sente que o metrobus do Porto j\u00e1 n\u00e3o \u00e9 gr\u00e1tis - Portal Tela Portugal","og_description":"Depois de 51 dias de opera\u00e7\u00e3o gratuita, as viagens no metrobus do Porto passaram a ser pagas nesta segunda-feira. Quem usa o passe Andante n\u00e3o sentiu a mudan\u00e7a. Quem utiliza t\u00edtulos ocasionais tem de comprar bilhete e admite que pode deixar de usar tanto o metrobus. O metrobus liga a Casa da M\u00fasica \u00e0 Pra\u00e7a do Imp\u00e9rio, passando pelas avenidas da Boavista e Marechal Gomes da Costa. O servi\u00e7o est\u00e1 em circula\u00e7\u00e3o desde 28 de fevereiro deste ano e j\u00e1 faz parte da rotina de muitos utentes.","og_url":"https:\/\/portaltela.pt\/noticias\/2026\/04\/20\/quem-nao-tem-passe-sente-que-o-metrobus-do-porto-ja-nao-e-gratis\/","og_site_name":"Portal Tela Portugal","article_published_time":"2026-04-20T15:18:14+00:00","author":"Telinha","twitter_card":"summary_large_image","twitter_misc":{"Escrito por":"Telinha","Tempo estimado de leitura":"1 minuto"},"schema":{"@context":"https:\/\/schema.org","@graph":[{"@type":"Article","@id":"https:\/\/portaltela.pt\/noticias\/2026\/04\/20\/quem-nao-tem-passe-sente-que-o-metrobus-do-porto-ja-nao-e-gratis\/#article","isPartOf":{"@id":"https:\/\/portaltela.pt\/noticias\/2026\/04\/20\/quem-nao-tem-passe-sente-que-o-metrobus-do-porto-ja-nao-e-gratis\/"},"author":{"name":"Telinha","@id":"https:\/\/portaltela.pt\/#\/schema\/person\/c4278d4a6028830caff9ee44b42d32ed"},"headline":"Quem n\u00e3o tem passe sente que o metrobus do Porto j\u00e1 n\u00e3o \u00e9 gr\u00e1tis","datePublished":"2026-04-20T15:18:14+00:00","mainEntityOfPage":{"@id":"https:\/\/portaltela.pt\/noticias\/2026\/04\/20\/quem-nao-tem-passe-sente-que-o-metrobus-do-porto-ja-nao-e-gratis\/"},"wordCount":264,"image":{"@id":"https:\/\/portaltela.pt\/noticias\/2026\/04\/20\/quem-nao-tem-passe-sente-que-o-metrobus-do-porto-ja-nao-e-gratis\/#primaryimage"},"thumbnailUrl":"https:\/\/portaltela.pt\/s.01k8rhncp4jt1\/2026\/04\/7b50d669-76d1-4125-ac10-931bfe9afdb1_1200x675.jpg","keywords":["_mobilidade urbana","_Porto","_transporte p\u00fablico","Linha","Porto SAD","tarifas"],"articleSection":["Meio Ambiente","Sociedade"],"inLanguage":"pt-PT"},{"@type":"WebPage","@id":"https:\/\/portaltela.pt\/noticias\/2026\/04\/20\/quem-nao-tem-passe-sente-que-o-metrobus-do-porto-ja-nao-e-gratis\/","url":"https:\/\/portaltela.pt\/noticias\/2026\/04\/20\/quem-nao-tem-passe-sente-que-o-metrobus-do-porto-ja-nao-e-gratis\/","name":"Quem n\u00e3o tem passe sente que o metrobus do Porto j\u00e1 n\u00e3o \u00e9 gr\u00e1tis - Portal Tela Portugal","isPartOf":{"@id":"https:\/\/portaltela.pt\/#website"},"primaryImageOfPage":{"@id":"https:\/\/portaltela.pt\/noticias\/2026\/04\/20\/quem-nao-tem-passe-sente-que-o-metrobus-do-porto-ja-nao-e-gratis\/#primaryimage"},"image":{"@id":"https:\/\/portaltela.pt\/noticias\/2026\/04\/20\/quem-nao-tem-passe-sente-que-o-metrobus-do-porto-ja-nao-e-gratis\/#primaryimage"},"thumbnailUrl":"https:\/\/portaltela.pt\/s.01k8rhncp4jt1\/2026\/04\/7b50d669-76d1-4125-ac10-931bfe9afdb1_1200x675.jpg","datePublished":"2026-04-20T15:18:14+00:00","author":{"@id":"https:\/\/portaltela.pt\/#\/schema\/person\/c4278d4a6028830caff9ee44b42d32ed"},"breadcrumb":{"@id":"https:\/\/portaltela.pt\/noticias\/2026\/04\/20\/quem-nao-tem-passe-sente-que-o-metrobus-do-porto-ja-nao-e-gratis\/#breadcrumb"},"inLanguage":"pt-PT","potentialAction":[{"@type":"ReadAction","target":["https:\/\/portaltela.pt\/noticias\/2026\/04\/20\/quem-nao-tem-passe-sente-que-o-metrobus-do-porto-ja-nao-e-gratis\/"]}]},{"@type":"ImageObject","inLanguage":"pt-PT","@id":"https:\/\/portaltela.pt\/noticias\/2026\/04\/20\/quem-nao-tem-passe-sente-que-o-metrobus-do-porto-ja-nao-e-gratis\/#primaryimage","url":"https:\/\/portaltela.pt\/s.01k8rhncp4jt1\/2026\/04\/7b50d669-76d1-4125-ac10-931bfe9afdb1_1200x675.jpg","contentUrl":"https:\/\/portaltela.pt\/s.01k8rhncp4jt1\/2026\/04\/7b50d669-76d1-4125-ac10-931bfe9afdb1_1200x675.jpg","width":796,"height":448,"caption":"Photo"},{"@type":"BreadcrumbList","@id":"https:\/\/portaltela.pt\/noticias\/2026\/04\/20\/quem-nao-tem-passe-sente-que-o-metrobus-do-porto-ja-nao-e-gratis\/#breadcrumb","itemListElement":[{"@type":"ListItem","position":1,"name":"In\u00edcio","item":"https:\/\/portaltela.pt\/"},{"@type":"ListItem","position":2,"name":"Quem n\u00e3o tem passe sente que o metrobus do Porto j\u00e1 n\u00e3o \u00e9 gr\u00e1tis"}]},{"@type":"WebSite","@id":"https:\/\/portaltela.pt\/#website","url":"https:\/\/portaltela.pt\/","name":"Portal Tela Portugal","description":"","potentialAction":[{"@type":"SearchAction","target":{"@type":"EntryPoint","urlTemplate":"https:\/\/portaltela.pt\/?s={search_term_string}"},"query-input":{"@type":"PropertyValueSpecification","valueRequired":true,"valueName":"search_term_string"}}],"inLanguage":"pt-PT"},{"@type":"Person","@id":"https:\/\/portaltela.pt\/#\/schema\/person\/c4278d4a6028830caff9ee44b42d32ed","name":"Telinha","image":{"@type":"ImageObject","inLanguage":"pt-PT","@id":"https:\/\/portaltela.pt\/s.01k8rhncp4jt1\/2025\/11\/talking-bot-125x125.png","url":"https:\/\/portaltela.pt\/s.01k8rhncp4jt1\/2025\/11\/talking-bot-125x125.png","contentUrl":"https:\/\/portaltela.pt\/s.01k8rhncp4jt1\/2025\/11\/talking-bot-125x125.png","caption":"Telinha"},"sameAs":["https:\/\/portaltela.pt\/"],"url":"https:\/\/portaltela.pt\/por\/367410592786\/"}]}},"_links":{"self":[{"href":"https:\/\/portaltela.pt\/api\/wp\/v2\/posts\/451471","targetHints":{"allow":["GET"]}}],"collection":[{"href":"https:\/\/portaltela.pt\/api\/wp\/v2\/posts"}],"about":[{"href":"https:\/\/portaltela.pt\/api\/wp\/v2\/types\/post"}],"author":[{"embeddable":true,"href":"https:\/\/portaltela.pt\/api\/wp\/v2\/users\/2"}],"replies":[{"embeddable":true,"href":"https:\/\/portaltela.pt\/api\/wp\/v2\/comments?post=451471"}],"version-history":[{"count":0,"href":"https:\/\/portaltela.pt\/api\/wp\/v2\/posts\/451471\/revisions"}],"wp:featuredmedia":[{"embeddable":true,"href":"https:\/\/portaltela.pt\/api\/wp\/v2\/media\/451478"}],"wp:attachment":[{"href":"https:\/\/portaltela.pt\/api\/wp\/v2\/media?parent=451471"}],"wp:term":[{"taxonomy":"category","embeddable":true,"href":"https:\/\/portaltela.pt\/api\/wp\/v2\/categories?post=451471"},{"taxonomy":"post_tag","embeddable":true,"href":"https:\/\/portaltela.pt\/api\/wp\/v2\/tags?post=451471"}],"curies":[{"name":"wp","href":"https:\/\/api.w.org\/{rel}","templated":true}]}}