{"id":451468,"date":"2026-04-20T12:18:12","date_gmt":"2026-04-20T15:18:12","guid":{"rendered":"https:\/\/portaltela.pt\/noticias\/2026\/04\/20\/jose-luis-puerto-vence-premio-eduardo-lourenco-2026\/"},"modified":"2026-04-20T12:18:12","modified_gmt":"2026-04-20T15:18:12","slug":"jose-luis-puerto-vence-premio-eduardo-lourenco-2026","status":"publish","type":"post","link":"https:\/\/portaltela.pt\/noticias\/2026\/04\/20\/jose-luis-puerto-vence-premio-eduardo-lourenco-2026\/","title":{"rendered":"Jos\u00e9 Luis Puerto vence Pr\u00e9mio Eduardo Louren\u00e7o 2026"},"content":{"rendered":"<p>Jos\u00e9 Luis Puerto, poeta e ensa\u00edsta espanhol, foi o vencedor do Pr\u00e9mio Eduardo Louren\u00e7o 2026, conforme divulga\u00e7\u00e3o da organiza\u00e7\u00e3o respons\u00e1vel pela atribui\u00e7\u00e3o. A not\u00edcia foi confirmada pela institui\u00e7\u00e3o promotora deste galard\u00e3o.<\/p>\n<p>Puerto \u00e9 reconhecido pela obra que combina poesia com ensaio cr\u00edtico, criando liga\u00e7\u00f5es entre linguagem po\u00e9tica e an\u00e1lise liter\u00e1ria. O reconhecimento deste ano refor\u00e7a a presen\u00e7a de criadores ib\u00e9ricos no panorama contempor\u00e2neo.<\/p>\n<p>A decis\u00e3o de atribui\u00e7\u00e3o do pr\u00e9mio para 2026 foi anunciada publicamente pela entidade organizadora. O galard\u00e3o destaca a import\u00e2ncia de autores que exploram a rela\u00e7\u00e3o entre forma, pensamento e cultura na literatura.<\/p>\n","protected":false},"excerpt":{"rendered":"<ul>\n<li>Jos\u00e9 Luis Puerto, poeta e ensa\u00edsta espanhol, venceu o Pr\u00e9mio Eduardo Louren\u00e7o de 2026.<\/li>\n<li>A not\u00edcia destaca a atribui\u00e7\u00e3o do galard\u00e3o ao escritor espanhol.<\/li>\n<li>O pr\u00e9mio reconhece a sua trajet\u00f3ria na literatura, principalmente em poesia e ensaios.<\/li>\n<li>N\u00e3o foram publicados detalhes adicionais na pe\u00e7a sobre a cerim\u00f3nia ou data do an\u00fancio.<\/li>\n<\/ul>\n","protected":false},"author":2,"featured_media":451474,"comment_status":"closed","ping_status":"closed","sticky":false,"template":"","format":"standard","meta":{"footnotes":""},"categories":[7375,1],"tags":[145,6654,2487,106,5553,7911],"class_list":["post-451468","post","type-post","status-publish","format-standard","has-post-thumbnail","hentry","category-cultura","category-noticias","tag-cultura","tag-escritores","tag-europa","tag-literatura","tag-poesia","tag-poetas"],"yoast_head":"<!-- This site is optimized with the Yoast SEO plugin v27.2 - https:\/\/yoast.com\/product\/yoast-seo-wordpress\/ -->\n<title>Jos\u00e9 Luis Puerto vence Pr\u00e9mio Eduardo Louren\u00e7o 2026 - Portal Tela Portugal<\/title>\n<meta name=\"robots\" content=\"index, follow, max-snippet:-1, max-image-preview:large, max-video-preview:-1\" \/>\n<meta property=\"og:locale\" content=\"pt_PT\" \/>\n<meta property=\"og:type\" content=\"article\" \/>\n<meta property=\"og:title\" content=\"Jos\u00e9 Luis Puerto vence Pr\u00e9mio Eduardo Louren\u00e7o 2026 - Portal Tela Portugal\" \/>\n<meta property=\"og:description\" content=\"Jos\u00e9 Luis Puerto, poeta e ensa\u00edsta espanhol, venceu o Pr\u00e9mio Eduardo Louren\u00e7o de 2026. A not\u00edcia destaca a atribui\u00e7\u00e3o do galard\u00e3o ao escritor espanhol. O pr\u00e9mio reconhece a sua trajet\u00f3ria na literatura, principalmente em poesia e ensaios. N\u00e3o foram publicados detalhes adicionais na pe\u00e7a sobre a cerim\u00f3nia ou data do an\u00fancio.\" \/>\n<meta property=\"og:url\" content=\"https:\/\/portaltela.pt\/noticias\/2026\/04\/20\/jose-luis-puerto-vence-premio-eduardo-lourenco-2026\/\" \/>\n<meta property=\"og:site_name\" content=\"Portal Tela Portugal\" \/>\n<meta property=\"article:published_time\" content=\"2026-04-20T15:18:12+00:00\" \/>\n<meta name=\"author\" content=\"Telinha\" \/>\n<meta name=\"twitter:card\" content=\"summary_large_image\" \/>\n<meta name=\"twitter:label1\" content=\"Escrito por\" \/>\n\t<meta name=\"twitter:data1\" content=\"Telinha\" \/>\n\t<meta name=\"twitter:label2\" content=\"Tempo estimado de leitura\" \/>\n\t<meta name=\"twitter:data2\" content=\"1 minuto\" \/>\n<script type=\"application\/ld+json\" class=\"yoast-schema-graph\">{\"@context\":\"https:\/\/schema.org\",\"@graph\":[{\"@type\":\"Article\",\"@id\":\"https:\/\/portaltela.pt\/noticias\/2026\/04\/20\/jose-luis-puerto-vence-premio-eduardo-lourenco-2026\/#article\",\"isPartOf\":{\"@id\":\"https:\/\/portaltela.pt\/noticias\/2026\/04\/20\/jose-luis-puerto-vence-premio-eduardo-lourenco-2026\/\"},\"author\":{\"name\":\"Telinha\",\"@id\":\"https:\/\/portaltela.pt\/#\/schema\/person\/c4278d4a6028830caff9ee44b42d32ed\"},\"headline\":\"Jos\u00e9 Luis Puerto vence Pr\u00e9mio Eduardo Louren\u00e7o 2026\",\"datePublished\":\"2026-04-20T15:18:12+00:00\",\"mainEntityOfPage\":{\"@id\":\"https:\/\/portaltela.pt\/noticias\/2026\/04\/20\/jose-luis-puerto-vence-premio-eduardo-lourenco-2026\/\"},\"wordCount\":126,\"image\":{\"@id\":\"https:\/\/portaltela.pt\/noticias\/2026\/04\/20\/jose-luis-puerto-vence-premio-eduardo-lourenco-2026\/#primaryimage\"},\"thumbnailUrl\":\"https:\/\/portaltela.pt\/s.01k8rhncp4jt1\/2026\/04\/CACHE_780X1200_ANALOG_WATERMARKED_26089474_1849401_25042019103326.jpg\",\"keywords\":[\"cultura\",\"escritores\",\"Europa\",\"literatura\",\"poesia\",\"poetas\"],\"articleSection\":[\"Cultura\",\"Not\u00edcias\"],\"inLanguage\":\"pt-PT\"},{\"@type\":\"WebPage\",\"@id\":\"https:\/\/portaltela.pt\/noticias\/2026\/04\/20\/jose-luis-puerto-vence-premio-eduardo-lourenco-2026\/\",\"url\":\"https:\/\/portaltela.pt\/noticias\/2026\/04\/20\/jose-luis-puerto-vence-premio-eduardo-lourenco-2026\/\",\"name\":\"Jos\u00e9 Luis Puerto vence Pr\u00e9mio Eduardo Louren\u00e7o 2026 - Portal Tela Portugal\",\"isPartOf\":{\"@id\":\"https:\/\/portaltela.pt\/#website\"},\"primaryImageOfPage\":{\"@id\":\"https:\/\/portaltela.pt\/noticias\/2026\/04\/20\/jose-luis-puerto-vence-premio-eduardo-lourenco-2026\/#primaryimage\"},\"image\":{\"@id\":\"https:\/\/portaltela.pt\/noticias\/2026\/04\/20\/jose-luis-puerto-vence-premio-eduardo-lourenco-2026\/#primaryimage\"},\"thumbnailUrl\":\"https:\/\/portaltela.pt\/s.01k8rhncp4jt1\/2026\/04\/CACHE_780X1200_ANALOG_WATERMARKED_26089474_1849401_25042019103326.jpg\",\"datePublished\":\"2026-04-20T15:18:12+00:00\",\"author\":{\"@id\":\"https:\/\/portaltela.pt\/#\/schema\/person\/c4278d4a6028830caff9ee44b42d32ed\"},\"breadcrumb\":{\"@id\":\"https:\/\/portaltela.pt\/noticias\/2026\/04\/20\/jose-luis-puerto-vence-premio-eduardo-lourenco-2026\/#breadcrumb\"},\"inLanguage\":\"pt-PT\",\"potentialAction\":[{\"@type\":\"ReadAction\",\"target\":[\"https:\/\/portaltela.pt\/noticias\/2026\/04\/20\/jose-luis-puerto-vence-premio-eduardo-lourenco-2026\/\"]}]},{\"@type\":\"ImageObject\",\"inLanguage\":\"pt-PT\",\"@id\":\"https:\/\/portaltela.pt\/noticias\/2026\/04\/20\/jose-luis-puerto-vence-premio-eduardo-lourenco-2026\/#primaryimage\",\"url\":\"https:\/\/portaltela.pt\/s.01k8rhncp4jt1\/2026\/04\/CACHE_780X1200_ANALOG_WATERMARKED_26089474_1849401_25042019103326.jpg\",\"contentUrl\":\"https:\/\/portaltela.pt\/s.01k8rhncp4jt1\/2026\/04\/CACHE_780X1200_ANALOG_WATERMARKED_26089474_1849401_25042019103326.jpg\",\"width\":796,\"height\":448,\"caption\":\"Poeta e ensa\u00edsta espanhol Jos\u00e9 Luis Puerto vence Pr\u00e9mio Eduardo Louren\u00e7o 2026\"},{\"@type\":\"BreadcrumbList\",\"@id\":\"https:\/\/portaltela.pt\/noticias\/2026\/04\/20\/jose-luis-puerto-vence-premio-eduardo-lourenco-2026\/#breadcrumb\",\"itemListElement\":[{\"@type\":\"ListItem\",\"position\":1,\"name\":\"In\u00edcio\",\"item\":\"https:\/\/portaltela.pt\/\"},{\"@type\":\"ListItem\",\"position\":2,\"name\":\"Jos\u00e9 Luis Puerto vence Pr\u00e9mio Eduardo Louren\u00e7o 2026\"}]},{\"@type\":\"WebSite\",\"@id\":\"https:\/\/portaltela.pt\/#website\",\"url\":\"https:\/\/portaltela.pt\/\",\"name\":\"Portal Tela Portugal\",\"description\":\"\",\"potentialAction\":[{\"@type\":\"SearchAction\",\"target\":{\"@type\":\"EntryPoint\",\"urlTemplate\":\"https:\/\/portaltela.pt\/?s={search_term_string}\"},\"query-input\":{\"@type\":\"PropertyValueSpecification\",\"valueRequired\":true,\"valueName\":\"search_term_string\"}}],\"inLanguage\":\"pt-PT\"},{\"@type\":\"Person\",\"@id\":\"https:\/\/portaltela.pt\/#\/schema\/person\/c4278d4a6028830caff9ee44b42d32ed\",\"name\":\"Telinha\",\"image\":{\"@type\":\"ImageObject\",\"inLanguage\":\"pt-PT\",\"@id\":\"https:\/\/portaltela.pt\/s.01k8rhncp4jt1\/2025\/11\/talking-bot-125x125.png\",\"url\":\"https:\/\/portaltela.pt\/s.01k8rhncp4jt1\/2025\/11\/talking-bot-125x125.png\",\"contentUrl\":\"https:\/\/portaltela.pt\/s.01k8rhncp4jt1\/2025\/11\/talking-bot-125x125.png\",\"caption\":\"Telinha\"},\"sameAs\":[\"https:\/\/portaltela.pt\/\"],\"url\":\"https:\/\/portaltela.pt\/por\/367410592786\/\"}]}<\/script>\n<!-- \/ Yoast SEO plugin. -->","yoast_head_json":{"title":"Jos\u00e9 Luis Puerto vence Pr\u00e9mio Eduardo Louren\u00e7o 2026 - Portal Tela Portugal","robots":{"index":"index","follow":"follow","max-snippet":"max-snippet:-1","max-image-preview":"max-image-preview:large","max-video-preview":"max-video-preview:-1"},"og_locale":"pt_PT","og_type":"article","og_title":"Jos\u00e9 Luis Puerto vence Pr\u00e9mio Eduardo Louren\u00e7o 2026 - Portal Tela Portugal","og_description":"Jos\u00e9 Luis Puerto, poeta e ensa\u00edsta espanhol, venceu o Pr\u00e9mio Eduardo Louren\u00e7o de 2026. A not\u00edcia destaca a atribui\u00e7\u00e3o do galard\u00e3o ao escritor espanhol. O pr\u00e9mio reconhece a sua trajet\u00f3ria na literatura, principalmente em poesia e ensaios. N\u00e3o foram publicados detalhes adicionais na pe\u00e7a sobre a cerim\u00f3nia ou data do an\u00fancio.","og_url":"https:\/\/portaltela.pt\/noticias\/2026\/04\/20\/jose-luis-puerto-vence-premio-eduardo-lourenco-2026\/","og_site_name":"Portal Tela Portugal","article_published_time":"2026-04-20T15:18:12+00:00","author":"Telinha","twitter_card":"summary_large_image","twitter_misc":{"Escrito por":"Telinha","Tempo estimado de leitura":"1 minuto"},"schema":{"@context":"https:\/\/schema.org","@graph":[{"@type":"Article","@id":"https:\/\/portaltela.pt\/noticias\/2026\/04\/20\/jose-luis-puerto-vence-premio-eduardo-lourenco-2026\/#article","isPartOf":{"@id":"https:\/\/portaltela.pt\/noticias\/2026\/04\/20\/jose-luis-puerto-vence-premio-eduardo-lourenco-2026\/"},"author":{"name":"Telinha","@id":"https:\/\/portaltela.pt\/#\/schema\/person\/c4278d4a6028830caff9ee44b42d32ed"},"headline":"Jos\u00e9 Luis Puerto vence Pr\u00e9mio Eduardo Louren\u00e7o 2026","datePublished":"2026-04-20T15:18:12+00:00","mainEntityOfPage":{"@id":"https:\/\/portaltela.pt\/noticias\/2026\/04\/20\/jose-luis-puerto-vence-premio-eduardo-lourenco-2026\/"},"wordCount":126,"image":{"@id":"https:\/\/portaltela.pt\/noticias\/2026\/04\/20\/jose-luis-puerto-vence-premio-eduardo-lourenco-2026\/#primaryimage"},"thumbnailUrl":"https:\/\/portaltela.pt\/s.01k8rhncp4jt1\/2026\/04\/CACHE_780X1200_ANALOG_WATERMARKED_26089474_1849401_25042019103326.jpg","keywords":["cultura","escritores","Europa","literatura","poesia","poetas"],"articleSection":["Cultura","Not\u00edcias"],"inLanguage":"pt-PT"},{"@type":"WebPage","@id":"https:\/\/portaltela.pt\/noticias\/2026\/04\/20\/jose-luis-puerto-vence-premio-eduardo-lourenco-2026\/","url":"https:\/\/portaltela.pt\/noticias\/2026\/04\/20\/jose-luis-puerto-vence-premio-eduardo-lourenco-2026\/","name":"Jos\u00e9 Luis Puerto vence Pr\u00e9mio Eduardo Louren\u00e7o 2026 - Portal Tela Portugal","isPartOf":{"@id":"https:\/\/portaltela.pt\/#website"},"primaryImageOfPage":{"@id":"https:\/\/portaltela.pt\/noticias\/2026\/04\/20\/jose-luis-puerto-vence-premio-eduardo-lourenco-2026\/#primaryimage"},"image":{"@id":"https:\/\/portaltela.pt\/noticias\/2026\/04\/20\/jose-luis-puerto-vence-premio-eduardo-lourenco-2026\/#primaryimage"},"thumbnailUrl":"https:\/\/portaltela.pt\/s.01k8rhncp4jt1\/2026\/04\/CACHE_780X1200_ANALOG_WATERMARKED_26089474_1849401_25042019103326.jpg","datePublished":"2026-04-20T15:18:12+00:00","author":{"@id":"https:\/\/portaltela.pt\/#\/schema\/person\/c4278d4a6028830caff9ee44b42d32ed"},"breadcrumb":{"@id":"https:\/\/portaltela.pt\/noticias\/2026\/04\/20\/jose-luis-puerto-vence-premio-eduardo-lourenco-2026\/#breadcrumb"},"inLanguage":"pt-PT","potentialAction":[{"@type":"ReadAction","target":["https:\/\/portaltela.pt\/noticias\/2026\/04\/20\/jose-luis-puerto-vence-premio-eduardo-lourenco-2026\/"]}]},{"@type":"ImageObject","inLanguage":"pt-PT","@id":"https:\/\/portaltela.pt\/noticias\/2026\/04\/20\/jose-luis-puerto-vence-premio-eduardo-lourenco-2026\/#primaryimage","url":"https:\/\/portaltela.pt\/s.01k8rhncp4jt1\/2026\/04\/CACHE_780X1200_ANALOG_WATERMARKED_26089474_1849401_25042019103326.jpg","contentUrl":"https:\/\/portaltela.pt\/s.01k8rhncp4jt1\/2026\/04\/CACHE_780X1200_ANALOG_WATERMARKED_26089474_1849401_25042019103326.jpg","width":796,"height":448,"caption":"Poeta e ensa\u00edsta espanhol Jos\u00e9 Luis Puerto vence Pr\u00e9mio Eduardo Louren\u00e7o 2026"},{"@type":"BreadcrumbList","@id":"https:\/\/portaltela.pt\/noticias\/2026\/04\/20\/jose-luis-puerto-vence-premio-eduardo-lourenco-2026\/#breadcrumb","itemListElement":[{"@type":"ListItem","position":1,"name":"In\u00edcio","item":"https:\/\/portaltela.pt\/"},{"@type":"ListItem","position":2,"name":"Jos\u00e9 Luis Puerto vence Pr\u00e9mio Eduardo Louren\u00e7o 2026"}]},{"@type":"WebSite","@id":"https:\/\/portaltela.pt\/#website","url":"https:\/\/portaltela.pt\/","name":"Portal Tela Portugal","description":"","potentialAction":[{"@type":"SearchAction","target":{"@type":"EntryPoint","urlTemplate":"https:\/\/portaltela.pt\/?s={search_term_string}"},"query-input":{"@type":"PropertyValueSpecification","valueRequired":true,"valueName":"search_term_string"}}],"inLanguage":"pt-PT"},{"@type":"Person","@id":"https:\/\/portaltela.pt\/#\/schema\/person\/c4278d4a6028830caff9ee44b42d32ed","name":"Telinha","image":{"@type":"ImageObject","inLanguage":"pt-PT","@id":"https:\/\/portaltela.pt\/s.01k8rhncp4jt1\/2025\/11\/talking-bot-125x125.png","url":"https:\/\/portaltela.pt\/s.01k8rhncp4jt1\/2025\/11\/talking-bot-125x125.png","contentUrl":"https:\/\/portaltela.pt\/s.01k8rhncp4jt1\/2025\/11\/talking-bot-125x125.png","caption":"Telinha"},"sameAs":["https:\/\/portaltela.pt\/"],"url":"https:\/\/portaltela.pt\/por\/367410592786\/"}]}},"_links":{"self":[{"href":"https:\/\/portaltela.pt\/api\/wp\/v2\/posts\/451468","targetHints":{"allow":["GET"]}}],"collection":[{"href":"https:\/\/portaltela.pt\/api\/wp\/v2\/posts"}],"about":[{"href":"https:\/\/portaltela.pt\/api\/wp\/v2\/types\/post"}],"author":[{"embeddable":true,"href":"https:\/\/portaltela.pt\/api\/wp\/v2\/users\/2"}],"replies":[{"embeddable":true,"href":"https:\/\/portaltela.pt\/api\/wp\/v2\/comments?post=451468"}],"version-history":[{"count":0,"href":"https:\/\/portaltela.pt\/api\/wp\/v2\/posts\/451468\/revisions"}],"wp:featuredmedia":[{"embeddable":true,"href":"https:\/\/portaltela.pt\/api\/wp\/v2\/media\/451474"}],"wp:attachment":[{"href":"https:\/\/portaltela.pt\/api\/wp\/v2\/media?parent=451468"}],"wp:term":[{"taxonomy":"category","embeddable":true,"href":"https:\/\/portaltela.pt\/api\/wp\/v2\/categories?post=451468"},{"taxonomy":"post_tag","embeddable":true,"href":"https:\/\/portaltela.pt\/api\/wp\/v2\/tags?post=451468"}],"curies":[{"name":"wp","href":"https:\/\/api.w.org\/{rel}","templated":true}]}}