{"id":451465,"date":"2026-04-20T12:18:05","date_gmt":"2026-04-20T15:18:05","guid":{"rendered":"https:\/\/portaltela.pt\/noticias\/2026\/04\/20\/aviacao-comunicacao-em-tempo-real-em-zonas-oceanicas-isoladas\/"},"modified":"2026-04-20T12:18:05","modified_gmt":"2026-04-20T15:18:05","slug":"aviacao-comunicacao-em-tempo-real-em-zonas-oceanicas-isoladas","status":"publish","type":"post","link":"https:\/\/portaltela.pt\/telecomunicacoes\/2026\/04\/20\/aviacao-comunicacao-em-tempo-real-em-zonas-oceanicas-isoladas\/","title":{"rendered":"Avia\u00e7\u00e3o: comunica\u00e7\u00e3o em tempo real em zonas oce\u00e2nicas isoladas"},"content":{"rendered":"<p>A 4 de junho de 2025, controladores de tr\u00e1fego a\u00e9reo das Ilhas Can\u00e1rias, em Espanha, mantiveram comunica\u00e7\u00e3o clara com o piloto de um voo que sobrevoava o Atl\u00e2ntico. A liga\u00e7\u00e3o foi poss\u00edvel gra\u00e7as liga\u00e7\u00f5es via sat\u00e9lite que asseguram voz e dados em tempo real sobre oceanos. O caso ilustra uma melhoria na gest\u00e3o de rotas longas.<\/p>\n<p>Habitualmente, nos voos sobre o oceano, a comunica\u00e7\u00e3o por r\u00e1dio VHF deixa de ser imediata assim que o avi\u00e3o sai do alcance das esta\u00e7\u00f5es terrestres, gerando atrasos e menor precis\u00e3o. Nesses trechos, os pilotos recorrem ao r\u00e1dio HF, sujeito a ru\u00eddos e atrasos.<\/p>\n<h3>Coes\u00e3o entre sat\u00e9lite e VHF<\/h3>\n<p>Uma colabora\u00e7\u00e3o internacional, liderada pela iniciativa ECHOES, reuniu engenheiros de sat\u00e9lite, especialistas de tr\u00e1fego a\u00e9reo e operadoras de turismo espacial de Espanha, Portugal e Alemanha. O projeto, cofinanciado pela UE, desenvolveu testes de ADS-B de frequ\u00eancia muito elevada para oceano e zonas remotas.<\/p>\n<p>O objetivo \u00e9 modernizar a gest\u00e3o de tr\u00e1fego a\u00e9reo na Europa, com testes realizados at\u00e9 dezembro de 2025. Sat\u00e9lites de bordo com antenas VHF passam a transmitir voz e dados para a rede de controlo, aproximando-se do n\u00edvel de cobertura existente em terra.<\/p>\n<h3>Enfoque t\u00e9cnico e resultados<\/h3>\n<p>O lan\u00e7amento de dois pequenos sat\u00e9lites em 2025, em \u00f3rbita baixa da Terra, permitiu comunicar em tempo real. Um sat\u00e9lite de 35 kg e outro de 100 kg carregavam equipamentos VHF que manteram as comunica\u00e7\u00f5es entre aeronaves e esta\u00e7\u00f5es terrestres.<\/p>\n<p>Os testes mostraram que a comunica\u00e7\u00e3o VHF via espa\u00e7o funciona em paralelo com sistemas terrestres, mantendo a normalidade na intera\u00e7\u00e3o entre pilotos e controladores. A experi\u00eancia foi descrita como familiar pelos pilotos participantes.<\/p>\n<h3>Impacto e pr\u00f3ximos passos<\/h3>\n<p>A equipa planeia expandir o sistema globalmente, estimando que seriam necess\u00e1rios cerca de 300 sat\u00e9lites para cobertura cont\u00ednua mundial. A tecnologia pode facilitar rotas mais diretas, reduzir atrasos e melhorar a gest\u00e3o de turbul\u00eancia e congestionamento a\u00e9reo.<\/p>\n<p>Se implementado em larga escala, o sistema poder\u00e1 assegurar comunica\u00e7\u00f5es cont\u00ednuas entre voos oce\u00e2nicos e o controlo de tr\u00e1fego, aumentando a seguran\u00e7a e a efici\u00eancia dos voos transatl\u00e2nticos e prote\u00e7\u00e3o ambiental com menor consumo de combust\u00edvel.<\/p>\n","protected":false},"excerpt":{"rendered":"<ul>\n<li>Em 4 de junho de 2025, controladores de tr\u00e1fego a\u00e9reo nas Ilhas Can\u00e1rias mantiveram contactos claros com um voo sobre o Atl\u00e2ntico, mostrando o que at\u00e9 agora era exce\u00e7\u00e3o em voos oce\u00e2nicos.<\/li>\n<li>O projeto ECHOES, cofinanciado pela Uni\u00e3o Europeia, testou sistemas de seguimento de aeronaves por r\u00e1dio e sat\u00e9lite na regi\u00e3o oce\u00e2nica, at\u00e9 dezembro de 2025.<\/li>\n<li>Dois pequenos sat\u00e9lites, de 35 kg e 100 kg, transportaram antenas VHF para transmitir voz e dados usados pelas aeronaves, simulando a comunica\u00e7\u00e3o com esta\u00e7\u00f5es terrestres a partir do espa\u00e7o.<\/li>\n<li>Testes com v\u00e1rias companhias a\u00e9reas demonstraram que a comunica\u00e7\u00e3o VHF via espa\u00e7o funciona em paralelo com sistemas terrestres, oferecendo cobertura cont\u00ednua no espa\u00e7o a\u00e9reo oce\u00e2nico.<\/li>\n<li>A meta \u00e9 expandir para uma cobertura global com cerca de 300 sat\u00e9lites, para permitir rotas mais diretas, reduzir emiss\u00f5es e aumentar a capacidade nos corredores oce\u00e2nicos.<\/li>\n<\/ul>\n","protected":false},"author":2,"featured_media":451469,"comment_status":"closed","ping_status":"closed","sticky":false,"template":"","format":"standard","meta":{"footnotes":""},"categories":[6716,7367],"tags":[7910,8502,8279,8004,1036,192],"class_list":["post-451465","post","type-post","status-publish","format-standard","has-post-thumbnail","hentry","category-tecnologia","category-telecomunicacoes","tag-_a-aeronautica","tag-_aviacao","tag-_comunicacao-institucional","tag-_europa","tag-satelites","tag-transporte"],"yoast_head":"<!-- This site is optimized with the Yoast SEO plugin v27.2 - https:\/\/yoast.com\/product\/yoast-seo-wordpress\/ -->\n<title>Avia\u00e7\u00e3o: comunica\u00e7\u00e3o em tempo real em zonas oce\u00e2nicas isoladas - Portal Tela Portugal<\/title>\n<meta name=\"robots\" content=\"index, follow, max-snippet:-1, max-image-preview:large, max-video-preview:-1\" \/>\n<meta property=\"og:locale\" content=\"pt_PT\" \/>\n<meta property=\"og:type\" content=\"article\" \/>\n<meta property=\"og:title\" content=\"Avia\u00e7\u00e3o: comunica\u00e7\u00e3o em tempo real em zonas oce\u00e2nicas isoladas - Portal Tela Portugal\" \/>\n<meta property=\"og:description\" content=\"Em 4 de junho de 2025, controladores de tr\u00e1fego a\u00e9reo nas Ilhas Can\u00e1rias mantiveram contactos claros com um voo sobre o Atl\u00e2ntico, mostrando o que at\u00e9 agora era exce\u00e7\u00e3o em voos oce\u00e2nicos. O projeto ECHOES, cofinanciado pela Uni\u00e3o Europeia, testou sistemas de seguimento de aeronaves por r\u00e1dio e sat\u00e9lite na regi\u00e3o oce\u00e2nica, at\u00e9 dezembro de 2025. Dois pequenos sat\u00e9lites, de 35 kg e 100 kg, transportaram antenas VHF para transmitir voz e dados usados pelas aeronaves, simulando a comunica\u00e7\u00e3o com esta\u00e7\u00f5es terrestres a partir do espa\u00e7o. Testes com v\u00e1rias companhias a\u00e9reas demonstraram que a comunica\u00e7\u00e3o VHF via espa\u00e7o funciona em paralelo com sistemas terrestres, oferecendo cobertura cont\u00ednua no espa\u00e7o a\u00e9reo oce\u00e2nico. A meta \u00e9 expandir para uma cobertura global com cerca de 300 sat\u00e9lites, para permitir rotas mais diretas, reduzir emiss\u00f5es e aumentar a capacidade nos corredores oce\u00e2nicos.\" \/>\n<meta property=\"og:url\" content=\"https:\/\/portaltela.pt\/noticias\/2026\/04\/20\/aviacao-comunicacao-em-tempo-real-em-zonas-oceanicas-isoladas\/\" \/>\n<meta property=\"og:site_name\" content=\"Portal Tela Portugal\" \/>\n<meta property=\"article:published_time\" content=\"2026-04-20T15:18:05+00:00\" \/>\n<meta name=\"author\" content=\"Telinha\" \/>\n<meta name=\"twitter:card\" content=\"summary_large_image\" \/>\n<meta name=\"twitter:label1\" content=\"Escrito por\" \/>\n\t<meta name=\"twitter:data1\" content=\"Telinha\" \/>\n\t<meta name=\"twitter:label2\" content=\"Tempo estimado de leitura\" \/>\n\t<meta name=\"twitter:data2\" content=\"2 minutos\" \/>\n<script type=\"application\/ld+json\" class=\"yoast-schema-graph\">{\"@context\":\"https:\/\/schema.org\",\"@graph\":[{\"@type\":\"Article\",\"@id\":\"https:\/\/portaltela.pt\/noticias\/2026\/04\/20\/aviacao-comunicacao-em-tempo-real-em-zonas-oceanicas-isoladas\/#article\",\"isPartOf\":{\"@id\":\"https:\/\/portaltela.pt\/noticias\/2026\/04\/20\/aviacao-comunicacao-em-tempo-real-em-zonas-oceanicas-isoladas\/\"},\"author\":{\"name\":\"Telinha\",\"@id\":\"https:\/\/portaltela.pt\/#\/schema\/person\/c4278d4a6028830caff9ee44b42d32ed\"},\"headline\":\"Avia\u00e7\u00e3o: comunica\u00e7\u00e3o em tempo real em zonas oce\u00e2nicas isoladas\",\"datePublished\":\"2026-04-20T15:18:05+00:00\",\"mainEntityOfPage\":{\"@id\":\"https:\/\/portaltela.pt\/noticias\/2026\/04\/20\/aviacao-comunicacao-em-tempo-real-em-zonas-oceanicas-isoladas\/\"},\"wordCount\":404,\"image\":{\"@id\":\"https:\/\/portaltela.pt\/noticias\/2026\/04\/20\/aviacao-comunicacao-em-tempo-real-em-zonas-oceanicas-isoladas\/#primaryimage\"},\"thumbnailUrl\":\"https:\/\/portaltela.pt\/s.01k8rhncp4jt1\/2026\/04\/image-1217.jpg\",\"keywords\":[\"_a aeron\u00e1utica\",\"_avia\u00e7\u00e3o\",\"_comunica\u00e7\u00e3o institucional\",\"_Europa\",\"sat\u00e9lites\",\"transporte\"],\"articleSection\":[\"Tecnologia\",\"Telecomunica\u00e7\u00f5es\"],\"inLanguage\":\"pt-PT\"},{\"@type\":\"WebPage\",\"@id\":\"https:\/\/portaltela.pt\/noticias\/2026\/04\/20\/aviacao-comunicacao-em-tempo-real-em-zonas-oceanicas-isoladas\/\",\"url\":\"https:\/\/portaltela.pt\/noticias\/2026\/04\/20\/aviacao-comunicacao-em-tempo-real-em-zonas-oceanicas-isoladas\/\",\"name\":\"Avia\u00e7\u00e3o: comunica\u00e7\u00e3o em tempo real em zonas oce\u00e2nicas isoladas - Portal Tela Portugal\",\"isPartOf\":{\"@id\":\"https:\/\/portaltela.pt\/#website\"},\"primaryImageOfPage\":{\"@id\":\"https:\/\/portaltela.pt\/noticias\/2026\/04\/20\/aviacao-comunicacao-em-tempo-real-em-zonas-oceanicas-isoladas\/#primaryimage\"},\"image\":{\"@id\":\"https:\/\/portaltela.pt\/noticias\/2026\/04\/20\/aviacao-comunicacao-em-tempo-real-em-zonas-oceanicas-isoladas\/#primaryimage\"},\"thumbnailUrl\":\"https:\/\/portaltela.pt\/s.01k8rhncp4jt1\/2026\/04\/image-1217.jpg\",\"datePublished\":\"2026-04-20T15:18:05+00:00\",\"author\":{\"@id\":\"https:\/\/portaltela.pt\/#\/schema\/person\/c4278d4a6028830caff9ee44b42d32ed\"},\"breadcrumb\":{\"@id\":\"https:\/\/portaltela.pt\/noticias\/2026\/04\/20\/aviacao-comunicacao-em-tempo-real-em-zonas-oceanicas-isoladas\/#breadcrumb\"},\"inLanguage\":\"pt-PT\",\"potentialAction\":[{\"@type\":\"ReadAction\",\"target\":[\"https:\/\/portaltela.pt\/noticias\/2026\/04\/20\/aviacao-comunicacao-em-tempo-real-em-zonas-oceanicas-isoladas\/\"]}]},{\"@type\":\"ImageObject\",\"inLanguage\":\"pt-PT\",\"@id\":\"https:\/\/portaltela.pt\/noticias\/2026\/04\/20\/aviacao-comunicacao-em-tempo-real-em-zonas-oceanicas-isoladas\/#primaryimage\",\"url\":\"https:\/\/portaltela.pt\/s.01k8rhncp4jt1\/2026\/04\/image-1217.jpg\",\"contentUrl\":\"https:\/\/portaltela.pt\/s.01k8rhncp4jt1\/2026\/04\/image-1217.jpg\",\"width\":796,\"height\":448,\"caption\":\"Viagens intercontinentais poder\u00e3o tornar-se mais r\u00e1pidas e seguras com novo sistema de comunica\u00e7\u00e3o para avi\u00f5es\"},{\"@type\":\"BreadcrumbList\",\"@id\":\"https:\/\/portaltela.pt\/noticias\/2026\/04\/20\/aviacao-comunicacao-em-tempo-real-em-zonas-oceanicas-isoladas\/#breadcrumb\",\"itemListElement\":[{\"@type\":\"ListItem\",\"position\":1,\"name\":\"In\u00edcio\",\"item\":\"https:\/\/portaltela.pt\/\"},{\"@type\":\"ListItem\",\"position\":2,\"name\":\"Avia\u00e7\u00e3o: comunica\u00e7\u00e3o em tempo real em zonas oce\u00e2nicas isoladas\"}]},{\"@type\":\"WebSite\",\"@id\":\"https:\/\/portaltela.pt\/#website\",\"url\":\"https:\/\/portaltela.pt\/\",\"name\":\"Portal Tela Portugal\",\"description\":\"\",\"potentialAction\":[{\"@type\":\"SearchAction\",\"target\":{\"@type\":\"EntryPoint\",\"urlTemplate\":\"https:\/\/portaltela.pt\/?s={search_term_string}\"},\"query-input\":{\"@type\":\"PropertyValueSpecification\",\"valueRequired\":true,\"valueName\":\"search_term_string\"}}],\"inLanguage\":\"pt-PT\"},{\"@type\":\"Person\",\"@id\":\"https:\/\/portaltela.pt\/#\/schema\/person\/c4278d4a6028830caff9ee44b42d32ed\",\"name\":\"Telinha\",\"image\":{\"@type\":\"ImageObject\",\"inLanguage\":\"pt-PT\",\"@id\":\"https:\/\/portaltela.pt\/s.01k8rhncp4jt1\/2025\/11\/talking-bot-125x125.png\",\"url\":\"https:\/\/portaltela.pt\/s.01k8rhncp4jt1\/2025\/11\/talking-bot-125x125.png\",\"contentUrl\":\"https:\/\/portaltela.pt\/s.01k8rhncp4jt1\/2025\/11\/talking-bot-125x125.png\",\"caption\":\"Telinha\"},\"sameAs\":[\"https:\/\/portaltela.pt\/\"],\"url\":\"https:\/\/portaltela.pt\/por\/367410592786\/\"}]}<\/script>\n<!-- \/ Yoast SEO plugin. -->","yoast_head_json":{"title":"Avia\u00e7\u00e3o: comunica\u00e7\u00e3o em tempo real em zonas oce\u00e2nicas isoladas - Portal Tela Portugal","robots":{"index":"index","follow":"follow","max-snippet":"max-snippet:-1","max-image-preview":"max-image-preview:large","max-video-preview":"max-video-preview:-1"},"og_locale":"pt_PT","og_type":"article","og_title":"Avia\u00e7\u00e3o: comunica\u00e7\u00e3o em tempo real em zonas oce\u00e2nicas isoladas - Portal Tela Portugal","og_description":"Em 4 de junho de 2025, controladores de tr\u00e1fego a\u00e9reo nas Ilhas Can\u00e1rias mantiveram contactos claros com um voo sobre o Atl\u00e2ntico, mostrando o que at\u00e9 agora era exce\u00e7\u00e3o em voos oce\u00e2nicos. O projeto ECHOES, cofinanciado pela Uni\u00e3o Europeia, testou sistemas de seguimento de aeronaves por r\u00e1dio e sat\u00e9lite na regi\u00e3o oce\u00e2nica, at\u00e9 dezembro de 2025. Dois pequenos sat\u00e9lites, de 35 kg e 100 kg, transportaram antenas VHF para transmitir voz e dados usados pelas aeronaves, simulando a comunica\u00e7\u00e3o com esta\u00e7\u00f5es terrestres a partir do espa\u00e7o. Testes com v\u00e1rias companhias a\u00e9reas demonstraram que a comunica\u00e7\u00e3o VHF via espa\u00e7o funciona em paralelo com sistemas terrestres, oferecendo cobertura cont\u00ednua no espa\u00e7o a\u00e9reo oce\u00e2nico. A meta \u00e9 expandir para uma cobertura global com cerca de 300 sat\u00e9lites, para permitir rotas mais diretas, reduzir emiss\u00f5es e aumentar a capacidade nos corredores oce\u00e2nicos.","og_url":"https:\/\/portaltela.pt\/noticias\/2026\/04\/20\/aviacao-comunicacao-em-tempo-real-em-zonas-oceanicas-isoladas\/","og_site_name":"Portal Tela Portugal","article_published_time":"2026-04-20T15:18:05+00:00","author":"Telinha","twitter_card":"summary_large_image","twitter_misc":{"Escrito por":"Telinha","Tempo estimado de leitura":"2 minutos"},"schema":{"@context":"https:\/\/schema.org","@graph":[{"@type":"Article","@id":"https:\/\/portaltela.pt\/noticias\/2026\/04\/20\/aviacao-comunicacao-em-tempo-real-em-zonas-oceanicas-isoladas\/#article","isPartOf":{"@id":"https:\/\/portaltela.pt\/noticias\/2026\/04\/20\/aviacao-comunicacao-em-tempo-real-em-zonas-oceanicas-isoladas\/"},"author":{"name":"Telinha","@id":"https:\/\/portaltela.pt\/#\/schema\/person\/c4278d4a6028830caff9ee44b42d32ed"},"headline":"Avia\u00e7\u00e3o: comunica\u00e7\u00e3o em tempo real em zonas oce\u00e2nicas isoladas","datePublished":"2026-04-20T15:18:05+00:00","mainEntityOfPage":{"@id":"https:\/\/portaltela.pt\/noticias\/2026\/04\/20\/aviacao-comunicacao-em-tempo-real-em-zonas-oceanicas-isoladas\/"},"wordCount":404,"image":{"@id":"https:\/\/portaltela.pt\/noticias\/2026\/04\/20\/aviacao-comunicacao-em-tempo-real-em-zonas-oceanicas-isoladas\/#primaryimage"},"thumbnailUrl":"https:\/\/portaltela.pt\/s.01k8rhncp4jt1\/2026\/04\/image-1217.jpg","keywords":["_a aeron\u00e1utica","_avia\u00e7\u00e3o","_comunica\u00e7\u00e3o institucional","_Europa","sat\u00e9lites","transporte"],"articleSection":["Tecnologia","Telecomunica\u00e7\u00f5es"],"inLanguage":"pt-PT"},{"@type":"WebPage","@id":"https:\/\/portaltela.pt\/noticias\/2026\/04\/20\/aviacao-comunicacao-em-tempo-real-em-zonas-oceanicas-isoladas\/","url":"https:\/\/portaltela.pt\/noticias\/2026\/04\/20\/aviacao-comunicacao-em-tempo-real-em-zonas-oceanicas-isoladas\/","name":"Avia\u00e7\u00e3o: comunica\u00e7\u00e3o em tempo real em zonas oce\u00e2nicas isoladas - Portal Tela Portugal","isPartOf":{"@id":"https:\/\/portaltela.pt\/#website"},"primaryImageOfPage":{"@id":"https:\/\/portaltela.pt\/noticias\/2026\/04\/20\/aviacao-comunicacao-em-tempo-real-em-zonas-oceanicas-isoladas\/#primaryimage"},"image":{"@id":"https:\/\/portaltela.pt\/noticias\/2026\/04\/20\/aviacao-comunicacao-em-tempo-real-em-zonas-oceanicas-isoladas\/#primaryimage"},"thumbnailUrl":"https:\/\/portaltela.pt\/s.01k8rhncp4jt1\/2026\/04\/image-1217.jpg","datePublished":"2026-04-20T15:18:05+00:00","author":{"@id":"https:\/\/portaltela.pt\/#\/schema\/person\/c4278d4a6028830caff9ee44b42d32ed"},"breadcrumb":{"@id":"https:\/\/portaltela.pt\/noticias\/2026\/04\/20\/aviacao-comunicacao-em-tempo-real-em-zonas-oceanicas-isoladas\/#breadcrumb"},"inLanguage":"pt-PT","potentialAction":[{"@type":"ReadAction","target":["https:\/\/portaltela.pt\/noticias\/2026\/04\/20\/aviacao-comunicacao-em-tempo-real-em-zonas-oceanicas-isoladas\/"]}]},{"@type":"ImageObject","inLanguage":"pt-PT","@id":"https:\/\/portaltela.pt\/noticias\/2026\/04\/20\/aviacao-comunicacao-em-tempo-real-em-zonas-oceanicas-isoladas\/#primaryimage","url":"https:\/\/portaltela.pt\/s.01k8rhncp4jt1\/2026\/04\/image-1217.jpg","contentUrl":"https:\/\/portaltela.pt\/s.01k8rhncp4jt1\/2026\/04\/image-1217.jpg","width":796,"height":448,"caption":"Viagens intercontinentais poder\u00e3o tornar-se mais r\u00e1pidas e seguras com novo sistema de comunica\u00e7\u00e3o para avi\u00f5es"},{"@type":"BreadcrumbList","@id":"https:\/\/portaltela.pt\/noticias\/2026\/04\/20\/aviacao-comunicacao-em-tempo-real-em-zonas-oceanicas-isoladas\/#breadcrumb","itemListElement":[{"@type":"ListItem","position":1,"name":"In\u00edcio","item":"https:\/\/portaltela.pt\/"},{"@type":"ListItem","position":2,"name":"Avia\u00e7\u00e3o: comunica\u00e7\u00e3o em tempo real em zonas oce\u00e2nicas isoladas"}]},{"@type":"WebSite","@id":"https:\/\/portaltela.pt\/#website","url":"https:\/\/portaltela.pt\/","name":"Portal Tela Portugal","description":"","potentialAction":[{"@type":"SearchAction","target":{"@type":"EntryPoint","urlTemplate":"https:\/\/portaltela.pt\/?s={search_term_string}"},"query-input":{"@type":"PropertyValueSpecification","valueRequired":true,"valueName":"search_term_string"}}],"inLanguage":"pt-PT"},{"@type":"Person","@id":"https:\/\/portaltela.pt\/#\/schema\/person\/c4278d4a6028830caff9ee44b42d32ed","name":"Telinha","image":{"@type":"ImageObject","inLanguage":"pt-PT","@id":"https:\/\/portaltela.pt\/s.01k8rhncp4jt1\/2025\/11\/talking-bot-125x125.png","url":"https:\/\/portaltela.pt\/s.01k8rhncp4jt1\/2025\/11\/talking-bot-125x125.png","contentUrl":"https:\/\/portaltela.pt\/s.01k8rhncp4jt1\/2025\/11\/talking-bot-125x125.png","caption":"Telinha"},"sameAs":["https:\/\/portaltela.pt\/"],"url":"https:\/\/portaltela.pt\/por\/367410592786\/"}]}},"_links":{"self":[{"href":"https:\/\/portaltela.pt\/api\/wp\/v2\/posts\/451465","targetHints":{"allow":["GET"]}}],"collection":[{"href":"https:\/\/portaltela.pt\/api\/wp\/v2\/posts"}],"about":[{"href":"https:\/\/portaltela.pt\/api\/wp\/v2\/types\/post"}],"author":[{"embeddable":true,"href":"https:\/\/portaltela.pt\/api\/wp\/v2\/users\/2"}],"replies":[{"embeddable":true,"href":"https:\/\/portaltela.pt\/api\/wp\/v2\/comments?post=451465"}],"version-history":[{"count":0,"href":"https:\/\/portaltela.pt\/api\/wp\/v2\/posts\/451465\/revisions"}],"wp:featuredmedia":[{"embeddable":true,"href":"https:\/\/portaltela.pt\/api\/wp\/v2\/media\/451469"}],"wp:attachment":[{"href":"https:\/\/portaltela.pt\/api\/wp\/v2\/media?parent=451465"}],"wp:term":[{"taxonomy":"category","embeddable":true,"href":"https:\/\/portaltela.pt\/api\/wp\/v2\/categories?post=451465"},{"taxonomy":"post_tag","embeddable":true,"href":"https:\/\/portaltela.pt\/api\/wp\/v2\/tags?post=451465"}],"curies":[{"name":"wp","href":"https:\/\/api.w.org\/{rel}","templated":true}]}}