{"id":451455,"date":"2026-04-20T12:03:41","date_gmt":"2026-04-20T15:03:41","guid":{"rendered":"https:\/\/portaltela.pt\/noticias\/2026\/04\/20\/presidente-de-cabo-verde-anuncia-mudancas-na-cooperacao-em-saude-com-portugal\/"},"modified":"2026-04-20T12:03:41","modified_gmt":"2026-04-20T15:03:41","slug":"presidente-de-cabo-verde-anuncia-mudancas-na-cooperacao-em-saude-com-portugal","status":"publish","type":"post","link":"https:\/\/portaltela.pt\/noticias\/politica\/2026\/04\/20\/presidente-de-cabo-verde-anuncia-mudancas-na-cooperacao-em-saude-com-portugal\/","title":{"rendered":"Presidente de Cabo Verde anuncia mudan\u00e7as na coopera\u00e7\u00e3o em sa\u00fade com Portugal"},"content":{"rendered":"<p>O Presidente de Cabo Verde anunciou altera\u00e7\u00f5es na coopera\u00e7\u00e3o na \u00e1rea da sa\u00fade com Portugal. O comunicado foi feito hoje, em Cabo Verde, sem detalhar as medidas espec\u00edficas que v\u00e3o ser implementadas.<\/p>\n<p>De acordo com a informa\u00e7\u00e3o dispon\u00edvel ao p\u00fablico, n\u00e3o h\u00e1 indica\u00e7\u00e3o de prazos, setores ou projetos exatos envolvidos na reorienta\u00e7\u00e3o da parceria entre os dois pa\u00edses.<\/p>\n<p>O conte\u00fado completo da not\u00edcia fica acess\u00edvel apenas a subscritores, n\u00e3o sendo poss\u00edvel confirmar, a partir do texto dispon\u00edvel, novos elementos sobre o formato ou o alcance das mudan\u00e7as anunciadas.<\/p>\n","protected":false},"excerpt":{"rendered":"<ul>\n<li>O presidente de Cabo Verde anunciou mudan\u00e7as na coopera\u00e7\u00e3o com Portugal na \u00e1rea da sa\u00fade.<\/li>\n<li>O conte\u00fado completo da not\u00edcia est\u00e1 dispon\u00edvel apenas para subscritores.<\/li>\n<li>O an\u00fancio refere-se a altera\u00e7\u00f5es na rela\u00e7\u00e3o entre Cabo Verde e Portugal no setor da sa\u00fade.<\/li>\n<li>N\u00e3o h\u00e1 detalhes adicionais dispon\u00edveis no texto fornecido.<\/li>\n<\/ul>\n","protected":false},"author":2,"featured_media":451458,"comment_status":"closed","ping_status":"closed","sticky":false,"template":"","format":"standard","meta":{"footnotes":""},"categories":[6912,5],"tags":[2329,256,1014,27,172],"class_list":["post-451455","post","type-post","status-publish","format-standard","has-post-thumbnail","hentry","category-internacionais","category-politica","tag-cabo-verde","tag-cooperacao-internacional","tag-portugal","tag-relacoes-internacionais","tag-saude"],"yoast_head":"<!-- This site is optimized with the Yoast SEO plugin v27.2 - https:\/\/yoast.com\/product\/yoast-seo-wordpress\/ -->\n<title>Presidente de Cabo Verde anuncia mudan\u00e7as na coopera\u00e7\u00e3o em sa\u00fade com Portugal - Portal Tela Portugal<\/title>\n<meta name=\"robots\" content=\"index, follow, max-snippet:-1, max-image-preview:large, max-video-preview:-1\" \/>\n<meta property=\"og:locale\" content=\"pt_PT\" \/>\n<meta property=\"og:type\" content=\"article\" \/>\n<meta property=\"og:title\" content=\"Presidente de Cabo Verde anuncia mudan\u00e7as na coopera\u00e7\u00e3o em sa\u00fade com Portugal - Portal Tela Portugal\" \/>\n<meta property=\"og:description\" content=\"O presidente de Cabo Verde anunciou mudan\u00e7as na coopera\u00e7\u00e3o com Portugal na \u00e1rea da sa\u00fade. O conte\u00fado completo da not\u00edcia est\u00e1 dispon\u00edvel apenas para subscritores. O an\u00fancio refere-se a altera\u00e7\u00f5es na rela\u00e7\u00e3o entre Cabo Verde e Portugal no setor da sa\u00fade. N\u00e3o h\u00e1 detalhes adicionais dispon\u00edveis no texto fornecido.\" \/>\n<meta property=\"og:url\" content=\"https:\/\/portaltela.pt\/noticias\/2026\/04\/20\/presidente-de-cabo-verde-anuncia-mudancas-na-cooperacao-em-saude-com-portugal\/\" \/>\n<meta property=\"og:site_name\" content=\"Portal Tela Portugal\" \/>\n<meta property=\"article:published_time\" content=\"2026-04-20T15:03:41+00:00\" \/>\n<meta name=\"author\" content=\"Telinha\" \/>\n<meta name=\"twitter:card\" content=\"summary_large_image\" \/>\n<meta name=\"twitter:label1\" content=\"Escrito por\" \/>\n\t<meta name=\"twitter:data1\" content=\"Telinha\" \/>\n\t<meta name=\"twitter:label2\" content=\"Tempo estimado de leitura\" \/>\n\t<meta name=\"twitter:data2\" content=\"1 minuto\" \/>\n<script type=\"application\/ld+json\" class=\"yoast-schema-graph\">{\"@context\":\"https:\/\/schema.org\",\"@graph\":[{\"@type\":\"Article\",\"@id\":\"https:\/\/portaltela.pt\/noticias\/2026\/04\/20\/presidente-de-cabo-verde-anuncia-mudancas-na-cooperacao-em-saude-com-portugal\/#article\",\"isPartOf\":{\"@id\":\"https:\/\/portaltela.pt\/noticias\/2026\/04\/20\/presidente-de-cabo-verde-anuncia-mudancas-na-cooperacao-em-saude-com-portugal\/\"},\"author\":{\"name\":\"Telinha\",\"@id\":\"https:\/\/portaltela.pt\/#\/schema\/person\/c4278d4a6028830caff9ee44b42d32ed\"},\"headline\":\"Presidente de Cabo Verde anuncia mudan\u00e7as na coopera\u00e7\u00e3o em sa\u00fade com Portugal\",\"datePublished\":\"2026-04-20T15:03:41+00:00\",\"mainEntityOfPage\":{\"@id\":\"https:\/\/portaltela.pt\/noticias\/2026\/04\/20\/presidente-de-cabo-verde-anuncia-mudancas-na-cooperacao-em-saude-com-portugal\/\"},\"wordCount\":122,\"image\":{\"@id\":\"https:\/\/portaltela.pt\/noticias\/2026\/04\/20\/presidente-de-cabo-verde-anuncia-mudancas-na-cooperacao-em-saude-com-portugal\/#primaryimage\"},\"thumbnailUrl\":\"https:\/\/portaltela.pt\/s.01k8rhncp4jt1\/2026\/04\/CACHE_780X1200_ANALOG_WATERMARKED_46962934_4936201_20042026124205.jpg\",\"keywords\":[\"Cabo Verde\",\"coopera\u00e7\u00e3o internacional\",\"Portugal\",\"rela\u00e7\u00f5es internacionais\",\"sa\u00fade\"],\"articleSection\":[\"Internacionais\",\"Pol\u00edtica\"],\"inLanguage\":\"pt-PT\"},{\"@type\":\"WebPage\",\"@id\":\"https:\/\/portaltela.pt\/noticias\/2026\/04\/20\/presidente-de-cabo-verde-anuncia-mudancas-na-cooperacao-em-saude-com-portugal\/\",\"url\":\"https:\/\/portaltela.pt\/noticias\/2026\/04\/20\/presidente-de-cabo-verde-anuncia-mudancas-na-cooperacao-em-saude-com-portugal\/\",\"name\":\"Presidente de Cabo Verde anuncia mudan\u00e7as na coopera\u00e7\u00e3o em sa\u00fade com Portugal - Portal Tela Portugal\",\"isPartOf\":{\"@id\":\"https:\/\/portaltela.pt\/#website\"},\"primaryImageOfPage\":{\"@id\":\"https:\/\/portaltela.pt\/noticias\/2026\/04\/20\/presidente-de-cabo-verde-anuncia-mudancas-na-cooperacao-em-saude-com-portugal\/#primaryimage\"},\"image\":{\"@id\":\"https:\/\/portaltela.pt\/noticias\/2026\/04\/20\/presidente-de-cabo-verde-anuncia-mudancas-na-cooperacao-em-saude-com-portugal\/#primaryimage\"},\"thumbnailUrl\":\"https:\/\/portaltela.pt\/s.01k8rhncp4jt1\/2026\/04\/CACHE_780X1200_ANALOG_WATERMARKED_46962934_4936201_20042026124205.jpg\",\"datePublished\":\"2026-04-20T15:03:41+00:00\",\"author\":{\"@id\":\"https:\/\/portaltela.pt\/#\/schema\/person\/c4278d4a6028830caff9ee44b42d32ed\"},\"breadcrumb\":{\"@id\":\"https:\/\/portaltela.pt\/noticias\/2026\/04\/20\/presidente-de-cabo-verde-anuncia-mudancas-na-cooperacao-em-saude-com-portugal\/#breadcrumb\"},\"inLanguage\":\"pt-PT\",\"potentialAction\":[{\"@type\":\"ReadAction\",\"target\":[\"https:\/\/portaltela.pt\/noticias\/2026\/04\/20\/presidente-de-cabo-verde-anuncia-mudancas-na-cooperacao-em-saude-com-portugal\/\"]}]},{\"@type\":\"ImageObject\",\"inLanguage\":\"pt-PT\",\"@id\":\"https:\/\/portaltela.pt\/noticias\/2026\/04\/20\/presidente-de-cabo-verde-anuncia-mudancas-na-cooperacao-em-saude-com-portugal\/#primaryimage\",\"url\":\"https:\/\/portaltela.pt\/s.01k8rhncp4jt1\/2026\/04\/CACHE_780X1200_ANALOG_WATERMARKED_46962934_4936201_20042026124205.jpg\",\"contentUrl\":\"https:\/\/portaltela.pt\/s.01k8rhncp4jt1\/2026\/04\/CACHE_780X1200_ANALOG_WATERMARKED_46962934_4936201_20042026124205.jpg\",\"width\":796,\"height\":448,\"caption\":\"Presidente de Cabo Verde anuncia mudan\u00e7as na coopera\u00e7\u00e3o com Portugal na sa\u00fade\"},{\"@type\":\"BreadcrumbList\",\"@id\":\"https:\/\/portaltela.pt\/noticias\/2026\/04\/20\/presidente-de-cabo-verde-anuncia-mudancas-na-cooperacao-em-saude-com-portugal\/#breadcrumb\",\"itemListElement\":[{\"@type\":\"ListItem\",\"position\":1,\"name\":\"In\u00edcio\",\"item\":\"https:\/\/portaltela.pt\/\"},{\"@type\":\"ListItem\",\"position\":2,\"name\":\"Presidente de Cabo Verde anuncia mudan\u00e7as na coopera\u00e7\u00e3o em sa\u00fade com Portugal\"}]},{\"@type\":\"WebSite\",\"@id\":\"https:\/\/portaltela.pt\/#website\",\"url\":\"https:\/\/portaltela.pt\/\",\"name\":\"Portal Tela Portugal\",\"description\":\"\",\"potentialAction\":[{\"@type\":\"SearchAction\",\"target\":{\"@type\":\"EntryPoint\",\"urlTemplate\":\"https:\/\/portaltela.pt\/?s={search_term_string}\"},\"query-input\":{\"@type\":\"PropertyValueSpecification\",\"valueRequired\":true,\"valueName\":\"search_term_string\"}}],\"inLanguage\":\"pt-PT\"},{\"@type\":\"Person\",\"@id\":\"https:\/\/portaltela.pt\/#\/schema\/person\/c4278d4a6028830caff9ee44b42d32ed\",\"name\":\"Telinha\",\"image\":{\"@type\":\"ImageObject\",\"inLanguage\":\"pt-PT\",\"@id\":\"https:\/\/portaltela.pt\/s.01k8rhncp4jt1\/2025\/11\/talking-bot-125x125.png\",\"url\":\"https:\/\/portaltela.pt\/s.01k8rhncp4jt1\/2025\/11\/talking-bot-125x125.png\",\"contentUrl\":\"https:\/\/portaltela.pt\/s.01k8rhncp4jt1\/2025\/11\/talking-bot-125x125.png\",\"caption\":\"Telinha\"},\"sameAs\":[\"https:\/\/portaltela.pt\/\"],\"url\":\"https:\/\/portaltela.pt\/por\/367410592786\/\"}]}<\/script>\n<!-- \/ Yoast SEO plugin. -->","yoast_head_json":{"title":"Presidente de Cabo Verde anuncia mudan\u00e7as na coopera\u00e7\u00e3o em sa\u00fade com Portugal - Portal Tela Portugal","robots":{"index":"index","follow":"follow","max-snippet":"max-snippet:-1","max-image-preview":"max-image-preview:large","max-video-preview":"max-video-preview:-1"},"og_locale":"pt_PT","og_type":"article","og_title":"Presidente de Cabo Verde anuncia mudan\u00e7as na coopera\u00e7\u00e3o em sa\u00fade com Portugal - Portal Tela Portugal","og_description":"O presidente de Cabo Verde anunciou mudan\u00e7as na coopera\u00e7\u00e3o com Portugal na \u00e1rea da sa\u00fade. O conte\u00fado completo da not\u00edcia est\u00e1 dispon\u00edvel apenas para subscritores. O an\u00fancio refere-se a altera\u00e7\u00f5es na rela\u00e7\u00e3o entre Cabo Verde e Portugal no setor da sa\u00fade. N\u00e3o h\u00e1 detalhes adicionais dispon\u00edveis no texto fornecido.","og_url":"https:\/\/portaltela.pt\/noticias\/2026\/04\/20\/presidente-de-cabo-verde-anuncia-mudancas-na-cooperacao-em-saude-com-portugal\/","og_site_name":"Portal Tela Portugal","article_published_time":"2026-04-20T15:03:41+00:00","author":"Telinha","twitter_card":"summary_large_image","twitter_misc":{"Escrito por":"Telinha","Tempo estimado de leitura":"1 minuto"},"schema":{"@context":"https:\/\/schema.org","@graph":[{"@type":"Article","@id":"https:\/\/portaltela.pt\/noticias\/2026\/04\/20\/presidente-de-cabo-verde-anuncia-mudancas-na-cooperacao-em-saude-com-portugal\/#article","isPartOf":{"@id":"https:\/\/portaltela.pt\/noticias\/2026\/04\/20\/presidente-de-cabo-verde-anuncia-mudancas-na-cooperacao-em-saude-com-portugal\/"},"author":{"name":"Telinha","@id":"https:\/\/portaltela.pt\/#\/schema\/person\/c4278d4a6028830caff9ee44b42d32ed"},"headline":"Presidente de Cabo Verde anuncia mudan\u00e7as na coopera\u00e7\u00e3o em sa\u00fade com Portugal","datePublished":"2026-04-20T15:03:41+00:00","mainEntityOfPage":{"@id":"https:\/\/portaltela.pt\/noticias\/2026\/04\/20\/presidente-de-cabo-verde-anuncia-mudancas-na-cooperacao-em-saude-com-portugal\/"},"wordCount":122,"image":{"@id":"https:\/\/portaltela.pt\/noticias\/2026\/04\/20\/presidente-de-cabo-verde-anuncia-mudancas-na-cooperacao-em-saude-com-portugal\/#primaryimage"},"thumbnailUrl":"https:\/\/portaltela.pt\/s.01k8rhncp4jt1\/2026\/04\/CACHE_780X1200_ANALOG_WATERMARKED_46962934_4936201_20042026124205.jpg","keywords":["Cabo Verde","coopera\u00e7\u00e3o internacional","Portugal","rela\u00e7\u00f5es internacionais","sa\u00fade"],"articleSection":["Internacionais","Pol\u00edtica"],"inLanguage":"pt-PT"},{"@type":"WebPage","@id":"https:\/\/portaltela.pt\/noticias\/2026\/04\/20\/presidente-de-cabo-verde-anuncia-mudancas-na-cooperacao-em-saude-com-portugal\/","url":"https:\/\/portaltela.pt\/noticias\/2026\/04\/20\/presidente-de-cabo-verde-anuncia-mudancas-na-cooperacao-em-saude-com-portugal\/","name":"Presidente de Cabo Verde anuncia mudan\u00e7as na coopera\u00e7\u00e3o em sa\u00fade com Portugal - Portal Tela Portugal","isPartOf":{"@id":"https:\/\/portaltela.pt\/#website"},"primaryImageOfPage":{"@id":"https:\/\/portaltela.pt\/noticias\/2026\/04\/20\/presidente-de-cabo-verde-anuncia-mudancas-na-cooperacao-em-saude-com-portugal\/#primaryimage"},"image":{"@id":"https:\/\/portaltela.pt\/noticias\/2026\/04\/20\/presidente-de-cabo-verde-anuncia-mudancas-na-cooperacao-em-saude-com-portugal\/#primaryimage"},"thumbnailUrl":"https:\/\/portaltela.pt\/s.01k8rhncp4jt1\/2026\/04\/CACHE_780X1200_ANALOG_WATERMARKED_46962934_4936201_20042026124205.jpg","datePublished":"2026-04-20T15:03:41+00:00","author":{"@id":"https:\/\/portaltela.pt\/#\/schema\/person\/c4278d4a6028830caff9ee44b42d32ed"},"breadcrumb":{"@id":"https:\/\/portaltela.pt\/noticias\/2026\/04\/20\/presidente-de-cabo-verde-anuncia-mudancas-na-cooperacao-em-saude-com-portugal\/#breadcrumb"},"inLanguage":"pt-PT","potentialAction":[{"@type":"ReadAction","target":["https:\/\/portaltela.pt\/noticias\/2026\/04\/20\/presidente-de-cabo-verde-anuncia-mudancas-na-cooperacao-em-saude-com-portugal\/"]}]},{"@type":"ImageObject","inLanguage":"pt-PT","@id":"https:\/\/portaltela.pt\/noticias\/2026\/04\/20\/presidente-de-cabo-verde-anuncia-mudancas-na-cooperacao-em-saude-com-portugal\/#primaryimage","url":"https:\/\/portaltela.pt\/s.01k8rhncp4jt1\/2026\/04\/CACHE_780X1200_ANALOG_WATERMARKED_46962934_4936201_20042026124205.jpg","contentUrl":"https:\/\/portaltela.pt\/s.01k8rhncp4jt1\/2026\/04\/CACHE_780X1200_ANALOG_WATERMARKED_46962934_4936201_20042026124205.jpg","width":796,"height":448,"caption":"Presidente de Cabo Verde anuncia mudan\u00e7as na coopera\u00e7\u00e3o com Portugal na sa\u00fade"},{"@type":"BreadcrumbList","@id":"https:\/\/portaltela.pt\/noticias\/2026\/04\/20\/presidente-de-cabo-verde-anuncia-mudancas-na-cooperacao-em-saude-com-portugal\/#breadcrumb","itemListElement":[{"@type":"ListItem","position":1,"name":"In\u00edcio","item":"https:\/\/portaltela.pt\/"},{"@type":"ListItem","position":2,"name":"Presidente de Cabo Verde anuncia mudan\u00e7as na coopera\u00e7\u00e3o em sa\u00fade com Portugal"}]},{"@type":"WebSite","@id":"https:\/\/portaltela.pt\/#website","url":"https:\/\/portaltela.pt\/","name":"Portal Tela Portugal","description":"","potentialAction":[{"@type":"SearchAction","target":{"@type":"EntryPoint","urlTemplate":"https:\/\/portaltela.pt\/?s={search_term_string}"},"query-input":{"@type":"PropertyValueSpecification","valueRequired":true,"valueName":"search_term_string"}}],"inLanguage":"pt-PT"},{"@type":"Person","@id":"https:\/\/portaltela.pt\/#\/schema\/person\/c4278d4a6028830caff9ee44b42d32ed","name":"Telinha","image":{"@type":"ImageObject","inLanguage":"pt-PT","@id":"https:\/\/portaltela.pt\/s.01k8rhncp4jt1\/2025\/11\/talking-bot-125x125.png","url":"https:\/\/portaltela.pt\/s.01k8rhncp4jt1\/2025\/11\/talking-bot-125x125.png","contentUrl":"https:\/\/portaltela.pt\/s.01k8rhncp4jt1\/2025\/11\/talking-bot-125x125.png","caption":"Telinha"},"sameAs":["https:\/\/portaltela.pt\/"],"url":"https:\/\/portaltela.pt\/por\/367410592786\/"}]}},"_links":{"self":[{"href":"https:\/\/portaltela.pt\/api\/wp\/v2\/posts\/451455","targetHints":{"allow":["GET"]}}],"collection":[{"href":"https:\/\/portaltela.pt\/api\/wp\/v2\/posts"}],"about":[{"href":"https:\/\/portaltela.pt\/api\/wp\/v2\/types\/post"}],"author":[{"embeddable":true,"href":"https:\/\/portaltela.pt\/api\/wp\/v2\/users\/2"}],"replies":[{"embeddable":true,"href":"https:\/\/portaltela.pt\/api\/wp\/v2\/comments?post=451455"}],"version-history":[{"count":0,"href":"https:\/\/portaltela.pt\/api\/wp\/v2\/posts\/451455\/revisions"}],"wp:featuredmedia":[{"embeddable":true,"href":"https:\/\/portaltela.pt\/api\/wp\/v2\/media\/451458"}],"wp:attachment":[{"href":"https:\/\/portaltela.pt\/api\/wp\/v2\/media?parent=451455"}],"wp:term":[{"taxonomy":"category","embeddable":true,"href":"https:\/\/portaltela.pt\/api\/wp\/v2\/categories?post=451455"},{"taxonomy":"post_tag","embeddable":true,"href":"https:\/\/portaltela.pt\/api\/wp\/v2\/tags?post=451455"}],"curies":[{"name":"wp","href":"https:\/\/api.w.org\/{rel}","templated":true}]}}