{"id":451400,"date":"2026-04-20T11:33:26","date_gmt":"2026-04-20T14:33:26","guid":{"rendered":"https:\/\/portaltela.pt\/noticias\/2026\/04\/20\/paises-baixos-destinam-950-milhoes-de-euros-para-compensar-subida-da-energia\/"},"modified":"2026-04-20T11:33:26","modified_gmt":"2026-04-20T14:33:26","slug":"paises-baixos-destinam-950-milhoes-de-euros-para-compensar-subida-da-energia","status":"publish","type":"post","link":"https:\/\/portaltela.pt\/noticias\/economia\/2026\/04\/20\/paises-baixos-destinam-950-milhoes-de-euros-para-compensar-subida-da-energia\/","title":{"rendered":"Pa\u00edses Baixos destinam 950 milh\u00f5es de euros para compensar subida da energia"},"content":{"rendered":"<p>O Governo dos Pa\u00edses Baixos anunciou a disponibiliza\u00e7\u00e3o de mais de 950 milh\u00f5es de euros para mitigar o impacto da subida dos pre\u00e7os da energia, agravada pela escalada de conflitos no M\u00e9dio Oriente. O apoio destina-se a fam\u00edlias e empresas e \u00e9 financiado via aumentos de impostos.<\/p>\n<p>Do montante total, 627 milh\u00f5es de euros v\u00e3o para medidas de apoio generalizado a cidad\u00e3os e empresas, com 150 milh\u00f5es destinados a um fundo tempor\u00e1rio de emerg\u00eancia para a energia. A medida visa reduzir os efeitos da infla\u00e7\u00e3o energ\u00e9tica j\u00e1 sentidos pelas fam\u00edlias.<\/p>\n<p>Al\u00e9m disso, o Executivo prev\u00ea reduzir as contribui\u00e7\u00f5es sociais e a carga fiscal em 2026, num montante de 340 milh\u00f5es de euros, financiado em grande parte por aumentos de impostos sobre o \u00e1lcool.<\/p>\n<p>Os Pa\u00edses Baixos ativaram, nesta segunda-feira, a primeira fase de um plano de crise de prepara\u00e7\u00e3o para uma poss\u00edvel escassez iminente de petr\u00f3leo. O plano nacional de crise petrol\u00edfera prev\u00ea quatro fases e envolve entidades governamentais e industriais.<\/p>\n<p>Embora o Governo afirme que n\u00e3o existe atualmente uma escassez grave de petr\u00f3leo, declara que se prepara para eventuais deteriora\u00e7\u00f5es futuras e mant\u00e9m a possibilidade de adotar medidas adicionais caso cen\u00e1rios mais graves se concretizem.<\/p>\n","protected":false},"excerpt":{"rendered":"<ul>\n<li>Os Pa\u00edses Baixos v\u00e3o disponibilizar mais de 950 milh\u00f5es de euros para apoiar empresas e fam\u00edlias face aos pre\u00e7os da energia, financiados por aumentos de impostos.<\/li>\n<li>Deste montante, 627 milh\u00f5es de euros destinam-se a medidas de apoio, incluindo 150 milh\u00f5es para um fundo tempor\u00e1rio de emerg\u00eancia para a energia, dirigido aos particulares.<\/li>\n<li>O Governo prev\u00ea medidas espec\u00edficas de redu\u00e7\u00e3o das contribui\u00e7\u00f5es sociais e da carga fiscal em 2026, num total de 340 milh\u00f5es de euros, financiadas principalmente por aumentos de impostos, nomeadamente sobre o \u00e1lcool.<\/li>\n<li>Foi ativada a primeira fase do plano nacional de crise petrol\u00edfera, de prepara\u00e7\u00e3o para uma poss\u00edvel escassez iminente de petr\u00f3leo, que tem quatro fases no total.<\/li>\n<li>O Governo disse que n\u00e3o existe actualmente escassez grave de petr\u00f3leo, mas mant\u00e9m-se preparado para poss\u00edveis deteriora\u00e7\u00f5es futuras e pode atuar se necess\u00e1rio.<\/li>\n<\/ul>\n","protected":false},"author":2,"featured_media":451406,"comment_status":"closed","ping_status":"closed","sticky":false,"template":"","format":"standard","meta":{"footnotes":""},"categories":[2,6850],"tags":[8557,8307,2198,3613,1809,1251],"class_list":["post-451400","post","type-post","status-publish","format-standard","has-post-thumbnail","hentry","category-economia","category-financas","tag-_abastecimento-de-energia","tag-_inflacao","tag-conflitos-internacionais","tag-impostos","tag-paises-baixos","tag-subsidios"],"yoast_head":"<!-- This site is optimized with the Yoast SEO plugin v27.2 - https:\/\/yoast.com\/product\/yoast-seo-wordpress\/ -->\n<title>Pa\u00edses Baixos destinam 950 milh\u00f5es de euros para compensar subida da energia - Portal Tela Portugal<\/title>\n<meta name=\"robots\" content=\"index, follow, max-snippet:-1, max-image-preview:large, max-video-preview:-1\" \/>\n<meta property=\"og:locale\" content=\"pt_PT\" \/>\n<meta property=\"og:type\" content=\"article\" \/>\n<meta property=\"og:title\" content=\"Pa\u00edses Baixos destinam 950 milh\u00f5es de euros para compensar subida da energia - Portal Tela Portugal\" \/>\n<meta property=\"og:description\" content=\"Os Pa\u00edses Baixos v\u00e3o disponibilizar mais de 950 milh\u00f5es de euros para apoiar empresas e fam\u00edlias face aos pre\u00e7os da energia, financiados por aumentos de impostos. Deste montante, 627 milh\u00f5es de euros destinam-se a medidas de apoio, incluindo 150 milh\u00f5es para um fundo tempor\u00e1rio de emerg\u00eancia para a energia, dirigido aos particulares. O Governo prev\u00ea medidas espec\u00edficas de redu\u00e7\u00e3o das contribui\u00e7\u00f5es sociais e da carga fiscal em 2026, num total de 340 milh\u00f5es de euros, financiadas principalmente por aumentos de impostos, nomeadamente sobre o \u00e1lcool. Foi ativada a primeira fase do plano nacional de crise petrol\u00edfera, de prepara\u00e7\u00e3o para uma poss\u00edvel escassez iminente de petr\u00f3leo, que tem quatro fases no total. O Governo disse que n\u00e3o existe actualmente escassez grave de petr\u00f3leo, mas mant\u00e9m-se preparado para poss\u00edveis deteriora\u00e7\u00f5es futuras e pode atuar se necess\u00e1rio.\" \/>\n<meta property=\"og:url\" content=\"https:\/\/portaltela.pt\/noticias\/2026\/04\/20\/paises-baixos-destinam-950-milhoes-de-euros-para-compensar-subida-da-energia\/\" \/>\n<meta property=\"og:site_name\" content=\"Portal Tela Portugal\" \/>\n<meta property=\"article:published_time\" content=\"2026-04-20T14:33:26+00:00\" \/>\n<meta name=\"author\" content=\"Telinha\" \/>\n<meta name=\"twitter:card\" content=\"summary_large_image\" \/>\n<meta name=\"twitter:label1\" content=\"Escrito por\" \/>\n\t<meta name=\"twitter:data1\" content=\"Telinha\" \/>\n\t<meta name=\"twitter:label2\" content=\"Tempo estimado de leitura\" \/>\n\t<meta name=\"twitter:data2\" content=\"1 minuto\" \/>\n<script type=\"application\/ld+json\" class=\"yoast-schema-graph\">{\"@context\":\"https:\/\/schema.org\",\"@graph\":[{\"@type\":\"Article\",\"@id\":\"https:\/\/portaltela.pt\/noticias\/2026\/04\/20\/paises-baixos-destinam-950-milhoes-de-euros-para-compensar-subida-da-energia\/#article\",\"isPartOf\":{\"@id\":\"https:\/\/portaltela.pt\/noticias\/2026\/04\/20\/paises-baixos-destinam-950-milhoes-de-euros-para-compensar-subida-da-energia\/\"},\"author\":{\"name\":\"Telinha\",\"@id\":\"https:\/\/portaltela.pt\/#\/schema\/person\/c4278d4a6028830caff9ee44b42d32ed\"},\"headline\":\"Pa\u00edses Baixos destinam 950 milh\u00f5es de euros para compensar subida da energia\",\"datePublished\":\"2026-04-20T14:33:26+00:00\",\"mainEntityOfPage\":{\"@id\":\"https:\/\/portaltela.pt\/noticias\/2026\/04\/20\/paises-baixos-destinam-950-milhoes-de-euros-para-compensar-subida-da-energia\/\"},\"wordCount\":231,\"image\":{\"@id\":\"https:\/\/portaltela.pt\/noticias\/2026\/04\/20\/paises-baixos-destinam-950-milhoes-de-euros-para-compensar-subida-da-energia\/#primaryimage\"},\"thumbnailUrl\":\"https:\/\/portaltela.pt\/s.01k8rhncp4jt1\/2026\/04\/img_1500x1000uu2022-10-01-14-39-14-1189250.jpg\",\"keywords\":[\"_abastecimento de energia\",\"_infla\u00e7\u00e3o\",\"conflitos internacionais\",\"impostos\",\"Pa\u00edses Baixos\",\"subs\u00eddios\"],\"articleSection\":[\"Economia\",\"Finan\u00e7as\"],\"inLanguage\":\"pt-PT\"},{\"@type\":\"WebPage\",\"@id\":\"https:\/\/portaltela.pt\/noticias\/2026\/04\/20\/paises-baixos-destinam-950-milhoes-de-euros-para-compensar-subida-da-energia\/\",\"url\":\"https:\/\/portaltela.pt\/noticias\/2026\/04\/20\/paises-baixos-destinam-950-milhoes-de-euros-para-compensar-subida-da-energia\/\",\"name\":\"Pa\u00edses Baixos destinam 950 milh\u00f5es de euros para compensar subida da energia - Portal Tela Portugal\",\"isPartOf\":{\"@id\":\"https:\/\/portaltela.pt\/#website\"},\"primaryImageOfPage\":{\"@id\":\"https:\/\/portaltela.pt\/noticias\/2026\/04\/20\/paises-baixos-destinam-950-milhoes-de-euros-para-compensar-subida-da-energia\/#primaryimage\"},\"image\":{\"@id\":\"https:\/\/portaltela.pt\/noticias\/2026\/04\/20\/paises-baixos-destinam-950-milhoes-de-euros-para-compensar-subida-da-energia\/#primaryimage\"},\"thumbnailUrl\":\"https:\/\/portaltela.pt\/s.01k8rhncp4jt1\/2026\/04\/img_1500x1000uu2022-10-01-14-39-14-1189250.jpg\",\"datePublished\":\"2026-04-20T14:33:26+00:00\",\"author\":{\"@id\":\"https:\/\/portaltela.pt\/#\/schema\/person\/c4278d4a6028830caff9ee44b42d32ed\"},\"breadcrumb\":{\"@id\":\"https:\/\/portaltela.pt\/noticias\/2026\/04\/20\/paises-baixos-destinam-950-milhoes-de-euros-para-compensar-subida-da-energia\/#breadcrumb\"},\"inLanguage\":\"pt-PT\",\"potentialAction\":[{\"@type\":\"ReadAction\",\"target\":[\"https:\/\/portaltela.pt\/noticias\/2026\/04\/20\/paises-baixos-destinam-950-milhoes-de-euros-para-compensar-subida-da-energia\/\"]}]},{\"@type\":\"ImageObject\",\"inLanguage\":\"pt-PT\",\"@id\":\"https:\/\/portaltela.pt\/noticias\/2026\/04\/20\/paises-baixos-destinam-950-milhoes-de-euros-para-compensar-subida-da-energia\/#primaryimage\",\"url\":\"https:\/\/portaltela.pt\/s.01k8rhncp4jt1\/2026\/04\/img_1500x1000uu2022-10-01-14-39-14-1189250.jpg\",\"contentUrl\":\"https:\/\/portaltela.pt\/s.01k8rhncp4jt1\/2026\/04\/img_1500x1000uu2022-10-01-14-39-14-1189250.jpg\",\"width\":796,\"height\":448,\"caption\":\"Bandeira Holanda\"},{\"@type\":\"BreadcrumbList\",\"@id\":\"https:\/\/portaltela.pt\/noticias\/2026\/04\/20\/paises-baixos-destinam-950-milhoes-de-euros-para-compensar-subida-da-energia\/#breadcrumb\",\"itemListElement\":[{\"@type\":\"ListItem\",\"position\":1,\"name\":\"In\u00edcio\",\"item\":\"https:\/\/portaltela.pt\/\"},{\"@type\":\"ListItem\",\"position\":2,\"name\":\"Pa\u00edses Baixos destinam 950 milh\u00f5es de euros para compensar subida da energia\"}]},{\"@type\":\"WebSite\",\"@id\":\"https:\/\/portaltela.pt\/#website\",\"url\":\"https:\/\/portaltela.pt\/\",\"name\":\"Portal Tela Portugal\",\"description\":\"\",\"potentialAction\":[{\"@type\":\"SearchAction\",\"target\":{\"@type\":\"EntryPoint\",\"urlTemplate\":\"https:\/\/portaltela.pt\/?s={search_term_string}\"},\"query-input\":{\"@type\":\"PropertyValueSpecification\",\"valueRequired\":true,\"valueName\":\"search_term_string\"}}],\"inLanguage\":\"pt-PT\"},{\"@type\":\"Person\",\"@id\":\"https:\/\/portaltela.pt\/#\/schema\/person\/c4278d4a6028830caff9ee44b42d32ed\",\"name\":\"Telinha\",\"image\":{\"@type\":\"ImageObject\",\"inLanguage\":\"pt-PT\",\"@id\":\"https:\/\/portaltela.pt\/s.01k8rhncp4jt1\/2025\/11\/talking-bot-125x125.png\",\"url\":\"https:\/\/portaltela.pt\/s.01k8rhncp4jt1\/2025\/11\/talking-bot-125x125.png\",\"contentUrl\":\"https:\/\/portaltela.pt\/s.01k8rhncp4jt1\/2025\/11\/talking-bot-125x125.png\",\"caption\":\"Telinha\"},\"sameAs\":[\"https:\/\/portaltela.pt\/\"],\"url\":\"https:\/\/portaltela.pt\/por\/367410592786\/\"}]}<\/script>\n<!-- \/ Yoast SEO plugin. -->","yoast_head_json":{"title":"Pa\u00edses Baixos destinam 950 milh\u00f5es de euros para compensar subida da energia - Portal Tela Portugal","robots":{"index":"index","follow":"follow","max-snippet":"max-snippet:-1","max-image-preview":"max-image-preview:large","max-video-preview":"max-video-preview:-1"},"og_locale":"pt_PT","og_type":"article","og_title":"Pa\u00edses Baixos destinam 950 milh\u00f5es de euros para compensar subida da energia - Portal Tela Portugal","og_description":"Os Pa\u00edses Baixos v\u00e3o disponibilizar mais de 950 milh\u00f5es de euros para apoiar empresas e fam\u00edlias face aos pre\u00e7os da energia, financiados por aumentos de impostos. Deste montante, 627 milh\u00f5es de euros destinam-se a medidas de apoio, incluindo 150 milh\u00f5es para um fundo tempor\u00e1rio de emerg\u00eancia para a energia, dirigido aos particulares. O Governo prev\u00ea medidas espec\u00edficas de redu\u00e7\u00e3o das contribui\u00e7\u00f5es sociais e da carga fiscal em 2026, num total de 340 milh\u00f5es de euros, financiadas principalmente por aumentos de impostos, nomeadamente sobre o \u00e1lcool. Foi ativada a primeira fase do plano nacional de crise petrol\u00edfera, de prepara\u00e7\u00e3o para uma poss\u00edvel escassez iminente de petr\u00f3leo, que tem quatro fases no total. O Governo disse que n\u00e3o existe actualmente escassez grave de petr\u00f3leo, mas mant\u00e9m-se preparado para poss\u00edveis deteriora\u00e7\u00f5es futuras e pode atuar se necess\u00e1rio.","og_url":"https:\/\/portaltela.pt\/noticias\/2026\/04\/20\/paises-baixos-destinam-950-milhoes-de-euros-para-compensar-subida-da-energia\/","og_site_name":"Portal Tela Portugal","article_published_time":"2026-04-20T14:33:26+00:00","author":"Telinha","twitter_card":"summary_large_image","twitter_misc":{"Escrito por":"Telinha","Tempo estimado de leitura":"1 minuto"},"schema":{"@context":"https:\/\/schema.org","@graph":[{"@type":"Article","@id":"https:\/\/portaltela.pt\/noticias\/2026\/04\/20\/paises-baixos-destinam-950-milhoes-de-euros-para-compensar-subida-da-energia\/#article","isPartOf":{"@id":"https:\/\/portaltela.pt\/noticias\/2026\/04\/20\/paises-baixos-destinam-950-milhoes-de-euros-para-compensar-subida-da-energia\/"},"author":{"name":"Telinha","@id":"https:\/\/portaltela.pt\/#\/schema\/person\/c4278d4a6028830caff9ee44b42d32ed"},"headline":"Pa\u00edses Baixos destinam 950 milh\u00f5es de euros para compensar subida da energia","datePublished":"2026-04-20T14:33:26+00:00","mainEntityOfPage":{"@id":"https:\/\/portaltela.pt\/noticias\/2026\/04\/20\/paises-baixos-destinam-950-milhoes-de-euros-para-compensar-subida-da-energia\/"},"wordCount":231,"image":{"@id":"https:\/\/portaltela.pt\/noticias\/2026\/04\/20\/paises-baixos-destinam-950-milhoes-de-euros-para-compensar-subida-da-energia\/#primaryimage"},"thumbnailUrl":"https:\/\/portaltela.pt\/s.01k8rhncp4jt1\/2026\/04\/img_1500x1000uu2022-10-01-14-39-14-1189250.jpg","keywords":["_abastecimento de energia","_infla\u00e7\u00e3o","conflitos internacionais","impostos","Pa\u00edses Baixos","subs\u00eddios"],"articleSection":["Economia","Finan\u00e7as"],"inLanguage":"pt-PT"},{"@type":"WebPage","@id":"https:\/\/portaltela.pt\/noticias\/2026\/04\/20\/paises-baixos-destinam-950-milhoes-de-euros-para-compensar-subida-da-energia\/","url":"https:\/\/portaltela.pt\/noticias\/2026\/04\/20\/paises-baixos-destinam-950-milhoes-de-euros-para-compensar-subida-da-energia\/","name":"Pa\u00edses Baixos destinam 950 milh\u00f5es de euros para compensar subida da energia - Portal Tela Portugal","isPartOf":{"@id":"https:\/\/portaltela.pt\/#website"},"primaryImageOfPage":{"@id":"https:\/\/portaltela.pt\/noticias\/2026\/04\/20\/paises-baixos-destinam-950-milhoes-de-euros-para-compensar-subida-da-energia\/#primaryimage"},"image":{"@id":"https:\/\/portaltela.pt\/noticias\/2026\/04\/20\/paises-baixos-destinam-950-milhoes-de-euros-para-compensar-subida-da-energia\/#primaryimage"},"thumbnailUrl":"https:\/\/portaltela.pt\/s.01k8rhncp4jt1\/2026\/04\/img_1500x1000uu2022-10-01-14-39-14-1189250.jpg","datePublished":"2026-04-20T14:33:26+00:00","author":{"@id":"https:\/\/portaltela.pt\/#\/schema\/person\/c4278d4a6028830caff9ee44b42d32ed"},"breadcrumb":{"@id":"https:\/\/portaltela.pt\/noticias\/2026\/04\/20\/paises-baixos-destinam-950-milhoes-de-euros-para-compensar-subida-da-energia\/#breadcrumb"},"inLanguage":"pt-PT","potentialAction":[{"@type":"ReadAction","target":["https:\/\/portaltela.pt\/noticias\/2026\/04\/20\/paises-baixos-destinam-950-milhoes-de-euros-para-compensar-subida-da-energia\/"]}]},{"@type":"ImageObject","inLanguage":"pt-PT","@id":"https:\/\/portaltela.pt\/noticias\/2026\/04\/20\/paises-baixos-destinam-950-milhoes-de-euros-para-compensar-subida-da-energia\/#primaryimage","url":"https:\/\/portaltela.pt\/s.01k8rhncp4jt1\/2026\/04\/img_1500x1000uu2022-10-01-14-39-14-1189250.jpg","contentUrl":"https:\/\/portaltela.pt\/s.01k8rhncp4jt1\/2026\/04\/img_1500x1000uu2022-10-01-14-39-14-1189250.jpg","width":796,"height":448,"caption":"Bandeira Holanda"},{"@type":"BreadcrumbList","@id":"https:\/\/portaltela.pt\/noticias\/2026\/04\/20\/paises-baixos-destinam-950-milhoes-de-euros-para-compensar-subida-da-energia\/#breadcrumb","itemListElement":[{"@type":"ListItem","position":1,"name":"In\u00edcio","item":"https:\/\/portaltela.pt\/"},{"@type":"ListItem","position":2,"name":"Pa\u00edses Baixos destinam 950 milh\u00f5es de euros para compensar subida da energia"}]},{"@type":"WebSite","@id":"https:\/\/portaltela.pt\/#website","url":"https:\/\/portaltela.pt\/","name":"Portal Tela Portugal","description":"","potentialAction":[{"@type":"SearchAction","target":{"@type":"EntryPoint","urlTemplate":"https:\/\/portaltela.pt\/?s={search_term_string}"},"query-input":{"@type":"PropertyValueSpecification","valueRequired":true,"valueName":"search_term_string"}}],"inLanguage":"pt-PT"},{"@type":"Person","@id":"https:\/\/portaltela.pt\/#\/schema\/person\/c4278d4a6028830caff9ee44b42d32ed","name":"Telinha","image":{"@type":"ImageObject","inLanguage":"pt-PT","@id":"https:\/\/portaltela.pt\/s.01k8rhncp4jt1\/2025\/11\/talking-bot-125x125.png","url":"https:\/\/portaltela.pt\/s.01k8rhncp4jt1\/2025\/11\/talking-bot-125x125.png","contentUrl":"https:\/\/portaltela.pt\/s.01k8rhncp4jt1\/2025\/11\/talking-bot-125x125.png","caption":"Telinha"},"sameAs":["https:\/\/portaltela.pt\/"],"url":"https:\/\/portaltela.pt\/por\/367410592786\/"}]}},"_links":{"self":[{"href":"https:\/\/portaltela.pt\/api\/wp\/v2\/posts\/451400","targetHints":{"allow":["GET"]}}],"collection":[{"href":"https:\/\/portaltela.pt\/api\/wp\/v2\/posts"}],"about":[{"href":"https:\/\/portaltela.pt\/api\/wp\/v2\/types\/post"}],"author":[{"embeddable":true,"href":"https:\/\/portaltela.pt\/api\/wp\/v2\/users\/2"}],"replies":[{"embeddable":true,"href":"https:\/\/portaltela.pt\/api\/wp\/v2\/comments?post=451400"}],"version-history":[{"count":0,"href":"https:\/\/portaltela.pt\/api\/wp\/v2\/posts\/451400\/revisions"}],"wp:featuredmedia":[{"embeddable":true,"href":"https:\/\/portaltela.pt\/api\/wp\/v2\/media\/451406"}],"wp:attachment":[{"href":"https:\/\/portaltela.pt\/api\/wp\/v2\/media?parent=451400"}],"wp:term":[{"taxonomy":"category","embeddable":true,"href":"https:\/\/portaltela.pt\/api\/wp\/v2\/categories?post=451400"},{"taxonomy":"post_tag","embeddable":true,"href":"https:\/\/portaltela.pt\/api\/wp\/v2\/tags?post=451400"}],"curies":[{"name":"wp","href":"https:\/\/api.w.org\/{rel}","templated":true}]}}