{"id":451379,"date":"2026-04-20T11:18:27","date_gmt":"2026-04-20T14:18:27","guid":{"rendered":"https:\/\/portaltela.pt\/noticias\/2026\/04\/20\/casa-de-familia-em-figueiro-dos-vinhos-vai-ser-recuperada-apos-tempestade-kristin\/"},"modified":"2026-04-20T11:18:27","modified_gmt":"2026-04-20T14:18:27","slug":"casa-de-familia-em-figueiro-dos-vinhos-vai-ser-recuperada-apos-tempestade-kristin","status":"publish","type":"post","link":"https:\/\/portaltela.pt\/sociedade\/2026\/04\/20\/casa-de-familia-em-figueiro-dos-vinhos-vai-ser-recuperada-apos-tempestade-kristin\/","title":{"rendered":"Casa de fam\u00edlia em Figueir\u00f3 dos Vinhos vai ser recuperada ap\u00f3s tempestade Kristin"},"content":{"rendered":"<p>A casa de uma fam\u00edlia em Figueir\u00f3 dos Vinhos, destru\u00edda pela passagem da tempestade Kristin, vai ser recuperada com o apoio de dois patrocinadores. A not\u00edcia foi partilhada no programa ol\u00e1, Bom Dia!, do Correio da Manh\u00e3, na segunda-feira, 20 de abril de 2026, \u00e0s 15:05.<\/p>\n<p>Kristin causou danos significativos na resid\u00eancia, deixando os residentes desabrigados. Representantes do programa visitaram a casa para avaliar preju\u00edzos e organizar a ajuda necess\u00e1ria.<\/p>\n<p>Os patrocinadores comprometeram financiar a reconstru\u00e7\u00e3o, devolvendo a casa \u00e0s condi\u00e7\u00f5es anteriores. A a\u00e7\u00e3o visa aliviar o sofrimento da fam\u00edlia e recuperar a moradia o mais depressa poss\u00edvel.<\/p>\n<h3>Acompanhamento e pr\u00f3ximos passos<\/h3>\n<p>O caso insere-se num contexto nacional em que v\u00e1rias regi\u00f5es estiveram em estado de emerg\u00eancia devido \u00e0 tempestade. O programa de solidariedade social Ol\u00e1, agora \u00e9 connosco! pretende mobilizar a sociedade para apoiar as fam\u00edlias afetadas.<\/p>\n<p>A fam\u00edlia agradeceu o apoio e destacou a import\u00e2ncia da colabora\u00e7\u00e3o comunit\u00e1ria. A recupera\u00e7\u00e3o est\u00e1 prevista para come\u00e7ar em breve, com o objetivo de restabelecer a normalidade na vida familiar. O programa continuar\u00e1 a acompanhar o processo de recupera\u00e7\u00e3o e a divulgar novas a\u00e7\u00f5es de solidariedade.<\/p>\n","protected":false},"excerpt":{"rendered":"<ul>\n<li>A casa de uma fam\u00edlia em Figueir\u00f3 dos Vinhos, destru\u00edda pela tempestade Kristin, vai ser recuperada com o apoio de dois patrocinadores.<\/li>\n<li>A not\u00edcia foi anunciada no programa Ol\u00e1, Bom Dia!, do Correio da Manh\u00e3, na segunda-feira, 20 de abril de 2026, \u00e0s 15:05.<\/li>\n<li>Representantes do programa visitaram a casa para avaliar preju\u00edzos e organizar a ajuda necess\u00e1ria; os patrocinadores comprometeram-se a financiar a recupera\u00e7\u00e3o.<\/li>\n<li>A iniciativa faz parte da linha de solidariedade social do programa Ol\u00e1, agora \u00e9 connosco!, que envolve a sociedade na ajuda \u00e0s fam\u00edlias afetadas pela tempestade.<\/li>\n<li>A recupera\u00e7\u00e3o est\u00e1 prevista para come\u00e7ar em breve, com o objetivo de devolver a normalidade \u00e0 vida da fam\u00edlia o mais r\u00e1pido poss\u00edvel; o programa seguir\u00e1 a acompanhar o processo.<\/li>\n<\/ul>\n","protected":false},"author":2,"featured_media":451382,"comment_status":"closed","ping_status":"closed","sticky":false,"template":"","format":"standard","meta":{"footnotes":""},"categories":[7366,6871],"tags":[8102,7936,8049,7791,8198,8846],"class_list":["post-451379","post","type-post","status-publish","format-standard","has-post-thumbnail","hentry","category-familia","category-sociedade","tag-_acao-humanitaria","tag-_acao-social","tag-_desabrigados","tag-_habitacao","tag-_leiria","tag-_solidariedade-social"],"yoast_head":"<!-- This site is optimized with the Yoast SEO plugin v27.2 - https:\/\/yoast.com\/product\/yoast-seo-wordpress\/ -->\n<title>Casa de fam\u00edlia em Figueir\u00f3 dos Vinhos vai ser recuperada ap\u00f3s tempestade Kristin - Portal Tela Portugal<\/title>\n<meta name=\"robots\" content=\"index, follow, max-snippet:-1, max-image-preview:large, max-video-preview:-1\" \/>\n<meta property=\"og:locale\" content=\"pt_PT\" \/>\n<meta property=\"og:type\" content=\"article\" \/>\n<meta property=\"og:title\" content=\"Casa de fam\u00edlia em Figueir\u00f3 dos Vinhos vai ser recuperada ap\u00f3s tempestade Kristin - Portal Tela Portugal\" \/>\n<meta property=\"og:description\" content=\"A casa de uma fam\u00edlia em Figueir\u00f3 dos Vinhos, destru\u00edda pela tempestade Kristin, vai ser recuperada com o apoio de dois patrocinadores. A not\u00edcia foi anunciada no programa Ol\u00e1, Bom Dia!, do Correio da Manh\u00e3, na segunda-feira, 20 de abril de 2026, \u00e0s 15:05. Representantes do programa visitaram a casa para avaliar preju\u00edzos e organizar a ajuda necess\u00e1ria; os patrocinadores comprometeram-se a financiar a recupera\u00e7\u00e3o. A iniciativa faz parte da linha de solidariedade social do programa Ol\u00e1, agora \u00e9 connosco!, que envolve a sociedade na ajuda \u00e0s fam\u00edlias afetadas pela tempestade. A recupera\u00e7\u00e3o est\u00e1 prevista para come\u00e7ar em breve, com o objetivo de devolver a normalidade \u00e0 vida da fam\u00edlia o mais r\u00e1pido poss\u00edvel; o programa seguir\u00e1 a acompanhar o processo.\" \/>\n<meta property=\"og:url\" content=\"https:\/\/portaltela.pt\/noticias\/2026\/04\/20\/casa-de-familia-em-figueiro-dos-vinhos-vai-ser-recuperada-apos-tempestade-kristin\/\" \/>\n<meta property=\"og:site_name\" content=\"Portal Tela Portugal\" \/>\n<meta property=\"article:published_time\" content=\"2026-04-20T14:18:27+00:00\" \/>\n<meta name=\"author\" content=\"Telinha\" \/>\n<meta name=\"twitter:card\" content=\"summary_large_image\" \/>\n<meta name=\"twitter:label1\" content=\"Escrito por\" \/>\n\t<meta name=\"twitter:data1\" content=\"Telinha\" \/>\n\t<meta name=\"twitter:label2\" content=\"Tempo estimado de leitura\" \/>\n\t<meta name=\"twitter:data2\" content=\"1 minuto\" \/>\n<script type=\"application\/ld+json\" class=\"yoast-schema-graph\">{\"@context\":\"https:\/\/schema.org\",\"@graph\":[{\"@type\":\"Article\",\"@id\":\"https:\/\/portaltela.pt\/noticias\/2026\/04\/20\/casa-de-familia-em-figueiro-dos-vinhos-vai-ser-recuperada-apos-tempestade-kristin\/#article\",\"isPartOf\":{\"@id\":\"https:\/\/portaltela.pt\/noticias\/2026\/04\/20\/casa-de-familia-em-figueiro-dos-vinhos-vai-ser-recuperada-apos-tempestade-kristin\/\"},\"author\":{\"name\":\"Telinha\",\"@id\":\"https:\/\/portaltela.pt\/#\/schema\/person\/c4278d4a6028830caff9ee44b42d32ed\"},\"headline\":\"Casa de fam\u00edlia em Figueir\u00f3 dos Vinhos vai ser recuperada ap\u00f3s tempestade Kristin\",\"datePublished\":\"2026-04-20T14:18:27+00:00\",\"mainEntityOfPage\":{\"@id\":\"https:\/\/portaltela.pt\/noticias\/2026\/04\/20\/casa-de-familia-em-figueiro-dos-vinhos-vai-ser-recuperada-apos-tempestade-kristin\/\"},\"wordCount\":218,\"image\":{\"@id\":\"https:\/\/portaltela.pt\/noticias\/2026\/04\/20\/casa-de-familia-em-figueiro-dos-vinhos-vai-ser-recuperada-apos-tempestade-kristin\/#primaryimage\"},\"thumbnailUrl\":\"https:\/\/portaltela.pt\/s.01k8rhncp4jt1\/2026\/04\/img_1280x722uu2026-04-20-15-04-45-2279794.jpg\",\"keywords\":[\"_a\u00e7\u00e3o humanit\u00e1ria\",\"_a\u00e7\u00e3o social\",\"_desabrigados\",\"_habita\u00e7\u00e3o\",\"_Leiria\",\"_Solidariedade Social\"],\"articleSection\":[\"Fam\u00edlia\",\"Sociedade\"],\"inLanguage\":\"pt-PT\"},{\"@type\":\"WebPage\",\"@id\":\"https:\/\/portaltela.pt\/noticias\/2026\/04\/20\/casa-de-familia-em-figueiro-dos-vinhos-vai-ser-recuperada-apos-tempestade-kristin\/\",\"url\":\"https:\/\/portaltela.pt\/noticias\/2026\/04\/20\/casa-de-familia-em-figueiro-dos-vinhos-vai-ser-recuperada-apos-tempestade-kristin\/\",\"name\":\"Casa de fam\u00edlia em Figueir\u00f3 dos Vinhos vai ser recuperada ap\u00f3s tempestade Kristin - Portal Tela Portugal\",\"isPartOf\":{\"@id\":\"https:\/\/portaltela.pt\/#website\"},\"primaryImageOfPage\":{\"@id\":\"https:\/\/portaltela.pt\/noticias\/2026\/04\/20\/casa-de-familia-em-figueiro-dos-vinhos-vai-ser-recuperada-apos-tempestade-kristin\/#primaryimage\"},\"image\":{\"@id\":\"https:\/\/portaltela.pt\/noticias\/2026\/04\/20\/casa-de-familia-em-figueiro-dos-vinhos-vai-ser-recuperada-apos-tempestade-kristin\/#primaryimage\"},\"thumbnailUrl\":\"https:\/\/portaltela.pt\/s.01k8rhncp4jt1\/2026\/04\/img_1280x722uu2026-04-20-15-04-45-2279794.jpg\",\"datePublished\":\"2026-04-20T14:18:27+00:00\",\"author\":{\"@id\":\"https:\/\/portaltela.pt\/#\/schema\/person\/c4278d4a6028830caff9ee44b42d32ed\"},\"breadcrumb\":{\"@id\":\"https:\/\/portaltela.pt\/noticias\/2026\/04\/20\/casa-de-familia-em-figueiro-dos-vinhos-vai-ser-recuperada-apos-tempestade-kristin\/#breadcrumb\"},\"inLanguage\":\"pt-PT\",\"potentialAction\":[{\"@type\":\"ReadAction\",\"target\":[\"https:\/\/portaltela.pt\/noticias\/2026\/04\/20\/casa-de-familia-em-figueiro-dos-vinhos-vai-ser-recuperada-apos-tempestade-kristin\/\"]}]},{\"@type\":\"ImageObject\",\"inLanguage\":\"pt-PT\",\"@id\":\"https:\/\/portaltela.pt\/noticias\/2026\/04\/20\/casa-de-familia-em-figueiro-dos-vinhos-vai-ser-recuperada-apos-tempestade-kristin\/#primaryimage\",\"url\":\"https:\/\/portaltela.pt\/s.01k8rhncp4jt1\/2026\/04\/img_1280x722uu2026-04-20-15-04-45-2279794.jpg\",\"contentUrl\":\"https:\/\/portaltela.pt\/s.01k8rhncp4jt1\/2026\/04\/img_1280x722uu2026-04-20-15-04-45-2279794.jpg\",\"width\":796,\"height\":448,\"caption\":\"Casa de fam\u00edlia em Figueir\u00f3 dos Vinhos vai ser recuperada depois da passagem da tempestade Kristin\"},{\"@type\":\"BreadcrumbList\",\"@id\":\"https:\/\/portaltela.pt\/noticias\/2026\/04\/20\/casa-de-familia-em-figueiro-dos-vinhos-vai-ser-recuperada-apos-tempestade-kristin\/#breadcrumb\",\"itemListElement\":[{\"@type\":\"ListItem\",\"position\":1,\"name\":\"In\u00edcio\",\"item\":\"https:\/\/portaltela.pt\/\"},{\"@type\":\"ListItem\",\"position\":2,\"name\":\"Casa de fam\u00edlia em Figueir\u00f3 dos Vinhos vai ser recuperada ap\u00f3s tempestade Kristin\"}]},{\"@type\":\"WebSite\",\"@id\":\"https:\/\/portaltela.pt\/#website\",\"url\":\"https:\/\/portaltela.pt\/\",\"name\":\"Portal Tela Portugal\",\"description\":\"\",\"potentialAction\":[{\"@type\":\"SearchAction\",\"target\":{\"@type\":\"EntryPoint\",\"urlTemplate\":\"https:\/\/portaltela.pt\/?s={search_term_string}\"},\"query-input\":{\"@type\":\"PropertyValueSpecification\",\"valueRequired\":true,\"valueName\":\"search_term_string\"}}],\"inLanguage\":\"pt-PT\"},{\"@type\":\"Person\",\"@id\":\"https:\/\/portaltela.pt\/#\/schema\/person\/c4278d4a6028830caff9ee44b42d32ed\",\"name\":\"Telinha\",\"image\":{\"@type\":\"ImageObject\",\"inLanguage\":\"pt-PT\",\"@id\":\"https:\/\/portaltela.pt\/s.01k8rhncp4jt1\/2025\/11\/talking-bot-125x125.png\",\"url\":\"https:\/\/portaltela.pt\/s.01k8rhncp4jt1\/2025\/11\/talking-bot-125x125.png\",\"contentUrl\":\"https:\/\/portaltela.pt\/s.01k8rhncp4jt1\/2025\/11\/talking-bot-125x125.png\",\"caption\":\"Telinha\"},\"sameAs\":[\"https:\/\/portaltela.pt\/\"],\"url\":\"https:\/\/portaltela.pt\/por\/367410592786\/\"}]}<\/script>\n<!-- \/ Yoast SEO plugin. -->","yoast_head_json":{"title":"Casa de fam\u00edlia em Figueir\u00f3 dos Vinhos vai ser recuperada ap\u00f3s tempestade Kristin - Portal Tela Portugal","robots":{"index":"index","follow":"follow","max-snippet":"max-snippet:-1","max-image-preview":"max-image-preview:large","max-video-preview":"max-video-preview:-1"},"og_locale":"pt_PT","og_type":"article","og_title":"Casa de fam\u00edlia em Figueir\u00f3 dos Vinhos vai ser recuperada ap\u00f3s tempestade Kristin - Portal Tela Portugal","og_description":"A casa de uma fam\u00edlia em Figueir\u00f3 dos Vinhos, destru\u00edda pela tempestade Kristin, vai ser recuperada com o apoio de dois patrocinadores. A not\u00edcia foi anunciada no programa Ol\u00e1, Bom Dia!, do Correio da Manh\u00e3, na segunda-feira, 20 de abril de 2026, \u00e0s 15:05. Representantes do programa visitaram a casa para avaliar preju\u00edzos e organizar a ajuda necess\u00e1ria; os patrocinadores comprometeram-se a financiar a recupera\u00e7\u00e3o. A iniciativa faz parte da linha de solidariedade social do programa Ol\u00e1, agora \u00e9 connosco!, que envolve a sociedade na ajuda \u00e0s fam\u00edlias afetadas pela tempestade. A recupera\u00e7\u00e3o est\u00e1 prevista para come\u00e7ar em breve, com o objetivo de devolver a normalidade \u00e0 vida da fam\u00edlia o mais r\u00e1pido poss\u00edvel; o programa seguir\u00e1 a acompanhar o processo.","og_url":"https:\/\/portaltela.pt\/noticias\/2026\/04\/20\/casa-de-familia-em-figueiro-dos-vinhos-vai-ser-recuperada-apos-tempestade-kristin\/","og_site_name":"Portal Tela Portugal","article_published_time":"2026-04-20T14:18:27+00:00","author":"Telinha","twitter_card":"summary_large_image","twitter_misc":{"Escrito por":"Telinha","Tempo estimado de leitura":"1 minuto"},"schema":{"@context":"https:\/\/schema.org","@graph":[{"@type":"Article","@id":"https:\/\/portaltela.pt\/noticias\/2026\/04\/20\/casa-de-familia-em-figueiro-dos-vinhos-vai-ser-recuperada-apos-tempestade-kristin\/#article","isPartOf":{"@id":"https:\/\/portaltela.pt\/noticias\/2026\/04\/20\/casa-de-familia-em-figueiro-dos-vinhos-vai-ser-recuperada-apos-tempestade-kristin\/"},"author":{"name":"Telinha","@id":"https:\/\/portaltela.pt\/#\/schema\/person\/c4278d4a6028830caff9ee44b42d32ed"},"headline":"Casa de fam\u00edlia em Figueir\u00f3 dos Vinhos vai ser recuperada ap\u00f3s tempestade Kristin","datePublished":"2026-04-20T14:18:27+00:00","mainEntityOfPage":{"@id":"https:\/\/portaltela.pt\/noticias\/2026\/04\/20\/casa-de-familia-em-figueiro-dos-vinhos-vai-ser-recuperada-apos-tempestade-kristin\/"},"wordCount":218,"image":{"@id":"https:\/\/portaltela.pt\/noticias\/2026\/04\/20\/casa-de-familia-em-figueiro-dos-vinhos-vai-ser-recuperada-apos-tempestade-kristin\/#primaryimage"},"thumbnailUrl":"https:\/\/portaltela.pt\/s.01k8rhncp4jt1\/2026\/04\/img_1280x722uu2026-04-20-15-04-45-2279794.jpg","keywords":["_a\u00e7\u00e3o humanit\u00e1ria","_a\u00e7\u00e3o social","_desabrigados","_habita\u00e7\u00e3o","_Leiria","_Solidariedade Social"],"articleSection":["Fam\u00edlia","Sociedade"],"inLanguage":"pt-PT"},{"@type":"WebPage","@id":"https:\/\/portaltela.pt\/noticias\/2026\/04\/20\/casa-de-familia-em-figueiro-dos-vinhos-vai-ser-recuperada-apos-tempestade-kristin\/","url":"https:\/\/portaltela.pt\/noticias\/2026\/04\/20\/casa-de-familia-em-figueiro-dos-vinhos-vai-ser-recuperada-apos-tempestade-kristin\/","name":"Casa de fam\u00edlia em Figueir\u00f3 dos Vinhos vai ser recuperada ap\u00f3s tempestade Kristin - Portal Tela Portugal","isPartOf":{"@id":"https:\/\/portaltela.pt\/#website"},"primaryImageOfPage":{"@id":"https:\/\/portaltela.pt\/noticias\/2026\/04\/20\/casa-de-familia-em-figueiro-dos-vinhos-vai-ser-recuperada-apos-tempestade-kristin\/#primaryimage"},"image":{"@id":"https:\/\/portaltela.pt\/noticias\/2026\/04\/20\/casa-de-familia-em-figueiro-dos-vinhos-vai-ser-recuperada-apos-tempestade-kristin\/#primaryimage"},"thumbnailUrl":"https:\/\/portaltela.pt\/s.01k8rhncp4jt1\/2026\/04\/img_1280x722uu2026-04-20-15-04-45-2279794.jpg","datePublished":"2026-04-20T14:18:27+00:00","author":{"@id":"https:\/\/portaltela.pt\/#\/schema\/person\/c4278d4a6028830caff9ee44b42d32ed"},"breadcrumb":{"@id":"https:\/\/portaltela.pt\/noticias\/2026\/04\/20\/casa-de-familia-em-figueiro-dos-vinhos-vai-ser-recuperada-apos-tempestade-kristin\/#breadcrumb"},"inLanguage":"pt-PT","potentialAction":[{"@type":"ReadAction","target":["https:\/\/portaltela.pt\/noticias\/2026\/04\/20\/casa-de-familia-em-figueiro-dos-vinhos-vai-ser-recuperada-apos-tempestade-kristin\/"]}]},{"@type":"ImageObject","inLanguage":"pt-PT","@id":"https:\/\/portaltela.pt\/noticias\/2026\/04\/20\/casa-de-familia-em-figueiro-dos-vinhos-vai-ser-recuperada-apos-tempestade-kristin\/#primaryimage","url":"https:\/\/portaltela.pt\/s.01k8rhncp4jt1\/2026\/04\/img_1280x722uu2026-04-20-15-04-45-2279794.jpg","contentUrl":"https:\/\/portaltela.pt\/s.01k8rhncp4jt1\/2026\/04\/img_1280x722uu2026-04-20-15-04-45-2279794.jpg","width":796,"height":448,"caption":"Casa de fam\u00edlia em Figueir\u00f3 dos Vinhos vai ser recuperada depois da passagem da tempestade Kristin"},{"@type":"BreadcrumbList","@id":"https:\/\/portaltela.pt\/noticias\/2026\/04\/20\/casa-de-familia-em-figueiro-dos-vinhos-vai-ser-recuperada-apos-tempestade-kristin\/#breadcrumb","itemListElement":[{"@type":"ListItem","position":1,"name":"In\u00edcio","item":"https:\/\/portaltela.pt\/"},{"@type":"ListItem","position":2,"name":"Casa de fam\u00edlia em Figueir\u00f3 dos Vinhos vai ser recuperada ap\u00f3s tempestade Kristin"}]},{"@type":"WebSite","@id":"https:\/\/portaltela.pt\/#website","url":"https:\/\/portaltela.pt\/","name":"Portal Tela Portugal","description":"","potentialAction":[{"@type":"SearchAction","target":{"@type":"EntryPoint","urlTemplate":"https:\/\/portaltela.pt\/?s={search_term_string}"},"query-input":{"@type":"PropertyValueSpecification","valueRequired":true,"valueName":"search_term_string"}}],"inLanguage":"pt-PT"},{"@type":"Person","@id":"https:\/\/portaltela.pt\/#\/schema\/person\/c4278d4a6028830caff9ee44b42d32ed","name":"Telinha","image":{"@type":"ImageObject","inLanguage":"pt-PT","@id":"https:\/\/portaltela.pt\/s.01k8rhncp4jt1\/2025\/11\/talking-bot-125x125.png","url":"https:\/\/portaltela.pt\/s.01k8rhncp4jt1\/2025\/11\/talking-bot-125x125.png","contentUrl":"https:\/\/portaltela.pt\/s.01k8rhncp4jt1\/2025\/11\/talking-bot-125x125.png","caption":"Telinha"},"sameAs":["https:\/\/portaltela.pt\/"],"url":"https:\/\/portaltela.pt\/por\/367410592786\/"}]}},"_links":{"self":[{"href":"https:\/\/portaltela.pt\/api\/wp\/v2\/posts\/451379","targetHints":{"allow":["GET"]}}],"collection":[{"href":"https:\/\/portaltela.pt\/api\/wp\/v2\/posts"}],"about":[{"href":"https:\/\/portaltela.pt\/api\/wp\/v2\/types\/post"}],"author":[{"embeddable":true,"href":"https:\/\/portaltela.pt\/api\/wp\/v2\/users\/2"}],"replies":[{"embeddable":true,"href":"https:\/\/portaltela.pt\/api\/wp\/v2\/comments?post=451379"}],"version-history":[{"count":0,"href":"https:\/\/portaltela.pt\/api\/wp\/v2\/posts\/451379\/revisions"}],"wp:featuredmedia":[{"embeddable":true,"href":"https:\/\/portaltela.pt\/api\/wp\/v2\/media\/451382"}],"wp:attachment":[{"href":"https:\/\/portaltela.pt\/api\/wp\/v2\/media?parent=451379"}],"wp:term":[{"taxonomy":"category","embeddable":true,"href":"https:\/\/portaltela.pt\/api\/wp\/v2\/categories?post=451379"},{"taxonomy":"post_tag","embeddable":true,"href":"https:\/\/portaltela.pt\/api\/wp\/v2\/tags?post=451379"}],"curies":[{"name":"wp","href":"https:\/\/api.w.org\/{rel}","templated":true}]}}