{"id":451335,"date":"2026-04-20T10:48:13","date_gmt":"2026-04-20T13:48:13","guid":{"rendered":"https:\/\/portaltela.pt\/noticias\/2026\/04\/20\/seguro-encontra-felipe-vi-em-madrid-e-almoca-com-o-rei-e-pedro-sanchez\/"},"modified":"2026-04-20T10:48:13","modified_gmt":"2026-04-20T13:48:13","slug":"seguro-encontra-felipe-vi-em-madrid-e-almoca-com-o-rei-e-pedro-sanchez","status":"publish","type":"post","link":"https:\/\/portaltela.pt\/noticias\/2026\/04\/20\/seguro-encontra-felipe-vi-em-madrid-e-almoca-com-o-rei-e-pedro-sanchez\/","title":{"rendered":"Seguro encontra Felipe VI em Madrid e almo\u00e7a com o rei e Pedro S\u00e1nchez"},"content":{"rendered":"<p>O Presidente da Rep\u00fablica, Ant\u00f3nio Jos\u00e9 Seguro, est\u00e1 em Madrid para a primeira desloca\u00e7\u00e3o oficial ao estrangeiro desde que tomou posse, a 9 de mar\u00e7o. A visita come\u00e7ou no domingo, com a chegada a capital espanhola.<\/p>\n<p>Nesta segunda-feira, Seguro foi recebido no Pal\u00e1cio Real pelo rei Felipe VI, cerca das 12h45 locais, com um encontro seguido de almo\u00e7o tamb\u00e9m com o primeiro-ministro espanhol, Pedro S\u00e1nchez. Margarida Maldonado Freitas acompanhou o presidente.<\/p>\n<p>O encontro de chefes de Estado, alargado \u00e0s delega\u00e7\u00f5es, contou com ministros dos Neg\u00f3cios Estrangeiros de Portugal e de Espanha, al\u00e9m de membros das Casas Reais e diplomatas. Cerca das 14h15, houve uma sess\u00e3o de cumprimentos e uma fotografia oficial.<\/p>\n<p>Seguiu-se um almo\u00e7o promovido pelos reis de Espanha, com a participa\u00e7\u00e3o das delega\u00e7\u00f5es e do chefe do Governo espanhol. Ainda hoje, \u00e0s 16h30 locais, Seguro reunir\u00e1 com Pedro S\u00e1nchez na Moncloa, e dever\u00e1 falar com jornalistas mais tarde na Embaixada de Portugal em Madrid.<\/p>\n<p>No domingo, na chegada, Seguro afirmou que a escolha de Espanha n\u00e3o \u00e9 casual e que pretende refor\u00e7ar as rela\u00e7\u00f5es bilaterais e a coopera\u00e7\u00e3o multilateral, em especial no quadro da Uni\u00e3o Europeia. O objetivo inclui ampliar a presen\u00e7a de empresas portuguesas no mercado espanhol.<\/p>\n<p>A presen\u00e7a do rei Felipe VI ocorreu tamb\u00e9m na cerim\u00f3nia de posse de Seguro, consolidando o relacionamento entre Portugal e Espanha. Em discurso anterior, o Presidente referiu a import\u00e2ncia de caminhos partilhados al\u00e9m das fronteiras.<\/p>\n","protected":false},"excerpt":{"rendered":"<ul>\n<li>Ant\u00f3nio Jos\u00e9 Seguro realizou a primeira desloca\u00e7\u00e3o oficial ao estrangeiro desde que assumiu a Presid\u00eancia da Rep\u00fablica, chegando a Madrid no domingo, acompanhado pela mulher Margarida Maldonado Freitas e pelo ministro dos Neg\u00f3cios Estrangeiros, Paulo Rangel.<\/li>\n<li>Nesta segunda-feira foi recebido pelo rei Felipe VI no Pal\u00e1cio Real, por volta de 12h45 locais, num encontro seguido de um almo\u00e7o com a presen\u00e7a do primeiro-ministro espanhol, Pedro S\u00e1nchez.<\/li>\n<li>Participaram do encontro as delega\u00e7\u00f5es, incluindo os ministros de Neg\u00f3cios Estrangeiros dos dois pa\u00edses, chefes de Casa e embaixadores; a mulher do Presidente foi recebida pela rainha Letizia.<\/li>\n<li>Cerca das 14h15, os quatro trocaram cumprimentos e tiraram uma fotografia oficial diante da comunica\u00e7\u00e3o social.<\/li>\n<li>Pelas 16h30, Seguro reunir\u00e1 com Pedro S\u00e1nchez na Moncloa, com declara\u00e7\u00f5es previstas do Presidente aos jornalistas posteriormente; o objetivo \u00e9 refor\u00e7ar as rela\u00e7\u00f5es bilaterais, a coopera\u00e7\u00e3o na Uni\u00e3o Europeia e a presen\u00e7a de empresas portuguesas no mercado espanhol.<\/li>\n<\/ul>\n","protected":false},"author":2,"featured_media":451337,"comment_status":"closed","ping_status":"closed","sticky":false,"template":"","format":"standard","meta":{"footnotes":""},"categories":[6912,1],"tags":[7439,1014,30,27,2055,6037],"class_list":["post-451335","post","type-post","status-publish","format-standard","has-post-thumbnail","hentry","category-internacionais","category-noticias","tag-politica-externa","tag-portugal","tag-presidente","tag-relacoes-internacionais","tag-uniao-europeia","tag-viagens-internacionais"],"yoast_head":"<!-- This site is optimized with the Yoast SEO plugin v27.2 - https:\/\/yoast.com\/product\/yoast-seo-wordpress\/ -->\n<title>Seguro encontra Felipe VI em Madrid e almo\u00e7a com o rei e Pedro S\u00e1nchez - Portal Tela Portugal<\/title>\n<meta name=\"robots\" content=\"index, follow, max-snippet:-1, max-image-preview:large, max-video-preview:-1\" \/>\n<meta property=\"og:locale\" content=\"pt_PT\" \/>\n<meta property=\"og:type\" content=\"article\" \/>\n<meta property=\"og:title\" content=\"Seguro encontra Felipe VI em Madrid e almo\u00e7a com o rei e Pedro S\u00e1nchez - Portal Tela Portugal\" \/>\n<meta property=\"og:description\" content=\"Ant\u00f3nio Jos\u00e9 Seguro realizou a primeira desloca\u00e7\u00e3o oficial ao estrangeiro desde que assumiu a Presid\u00eancia da Rep\u00fablica, chegando a Madrid no domingo, acompanhado pela mulher Margarida Maldonado Freitas e pelo ministro dos Neg\u00f3cios Estrangeiros, Paulo Rangel. Nesta segunda-feira foi recebido pelo rei Felipe VI no Pal\u00e1cio Real, por volta de 12h45 locais, num encontro seguido de um almo\u00e7o com a presen\u00e7a do primeiro-ministro espanhol, Pedro S\u00e1nchez. Participaram do encontro as delega\u00e7\u00f5es, incluindo os ministros de Neg\u00f3cios Estrangeiros dos dois pa\u00edses, chefes de Casa e embaixadores; a mulher do Presidente foi recebida pela rainha Letizia. Cerca das 14h15, os quatro trocaram cumprimentos e tiraram uma fotografia oficial diante da comunica\u00e7\u00e3o social. Pelas 16h30, Seguro reunir\u00e1 com Pedro S\u00e1nchez na Moncloa, com declara\u00e7\u00f5es previstas do Presidente aos jornalistas posteriormente; o objetivo \u00e9 refor\u00e7ar as rela\u00e7\u00f5es bilaterais, a coopera\u00e7\u00e3o na Uni\u00e3o Europeia e a presen\u00e7a de empresas portuguesas no mercado espanhol.\" \/>\n<meta property=\"og:url\" content=\"https:\/\/portaltela.pt\/noticias\/2026\/04\/20\/seguro-encontra-felipe-vi-em-madrid-e-almoca-com-o-rei-e-pedro-sanchez\/\" \/>\n<meta property=\"og:site_name\" content=\"Portal Tela Portugal\" \/>\n<meta property=\"article:published_time\" content=\"2026-04-20T13:48:13+00:00\" \/>\n<meta name=\"author\" content=\"Telinha\" \/>\n<meta name=\"twitter:card\" content=\"summary_large_image\" \/>\n<meta name=\"twitter:label1\" content=\"Escrito por\" \/>\n\t<meta name=\"twitter:data1\" content=\"Telinha\" \/>\n\t<meta name=\"twitter:label2\" content=\"Tempo estimado de leitura\" \/>\n\t<meta name=\"twitter:data2\" content=\"1 minuto\" \/>\n<script type=\"application\/ld+json\" class=\"yoast-schema-graph\">{\"@context\":\"https:\/\/schema.org\",\"@graph\":[{\"@type\":\"Article\",\"@id\":\"https:\/\/portaltela.pt\/noticias\/2026\/04\/20\/seguro-encontra-felipe-vi-em-madrid-e-almoca-com-o-rei-e-pedro-sanchez\/#article\",\"isPartOf\":{\"@id\":\"https:\/\/portaltela.pt\/noticias\/2026\/04\/20\/seguro-encontra-felipe-vi-em-madrid-e-almoca-com-o-rei-e-pedro-sanchez\/\"},\"author\":{\"name\":\"Telinha\",\"@id\":\"https:\/\/portaltela.pt\/#\/schema\/person\/c4278d4a6028830caff9ee44b42d32ed\"},\"headline\":\"Seguro encontra Felipe VI em Madrid e almo\u00e7a com o rei e Pedro S\u00e1nchez\",\"datePublished\":\"2026-04-20T13:48:13+00:00\",\"mainEntityOfPage\":{\"@id\":\"https:\/\/portaltela.pt\/noticias\/2026\/04\/20\/seguro-encontra-felipe-vi-em-madrid-e-almoca-com-o-rei-e-pedro-sanchez\/\"},\"wordCount\":276,\"image\":{\"@id\":\"https:\/\/portaltela.pt\/noticias\/2026\/04\/20\/seguro-encontra-felipe-vi-em-madrid-e-almoca-com-o-rei-e-pedro-sanchez\/#primaryimage\"},\"thumbnailUrl\":\"https:\/\/portaltela.pt\/s.01k8rhncp4jt1\/2026\/04\/2082696.jpg\",\"keywords\":[\"pol\u00edtica externa\",\"Portugal\",\"presidente\",\"rela\u00e7\u00f5es internacionais\",\"Uni\u00e3o Europeia\",\"viagens internacionais\"],\"articleSection\":[\"Internacionais\",\"Not\u00edcias\"],\"inLanguage\":\"pt-PT\"},{\"@type\":\"WebPage\",\"@id\":\"https:\/\/portaltela.pt\/noticias\/2026\/04\/20\/seguro-encontra-felipe-vi-em-madrid-e-almoca-com-o-rei-e-pedro-sanchez\/\",\"url\":\"https:\/\/portaltela.pt\/noticias\/2026\/04\/20\/seguro-encontra-felipe-vi-em-madrid-e-almoca-com-o-rei-e-pedro-sanchez\/\",\"name\":\"Seguro encontra Felipe VI em Madrid e almo\u00e7a com o rei e Pedro S\u00e1nchez - Portal Tela Portugal\",\"isPartOf\":{\"@id\":\"https:\/\/portaltela.pt\/#website\"},\"primaryImageOfPage\":{\"@id\":\"https:\/\/portaltela.pt\/noticias\/2026\/04\/20\/seguro-encontra-felipe-vi-em-madrid-e-almoca-com-o-rei-e-pedro-sanchez\/#primaryimage\"},\"image\":{\"@id\":\"https:\/\/portaltela.pt\/noticias\/2026\/04\/20\/seguro-encontra-felipe-vi-em-madrid-e-almoca-com-o-rei-e-pedro-sanchez\/#primaryimage\"},\"thumbnailUrl\":\"https:\/\/portaltela.pt\/s.01k8rhncp4jt1\/2026\/04\/2082696.jpg\",\"datePublished\":\"2026-04-20T13:48:13+00:00\",\"author\":{\"@id\":\"https:\/\/portaltela.pt\/#\/schema\/person\/c4278d4a6028830caff9ee44b42d32ed\"},\"breadcrumb\":{\"@id\":\"https:\/\/portaltela.pt\/noticias\/2026\/04\/20\/seguro-encontra-felipe-vi-em-madrid-e-almoca-com-o-rei-e-pedro-sanchez\/#breadcrumb\"},\"inLanguage\":\"pt-PT\",\"potentialAction\":[{\"@type\":\"ReadAction\",\"target\":[\"https:\/\/portaltela.pt\/noticias\/2026\/04\/20\/seguro-encontra-felipe-vi-em-madrid-e-almoca-com-o-rei-e-pedro-sanchez\/\"]}]},{\"@type\":\"ImageObject\",\"inLanguage\":\"pt-PT\",\"@id\":\"https:\/\/portaltela.pt\/noticias\/2026\/04\/20\/seguro-encontra-felipe-vi-em-madrid-e-almoca-com-o-rei-e-pedro-sanchez\/#primaryimage\",\"url\":\"https:\/\/portaltela.pt\/s.01k8rhncp4jt1\/2026\/04\/2082696.jpg\",\"contentUrl\":\"https:\/\/portaltela.pt\/s.01k8rhncp4jt1\/2026\/04\/2082696.jpg\",\"width\":796,\"height\":448,\"caption\":\"O Presidente da Rep\u00fablica esteve acompanhado pela mulher e foi recebido por Felipe VI no Pal\u00e1cio Real e pela rainha Letizia\"},{\"@type\":\"BreadcrumbList\",\"@id\":\"https:\/\/portaltela.pt\/noticias\/2026\/04\/20\/seguro-encontra-felipe-vi-em-madrid-e-almoca-com-o-rei-e-pedro-sanchez\/#breadcrumb\",\"itemListElement\":[{\"@type\":\"ListItem\",\"position\":1,\"name\":\"In\u00edcio\",\"item\":\"https:\/\/portaltela.pt\/\"},{\"@type\":\"ListItem\",\"position\":2,\"name\":\"Seguro encontra Felipe VI em Madrid e almo\u00e7a com o rei e Pedro S\u00e1nchez\"}]},{\"@type\":\"WebSite\",\"@id\":\"https:\/\/portaltela.pt\/#website\",\"url\":\"https:\/\/portaltela.pt\/\",\"name\":\"Portal Tela Portugal\",\"description\":\"\",\"potentialAction\":[{\"@type\":\"SearchAction\",\"target\":{\"@type\":\"EntryPoint\",\"urlTemplate\":\"https:\/\/portaltela.pt\/?s={search_term_string}\"},\"query-input\":{\"@type\":\"PropertyValueSpecification\",\"valueRequired\":true,\"valueName\":\"search_term_string\"}}],\"inLanguage\":\"pt-PT\"},{\"@type\":\"Person\",\"@id\":\"https:\/\/portaltela.pt\/#\/schema\/person\/c4278d4a6028830caff9ee44b42d32ed\",\"name\":\"Telinha\",\"image\":{\"@type\":\"ImageObject\",\"inLanguage\":\"pt-PT\",\"@id\":\"https:\/\/portaltela.pt\/s.01k8rhncp4jt1\/2025\/11\/talking-bot-125x125.png\",\"url\":\"https:\/\/portaltela.pt\/s.01k8rhncp4jt1\/2025\/11\/talking-bot-125x125.png\",\"contentUrl\":\"https:\/\/portaltela.pt\/s.01k8rhncp4jt1\/2025\/11\/talking-bot-125x125.png\",\"caption\":\"Telinha\"},\"sameAs\":[\"https:\/\/portaltela.pt\/\"],\"url\":\"https:\/\/portaltela.pt\/por\/367410592786\/\"}]}<\/script>\n<!-- \/ Yoast SEO plugin. -->","yoast_head_json":{"title":"Seguro encontra Felipe VI em Madrid e almo\u00e7a com o rei e Pedro S\u00e1nchez - Portal Tela Portugal","robots":{"index":"index","follow":"follow","max-snippet":"max-snippet:-1","max-image-preview":"max-image-preview:large","max-video-preview":"max-video-preview:-1"},"og_locale":"pt_PT","og_type":"article","og_title":"Seguro encontra Felipe VI em Madrid e almo\u00e7a com o rei e Pedro S\u00e1nchez - Portal Tela Portugal","og_description":"Ant\u00f3nio Jos\u00e9 Seguro realizou a primeira desloca\u00e7\u00e3o oficial ao estrangeiro desde que assumiu a Presid\u00eancia da Rep\u00fablica, chegando a Madrid no domingo, acompanhado pela mulher Margarida Maldonado Freitas e pelo ministro dos Neg\u00f3cios Estrangeiros, Paulo Rangel. Nesta segunda-feira foi recebido pelo rei Felipe VI no Pal\u00e1cio Real, por volta de 12h45 locais, num encontro seguido de um almo\u00e7o com a presen\u00e7a do primeiro-ministro espanhol, Pedro S\u00e1nchez. Participaram do encontro as delega\u00e7\u00f5es, incluindo os ministros de Neg\u00f3cios Estrangeiros dos dois pa\u00edses, chefes de Casa e embaixadores; a mulher do Presidente foi recebida pela rainha Letizia. Cerca das 14h15, os quatro trocaram cumprimentos e tiraram uma fotografia oficial diante da comunica\u00e7\u00e3o social. Pelas 16h30, Seguro reunir\u00e1 com Pedro S\u00e1nchez na Moncloa, com declara\u00e7\u00f5es previstas do Presidente aos jornalistas posteriormente; o objetivo \u00e9 refor\u00e7ar as rela\u00e7\u00f5es bilaterais, a coopera\u00e7\u00e3o na Uni\u00e3o Europeia e a presen\u00e7a de empresas portuguesas no mercado espanhol.","og_url":"https:\/\/portaltela.pt\/noticias\/2026\/04\/20\/seguro-encontra-felipe-vi-em-madrid-e-almoca-com-o-rei-e-pedro-sanchez\/","og_site_name":"Portal Tela Portugal","article_published_time":"2026-04-20T13:48:13+00:00","author":"Telinha","twitter_card":"summary_large_image","twitter_misc":{"Escrito por":"Telinha","Tempo estimado de leitura":"1 minuto"},"schema":{"@context":"https:\/\/schema.org","@graph":[{"@type":"Article","@id":"https:\/\/portaltela.pt\/noticias\/2026\/04\/20\/seguro-encontra-felipe-vi-em-madrid-e-almoca-com-o-rei-e-pedro-sanchez\/#article","isPartOf":{"@id":"https:\/\/portaltela.pt\/noticias\/2026\/04\/20\/seguro-encontra-felipe-vi-em-madrid-e-almoca-com-o-rei-e-pedro-sanchez\/"},"author":{"name":"Telinha","@id":"https:\/\/portaltela.pt\/#\/schema\/person\/c4278d4a6028830caff9ee44b42d32ed"},"headline":"Seguro encontra Felipe VI em Madrid e almo\u00e7a com o rei e Pedro S\u00e1nchez","datePublished":"2026-04-20T13:48:13+00:00","mainEntityOfPage":{"@id":"https:\/\/portaltela.pt\/noticias\/2026\/04\/20\/seguro-encontra-felipe-vi-em-madrid-e-almoca-com-o-rei-e-pedro-sanchez\/"},"wordCount":276,"image":{"@id":"https:\/\/portaltela.pt\/noticias\/2026\/04\/20\/seguro-encontra-felipe-vi-em-madrid-e-almoca-com-o-rei-e-pedro-sanchez\/#primaryimage"},"thumbnailUrl":"https:\/\/portaltela.pt\/s.01k8rhncp4jt1\/2026\/04\/2082696.jpg","keywords":["pol\u00edtica externa","Portugal","presidente","rela\u00e7\u00f5es internacionais","Uni\u00e3o Europeia","viagens internacionais"],"articleSection":["Internacionais","Not\u00edcias"],"inLanguage":"pt-PT"},{"@type":"WebPage","@id":"https:\/\/portaltela.pt\/noticias\/2026\/04\/20\/seguro-encontra-felipe-vi-em-madrid-e-almoca-com-o-rei-e-pedro-sanchez\/","url":"https:\/\/portaltela.pt\/noticias\/2026\/04\/20\/seguro-encontra-felipe-vi-em-madrid-e-almoca-com-o-rei-e-pedro-sanchez\/","name":"Seguro encontra Felipe VI em Madrid e almo\u00e7a com o rei e Pedro S\u00e1nchez - Portal Tela Portugal","isPartOf":{"@id":"https:\/\/portaltela.pt\/#website"},"primaryImageOfPage":{"@id":"https:\/\/portaltela.pt\/noticias\/2026\/04\/20\/seguro-encontra-felipe-vi-em-madrid-e-almoca-com-o-rei-e-pedro-sanchez\/#primaryimage"},"image":{"@id":"https:\/\/portaltela.pt\/noticias\/2026\/04\/20\/seguro-encontra-felipe-vi-em-madrid-e-almoca-com-o-rei-e-pedro-sanchez\/#primaryimage"},"thumbnailUrl":"https:\/\/portaltela.pt\/s.01k8rhncp4jt1\/2026\/04\/2082696.jpg","datePublished":"2026-04-20T13:48:13+00:00","author":{"@id":"https:\/\/portaltela.pt\/#\/schema\/person\/c4278d4a6028830caff9ee44b42d32ed"},"breadcrumb":{"@id":"https:\/\/portaltela.pt\/noticias\/2026\/04\/20\/seguro-encontra-felipe-vi-em-madrid-e-almoca-com-o-rei-e-pedro-sanchez\/#breadcrumb"},"inLanguage":"pt-PT","potentialAction":[{"@type":"ReadAction","target":["https:\/\/portaltela.pt\/noticias\/2026\/04\/20\/seguro-encontra-felipe-vi-em-madrid-e-almoca-com-o-rei-e-pedro-sanchez\/"]}]},{"@type":"ImageObject","inLanguage":"pt-PT","@id":"https:\/\/portaltela.pt\/noticias\/2026\/04\/20\/seguro-encontra-felipe-vi-em-madrid-e-almoca-com-o-rei-e-pedro-sanchez\/#primaryimage","url":"https:\/\/portaltela.pt\/s.01k8rhncp4jt1\/2026\/04\/2082696.jpg","contentUrl":"https:\/\/portaltela.pt\/s.01k8rhncp4jt1\/2026\/04\/2082696.jpg","width":796,"height":448,"caption":"O Presidente da Rep\u00fablica esteve acompanhado pela mulher e foi recebido por Felipe VI no Pal\u00e1cio Real e pela rainha Letizia"},{"@type":"BreadcrumbList","@id":"https:\/\/portaltela.pt\/noticias\/2026\/04\/20\/seguro-encontra-felipe-vi-em-madrid-e-almoca-com-o-rei-e-pedro-sanchez\/#breadcrumb","itemListElement":[{"@type":"ListItem","position":1,"name":"In\u00edcio","item":"https:\/\/portaltela.pt\/"},{"@type":"ListItem","position":2,"name":"Seguro encontra Felipe VI em Madrid e almo\u00e7a com o rei e Pedro S\u00e1nchez"}]},{"@type":"WebSite","@id":"https:\/\/portaltela.pt\/#website","url":"https:\/\/portaltela.pt\/","name":"Portal Tela Portugal","description":"","potentialAction":[{"@type":"SearchAction","target":{"@type":"EntryPoint","urlTemplate":"https:\/\/portaltela.pt\/?s={search_term_string}"},"query-input":{"@type":"PropertyValueSpecification","valueRequired":true,"valueName":"search_term_string"}}],"inLanguage":"pt-PT"},{"@type":"Person","@id":"https:\/\/portaltela.pt\/#\/schema\/person\/c4278d4a6028830caff9ee44b42d32ed","name":"Telinha","image":{"@type":"ImageObject","inLanguage":"pt-PT","@id":"https:\/\/portaltela.pt\/s.01k8rhncp4jt1\/2025\/11\/talking-bot-125x125.png","url":"https:\/\/portaltela.pt\/s.01k8rhncp4jt1\/2025\/11\/talking-bot-125x125.png","contentUrl":"https:\/\/portaltela.pt\/s.01k8rhncp4jt1\/2025\/11\/talking-bot-125x125.png","caption":"Telinha"},"sameAs":["https:\/\/portaltela.pt\/"],"url":"https:\/\/portaltela.pt\/por\/367410592786\/"}]}},"_links":{"self":[{"href":"https:\/\/portaltela.pt\/api\/wp\/v2\/posts\/451335","targetHints":{"allow":["GET"]}}],"collection":[{"href":"https:\/\/portaltela.pt\/api\/wp\/v2\/posts"}],"about":[{"href":"https:\/\/portaltela.pt\/api\/wp\/v2\/types\/post"}],"author":[{"embeddable":true,"href":"https:\/\/portaltela.pt\/api\/wp\/v2\/users\/2"}],"replies":[{"embeddable":true,"href":"https:\/\/portaltela.pt\/api\/wp\/v2\/comments?post=451335"}],"version-history":[{"count":0,"href":"https:\/\/portaltela.pt\/api\/wp\/v2\/posts\/451335\/revisions"}],"wp:featuredmedia":[{"embeddable":true,"href":"https:\/\/portaltela.pt\/api\/wp\/v2\/media\/451337"}],"wp:attachment":[{"href":"https:\/\/portaltela.pt\/api\/wp\/v2\/media?parent=451335"}],"wp:term":[{"taxonomy":"category","embeddable":true,"href":"https:\/\/portaltela.pt\/api\/wp\/v2\/categories?post=451335"},{"taxonomy":"post_tag","embeddable":true,"href":"https:\/\/portaltela.pt\/api\/wp\/v2\/tags?post=451335"}],"curies":[{"name":"wp","href":"https:\/\/api.w.org\/{rel}","templated":true}]}}