{"id":451327,"date":"2026-04-20T10:47:52","date_gmt":"2026-04-20T13:47:52","guid":{"rendered":"https:\/\/portaltela.pt\/noticias\/2026\/04\/20\/pai-de-amy-winehouse-perde-acao-sobre-venda-de-bens-da-filha\/"},"modified":"2026-04-20T10:47:52","modified_gmt":"2026-04-20T13:47:52","slug":"pai-de-amy-winehouse-perde-acao-sobre-venda-de-bens-da-filha","status":"publish","type":"post","link":"https:\/\/portaltela.pt\/celebridades\/2026\/04\/20\/pai-de-amy-winehouse-perde-acao-sobre-venda-de-bens-da-filha\/","title":{"rendered":"Pai de Amy Winehouse perde a\u00e7\u00e3o sobre venda de bens da filha"},"content":{"rendered":"<p>Mitch Winehouse, administrador da heran\u00e7a de Amy Winehouse, perdeu uma a\u00e7\u00e3o no Tribunal Superior do Reino Unido contra duas amigas da cantora. A a\u00e7\u00e3o dizia que Naomi Parry e Catriona Gourlay lucraram com a venda de objetos de Amy em leil\u00f5es nos EUA, em 2021 e 2023. O processo foi movido em nome da heran\u00e7a.<\/p>\n<p>O pai de Amy alegou n\u00e3o ter sido informado previamente de que os itens seriam leiloados. Parry e Gourlay responderam que os objetos lhes tinham sido oferecidos pela pr\u00f3pria Amy ou que j\u00e1 eram da sua propriedade. Os advogados das r\u00e9s sustentaram que as pe\u00e7as lhes pertenciam ou tinham sido oferecidas pela artista.<\/p>\n<p>Na decis\u00e3o divulgada, a ju\u00edza adjunta Sarah Clarke KC afirmou que n\u00e3o houve oculta\u00e7\u00e3o deliberada de bens por parte das r\u00e9s e que, caso houvesse alguma d\u00favida, Winehouse poderia ter descoberto a posse dos itens com dilig\u00eancia razo\u00e1vel. Sky News citou a decis\u00e3o.<\/p>\n<h3>Decis\u00e3o do tribunal<\/h3>\n<p>Parry informou, por meio de comunicado, que o tribunal encerrou a acusa\u00e7\u00e3o contra si, limpando o seu nome. A estilista acrescentou que acompanhou Amy como amiga, parceira criativa e figurinista, destacando a confian\u00e7a e o amor pelo trabalho compartilhados.<\/p>\n<p>Gourlay n\u00e3o comentou explicitamente a decis\u00e3o, mas tamb\u00e9m foi considerada no \u00e2mbito do caso. O processo envolve o papel de administradores da heran\u00e7a na gest\u00e3o de bens da cantora, que faleceu em 2011 aos 27 anos.<\/p>\n<p>Amy Winehouse foi encontrada sem vida em Camden, Londres, em 2011. Desde ent\u00e3o, Mitch Winehouse tem orientado a administra\u00e7\u00e3o da heran\u00e7a, com foco na prote\u00e7\u00e3o do legado art\u00edstico da filha.<\/p>\n<p>Fonte: Sky News.<\/p>\n","protected":false},"excerpt":{"rendered":"<ul>\n<li>Mitch Winehouse, administrador da heran\u00e7a de Amy Winehouse, perdeu no Reino Unido uma a\u00e7\u00e3o no Tribunal Superior contra Naomi Parry e Catriona Gourlay sobre a venda de objetos da cantora em leil\u00f5es nos EUA em 2021 e 2023.<\/li>\n<li>A acusa\u00e7\u00e3o sustentava que as amigas teriam lucrado com a venda de bens de Amy, alegando n\u00e3o ter sido informado de que seriam leiloados.<\/li>\n<li>Parry e Gourlay defenderam que os objetos lhes tinham sido oferecidos pela pr\u00f3pria Amy ou j\u00e1 eram da sua propriedade.<\/li>\n<li>A ju\u00edza Sarah Clarke KC decidiu que n\u00e3o houve oculta\u00e7\u00e3o deliberada dos bens e que, mesmo que existisse d\u00favida, o Sr. Winehouse poderia ter descoberto, com dilig\u00eancia razo\u00e1vel, a posse dos bens em lit\u00edgio.<\/li>\n<li>Parry afirmou que o tribunal limpou o seu nome, e descreveu a rela\u00e7\u00e3o com Amy como baseada em confian\u00e7a, lealdade e amor pelo trabalho; Amy Winehouse morreu em 2011, aos 27 anos.<\/li>\n<\/ul>\n","protected":false},"author":2,"featured_media":451328,"comment_status":"closed","ping_status":"closed","sticky":false,"template":"","format":"standard","meta":{"footnotes":""},"categories":[6675],"tags":[8011,8935,8770,8112,6195,6208],"class_list":["post-451327","post","type-post","status-publish","format-standard","has-post-thumbnail","hentry","category-celebridades","tag-_direito","tag-_heranca","tag-_justica","tag-_patrimonio","tag-leiloes","tag-tribunais"],"yoast_head":"<!-- This site is optimized with the Yoast SEO plugin v27.2 - https:\/\/yoast.com\/product\/yoast-seo-wordpress\/ -->\n<title>Pai de Amy Winehouse perde a\u00e7\u00e3o sobre venda de bens da filha - Portal Tela Portugal<\/title>\n<meta name=\"robots\" content=\"index, follow, max-snippet:-1, max-image-preview:large, max-video-preview:-1\" \/>\n<meta property=\"og:locale\" content=\"pt_PT\" \/>\n<meta property=\"og:type\" content=\"article\" \/>\n<meta property=\"og:title\" content=\"Pai de Amy Winehouse perde a\u00e7\u00e3o sobre venda de bens da filha - Portal Tela Portugal\" \/>\n<meta property=\"og:description\" content=\"Mitch Winehouse, administrador da heran\u00e7a de Amy Winehouse, perdeu no Reino Unido uma a\u00e7\u00e3o no Tribunal Superior contra Naomi Parry e Catriona Gourlay sobre a venda de objetos da cantora em leil\u00f5es nos EUA em 2021 e 2023. A acusa\u00e7\u00e3o sustentava que as amigas teriam lucrado com a venda de bens de Amy, alegando n\u00e3o ter sido informado de que seriam leiloados. Parry e Gourlay defenderam que os objetos lhes tinham sido oferecidos pela pr\u00f3pria Amy ou j\u00e1 eram da sua propriedade. A ju\u00edza Sarah Clarke KC decidiu que n\u00e3o houve oculta\u00e7\u00e3o deliberada dos bens e que, mesmo que existisse d\u00favida, o Sr. Winehouse poderia ter descoberto, com dilig\u00eancia razo\u00e1vel, a posse dos bens em lit\u00edgio. Parry afirmou que o tribunal limpou o seu nome, e descreveu a rela\u00e7\u00e3o com Amy como baseada em confian\u00e7a, lealdade e amor pelo trabalho; Amy Winehouse morreu em 2011, aos 27 anos.\" \/>\n<meta property=\"og:url\" content=\"https:\/\/portaltela.pt\/noticias\/2026\/04\/20\/pai-de-amy-winehouse-perde-acao-sobre-venda-de-bens-da-filha\/\" \/>\n<meta property=\"og:site_name\" content=\"Portal Tela Portugal\" \/>\n<meta property=\"article:published_time\" content=\"2026-04-20T13:47:52+00:00\" \/>\n<meta name=\"author\" content=\"Telinha\" \/>\n<meta name=\"twitter:card\" content=\"summary_large_image\" \/>\n<meta name=\"twitter:label1\" content=\"Escrito por\" \/>\n\t<meta name=\"twitter:data1\" content=\"Telinha\" \/>\n\t<meta name=\"twitter:label2\" content=\"Tempo estimado de leitura\" \/>\n\t<meta name=\"twitter:data2\" content=\"1 minuto\" \/>\n<script type=\"application\/ld+json\" class=\"yoast-schema-graph\">{\"@context\":\"https:\/\/schema.org\",\"@graph\":[{\"@type\":\"Article\",\"@id\":\"https:\/\/portaltela.pt\/noticias\/2026\/04\/20\/pai-de-amy-winehouse-perde-acao-sobre-venda-de-bens-da-filha\/#article\",\"isPartOf\":{\"@id\":\"https:\/\/portaltela.pt\/noticias\/2026\/04\/20\/pai-de-amy-winehouse-perde-acao-sobre-venda-de-bens-da-filha\/\"},\"author\":{\"name\":\"Telinha\",\"@id\":\"https:\/\/portaltela.pt\/#\/schema\/person\/c4278d4a6028830caff9ee44b42d32ed\"},\"headline\":\"Pai de Amy Winehouse perde a\u00e7\u00e3o sobre venda de bens da filha\",\"datePublished\":\"2026-04-20T13:47:52+00:00\",\"mainEntityOfPage\":{\"@id\":\"https:\/\/portaltela.pt\/noticias\/2026\/04\/20\/pai-de-amy-winehouse-perde-acao-sobre-venda-de-bens-da-filha\/\"},\"wordCount\":301,\"image\":{\"@id\":\"https:\/\/portaltela.pt\/noticias\/2026\/04\/20\/pai-de-amy-winehouse-perde-acao-sobre-venda-de-bens-da-filha\/#primaryimage\"},\"thumbnailUrl\":\"https:\/\/portaltela.pt\/s.01k8rhncp4jt1\/2026\/04\/1536x864_cmsv2_36fb3c94-dfd1-56f5-a8f1-7317d6294ae9-9728668.jpg\",\"keywords\":[\"_direito\",\"_heran\u00e7a\",\"_justi\u00e7a\",\"_patrim\u00f3nio\",\"leil\u00f5es\",\"Tribunais\"],\"articleSection\":[\"Celebridades\"],\"inLanguage\":\"pt-PT\"},{\"@type\":\"WebPage\",\"@id\":\"https:\/\/portaltela.pt\/noticias\/2026\/04\/20\/pai-de-amy-winehouse-perde-acao-sobre-venda-de-bens-da-filha\/\",\"url\":\"https:\/\/portaltela.pt\/noticias\/2026\/04\/20\/pai-de-amy-winehouse-perde-acao-sobre-venda-de-bens-da-filha\/\",\"name\":\"Pai de Amy Winehouse perde a\u00e7\u00e3o sobre venda de bens da filha - Portal Tela Portugal\",\"isPartOf\":{\"@id\":\"https:\/\/portaltela.pt\/#website\"},\"primaryImageOfPage\":{\"@id\":\"https:\/\/portaltela.pt\/noticias\/2026\/04\/20\/pai-de-amy-winehouse-perde-acao-sobre-venda-de-bens-da-filha\/#primaryimage\"},\"image\":{\"@id\":\"https:\/\/portaltela.pt\/noticias\/2026\/04\/20\/pai-de-amy-winehouse-perde-acao-sobre-venda-de-bens-da-filha\/#primaryimage\"},\"thumbnailUrl\":\"https:\/\/portaltela.pt\/s.01k8rhncp4jt1\/2026\/04\/1536x864_cmsv2_36fb3c94-dfd1-56f5-a8f1-7317d6294ae9-9728668.jpg\",\"datePublished\":\"2026-04-20T13:47:52+00:00\",\"author\":{\"@id\":\"https:\/\/portaltela.pt\/#\/schema\/person\/c4278d4a6028830caff9ee44b42d32ed\"},\"breadcrumb\":{\"@id\":\"https:\/\/portaltela.pt\/noticias\/2026\/04\/20\/pai-de-amy-winehouse-perde-acao-sobre-venda-de-bens-da-filha\/#breadcrumb\"},\"inLanguage\":\"pt-PT\",\"potentialAction\":[{\"@type\":\"ReadAction\",\"target\":[\"https:\/\/portaltela.pt\/noticias\/2026\/04\/20\/pai-de-amy-winehouse-perde-acao-sobre-venda-de-bens-da-filha\/\"]}]},{\"@type\":\"ImageObject\",\"inLanguage\":\"pt-PT\",\"@id\":\"https:\/\/portaltela.pt\/noticias\/2026\/04\/20\/pai-de-amy-winehouse-perde-acao-sobre-venda-de-bens-da-filha\/#primaryimage\",\"url\":\"https:\/\/portaltela.pt\/s.01k8rhncp4jt1\/2026\/04\/1536x864_cmsv2_36fb3c94-dfd1-56f5-a8f1-7317d6294ae9-9728668.jpg\",\"contentUrl\":\"https:\/\/portaltela.pt\/s.01k8rhncp4jt1\/2026\/04\/1536x864_cmsv2_36fb3c94-dfd1-56f5-a8f1-7317d6294ae9-9728668.jpg\",\"width\":796,\"height\":448,\"caption\":\"Pai de Amy Winehouse perde disputa sobre venda dos bens da filha\"},{\"@type\":\"BreadcrumbList\",\"@id\":\"https:\/\/portaltela.pt\/noticias\/2026\/04\/20\/pai-de-amy-winehouse-perde-acao-sobre-venda-de-bens-da-filha\/#breadcrumb\",\"itemListElement\":[{\"@type\":\"ListItem\",\"position\":1,\"name\":\"In\u00edcio\",\"item\":\"https:\/\/portaltela.pt\/\"},{\"@type\":\"ListItem\",\"position\":2,\"name\":\"Pai de Amy Winehouse perde a\u00e7\u00e3o sobre venda de bens da filha\"}]},{\"@type\":\"WebSite\",\"@id\":\"https:\/\/portaltela.pt\/#website\",\"url\":\"https:\/\/portaltela.pt\/\",\"name\":\"Portal Tela Portugal\",\"description\":\"\",\"potentialAction\":[{\"@type\":\"SearchAction\",\"target\":{\"@type\":\"EntryPoint\",\"urlTemplate\":\"https:\/\/portaltela.pt\/?s={search_term_string}\"},\"query-input\":{\"@type\":\"PropertyValueSpecification\",\"valueRequired\":true,\"valueName\":\"search_term_string\"}}],\"inLanguage\":\"pt-PT\"},{\"@type\":\"Person\",\"@id\":\"https:\/\/portaltela.pt\/#\/schema\/person\/c4278d4a6028830caff9ee44b42d32ed\",\"name\":\"Telinha\",\"image\":{\"@type\":\"ImageObject\",\"inLanguage\":\"pt-PT\",\"@id\":\"https:\/\/portaltela.pt\/s.01k8rhncp4jt1\/2025\/11\/talking-bot-125x125.png\",\"url\":\"https:\/\/portaltela.pt\/s.01k8rhncp4jt1\/2025\/11\/talking-bot-125x125.png\",\"contentUrl\":\"https:\/\/portaltela.pt\/s.01k8rhncp4jt1\/2025\/11\/talking-bot-125x125.png\",\"caption\":\"Telinha\"},\"sameAs\":[\"https:\/\/portaltela.pt\/\"],\"url\":\"https:\/\/portaltela.pt\/por\/367410592786\/\"}]}<\/script>\n<!-- \/ Yoast SEO plugin. -->","yoast_head_json":{"title":"Pai de Amy Winehouse perde a\u00e7\u00e3o sobre venda de bens da filha - Portal Tela Portugal","robots":{"index":"index","follow":"follow","max-snippet":"max-snippet:-1","max-image-preview":"max-image-preview:large","max-video-preview":"max-video-preview:-1"},"og_locale":"pt_PT","og_type":"article","og_title":"Pai de Amy Winehouse perde a\u00e7\u00e3o sobre venda de bens da filha - Portal Tela Portugal","og_description":"Mitch Winehouse, administrador da heran\u00e7a de Amy Winehouse, perdeu no Reino Unido uma a\u00e7\u00e3o no Tribunal Superior contra Naomi Parry e Catriona Gourlay sobre a venda de objetos da cantora em leil\u00f5es nos EUA em 2021 e 2023. A acusa\u00e7\u00e3o sustentava que as amigas teriam lucrado com a venda de bens de Amy, alegando n\u00e3o ter sido informado de que seriam leiloados. Parry e Gourlay defenderam que os objetos lhes tinham sido oferecidos pela pr\u00f3pria Amy ou j\u00e1 eram da sua propriedade. A ju\u00edza Sarah Clarke KC decidiu que n\u00e3o houve oculta\u00e7\u00e3o deliberada dos bens e que, mesmo que existisse d\u00favida, o Sr. Winehouse poderia ter descoberto, com dilig\u00eancia razo\u00e1vel, a posse dos bens em lit\u00edgio. Parry afirmou que o tribunal limpou o seu nome, e descreveu a rela\u00e7\u00e3o com Amy como baseada em confian\u00e7a, lealdade e amor pelo trabalho; Amy Winehouse morreu em 2011, aos 27 anos.","og_url":"https:\/\/portaltela.pt\/noticias\/2026\/04\/20\/pai-de-amy-winehouse-perde-acao-sobre-venda-de-bens-da-filha\/","og_site_name":"Portal Tela Portugal","article_published_time":"2026-04-20T13:47:52+00:00","author":"Telinha","twitter_card":"summary_large_image","twitter_misc":{"Escrito por":"Telinha","Tempo estimado de leitura":"1 minuto"},"schema":{"@context":"https:\/\/schema.org","@graph":[{"@type":"Article","@id":"https:\/\/portaltela.pt\/noticias\/2026\/04\/20\/pai-de-amy-winehouse-perde-acao-sobre-venda-de-bens-da-filha\/#article","isPartOf":{"@id":"https:\/\/portaltela.pt\/noticias\/2026\/04\/20\/pai-de-amy-winehouse-perde-acao-sobre-venda-de-bens-da-filha\/"},"author":{"name":"Telinha","@id":"https:\/\/portaltela.pt\/#\/schema\/person\/c4278d4a6028830caff9ee44b42d32ed"},"headline":"Pai de Amy Winehouse perde a\u00e7\u00e3o sobre venda de bens da filha","datePublished":"2026-04-20T13:47:52+00:00","mainEntityOfPage":{"@id":"https:\/\/portaltela.pt\/noticias\/2026\/04\/20\/pai-de-amy-winehouse-perde-acao-sobre-venda-de-bens-da-filha\/"},"wordCount":301,"image":{"@id":"https:\/\/portaltela.pt\/noticias\/2026\/04\/20\/pai-de-amy-winehouse-perde-acao-sobre-venda-de-bens-da-filha\/#primaryimage"},"thumbnailUrl":"https:\/\/portaltela.pt\/s.01k8rhncp4jt1\/2026\/04\/1536x864_cmsv2_36fb3c94-dfd1-56f5-a8f1-7317d6294ae9-9728668.jpg","keywords":["_direito","_heran\u00e7a","_justi\u00e7a","_patrim\u00f3nio","leil\u00f5es","Tribunais"],"articleSection":["Celebridades"],"inLanguage":"pt-PT"},{"@type":"WebPage","@id":"https:\/\/portaltela.pt\/noticias\/2026\/04\/20\/pai-de-amy-winehouse-perde-acao-sobre-venda-de-bens-da-filha\/","url":"https:\/\/portaltela.pt\/noticias\/2026\/04\/20\/pai-de-amy-winehouse-perde-acao-sobre-venda-de-bens-da-filha\/","name":"Pai de Amy Winehouse perde a\u00e7\u00e3o sobre venda de bens da filha - Portal Tela Portugal","isPartOf":{"@id":"https:\/\/portaltela.pt\/#website"},"primaryImageOfPage":{"@id":"https:\/\/portaltela.pt\/noticias\/2026\/04\/20\/pai-de-amy-winehouse-perde-acao-sobre-venda-de-bens-da-filha\/#primaryimage"},"image":{"@id":"https:\/\/portaltela.pt\/noticias\/2026\/04\/20\/pai-de-amy-winehouse-perde-acao-sobre-venda-de-bens-da-filha\/#primaryimage"},"thumbnailUrl":"https:\/\/portaltela.pt\/s.01k8rhncp4jt1\/2026\/04\/1536x864_cmsv2_36fb3c94-dfd1-56f5-a8f1-7317d6294ae9-9728668.jpg","datePublished":"2026-04-20T13:47:52+00:00","author":{"@id":"https:\/\/portaltela.pt\/#\/schema\/person\/c4278d4a6028830caff9ee44b42d32ed"},"breadcrumb":{"@id":"https:\/\/portaltela.pt\/noticias\/2026\/04\/20\/pai-de-amy-winehouse-perde-acao-sobre-venda-de-bens-da-filha\/#breadcrumb"},"inLanguage":"pt-PT","potentialAction":[{"@type":"ReadAction","target":["https:\/\/portaltela.pt\/noticias\/2026\/04\/20\/pai-de-amy-winehouse-perde-acao-sobre-venda-de-bens-da-filha\/"]}]},{"@type":"ImageObject","inLanguage":"pt-PT","@id":"https:\/\/portaltela.pt\/noticias\/2026\/04\/20\/pai-de-amy-winehouse-perde-acao-sobre-venda-de-bens-da-filha\/#primaryimage","url":"https:\/\/portaltela.pt\/s.01k8rhncp4jt1\/2026\/04\/1536x864_cmsv2_36fb3c94-dfd1-56f5-a8f1-7317d6294ae9-9728668.jpg","contentUrl":"https:\/\/portaltela.pt\/s.01k8rhncp4jt1\/2026\/04\/1536x864_cmsv2_36fb3c94-dfd1-56f5-a8f1-7317d6294ae9-9728668.jpg","width":796,"height":448,"caption":"Pai de Amy Winehouse perde disputa sobre venda dos bens da filha"},{"@type":"BreadcrumbList","@id":"https:\/\/portaltela.pt\/noticias\/2026\/04\/20\/pai-de-amy-winehouse-perde-acao-sobre-venda-de-bens-da-filha\/#breadcrumb","itemListElement":[{"@type":"ListItem","position":1,"name":"In\u00edcio","item":"https:\/\/portaltela.pt\/"},{"@type":"ListItem","position":2,"name":"Pai de Amy Winehouse perde a\u00e7\u00e3o sobre venda de bens da filha"}]},{"@type":"WebSite","@id":"https:\/\/portaltela.pt\/#website","url":"https:\/\/portaltela.pt\/","name":"Portal Tela Portugal","description":"","potentialAction":[{"@type":"SearchAction","target":{"@type":"EntryPoint","urlTemplate":"https:\/\/portaltela.pt\/?s={search_term_string}"},"query-input":{"@type":"PropertyValueSpecification","valueRequired":true,"valueName":"search_term_string"}}],"inLanguage":"pt-PT"},{"@type":"Person","@id":"https:\/\/portaltela.pt\/#\/schema\/person\/c4278d4a6028830caff9ee44b42d32ed","name":"Telinha","image":{"@type":"ImageObject","inLanguage":"pt-PT","@id":"https:\/\/portaltela.pt\/s.01k8rhncp4jt1\/2025\/11\/talking-bot-125x125.png","url":"https:\/\/portaltela.pt\/s.01k8rhncp4jt1\/2025\/11\/talking-bot-125x125.png","contentUrl":"https:\/\/portaltela.pt\/s.01k8rhncp4jt1\/2025\/11\/talking-bot-125x125.png","caption":"Telinha"},"sameAs":["https:\/\/portaltela.pt\/"],"url":"https:\/\/portaltela.pt\/por\/367410592786\/"}]}},"_links":{"self":[{"href":"https:\/\/portaltela.pt\/api\/wp\/v2\/posts\/451327","targetHints":{"allow":["GET"]}}],"collection":[{"href":"https:\/\/portaltela.pt\/api\/wp\/v2\/posts"}],"about":[{"href":"https:\/\/portaltela.pt\/api\/wp\/v2\/types\/post"}],"author":[{"embeddable":true,"href":"https:\/\/portaltela.pt\/api\/wp\/v2\/users\/2"}],"replies":[{"embeddable":true,"href":"https:\/\/portaltela.pt\/api\/wp\/v2\/comments?post=451327"}],"version-history":[{"count":0,"href":"https:\/\/portaltela.pt\/api\/wp\/v2\/posts\/451327\/revisions"}],"wp:featuredmedia":[{"embeddable":true,"href":"https:\/\/portaltela.pt\/api\/wp\/v2\/media\/451328"}],"wp:attachment":[{"href":"https:\/\/portaltela.pt\/api\/wp\/v2\/media?parent=451327"}],"wp:term":[{"taxonomy":"category","embeddable":true,"href":"https:\/\/portaltela.pt\/api\/wp\/v2\/categories?post=451327"},{"taxonomy":"post_tag","embeddable":true,"href":"https:\/\/portaltela.pt\/api\/wp\/v2\/tags?post=451327"}],"curies":[{"name":"wp","href":"https:\/\/api.w.org\/{rel}","templated":true}]}}