{"id":451299,"date":"2026-04-20T09:41:00","date_gmt":"2026-04-20T12:41:00","guid":{"rendered":"https:\/\/portaltela.pt\/noticias\/2026\/04\/20\/bruxelas-propoe-teletrabalho-e-opcoes-sem-carro-nem-aviao-para-reduzir-consumo\/"},"modified":"2026-04-20T09:41:00","modified_gmt":"2026-04-20T12:41:00","slug":"bruxelas-propoe-teletrabalho-e-opcoes-sem-carro-nem-aviao-para-reduzir-consumo","status":"publish","type":"post","link":"https:\/\/portaltela.pt\/meio-ambiente\/2026\/04\/20\/bruxelas-propoe-teletrabalho-e-opcoes-sem-carro-nem-aviao-para-reduzir-consumo\/","title":{"rendered":"Bruxelas prop\u00f5e teletrabalho e op\u00e7\u00f5es sem carro nem avi\u00e3o para reduzir consumo"},"content":{"rendered":"<p>Bruxelas anunciou uma iniciativa destinada a reduzir o consumo de energia na Uni\u00e3o Europeia, promovendo o teletrabalho e alternativas ao uso do autom\u00f3vel e do avi\u00e3o. A medida surge no \u00e2mbito de estrat\u00e9gias da UE para maior sustentabilidade e efici\u00eancia nos deslocamentos.<\/p>\n<p>A proposta envolve a Comiss\u00e3o Europeia e autoridades da Uni\u00e3o, com foco em incentivar empresas e governos a adotarem op\u00e7\u00f5es de trabalho remoto quando poss\u00edvel, bem como vias de mobilidade menos intensivas em carbono. A ideia \u00e9 diminuir a depend\u00eancia de transporte rodovi\u00e1rio e a\u00e9reo.<\/p>\n<p>Segundo os objetivos indicados, a medida visa reduzir emiss\u00f5es, consumo de energia e pegada de carbono associada aos deslocamentos. A implementa\u00e7\u00e3o depende de fases de consulta, adapta\u00e7\u00e3o regulat\u00f3ria e di\u00e1logo com Estados-membros e setores econ\u00f3micos.<\/p>\n<p>As orienta\u00e7\u00f5es da UE apontam para uma transi\u00e7\u00e3o gradual, com metas espec\u00edficas a definir e instrumentos de apoio a infraestruturas digitais e de mobilidade sustent\u00e1vel. A comunica\u00e7\u00e3o oficial n\u00e3o detalha prazos precisos nem custos associados.<\/p>\n","protected":false},"excerpt":{"rendered":"<ul>\n<li>Bruxelas apresenta medidas para reduzir o consumo na Uni\u00e3o Europeia, promovendo teletrabalho e alternativas ao uso de carro e avi\u00e3o.<\/li>\n<li>A ideia \u00e9 incentivar modalidades de trabalho remoto e op\u00e7\u00f5es de mobilidade mais eficientes.<\/li>\n<li>As propostas visam cortar o consumo de recursos e as emiss\u00f5es associadas ao transporte.<\/li>\n<li>O conte\u00fado completo da not\u00edcia est\u00e1 dispon\u00edvel apenas para subscritores, com acesso mediante login.<\/li>\n<li>A iniciativa integra estrat\u00e9gias da UE para uma mobilidade mais sustent\u00e1vel e consumo mais respons\u00e1vel.<\/li>\n<\/ul>\n","protected":false},"author":2,"featured_media":451302,"comment_status":"closed","ping_status":"closed","sticky":false,"template":"","format":"standard","meta":{"footnotes":""},"categories":[7380,6725],"tags":[167,174,3263,2201,4025,192],"class_list":["post-451299","post","type-post","status-publish","format-standard","has-post-thumbnail","hentry","category-clima","category-meio-ambiente","tag-ambiente","tag-energia","tag-mobilidade-urbana","tag-trabalho","tag-transicao-digital","tag-transporte"],"yoast_head":"<!-- This site is optimized with the Yoast SEO plugin v27.2 - https:\/\/yoast.com\/product\/yoast-seo-wordpress\/ -->\n<title>Bruxelas prop\u00f5e teletrabalho e op\u00e7\u00f5es sem carro nem avi\u00e3o para reduzir consumo - Portal Tela Portugal<\/title>\n<meta name=\"robots\" content=\"index, follow, max-snippet:-1, max-image-preview:large, max-video-preview:-1\" \/>\n<meta property=\"og:locale\" content=\"pt_PT\" \/>\n<meta property=\"og:type\" content=\"article\" \/>\n<meta property=\"og:title\" content=\"Bruxelas prop\u00f5e teletrabalho e op\u00e7\u00f5es sem carro nem avi\u00e3o para reduzir consumo - Portal Tela Portugal\" \/>\n<meta property=\"og:description\" content=\"Bruxelas apresenta medidas para reduzir o consumo na Uni\u00e3o Europeia, promovendo teletrabalho e alternativas ao uso de carro e avi\u00e3o. A ideia \u00e9 incentivar modalidades de trabalho remoto e op\u00e7\u00f5es de mobilidade mais eficientes. As propostas visam cortar o consumo de recursos e as emiss\u00f5es associadas ao transporte. O conte\u00fado completo da not\u00edcia est\u00e1 dispon\u00edvel apenas para subscritores, com acesso mediante login. A iniciativa integra estrat\u00e9gias da UE para uma mobilidade mais sustent\u00e1vel e consumo mais respons\u00e1vel.\" \/>\n<meta property=\"og:url\" content=\"https:\/\/portaltela.pt\/noticias\/2026\/04\/20\/bruxelas-propoe-teletrabalho-e-opcoes-sem-carro-nem-aviao-para-reduzir-consumo\/\" \/>\n<meta property=\"og:site_name\" content=\"Portal Tela Portugal\" \/>\n<meta property=\"article:published_time\" content=\"2026-04-20T12:41:00+00:00\" \/>\n<meta name=\"author\" content=\"Telinha\" \/>\n<meta name=\"twitter:card\" content=\"summary_large_image\" \/>\n<meta name=\"twitter:label1\" content=\"Escrito por\" \/>\n\t<meta name=\"twitter:data1\" content=\"Telinha\" \/>\n\t<meta name=\"twitter:label2\" content=\"Tempo estimado de leitura\" \/>\n\t<meta name=\"twitter:data2\" content=\"1 minuto\" \/>\n<script type=\"application\/ld+json\" class=\"yoast-schema-graph\">{\"@context\":\"https:\/\/schema.org\",\"@graph\":[{\"@type\":\"Article\",\"@id\":\"https:\/\/portaltela.pt\/noticias\/2026\/04\/20\/bruxelas-propoe-teletrabalho-e-opcoes-sem-carro-nem-aviao-para-reduzir-consumo\/#article\",\"isPartOf\":{\"@id\":\"https:\/\/portaltela.pt\/noticias\/2026\/04\/20\/bruxelas-propoe-teletrabalho-e-opcoes-sem-carro-nem-aviao-para-reduzir-consumo\/\"},\"author\":{\"name\":\"Telinha\",\"@id\":\"https:\/\/portaltela.pt\/#\/schema\/person\/c4278d4a6028830caff9ee44b42d32ed\"},\"headline\":\"Bruxelas prop\u00f5e teletrabalho e op\u00e7\u00f5es sem carro nem avi\u00e3o para reduzir consumo\",\"datePublished\":\"2026-04-20T12:41:00+00:00\",\"mainEntityOfPage\":{\"@id\":\"https:\/\/portaltela.pt\/noticias\/2026\/04\/20\/bruxelas-propoe-teletrabalho-e-opcoes-sem-carro-nem-aviao-para-reduzir-consumo\/\"},\"wordCount\":195,\"image\":{\"@id\":\"https:\/\/portaltela.pt\/noticias\/2026\/04\/20\/bruxelas-propoe-teletrabalho-e-opcoes-sem-carro-nem-aviao-para-reduzir-consumo\/#primaryimage\"},\"thumbnailUrl\":\"https:\/\/portaltela.pt\/s.01k8rhncp4jt1\/2026\/04\/CACHE_780X1200_ANALOG_WATERMARKED_28452079_3662959_02052020082426.jpeg\",\"keywords\":[\"ambiente\",\"energia\",\"mobilidade urbana\",\"trabalho\",\"Transi\u00e7\u00e3o Digital\",\"transporte\"],\"articleSection\":[\"Clima\",\"Meio Ambiente\"],\"inLanguage\":\"pt-PT\"},{\"@type\":\"WebPage\",\"@id\":\"https:\/\/portaltela.pt\/noticias\/2026\/04\/20\/bruxelas-propoe-teletrabalho-e-opcoes-sem-carro-nem-aviao-para-reduzir-consumo\/\",\"url\":\"https:\/\/portaltela.pt\/noticias\/2026\/04\/20\/bruxelas-propoe-teletrabalho-e-opcoes-sem-carro-nem-aviao-para-reduzir-consumo\/\",\"name\":\"Bruxelas prop\u00f5e teletrabalho e op\u00e7\u00f5es sem carro nem avi\u00e3o para reduzir consumo - Portal Tela Portugal\",\"isPartOf\":{\"@id\":\"https:\/\/portaltela.pt\/#website\"},\"primaryImageOfPage\":{\"@id\":\"https:\/\/portaltela.pt\/noticias\/2026\/04\/20\/bruxelas-propoe-teletrabalho-e-opcoes-sem-carro-nem-aviao-para-reduzir-consumo\/#primaryimage\"},\"image\":{\"@id\":\"https:\/\/portaltela.pt\/noticias\/2026\/04\/20\/bruxelas-propoe-teletrabalho-e-opcoes-sem-carro-nem-aviao-para-reduzir-consumo\/#primaryimage\"},\"thumbnailUrl\":\"https:\/\/portaltela.pt\/s.01k8rhncp4jt1\/2026\/04\/CACHE_780X1200_ANALOG_WATERMARKED_28452079_3662959_02052020082426.jpeg\",\"datePublished\":\"2026-04-20T12:41:00+00:00\",\"author\":{\"@id\":\"https:\/\/portaltela.pt\/#\/schema\/person\/c4278d4a6028830caff9ee44b42d32ed\"},\"breadcrumb\":{\"@id\":\"https:\/\/portaltela.pt\/noticias\/2026\/04\/20\/bruxelas-propoe-teletrabalho-e-opcoes-sem-carro-nem-aviao-para-reduzir-consumo\/#breadcrumb\"},\"inLanguage\":\"pt-PT\",\"potentialAction\":[{\"@type\":\"ReadAction\",\"target\":[\"https:\/\/portaltela.pt\/noticias\/2026\/04\/20\/bruxelas-propoe-teletrabalho-e-opcoes-sem-carro-nem-aviao-para-reduzir-consumo\/\"]}]},{\"@type\":\"ImageObject\",\"inLanguage\":\"pt-PT\",\"@id\":\"https:\/\/portaltela.pt\/noticias\/2026\/04\/20\/bruxelas-propoe-teletrabalho-e-opcoes-sem-carro-nem-aviao-para-reduzir-consumo\/#primaryimage\",\"url\":\"https:\/\/portaltela.pt\/s.01k8rhncp4jt1\/2026\/04\/CACHE_780X1200_ANALOG_WATERMARKED_28452079_3662959_02052020082426.jpeg\",\"contentUrl\":\"https:\/\/portaltela.pt\/s.01k8rhncp4jt1\/2026\/04\/CACHE_780X1200_ANALOG_WATERMARKED_28452079_3662959_02052020082426.jpeg\",\"width\":768,\"height\":512,\"caption\":\"Bruxelas quer teletrabalho e alternativas ao carro e avi\u00e3o para menos consumo na UE\"},{\"@type\":\"BreadcrumbList\",\"@id\":\"https:\/\/portaltela.pt\/noticias\/2026\/04\/20\/bruxelas-propoe-teletrabalho-e-opcoes-sem-carro-nem-aviao-para-reduzir-consumo\/#breadcrumb\",\"itemListElement\":[{\"@type\":\"ListItem\",\"position\":1,\"name\":\"In\u00edcio\",\"item\":\"https:\/\/portaltela.pt\/\"},{\"@type\":\"ListItem\",\"position\":2,\"name\":\"Bruxelas prop\u00f5e teletrabalho e op\u00e7\u00f5es sem carro nem avi\u00e3o para reduzir consumo\"}]},{\"@type\":\"WebSite\",\"@id\":\"https:\/\/portaltela.pt\/#website\",\"url\":\"https:\/\/portaltela.pt\/\",\"name\":\"Portal Tela Portugal\",\"description\":\"\",\"potentialAction\":[{\"@type\":\"SearchAction\",\"target\":{\"@type\":\"EntryPoint\",\"urlTemplate\":\"https:\/\/portaltela.pt\/?s={search_term_string}\"},\"query-input\":{\"@type\":\"PropertyValueSpecification\",\"valueRequired\":true,\"valueName\":\"search_term_string\"}}],\"inLanguage\":\"pt-PT\"},{\"@type\":\"Person\",\"@id\":\"https:\/\/portaltela.pt\/#\/schema\/person\/c4278d4a6028830caff9ee44b42d32ed\",\"name\":\"Telinha\",\"image\":{\"@type\":\"ImageObject\",\"inLanguage\":\"pt-PT\",\"@id\":\"https:\/\/portaltela.pt\/s.01k8rhncp4jt1\/2025\/11\/talking-bot-125x125.png\",\"url\":\"https:\/\/portaltela.pt\/s.01k8rhncp4jt1\/2025\/11\/talking-bot-125x125.png\",\"contentUrl\":\"https:\/\/portaltela.pt\/s.01k8rhncp4jt1\/2025\/11\/talking-bot-125x125.png\",\"caption\":\"Telinha\"},\"sameAs\":[\"https:\/\/portaltela.pt\/\"],\"url\":\"https:\/\/portaltela.pt\/por\/367410592786\/\"}]}<\/script>\n<!-- \/ Yoast SEO plugin. -->","yoast_head_json":{"title":"Bruxelas prop\u00f5e teletrabalho e op\u00e7\u00f5es sem carro nem avi\u00e3o para reduzir consumo - Portal Tela Portugal","robots":{"index":"index","follow":"follow","max-snippet":"max-snippet:-1","max-image-preview":"max-image-preview:large","max-video-preview":"max-video-preview:-1"},"og_locale":"pt_PT","og_type":"article","og_title":"Bruxelas prop\u00f5e teletrabalho e op\u00e7\u00f5es sem carro nem avi\u00e3o para reduzir consumo - Portal Tela Portugal","og_description":"Bruxelas apresenta medidas para reduzir o consumo na Uni\u00e3o Europeia, promovendo teletrabalho e alternativas ao uso de carro e avi\u00e3o. A ideia \u00e9 incentivar modalidades de trabalho remoto e op\u00e7\u00f5es de mobilidade mais eficientes. As propostas visam cortar o consumo de recursos e as emiss\u00f5es associadas ao transporte. O conte\u00fado completo da not\u00edcia est\u00e1 dispon\u00edvel apenas para subscritores, com acesso mediante login. A iniciativa integra estrat\u00e9gias da UE para uma mobilidade mais sustent\u00e1vel e consumo mais respons\u00e1vel.","og_url":"https:\/\/portaltela.pt\/noticias\/2026\/04\/20\/bruxelas-propoe-teletrabalho-e-opcoes-sem-carro-nem-aviao-para-reduzir-consumo\/","og_site_name":"Portal Tela Portugal","article_published_time":"2026-04-20T12:41:00+00:00","author":"Telinha","twitter_card":"summary_large_image","twitter_misc":{"Escrito por":"Telinha","Tempo estimado de leitura":"1 minuto"},"schema":{"@context":"https:\/\/schema.org","@graph":[{"@type":"Article","@id":"https:\/\/portaltela.pt\/noticias\/2026\/04\/20\/bruxelas-propoe-teletrabalho-e-opcoes-sem-carro-nem-aviao-para-reduzir-consumo\/#article","isPartOf":{"@id":"https:\/\/portaltela.pt\/noticias\/2026\/04\/20\/bruxelas-propoe-teletrabalho-e-opcoes-sem-carro-nem-aviao-para-reduzir-consumo\/"},"author":{"name":"Telinha","@id":"https:\/\/portaltela.pt\/#\/schema\/person\/c4278d4a6028830caff9ee44b42d32ed"},"headline":"Bruxelas prop\u00f5e teletrabalho e op\u00e7\u00f5es sem carro nem avi\u00e3o para reduzir consumo","datePublished":"2026-04-20T12:41:00+00:00","mainEntityOfPage":{"@id":"https:\/\/portaltela.pt\/noticias\/2026\/04\/20\/bruxelas-propoe-teletrabalho-e-opcoes-sem-carro-nem-aviao-para-reduzir-consumo\/"},"wordCount":195,"image":{"@id":"https:\/\/portaltela.pt\/noticias\/2026\/04\/20\/bruxelas-propoe-teletrabalho-e-opcoes-sem-carro-nem-aviao-para-reduzir-consumo\/#primaryimage"},"thumbnailUrl":"https:\/\/portaltela.pt\/s.01k8rhncp4jt1\/2026\/04\/CACHE_780X1200_ANALOG_WATERMARKED_28452079_3662959_02052020082426.jpeg","keywords":["ambiente","energia","mobilidade urbana","trabalho","Transi\u00e7\u00e3o Digital","transporte"],"articleSection":["Clima","Meio Ambiente"],"inLanguage":"pt-PT"},{"@type":"WebPage","@id":"https:\/\/portaltela.pt\/noticias\/2026\/04\/20\/bruxelas-propoe-teletrabalho-e-opcoes-sem-carro-nem-aviao-para-reduzir-consumo\/","url":"https:\/\/portaltela.pt\/noticias\/2026\/04\/20\/bruxelas-propoe-teletrabalho-e-opcoes-sem-carro-nem-aviao-para-reduzir-consumo\/","name":"Bruxelas prop\u00f5e teletrabalho e op\u00e7\u00f5es sem carro nem avi\u00e3o para reduzir consumo - Portal Tela Portugal","isPartOf":{"@id":"https:\/\/portaltela.pt\/#website"},"primaryImageOfPage":{"@id":"https:\/\/portaltela.pt\/noticias\/2026\/04\/20\/bruxelas-propoe-teletrabalho-e-opcoes-sem-carro-nem-aviao-para-reduzir-consumo\/#primaryimage"},"image":{"@id":"https:\/\/portaltela.pt\/noticias\/2026\/04\/20\/bruxelas-propoe-teletrabalho-e-opcoes-sem-carro-nem-aviao-para-reduzir-consumo\/#primaryimage"},"thumbnailUrl":"https:\/\/portaltela.pt\/s.01k8rhncp4jt1\/2026\/04\/CACHE_780X1200_ANALOG_WATERMARKED_28452079_3662959_02052020082426.jpeg","datePublished":"2026-04-20T12:41:00+00:00","author":{"@id":"https:\/\/portaltela.pt\/#\/schema\/person\/c4278d4a6028830caff9ee44b42d32ed"},"breadcrumb":{"@id":"https:\/\/portaltela.pt\/noticias\/2026\/04\/20\/bruxelas-propoe-teletrabalho-e-opcoes-sem-carro-nem-aviao-para-reduzir-consumo\/#breadcrumb"},"inLanguage":"pt-PT","potentialAction":[{"@type":"ReadAction","target":["https:\/\/portaltela.pt\/noticias\/2026\/04\/20\/bruxelas-propoe-teletrabalho-e-opcoes-sem-carro-nem-aviao-para-reduzir-consumo\/"]}]},{"@type":"ImageObject","inLanguage":"pt-PT","@id":"https:\/\/portaltela.pt\/noticias\/2026\/04\/20\/bruxelas-propoe-teletrabalho-e-opcoes-sem-carro-nem-aviao-para-reduzir-consumo\/#primaryimage","url":"https:\/\/portaltela.pt\/s.01k8rhncp4jt1\/2026\/04\/CACHE_780X1200_ANALOG_WATERMARKED_28452079_3662959_02052020082426.jpeg","contentUrl":"https:\/\/portaltela.pt\/s.01k8rhncp4jt1\/2026\/04\/CACHE_780X1200_ANALOG_WATERMARKED_28452079_3662959_02052020082426.jpeg","width":768,"height":512,"caption":"Bruxelas quer teletrabalho e alternativas ao carro e avi\u00e3o para menos consumo na UE"},{"@type":"BreadcrumbList","@id":"https:\/\/portaltela.pt\/noticias\/2026\/04\/20\/bruxelas-propoe-teletrabalho-e-opcoes-sem-carro-nem-aviao-para-reduzir-consumo\/#breadcrumb","itemListElement":[{"@type":"ListItem","position":1,"name":"In\u00edcio","item":"https:\/\/portaltela.pt\/"},{"@type":"ListItem","position":2,"name":"Bruxelas prop\u00f5e teletrabalho e op\u00e7\u00f5es sem carro nem avi\u00e3o para reduzir consumo"}]},{"@type":"WebSite","@id":"https:\/\/portaltela.pt\/#website","url":"https:\/\/portaltela.pt\/","name":"Portal Tela Portugal","description":"","potentialAction":[{"@type":"SearchAction","target":{"@type":"EntryPoint","urlTemplate":"https:\/\/portaltela.pt\/?s={search_term_string}"},"query-input":{"@type":"PropertyValueSpecification","valueRequired":true,"valueName":"search_term_string"}}],"inLanguage":"pt-PT"},{"@type":"Person","@id":"https:\/\/portaltela.pt\/#\/schema\/person\/c4278d4a6028830caff9ee44b42d32ed","name":"Telinha","image":{"@type":"ImageObject","inLanguage":"pt-PT","@id":"https:\/\/portaltela.pt\/s.01k8rhncp4jt1\/2025\/11\/talking-bot-125x125.png","url":"https:\/\/portaltela.pt\/s.01k8rhncp4jt1\/2025\/11\/talking-bot-125x125.png","contentUrl":"https:\/\/portaltela.pt\/s.01k8rhncp4jt1\/2025\/11\/talking-bot-125x125.png","caption":"Telinha"},"sameAs":["https:\/\/portaltela.pt\/"],"url":"https:\/\/portaltela.pt\/por\/367410592786\/"}]}},"_links":{"self":[{"href":"https:\/\/portaltela.pt\/api\/wp\/v2\/posts\/451299","targetHints":{"allow":["GET"]}}],"collection":[{"href":"https:\/\/portaltela.pt\/api\/wp\/v2\/posts"}],"about":[{"href":"https:\/\/portaltela.pt\/api\/wp\/v2\/types\/post"}],"author":[{"embeddable":true,"href":"https:\/\/portaltela.pt\/api\/wp\/v2\/users\/2"}],"replies":[{"embeddable":true,"href":"https:\/\/portaltela.pt\/api\/wp\/v2\/comments?post=451299"}],"version-history":[{"count":0,"href":"https:\/\/portaltela.pt\/api\/wp\/v2\/posts\/451299\/revisions"}],"wp:featuredmedia":[{"embeddable":true,"href":"https:\/\/portaltela.pt\/api\/wp\/v2\/media\/451302"}],"wp:attachment":[{"href":"https:\/\/portaltela.pt\/api\/wp\/v2\/media?parent=451299"}],"wp:term":[{"taxonomy":"category","embeddable":true,"href":"https:\/\/portaltela.pt\/api\/wp\/v2\/categories?post=451299"},{"taxonomy":"post_tag","embeddable":true,"href":"https:\/\/portaltela.pt\/api\/wp\/v2\/tags?post=451299"}],"curies":[{"name":"wp","href":"https:\/\/api.w.org\/{rel}","templated":true}]}}