{"id":451274,"date":"2026-04-20T10:18:07","date_gmt":"2026-04-20T13:18:07","guid":{"rendered":"https:\/\/portaltela.pt\/noticias\/2026\/04\/20\/psg-esclarece-lesao-de-vitinha-e-impacto-no-plantel\/"},"modified":"2026-04-20T10:18:07","modified_gmt":"2026-04-20T13:18:07","slug":"psg-esclarece-lesao-de-vitinha-e-impacto-no-plantel","status":"publish","type":"post","link":"https:\/\/portaltela.pt\/desporto\/futebol\/2026\/04\/20\/psg-esclarece-lesao-de-vitinha-e-impacto-no-plantel\/","title":{"rendered":"PSG esclarece les\u00e3o de Vitinha e impacto no plantel"},"content":{"rendered":"<p>Vitinha foi substitu\u00eddo aos 39 minutos na derrota do PSG frente ao Lyon, em Montreal, num jogo da Ligue 1. O m\u00e9dio portugu\u00eas apresentou uma inflama\u00e7\u00e3o no calcanhar direito, o que levou \u00e0 substitui\u00e7\u00e3o e \u00e0s indica\u00e7\u00f5es m\u00e9dicas subsequentes.<\/p>\n<p>O PSG confirmou, atrav\u00e9s de um comunicado, que o jogador ficar\u00e1 sob acompanhamento m\u00e9dico nos pr\u00f3ximos dias e ser\u00e1 reavaliado no final desta semana. N\u00e3o se antecipa uma recupera\u00e7\u00e3o r\u00e1pida, embora o clube mantenha a esperan\u00e7a de contar com Vitinha para a fase decisiva da \u00e9poca.<\/p>\n<h3>Situa\u00e7\u00e3o atual e pr\u00f3ximos encontros<\/h3>\n<p>Vitinha n\u00e3o poder\u00e1 disputar o jogo de quarta-feira frente ao Nantes. O PSG, no entanto, pretende ter o jogador dispon\u00edvel para as meias-finais da Champions League frente ao Bayern, com o duelo da primeira m\u00e3o agendado para o dia 28. A evolu\u00e7\u00e3o cl\u00ednica ser\u00e1 acompanhada de perto pela equipa m\u00e9dica do clube.<\/p>\n","protected":false},"excerpt":{"rendered":"<ul>\n<li>Vitinha, m\u00e9dio internacional portugu\u00eas, foi substitu\u00eddo aos 39 minutos na derrota do PSG por 2-1 frente ao Lyon.<\/li>\n<li>O jogador foi diagnosticado com uma inflama\u00e7\u00e3o no calcanhar direito e ficar\u00e1 sob acompanhamento m\u00e9dico nos pr\u00f3ximos dias, com reavalia\u00e7\u00e3o no final da semana.<\/li>\n<li>Vai falhar o jogo de quarta-feira frente ao Nantes.<\/li>\n<li>O PSG mant\u00e9m a expectativa de contar com ele para a fase decisiva da \u00e9poca, especialmente para as meias-finais da Liga dos Campe\u00f5es diante do Bayern (1.\u00aa m\u00e3o a 28).<\/li>\n<\/ul>\n","protected":false},"author":2,"featured_media":451283,"comment_status":"closed","ping_status":"closed","sticky":false,"template":"","format":"standard","meta":{"footnotes":""},"categories":[21,24],"tags":[3577,1367,32,3338,2346,1014],"class_list":["post-451274","post","type-post","status-publish","format-standard","has-post-thumbnail","hentry","category-desporto","category-futebol","tag-champions-league","tag-clubes","tag-futebol","tag-futebol-internacional","tag-ligue","tag-portugal"],"yoast_head":"<!-- This site is optimized with the Yoast SEO plugin v27.2 - https:\/\/yoast.com\/product\/yoast-seo-wordpress\/ -->\n<title>PSG esclarece les\u00e3o de Vitinha e impacto no plantel - Portal Tela Portugal<\/title>\n<meta name=\"robots\" content=\"index, follow, max-snippet:-1, max-image-preview:large, max-video-preview:-1\" \/>\n<meta property=\"og:locale\" content=\"pt_PT\" \/>\n<meta property=\"og:type\" content=\"article\" \/>\n<meta property=\"og:title\" content=\"PSG esclarece les\u00e3o de Vitinha e impacto no plantel - Portal Tela Portugal\" \/>\n<meta property=\"og:description\" content=\"Vitinha, m\u00e9dio internacional portugu\u00eas, foi substitu\u00eddo aos 39 minutos na derrota do PSG por 2-1 frente ao Lyon. O jogador foi diagnosticado com uma inflama\u00e7\u00e3o no calcanhar direito e ficar\u00e1 sob acompanhamento m\u00e9dico nos pr\u00f3ximos dias, com reavalia\u00e7\u00e3o no final da semana. Vai falhar o jogo de quarta-feira frente ao Nantes. O PSG mant\u00e9m a expectativa de contar com ele para a fase decisiva da \u00e9poca, especialmente para as meias-finais da Liga dos Campe\u00f5es diante do Bayern (1.\u00aa m\u00e3o a 28).\" \/>\n<meta property=\"og:url\" content=\"https:\/\/portaltela.pt\/noticias\/2026\/04\/20\/psg-esclarece-lesao-de-vitinha-e-impacto-no-plantel\/\" \/>\n<meta property=\"og:site_name\" content=\"Portal Tela Portugal\" \/>\n<meta property=\"article:published_time\" content=\"2026-04-20T13:18:07+00:00\" \/>\n<meta name=\"author\" content=\"Telinha\" \/>\n<meta name=\"twitter:card\" content=\"summary_large_image\" \/>\n<meta name=\"twitter:label1\" content=\"Escrito por\" \/>\n\t<meta name=\"twitter:data1\" content=\"Telinha\" \/>\n\t<meta name=\"twitter:label2\" content=\"Tempo estimado de leitura\" \/>\n\t<meta name=\"twitter:data2\" content=\"1 minuto\" \/>\n<script type=\"application\/ld+json\" class=\"yoast-schema-graph\">{\"@context\":\"https:\/\/schema.org\",\"@graph\":[{\"@type\":\"Article\",\"@id\":\"https:\/\/portaltela.pt\/noticias\/2026\/04\/20\/psg-esclarece-lesao-de-vitinha-e-impacto-no-plantel\/#article\",\"isPartOf\":{\"@id\":\"https:\/\/portaltela.pt\/noticias\/2026\/04\/20\/psg-esclarece-lesao-de-vitinha-e-impacto-no-plantel\/\"},\"author\":{\"name\":\"Telinha\",\"@id\":\"https:\/\/portaltela.pt\/#\/schema\/person\/c4278d4a6028830caff9ee44b42d32ed\"},\"headline\":\"PSG esclarece les\u00e3o de Vitinha e impacto no plantel\",\"datePublished\":\"2026-04-20T13:18:07+00:00\",\"mainEntityOfPage\":{\"@id\":\"https:\/\/portaltela.pt\/noticias\/2026\/04\/20\/psg-esclarece-lesao-de-vitinha-e-impacto-no-plantel\/\"},\"wordCount\":170,\"image\":{\"@id\":\"https:\/\/portaltela.pt\/noticias\/2026\/04\/20\/psg-esclarece-lesao-de-vitinha-e-impacto-no-plantel\/#primaryimage\"},\"thumbnailUrl\":\"https:\/\/portaltela.pt\/s.01k8rhncp4jt1\/2026\/04\/img_920x518uu2026-04-20-14-01-25-2434250-im-639122905072418102.jpg\",\"keywords\":[\"Champions League\",\"clubes\",\"futebol\",\"futebol internacional\",\"Ligue\",\"Portugal\"],\"articleSection\":[\"Desporto\",\"Futebol\"],\"inLanguage\":\"pt-PT\"},{\"@type\":\"WebPage\",\"@id\":\"https:\/\/portaltela.pt\/noticias\/2026\/04\/20\/psg-esclarece-lesao-de-vitinha-e-impacto-no-plantel\/\",\"url\":\"https:\/\/portaltela.pt\/noticias\/2026\/04\/20\/psg-esclarece-lesao-de-vitinha-e-impacto-no-plantel\/\",\"name\":\"PSG esclarece les\u00e3o de Vitinha e impacto no plantel - Portal Tela Portugal\",\"isPartOf\":{\"@id\":\"https:\/\/portaltela.pt\/#website\"},\"primaryImageOfPage\":{\"@id\":\"https:\/\/portaltela.pt\/noticias\/2026\/04\/20\/psg-esclarece-lesao-de-vitinha-e-impacto-no-plantel\/#primaryimage\"},\"image\":{\"@id\":\"https:\/\/portaltela.pt\/noticias\/2026\/04\/20\/psg-esclarece-lesao-de-vitinha-e-impacto-no-plantel\/#primaryimage\"},\"thumbnailUrl\":\"https:\/\/portaltela.pt\/s.01k8rhncp4jt1\/2026\/04\/img_920x518uu2026-04-20-14-01-25-2434250-im-639122905072418102.jpg\",\"datePublished\":\"2026-04-20T13:18:07+00:00\",\"author\":{\"@id\":\"https:\/\/portaltela.pt\/#\/schema\/person\/c4278d4a6028830caff9ee44b42d32ed\"},\"breadcrumb\":{\"@id\":\"https:\/\/portaltela.pt\/noticias\/2026\/04\/20\/psg-esclarece-lesao-de-vitinha-e-impacto-no-plantel\/#breadcrumb\"},\"inLanguage\":\"pt-PT\",\"potentialAction\":[{\"@type\":\"ReadAction\",\"target\":[\"https:\/\/portaltela.pt\/noticias\/2026\/04\/20\/psg-esclarece-lesao-de-vitinha-e-impacto-no-plantel\/\"]}]},{\"@type\":\"ImageObject\",\"inLanguage\":\"pt-PT\",\"@id\":\"https:\/\/portaltela.pt\/noticias\/2026\/04\/20\/psg-esclarece-lesao-de-vitinha-e-impacto-no-plantel\/#primaryimage\",\"url\":\"https:\/\/portaltela.pt\/s.01k8rhncp4jt1\/2026\/04\/img_920x518uu2026-04-20-14-01-25-2434250-im-639122905072418102.jpg\",\"contentUrl\":\"https:\/\/portaltela.pt\/s.01k8rhncp4jt1\/2026\/04\/img_920x518uu2026-04-20-14-01-25-2434250-im-639122905072418102.jpg\",\"width\":796,\"height\":448,\"caption\":\"Vitinha\"},{\"@type\":\"BreadcrumbList\",\"@id\":\"https:\/\/portaltela.pt\/noticias\/2026\/04\/20\/psg-esclarece-lesao-de-vitinha-e-impacto-no-plantel\/#breadcrumb\",\"itemListElement\":[{\"@type\":\"ListItem\",\"position\":1,\"name\":\"In\u00edcio\",\"item\":\"https:\/\/portaltela.pt\/\"},{\"@type\":\"ListItem\",\"position\":2,\"name\":\"PSG esclarece les\u00e3o de Vitinha e impacto no plantel\"}]},{\"@type\":\"WebSite\",\"@id\":\"https:\/\/portaltela.pt\/#website\",\"url\":\"https:\/\/portaltela.pt\/\",\"name\":\"Portal Tela Portugal\",\"description\":\"\",\"potentialAction\":[{\"@type\":\"SearchAction\",\"target\":{\"@type\":\"EntryPoint\",\"urlTemplate\":\"https:\/\/portaltela.pt\/?s={search_term_string}\"},\"query-input\":{\"@type\":\"PropertyValueSpecification\",\"valueRequired\":true,\"valueName\":\"search_term_string\"}}],\"inLanguage\":\"pt-PT\"},{\"@type\":\"Person\",\"@id\":\"https:\/\/portaltela.pt\/#\/schema\/person\/c4278d4a6028830caff9ee44b42d32ed\",\"name\":\"Telinha\",\"image\":{\"@type\":\"ImageObject\",\"inLanguage\":\"pt-PT\",\"@id\":\"https:\/\/portaltela.pt\/s.01k8rhncp4jt1\/2025\/11\/talking-bot-125x125.png\",\"url\":\"https:\/\/portaltela.pt\/s.01k8rhncp4jt1\/2025\/11\/talking-bot-125x125.png\",\"contentUrl\":\"https:\/\/portaltela.pt\/s.01k8rhncp4jt1\/2025\/11\/talking-bot-125x125.png\",\"caption\":\"Telinha\"},\"sameAs\":[\"https:\/\/portaltela.pt\/\"],\"url\":\"https:\/\/portaltela.pt\/por\/367410592786\/\"}]}<\/script>\n<!-- \/ Yoast SEO plugin. -->","yoast_head_json":{"title":"PSG esclarece les\u00e3o de Vitinha e impacto no plantel - Portal Tela Portugal","robots":{"index":"index","follow":"follow","max-snippet":"max-snippet:-1","max-image-preview":"max-image-preview:large","max-video-preview":"max-video-preview:-1"},"og_locale":"pt_PT","og_type":"article","og_title":"PSG esclarece les\u00e3o de Vitinha e impacto no plantel - Portal Tela Portugal","og_description":"Vitinha, m\u00e9dio internacional portugu\u00eas, foi substitu\u00eddo aos 39 minutos na derrota do PSG por 2-1 frente ao Lyon. O jogador foi diagnosticado com uma inflama\u00e7\u00e3o no calcanhar direito e ficar\u00e1 sob acompanhamento m\u00e9dico nos pr\u00f3ximos dias, com reavalia\u00e7\u00e3o no final da semana. Vai falhar o jogo de quarta-feira frente ao Nantes. O PSG mant\u00e9m a expectativa de contar com ele para a fase decisiva da \u00e9poca, especialmente para as meias-finais da Liga dos Campe\u00f5es diante do Bayern (1.\u00aa m\u00e3o a 28).","og_url":"https:\/\/portaltela.pt\/noticias\/2026\/04\/20\/psg-esclarece-lesao-de-vitinha-e-impacto-no-plantel\/","og_site_name":"Portal Tela Portugal","article_published_time":"2026-04-20T13:18:07+00:00","author":"Telinha","twitter_card":"summary_large_image","twitter_misc":{"Escrito por":"Telinha","Tempo estimado de leitura":"1 minuto"},"schema":{"@context":"https:\/\/schema.org","@graph":[{"@type":"Article","@id":"https:\/\/portaltela.pt\/noticias\/2026\/04\/20\/psg-esclarece-lesao-de-vitinha-e-impacto-no-plantel\/#article","isPartOf":{"@id":"https:\/\/portaltela.pt\/noticias\/2026\/04\/20\/psg-esclarece-lesao-de-vitinha-e-impacto-no-plantel\/"},"author":{"name":"Telinha","@id":"https:\/\/portaltela.pt\/#\/schema\/person\/c4278d4a6028830caff9ee44b42d32ed"},"headline":"PSG esclarece les\u00e3o de Vitinha e impacto no plantel","datePublished":"2026-04-20T13:18:07+00:00","mainEntityOfPage":{"@id":"https:\/\/portaltela.pt\/noticias\/2026\/04\/20\/psg-esclarece-lesao-de-vitinha-e-impacto-no-plantel\/"},"wordCount":170,"image":{"@id":"https:\/\/portaltela.pt\/noticias\/2026\/04\/20\/psg-esclarece-lesao-de-vitinha-e-impacto-no-plantel\/#primaryimage"},"thumbnailUrl":"https:\/\/portaltela.pt\/s.01k8rhncp4jt1\/2026\/04\/img_920x518uu2026-04-20-14-01-25-2434250-im-639122905072418102.jpg","keywords":["Champions League","clubes","futebol","futebol internacional","Ligue","Portugal"],"articleSection":["Desporto","Futebol"],"inLanguage":"pt-PT"},{"@type":"WebPage","@id":"https:\/\/portaltela.pt\/noticias\/2026\/04\/20\/psg-esclarece-lesao-de-vitinha-e-impacto-no-plantel\/","url":"https:\/\/portaltela.pt\/noticias\/2026\/04\/20\/psg-esclarece-lesao-de-vitinha-e-impacto-no-plantel\/","name":"PSG esclarece les\u00e3o de Vitinha e impacto no plantel - Portal Tela Portugal","isPartOf":{"@id":"https:\/\/portaltela.pt\/#website"},"primaryImageOfPage":{"@id":"https:\/\/portaltela.pt\/noticias\/2026\/04\/20\/psg-esclarece-lesao-de-vitinha-e-impacto-no-plantel\/#primaryimage"},"image":{"@id":"https:\/\/portaltela.pt\/noticias\/2026\/04\/20\/psg-esclarece-lesao-de-vitinha-e-impacto-no-plantel\/#primaryimage"},"thumbnailUrl":"https:\/\/portaltela.pt\/s.01k8rhncp4jt1\/2026\/04\/img_920x518uu2026-04-20-14-01-25-2434250-im-639122905072418102.jpg","datePublished":"2026-04-20T13:18:07+00:00","author":{"@id":"https:\/\/portaltela.pt\/#\/schema\/person\/c4278d4a6028830caff9ee44b42d32ed"},"breadcrumb":{"@id":"https:\/\/portaltela.pt\/noticias\/2026\/04\/20\/psg-esclarece-lesao-de-vitinha-e-impacto-no-plantel\/#breadcrumb"},"inLanguage":"pt-PT","potentialAction":[{"@type":"ReadAction","target":["https:\/\/portaltela.pt\/noticias\/2026\/04\/20\/psg-esclarece-lesao-de-vitinha-e-impacto-no-plantel\/"]}]},{"@type":"ImageObject","inLanguage":"pt-PT","@id":"https:\/\/portaltela.pt\/noticias\/2026\/04\/20\/psg-esclarece-lesao-de-vitinha-e-impacto-no-plantel\/#primaryimage","url":"https:\/\/portaltela.pt\/s.01k8rhncp4jt1\/2026\/04\/img_920x518uu2026-04-20-14-01-25-2434250-im-639122905072418102.jpg","contentUrl":"https:\/\/portaltela.pt\/s.01k8rhncp4jt1\/2026\/04\/img_920x518uu2026-04-20-14-01-25-2434250-im-639122905072418102.jpg","width":796,"height":448,"caption":"Vitinha"},{"@type":"BreadcrumbList","@id":"https:\/\/portaltela.pt\/noticias\/2026\/04\/20\/psg-esclarece-lesao-de-vitinha-e-impacto-no-plantel\/#breadcrumb","itemListElement":[{"@type":"ListItem","position":1,"name":"In\u00edcio","item":"https:\/\/portaltela.pt\/"},{"@type":"ListItem","position":2,"name":"PSG esclarece les\u00e3o de Vitinha e impacto no plantel"}]},{"@type":"WebSite","@id":"https:\/\/portaltela.pt\/#website","url":"https:\/\/portaltela.pt\/","name":"Portal Tela Portugal","description":"","potentialAction":[{"@type":"SearchAction","target":{"@type":"EntryPoint","urlTemplate":"https:\/\/portaltela.pt\/?s={search_term_string}"},"query-input":{"@type":"PropertyValueSpecification","valueRequired":true,"valueName":"search_term_string"}}],"inLanguage":"pt-PT"},{"@type":"Person","@id":"https:\/\/portaltela.pt\/#\/schema\/person\/c4278d4a6028830caff9ee44b42d32ed","name":"Telinha","image":{"@type":"ImageObject","inLanguage":"pt-PT","@id":"https:\/\/portaltela.pt\/s.01k8rhncp4jt1\/2025\/11\/talking-bot-125x125.png","url":"https:\/\/portaltela.pt\/s.01k8rhncp4jt1\/2025\/11\/talking-bot-125x125.png","contentUrl":"https:\/\/portaltela.pt\/s.01k8rhncp4jt1\/2025\/11\/talking-bot-125x125.png","caption":"Telinha"},"sameAs":["https:\/\/portaltela.pt\/"],"url":"https:\/\/portaltela.pt\/por\/367410592786\/"}]}},"_links":{"self":[{"href":"https:\/\/portaltela.pt\/api\/wp\/v2\/posts\/451274","targetHints":{"allow":["GET"]}}],"collection":[{"href":"https:\/\/portaltela.pt\/api\/wp\/v2\/posts"}],"about":[{"href":"https:\/\/portaltela.pt\/api\/wp\/v2\/types\/post"}],"author":[{"embeddable":true,"href":"https:\/\/portaltela.pt\/api\/wp\/v2\/users\/2"}],"replies":[{"embeddable":true,"href":"https:\/\/portaltela.pt\/api\/wp\/v2\/comments?post=451274"}],"version-history":[{"count":0,"href":"https:\/\/portaltela.pt\/api\/wp\/v2\/posts\/451274\/revisions"}],"wp:featuredmedia":[{"embeddable":true,"href":"https:\/\/portaltela.pt\/api\/wp\/v2\/media\/451283"}],"wp:attachment":[{"href":"https:\/\/portaltela.pt\/api\/wp\/v2\/media?parent=451274"}],"wp:term":[{"taxonomy":"category","embeddable":true,"href":"https:\/\/portaltela.pt\/api\/wp\/v2\/categories?post=451274"},{"taxonomy":"post_tag","embeddable":true,"href":"https:\/\/portaltela.pt\/api\/wp\/v2\/tags?post=451274"}],"curies":[{"name":"wp","href":"https:\/\/api.w.org\/{rel}","templated":true}]}}