{"id":451250,"date":"2026-04-20T09:48:12","date_gmt":"2026-04-20T12:48:12","guid":{"rendered":"https:\/\/portaltela.pt\/noticias\/2026\/04\/20\/morita-admite-semana-dura-e-agradece-apoio-dos-adeptos-do-sporting\/"},"modified":"2026-04-20T09:48:12","modified_gmt":"2026-04-20T12:48:12","slug":"morita-admite-semana-dura-e-agradece-apoio-dos-adeptos-do-sporting","status":"publish","type":"post","link":"https:\/\/portaltela.pt\/desporto\/futebol\/2026\/04\/20\/morita-admite-semana-dura-e-agradece-apoio-dos-adeptos-do-sporting\/","title":{"rendered":"Morita admite semana dura e agradece apoio dos adeptos do Sporting"},"content":{"rendered":"<p>M\u00e9dio Morita fez uma an\u00e1lise \u00e0 janela recente de jogos do Sporting CP, ap\u00f3s a elimina\u00e7\u00e3o da Liga dos Campe\u00f5es frente ao Arsenal e a derrota no d\u00e9rbi com o Benfica. O jogador disse que foi uma semana dura para a equipa.<\/p>\n<p>Acontecimento principal ocorreu em pleno d\u00e9rbi, com Morita envolvido na jogada do pen\u00e1lti que abriu o marcador para o Benfica. Posteriormente, marcou o golo do empate dos le\u00f5es, que ficou interrompido j\u00e1 nos descontos por Rafa.<\/p>\n<p>A derrota no campeonato e a elimina\u00e7\u00e3o europeia deixaram o japon\u00eas desiludido, mas tamb\u00e9m reconheceu o apoio dos adeptos. A mensagem foi partilhada no perfil pessoal de Morita nas redes sociais.<\/p>\n<p>Morita acrescentou que a equipa merecia mais nos dois encontros mencionados, mantendo o foco na recupera\u00e7\u00e3o e no regresso aos resultados positivos na reta final da \u00e9poca.<\/p>\n","protected":false},"excerpt":{"rendered":"<ul>\n<li>Morita admite uma \u201csemana dura\u201d e agradece o apoio dos adeptos do Sporting.<\/li>\n<li>O m\u00e9dio japon\u00eas diz que a equipa merecia mais ap\u00f3s a elimina\u00e7\u00e3o frente ao Arsenal.<\/li>\n<li>Tamb\u00e9m lamenta a derrota no d\u00e9rbi com o Benfica, por 1-2, onde originou o pen\u00e1lti do primeiro golo.<\/li>\n<li>Morita marcou o golo do empate dos le\u00f5es, que foi desfeito nos descontos por Rafa.<\/li>\n<li>A mensagem foi partilhada pelo internacional japon\u00eas na sua conta de Instagram.<\/li>\n<\/ul>\n","protected":false},"author":2,"featured_media":451257,"comment_status":"closed","ping_status":"closed","sticky":false,"template":"","format":"standard","meta":{"footnotes":""},"categories":[21,24],"tags":[2533,3852,1946,5185,32,1652],"class_list":["post-451250","post","type-post","status-publish","format-standard","has-post-thumbnail","hentry","category-desporto","category-futebol","tag-adeptos","tag-arsenal","tag-benfica","tag-eliminacao","tag-futebol","tag-sporting"],"yoast_head":"<!-- This site is optimized with the Yoast SEO plugin v27.2 - https:\/\/yoast.com\/product\/yoast-seo-wordpress\/ -->\n<title>Morita admite semana dura e agradece apoio dos adeptos do Sporting - Portal Tela Portugal<\/title>\n<meta name=\"robots\" content=\"index, follow, max-snippet:-1, max-image-preview:large, max-video-preview:-1\" \/>\n<meta property=\"og:locale\" content=\"pt_PT\" \/>\n<meta property=\"og:type\" content=\"article\" \/>\n<meta property=\"og:title\" content=\"Morita admite semana dura e agradece apoio dos adeptos do Sporting - Portal Tela Portugal\" \/>\n<meta property=\"og:description\" content=\"Morita admite uma \u201csemana dura\u201d e agradece o apoio dos adeptos do Sporting. O m\u00e9dio japon\u00eas diz que a equipa merecia mais ap\u00f3s a elimina\u00e7\u00e3o frente ao Arsenal. Tamb\u00e9m lamenta a derrota no d\u00e9rbi com o Benfica, por 1-2, onde originou o pen\u00e1lti do primeiro golo. Morita marcou o golo do empate dos le\u00f5es, que foi desfeito nos descontos por Rafa. A mensagem foi partilhada pelo internacional japon\u00eas na sua conta de Instagram.\" \/>\n<meta property=\"og:url\" content=\"https:\/\/portaltela.pt\/noticias\/2026\/04\/20\/morita-admite-semana-dura-e-agradece-apoio-dos-adeptos-do-sporting\/\" \/>\n<meta property=\"og:site_name\" content=\"Portal Tela Portugal\" \/>\n<meta property=\"article:published_time\" content=\"2026-04-20T12:48:12+00:00\" \/>\n<meta name=\"author\" content=\"Telinha\" \/>\n<meta name=\"twitter:card\" content=\"summary_large_image\" \/>\n<meta name=\"twitter:label1\" content=\"Escrito por\" \/>\n\t<meta name=\"twitter:data1\" content=\"Telinha\" \/>\n\t<meta name=\"twitter:label2\" content=\"Tempo estimado de leitura\" \/>\n\t<meta name=\"twitter:data2\" content=\"1 minuto\" \/>\n<script type=\"application\/ld+json\" class=\"yoast-schema-graph\">{\"@context\":\"https:\/\/schema.org\",\"@graph\":[{\"@type\":\"Article\",\"@id\":\"https:\/\/portaltela.pt\/noticias\/2026\/04\/20\/morita-admite-semana-dura-e-agradece-apoio-dos-adeptos-do-sporting\/#article\",\"isPartOf\":{\"@id\":\"https:\/\/portaltela.pt\/noticias\/2026\/04\/20\/morita-admite-semana-dura-e-agradece-apoio-dos-adeptos-do-sporting\/\"},\"author\":{\"name\":\"Telinha\",\"@id\":\"https:\/\/portaltela.pt\/#\/schema\/person\/c4278d4a6028830caff9ee44b42d32ed\"},\"headline\":\"Morita admite semana dura e agradece apoio dos adeptos do Sporting\",\"datePublished\":\"2026-04-20T12:48:12+00:00\",\"mainEntityOfPage\":{\"@id\":\"https:\/\/portaltela.pt\/noticias\/2026\/04\/20\/morita-admite-semana-dura-e-agradece-apoio-dos-adeptos-do-sporting\/\"},\"wordCount\":159,\"image\":{\"@id\":\"https:\/\/portaltela.pt\/noticias\/2026\/04\/20\/morita-admite-semana-dura-e-agradece-apoio-dos-adeptos-do-sporting\/#primaryimage\"},\"thumbnailUrl\":\"https:\/\/portaltela.pt\/s.01k8rhncp4jt1\/2026\/04\/img_920x518uu2026-04-19-22-59-50-2434191.jpg\",\"keywords\":[\"adeptos\",\"Arsenal\",\"Benfica\",\"elimina\u00e7\u00e3o\",\"futebol\",\"Sporting\"],\"articleSection\":[\"Desporto\",\"Futebol\"],\"inLanguage\":\"pt-PT\"},{\"@type\":\"WebPage\",\"@id\":\"https:\/\/portaltela.pt\/noticias\/2026\/04\/20\/morita-admite-semana-dura-e-agradece-apoio-dos-adeptos-do-sporting\/\",\"url\":\"https:\/\/portaltela.pt\/noticias\/2026\/04\/20\/morita-admite-semana-dura-e-agradece-apoio-dos-adeptos-do-sporting\/\",\"name\":\"Morita admite semana dura e agradece apoio dos adeptos do Sporting - Portal Tela Portugal\",\"isPartOf\":{\"@id\":\"https:\/\/portaltela.pt\/#website\"},\"primaryImageOfPage\":{\"@id\":\"https:\/\/portaltela.pt\/noticias\/2026\/04\/20\/morita-admite-semana-dura-e-agradece-apoio-dos-adeptos-do-sporting\/#primaryimage\"},\"image\":{\"@id\":\"https:\/\/portaltela.pt\/noticias\/2026\/04\/20\/morita-admite-semana-dura-e-agradece-apoio-dos-adeptos-do-sporting\/#primaryimage\"},\"thumbnailUrl\":\"https:\/\/portaltela.pt\/s.01k8rhncp4jt1\/2026\/04\/img_920x518uu2026-04-19-22-59-50-2434191.jpg\",\"datePublished\":\"2026-04-20T12:48:12+00:00\",\"author\":{\"@id\":\"https:\/\/portaltela.pt\/#\/schema\/person\/c4278d4a6028830caff9ee44b42d32ed\"},\"breadcrumb\":{\"@id\":\"https:\/\/portaltela.pt\/noticias\/2026\/04\/20\/morita-admite-semana-dura-e-agradece-apoio-dos-adeptos-do-sporting\/#breadcrumb\"},\"inLanguage\":\"pt-PT\",\"potentialAction\":[{\"@type\":\"ReadAction\",\"target\":[\"https:\/\/portaltela.pt\/noticias\/2026\/04\/20\/morita-admite-semana-dura-e-agradece-apoio-dos-adeptos-do-sporting\/\"]}]},{\"@type\":\"ImageObject\",\"inLanguage\":\"pt-PT\",\"@id\":\"https:\/\/portaltela.pt\/noticias\/2026\/04\/20\/morita-admite-semana-dura-e-agradece-apoio-dos-adeptos-do-sporting\/#primaryimage\",\"url\":\"https:\/\/portaltela.pt\/s.01k8rhncp4jt1\/2026\/04\/img_920x518uu2026-04-19-22-59-50-2434191.jpg\",\"contentUrl\":\"https:\/\/portaltela.pt\/s.01k8rhncp4jt1\/2026\/04\/img_920x518uu2026-04-19-22-59-50-2434191.jpg\",\"width\":796,\"height\":448,\"caption\":\"Morita marcou no d\u00e9rbi\"},{\"@type\":\"BreadcrumbList\",\"@id\":\"https:\/\/portaltela.pt\/noticias\/2026\/04\/20\/morita-admite-semana-dura-e-agradece-apoio-dos-adeptos-do-sporting\/#breadcrumb\",\"itemListElement\":[{\"@type\":\"ListItem\",\"position\":1,\"name\":\"In\u00edcio\",\"item\":\"https:\/\/portaltela.pt\/\"},{\"@type\":\"ListItem\",\"position\":2,\"name\":\"Morita admite semana dura e agradece apoio dos adeptos do Sporting\"}]},{\"@type\":\"WebSite\",\"@id\":\"https:\/\/portaltela.pt\/#website\",\"url\":\"https:\/\/portaltela.pt\/\",\"name\":\"Portal Tela Portugal\",\"description\":\"\",\"potentialAction\":[{\"@type\":\"SearchAction\",\"target\":{\"@type\":\"EntryPoint\",\"urlTemplate\":\"https:\/\/portaltela.pt\/?s={search_term_string}\"},\"query-input\":{\"@type\":\"PropertyValueSpecification\",\"valueRequired\":true,\"valueName\":\"search_term_string\"}}],\"inLanguage\":\"pt-PT\"},{\"@type\":\"Person\",\"@id\":\"https:\/\/portaltela.pt\/#\/schema\/person\/c4278d4a6028830caff9ee44b42d32ed\",\"name\":\"Telinha\",\"image\":{\"@type\":\"ImageObject\",\"inLanguage\":\"pt-PT\",\"@id\":\"https:\/\/portaltela.pt\/s.01k8rhncp4jt1\/2025\/11\/talking-bot-125x125.png\",\"url\":\"https:\/\/portaltela.pt\/s.01k8rhncp4jt1\/2025\/11\/talking-bot-125x125.png\",\"contentUrl\":\"https:\/\/portaltela.pt\/s.01k8rhncp4jt1\/2025\/11\/talking-bot-125x125.png\",\"caption\":\"Telinha\"},\"sameAs\":[\"https:\/\/portaltela.pt\/\"],\"url\":\"https:\/\/portaltela.pt\/por\/367410592786\/\"}]}<\/script>\n<!-- \/ Yoast SEO plugin. -->","yoast_head_json":{"title":"Morita admite semana dura e agradece apoio dos adeptos do Sporting - Portal Tela Portugal","robots":{"index":"index","follow":"follow","max-snippet":"max-snippet:-1","max-image-preview":"max-image-preview:large","max-video-preview":"max-video-preview:-1"},"og_locale":"pt_PT","og_type":"article","og_title":"Morita admite semana dura e agradece apoio dos adeptos do Sporting - Portal Tela Portugal","og_description":"Morita admite uma \u201csemana dura\u201d e agradece o apoio dos adeptos do Sporting. O m\u00e9dio japon\u00eas diz que a equipa merecia mais ap\u00f3s a elimina\u00e7\u00e3o frente ao Arsenal. Tamb\u00e9m lamenta a derrota no d\u00e9rbi com o Benfica, por 1-2, onde originou o pen\u00e1lti do primeiro golo. Morita marcou o golo do empate dos le\u00f5es, que foi desfeito nos descontos por Rafa. A mensagem foi partilhada pelo internacional japon\u00eas na sua conta de Instagram.","og_url":"https:\/\/portaltela.pt\/noticias\/2026\/04\/20\/morita-admite-semana-dura-e-agradece-apoio-dos-adeptos-do-sporting\/","og_site_name":"Portal Tela Portugal","article_published_time":"2026-04-20T12:48:12+00:00","author":"Telinha","twitter_card":"summary_large_image","twitter_misc":{"Escrito por":"Telinha","Tempo estimado de leitura":"1 minuto"},"schema":{"@context":"https:\/\/schema.org","@graph":[{"@type":"Article","@id":"https:\/\/portaltela.pt\/noticias\/2026\/04\/20\/morita-admite-semana-dura-e-agradece-apoio-dos-adeptos-do-sporting\/#article","isPartOf":{"@id":"https:\/\/portaltela.pt\/noticias\/2026\/04\/20\/morita-admite-semana-dura-e-agradece-apoio-dos-adeptos-do-sporting\/"},"author":{"name":"Telinha","@id":"https:\/\/portaltela.pt\/#\/schema\/person\/c4278d4a6028830caff9ee44b42d32ed"},"headline":"Morita admite semana dura e agradece apoio dos adeptos do Sporting","datePublished":"2026-04-20T12:48:12+00:00","mainEntityOfPage":{"@id":"https:\/\/portaltela.pt\/noticias\/2026\/04\/20\/morita-admite-semana-dura-e-agradece-apoio-dos-adeptos-do-sporting\/"},"wordCount":159,"image":{"@id":"https:\/\/portaltela.pt\/noticias\/2026\/04\/20\/morita-admite-semana-dura-e-agradece-apoio-dos-adeptos-do-sporting\/#primaryimage"},"thumbnailUrl":"https:\/\/portaltela.pt\/s.01k8rhncp4jt1\/2026\/04\/img_920x518uu2026-04-19-22-59-50-2434191.jpg","keywords":["adeptos","Arsenal","Benfica","elimina\u00e7\u00e3o","futebol","Sporting"],"articleSection":["Desporto","Futebol"],"inLanguage":"pt-PT"},{"@type":"WebPage","@id":"https:\/\/portaltela.pt\/noticias\/2026\/04\/20\/morita-admite-semana-dura-e-agradece-apoio-dos-adeptos-do-sporting\/","url":"https:\/\/portaltela.pt\/noticias\/2026\/04\/20\/morita-admite-semana-dura-e-agradece-apoio-dos-adeptos-do-sporting\/","name":"Morita admite semana dura e agradece apoio dos adeptos do Sporting - Portal Tela Portugal","isPartOf":{"@id":"https:\/\/portaltela.pt\/#website"},"primaryImageOfPage":{"@id":"https:\/\/portaltela.pt\/noticias\/2026\/04\/20\/morita-admite-semana-dura-e-agradece-apoio-dos-adeptos-do-sporting\/#primaryimage"},"image":{"@id":"https:\/\/portaltela.pt\/noticias\/2026\/04\/20\/morita-admite-semana-dura-e-agradece-apoio-dos-adeptos-do-sporting\/#primaryimage"},"thumbnailUrl":"https:\/\/portaltela.pt\/s.01k8rhncp4jt1\/2026\/04\/img_920x518uu2026-04-19-22-59-50-2434191.jpg","datePublished":"2026-04-20T12:48:12+00:00","author":{"@id":"https:\/\/portaltela.pt\/#\/schema\/person\/c4278d4a6028830caff9ee44b42d32ed"},"breadcrumb":{"@id":"https:\/\/portaltela.pt\/noticias\/2026\/04\/20\/morita-admite-semana-dura-e-agradece-apoio-dos-adeptos-do-sporting\/#breadcrumb"},"inLanguage":"pt-PT","potentialAction":[{"@type":"ReadAction","target":["https:\/\/portaltela.pt\/noticias\/2026\/04\/20\/morita-admite-semana-dura-e-agradece-apoio-dos-adeptos-do-sporting\/"]}]},{"@type":"ImageObject","inLanguage":"pt-PT","@id":"https:\/\/portaltela.pt\/noticias\/2026\/04\/20\/morita-admite-semana-dura-e-agradece-apoio-dos-adeptos-do-sporting\/#primaryimage","url":"https:\/\/portaltela.pt\/s.01k8rhncp4jt1\/2026\/04\/img_920x518uu2026-04-19-22-59-50-2434191.jpg","contentUrl":"https:\/\/portaltela.pt\/s.01k8rhncp4jt1\/2026\/04\/img_920x518uu2026-04-19-22-59-50-2434191.jpg","width":796,"height":448,"caption":"Morita marcou no d\u00e9rbi"},{"@type":"BreadcrumbList","@id":"https:\/\/portaltela.pt\/noticias\/2026\/04\/20\/morita-admite-semana-dura-e-agradece-apoio-dos-adeptos-do-sporting\/#breadcrumb","itemListElement":[{"@type":"ListItem","position":1,"name":"In\u00edcio","item":"https:\/\/portaltela.pt\/"},{"@type":"ListItem","position":2,"name":"Morita admite semana dura e agradece apoio dos adeptos do Sporting"}]},{"@type":"WebSite","@id":"https:\/\/portaltela.pt\/#website","url":"https:\/\/portaltela.pt\/","name":"Portal Tela Portugal","description":"","potentialAction":[{"@type":"SearchAction","target":{"@type":"EntryPoint","urlTemplate":"https:\/\/portaltela.pt\/?s={search_term_string}"},"query-input":{"@type":"PropertyValueSpecification","valueRequired":true,"valueName":"search_term_string"}}],"inLanguage":"pt-PT"},{"@type":"Person","@id":"https:\/\/portaltela.pt\/#\/schema\/person\/c4278d4a6028830caff9ee44b42d32ed","name":"Telinha","image":{"@type":"ImageObject","inLanguage":"pt-PT","@id":"https:\/\/portaltela.pt\/s.01k8rhncp4jt1\/2025\/11\/talking-bot-125x125.png","url":"https:\/\/portaltela.pt\/s.01k8rhncp4jt1\/2025\/11\/talking-bot-125x125.png","contentUrl":"https:\/\/portaltela.pt\/s.01k8rhncp4jt1\/2025\/11\/talking-bot-125x125.png","caption":"Telinha"},"sameAs":["https:\/\/portaltela.pt\/"],"url":"https:\/\/portaltela.pt\/por\/367410592786\/"}]}},"_links":{"self":[{"href":"https:\/\/portaltela.pt\/api\/wp\/v2\/posts\/451250","targetHints":{"allow":["GET"]}}],"collection":[{"href":"https:\/\/portaltela.pt\/api\/wp\/v2\/posts"}],"about":[{"href":"https:\/\/portaltela.pt\/api\/wp\/v2\/types\/post"}],"author":[{"embeddable":true,"href":"https:\/\/portaltela.pt\/api\/wp\/v2\/users\/2"}],"replies":[{"embeddable":true,"href":"https:\/\/portaltela.pt\/api\/wp\/v2\/comments?post=451250"}],"version-history":[{"count":0,"href":"https:\/\/portaltela.pt\/api\/wp\/v2\/posts\/451250\/revisions"}],"wp:featuredmedia":[{"embeddable":true,"href":"https:\/\/portaltela.pt\/api\/wp\/v2\/media\/451257"}],"wp:attachment":[{"href":"https:\/\/portaltela.pt\/api\/wp\/v2\/media?parent=451250"}],"wp:term":[{"taxonomy":"category","embeddable":true,"href":"https:\/\/portaltela.pt\/api\/wp\/v2\/categories?post=451250"},{"taxonomy":"post_tag","embeddable":true,"href":"https:\/\/portaltela.pt\/api\/wp\/v2\/tags?post=451250"}],"curies":[{"name":"wp","href":"https:\/\/api.w.org\/{rel}","templated":true}]}}