{"id":451248,"date":"2026-04-20T09:48:12","date_gmt":"2026-04-20T12:48:12","guid":{"rendered":"https:\/\/portaltela.pt\/noticias\/2026\/04\/20\/tomar-confirma-retorno-da-festa-dos-tabuleiros-para-2027\/"},"modified":"2026-04-20T09:48:12","modified_gmt":"2026-04-20T12:48:12","slug":"tomar-confirma-retorno-da-festa-dos-tabuleiros-para-2027","status":"publish","type":"post","link":"https:\/\/portaltela.pt\/lazer\/2026\/04\/20\/tomar-confirma-retorno-da-festa-dos-tabuleiros-para-2027\/","title":{"rendered":"Tomar confirma retorno da Festa dos Tabuleiros para 2027"},"content":{"rendered":"<p>A Festa dos Tabuleiros de Tomar vai regressar em 2027, ap\u00f3s uma vota\u00e7\u00e3o realizada no s\u00e1bado na cidade. A decis\u00e3o foi tomada pela comunidade, que aprovou a realiza\u00e7\u00e3o da pr\u00f3xima edi\u00e7\u00e3o, quatro anos depois da \u00faltima ocorr\u00eancia, em 2023. A autarquia anunciou o resultado por comunicado oficial, destacando a participa\u00e7\u00e3o pr\u00f3xima de milhares de volunt\u00e1rios e de visitantes.<\/p>\n<p>A sess\u00e3o decorreu no Sal\u00e3o Nobre dos Pa\u00e7os do Concelho, mas a ades\u00e3o foi t\u00e3o expressiva que o presidente da C\u00e2mara, Tiago Carr\u00e3o, ordenou a transfer\u00eancia para a Pra\u00e7a da Rep\u00fablica. Em paralelo, foi tamb\u00e9m escolhido o mordomo da edi\u00e7\u00e3o de regresso: o veterano professor M\u00e1rio Formiga.<\/p>\n<h3>Desfile e programa<\/h3>\n<p>O ponto alto da festa \u00e9 o desfile dos tabuleiros em honra do Esp\u00edrito Santo, no qual centenas de mulheres percorrem a cidade com estruturas carregadas de p\u00e3es e enfeitadas com torres de flores de papel, coroas com pomba branca ou a cruz da Ordem de Cristo. Cada tabuleiro pode conter cerca de 30 p\u00e3es e chegar a 15 quilos.<\/p>\n<p>O cortejo segue pela rota tradicional, com passagem pela Mata Nacional dos Sete Montes e paragem central na Pra\u00e7a da Rep\u00fablica para a b\u00ean\u00e7\u00e3o. Atr\u00e1s do desfile avan\u00e7am carro\u00e7as com p\u00e3o, carne e vinho, puxadas por bois. O p\u00e3o \u00e9 distribu\u00eddo no dia seguinte, com parte entregue a institui\u00e7\u00f5es sociais locais.<\/p>\n<p>O programa da festa abrange ainda v\u00e1rias atividades ao longo de mais de uma semana, incluindo marchas tem\u00e1ticas, jogos tradicionais, exposi\u00e7\u00f5es, artesanato, arraiais, ranchos, fogo-de-artif\u00edcio e concertos. Milhares de pessoas contribuem para a decora\u00e7\u00e3o com flores de papel pelas ruas, organiza\u00e7\u00e3o feita por comunidades locais, escolas e fam\u00edlias do concelho.<\/p>\n<h3>Patrim\u00f3nio e contexto hist\u00f3rico<\/h3>\n<p>A Festa dos Tabuleiros tem ra\u00edzes hist\u00f3ricas associadas a rituais de colheitas, tendo adquirido car\u00e1ter religioso na Idade M\u00e9dia. Em 2023, a festa foi reconhecida como Patrim\u00f3nio Cultural Imaterial Nacional. No ano anterior, foi apresentada a candidatura \u00e0 UNESCO para Patrim\u00f3nio da Humanidade.<\/p>\n","protected":false},"excerpt":{"rendered":"<ul>\n<li>Tomar aprovou oficialmente a realiza\u00e7\u00e3o da Festa dos Tabuleiros em 2027, ap\u00f3s uma vota\u00e7\u00e3o realizada no s\u00e1bado com participa\u00e7\u00e3o popular.<\/li>\n<li>A festa ocorre de quatro em quatro anos, envolve milhares de volunt\u00e1rios e atrai muitos visitantes.<\/li>\n<li>O cortejo principal percorre cerca de cinco quil\u00f3metros, partindo da porta da Mata Nacional dos Sete Montes e terminando na Pra\u00e7a da Rep\u00fablica para a b\u00ean\u00e7\u00e3o, com tabuleiros carregados de p\u00e3es e decora\u00e7\u00f5es de flores de papel.<\/li>\n<li>O mordomo da edi\u00e7\u00e3o ser\u00e1, pela vez, o veterano professor M\u00e1rio Formiga.<\/li>\n<li>A Festa dos Tabuleiros est\u00e1 inscrita no Patrim\u00f3nio Cultural Imaterial Nacional desde 2023; no ano anterior foi entregue a sua candidatura \u00e0 UNESCO para Patrim\u00f3nio da Humanidade.<\/li>\n<\/ul>\n","protected":false},"author":2,"featured_media":451258,"comment_status":"closed","ping_status":"closed","sticky":false,"template":"","format":"standard","meta":{"footnotes":""},"categories":[7375,7381],"tags":[145,4919,1175,6247,6320,1088],"class_list":["post-451248","post","type-post","status-publish","format-standard","has-post-thumbnail","hentry","category-cultura","category-lazer","tag-cultura","tag-festas","tag-patrimonio-cultural","tag-patrimonio-cultural-imaterial","tag-patrimonio-mundial-da-unesco","tag-tomar"],"yoast_head":"<!-- This site is optimized with the Yoast SEO plugin v27.2 - https:\/\/yoast.com\/product\/yoast-seo-wordpress\/ -->\n<title>Tomar confirma retorno da Festa dos Tabuleiros para 2027 - Portal Tela Portugal<\/title>\n<meta name=\"robots\" content=\"index, follow, max-snippet:-1, max-image-preview:large, max-video-preview:-1\" \/>\n<meta property=\"og:locale\" content=\"pt_PT\" \/>\n<meta property=\"og:type\" content=\"article\" \/>\n<meta property=\"og:title\" content=\"Tomar confirma retorno da Festa dos Tabuleiros para 2027 - Portal Tela Portugal\" \/>\n<meta property=\"og:description\" content=\"Tomar aprovou oficialmente a realiza\u00e7\u00e3o da Festa dos Tabuleiros em 2027, ap\u00f3s uma vota\u00e7\u00e3o realizada no s\u00e1bado com participa\u00e7\u00e3o popular. A festa ocorre de quatro em quatro anos, envolve milhares de volunt\u00e1rios e atrai muitos visitantes. O cortejo principal percorre cerca de cinco quil\u00f3metros, partindo da porta da Mata Nacional dos Sete Montes e terminando na Pra\u00e7a da Rep\u00fablica para a b\u00ean\u00e7\u00e3o, com tabuleiros carregados de p\u00e3es e decora\u00e7\u00f5es de flores de papel. O mordomo da edi\u00e7\u00e3o ser\u00e1, pela vez, o veterano professor M\u00e1rio Formiga. A Festa dos Tabuleiros est\u00e1 inscrita no Patrim\u00f3nio Cultural Imaterial Nacional desde 2023; no ano anterior foi entregue a sua candidatura \u00e0 UNESCO para Patrim\u00f3nio da Humanidade.\" \/>\n<meta property=\"og:url\" content=\"https:\/\/portaltela.pt\/noticias\/2026\/04\/20\/tomar-confirma-retorno-da-festa-dos-tabuleiros-para-2027\/\" \/>\n<meta property=\"og:site_name\" content=\"Portal Tela Portugal\" \/>\n<meta property=\"article:published_time\" content=\"2026-04-20T12:48:12+00:00\" \/>\n<meta name=\"author\" content=\"Telinha\" \/>\n<meta name=\"twitter:card\" content=\"summary_large_image\" \/>\n<meta name=\"twitter:label1\" content=\"Escrito por\" \/>\n\t<meta name=\"twitter:data1\" content=\"Telinha\" \/>\n\t<meta name=\"twitter:label2\" content=\"Tempo estimado de leitura\" \/>\n\t<meta name=\"twitter:data2\" content=\"2 minutos\" \/>\n<script type=\"application\/ld+json\" class=\"yoast-schema-graph\">{\"@context\":\"https:\/\/schema.org\",\"@graph\":[{\"@type\":\"Article\",\"@id\":\"https:\/\/portaltela.pt\/noticias\/2026\/04\/20\/tomar-confirma-retorno-da-festa-dos-tabuleiros-para-2027\/#article\",\"isPartOf\":{\"@id\":\"https:\/\/portaltela.pt\/noticias\/2026\/04\/20\/tomar-confirma-retorno-da-festa-dos-tabuleiros-para-2027\/\"},\"author\":{\"name\":\"Telinha\",\"@id\":\"https:\/\/portaltela.pt\/#\/schema\/person\/c4278d4a6028830caff9ee44b42d32ed\"},\"headline\":\"Tomar confirma retorno da Festa dos Tabuleiros para 2027\",\"datePublished\":\"2026-04-20T12:48:12+00:00\",\"mainEntityOfPage\":{\"@id\":\"https:\/\/portaltela.pt\/noticias\/2026\/04\/20\/tomar-confirma-retorno-da-festa-dos-tabuleiros-para-2027\/\"},\"wordCount\":369,\"image\":{\"@id\":\"https:\/\/portaltela.pt\/noticias\/2026\/04\/20\/tomar-confirma-retorno-da-festa-dos-tabuleiros-para-2027\/#primaryimage\"},\"thumbnailUrl\":\"https:\/\/portaltela.pt\/s.01k8rhncp4jt1\/2026\/04\/2082649.jpg\",\"keywords\":[\"cultura\",\"festas\",\"Patrim\u00f3nio Cultural\",\"Patrim\u00f3nio Cultural Imaterial\",\"Patrim\u00f3nio Mundial da UNESCO\",\"Tomar\"],\"articleSection\":[\"Cultura\",\"Lazer\"],\"inLanguage\":\"pt-PT\"},{\"@type\":\"WebPage\",\"@id\":\"https:\/\/portaltela.pt\/noticias\/2026\/04\/20\/tomar-confirma-retorno-da-festa-dos-tabuleiros-para-2027\/\",\"url\":\"https:\/\/portaltela.pt\/noticias\/2026\/04\/20\/tomar-confirma-retorno-da-festa-dos-tabuleiros-para-2027\/\",\"name\":\"Tomar confirma retorno da Festa dos Tabuleiros para 2027 - Portal Tela Portugal\",\"isPartOf\":{\"@id\":\"https:\/\/portaltela.pt\/#website\"},\"primaryImageOfPage\":{\"@id\":\"https:\/\/portaltela.pt\/noticias\/2026\/04\/20\/tomar-confirma-retorno-da-festa-dos-tabuleiros-para-2027\/#primaryimage\"},\"image\":{\"@id\":\"https:\/\/portaltela.pt\/noticias\/2026\/04\/20\/tomar-confirma-retorno-da-festa-dos-tabuleiros-para-2027\/#primaryimage\"},\"thumbnailUrl\":\"https:\/\/portaltela.pt\/s.01k8rhncp4jt1\/2026\/04\/2082649.jpg\",\"datePublished\":\"2026-04-20T12:48:12+00:00\",\"author\":{\"@id\":\"https:\/\/portaltela.pt\/#\/schema\/person\/c4278d4a6028830caff9ee44b42d32ed\"},\"breadcrumb\":{\"@id\":\"https:\/\/portaltela.pt\/noticias\/2026\/04\/20\/tomar-confirma-retorno-da-festa-dos-tabuleiros-para-2027\/#breadcrumb\"},\"inLanguage\":\"pt-PT\",\"potentialAction\":[{\"@type\":\"ReadAction\",\"target\":[\"https:\/\/portaltela.pt\/noticias\/2026\/04\/20\/tomar-confirma-retorno-da-festa-dos-tabuleiros-para-2027\/\"]}]},{\"@type\":\"ImageObject\",\"inLanguage\":\"pt-PT\",\"@id\":\"https:\/\/portaltela.pt\/noticias\/2026\/04\/20\/tomar-confirma-retorno-da-festa-dos-tabuleiros-para-2027\/#primaryimage\",\"url\":\"https:\/\/portaltela.pt\/s.01k8rhncp4jt1\/2026\/04\/2082649.jpg\",\"contentUrl\":\"https:\/\/portaltela.pt\/s.01k8rhncp4jt1\/2026\/04\/2082649.jpg\",\"width\":796,\"height\":448,\"caption\":\"Festa dos Tabuleiros de Tomar\"},{\"@type\":\"BreadcrumbList\",\"@id\":\"https:\/\/portaltela.pt\/noticias\/2026\/04\/20\/tomar-confirma-retorno-da-festa-dos-tabuleiros-para-2027\/#breadcrumb\",\"itemListElement\":[{\"@type\":\"ListItem\",\"position\":1,\"name\":\"In\u00edcio\",\"item\":\"https:\/\/portaltela.pt\/\"},{\"@type\":\"ListItem\",\"position\":2,\"name\":\"Tomar confirma retorno da Festa dos Tabuleiros para 2027\"}]},{\"@type\":\"WebSite\",\"@id\":\"https:\/\/portaltela.pt\/#website\",\"url\":\"https:\/\/portaltela.pt\/\",\"name\":\"Portal Tela Portugal\",\"description\":\"\",\"potentialAction\":[{\"@type\":\"SearchAction\",\"target\":{\"@type\":\"EntryPoint\",\"urlTemplate\":\"https:\/\/portaltela.pt\/?s={search_term_string}\"},\"query-input\":{\"@type\":\"PropertyValueSpecification\",\"valueRequired\":true,\"valueName\":\"search_term_string\"}}],\"inLanguage\":\"pt-PT\"},{\"@type\":\"Person\",\"@id\":\"https:\/\/portaltela.pt\/#\/schema\/person\/c4278d4a6028830caff9ee44b42d32ed\",\"name\":\"Telinha\",\"image\":{\"@type\":\"ImageObject\",\"inLanguage\":\"pt-PT\",\"@id\":\"https:\/\/portaltela.pt\/s.01k8rhncp4jt1\/2025\/11\/talking-bot-125x125.png\",\"url\":\"https:\/\/portaltela.pt\/s.01k8rhncp4jt1\/2025\/11\/talking-bot-125x125.png\",\"contentUrl\":\"https:\/\/portaltela.pt\/s.01k8rhncp4jt1\/2025\/11\/talking-bot-125x125.png\",\"caption\":\"Telinha\"},\"sameAs\":[\"https:\/\/portaltela.pt\/\"],\"url\":\"https:\/\/portaltela.pt\/por\/367410592786\/\"}]}<\/script>\n<!-- \/ Yoast SEO plugin. -->","yoast_head_json":{"title":"Tomar confirma retorno da Festa dos Tabuleiros para 2027 - Portal Tela Portugal","robots":{"index":"index","follow":"follow","max-snippet":"max-snippet:-1","max-image-preview":"max-image-preview:large","max-video-preview":"max-video-preview:-1"},"og_locale":"pt_PT","og_type":"article","og_title":"Tomar confirma retorno da Festa dos Tabuleiros para 2027 - Portal Tela Portugal","og_description":"Tomar aprovou oficialmente a realiza\u00e7\u00e3o da Festa dos Tabuleiros em 2027, ap\u00f3s uma vota\u00e7\u00e3o realizada no s\u00e1bado com participa\u00e7\u00e3o popular. A festa ocorre de quatro em quatro anos, envolve milhares de volunt\u00e1rios e atrai muitos visitantes. O cortejo principal percorre cerca de cinco quil\u00f3metros, partindo da porta da Mata Nacional dos Sete Montes e terminando na Pra\u00e7a da Rep\u00fablica para a b\u00ean\u00e7\u00e3o, com tabuleiros carregados de p\u00e3es e decora\u00e7\u00f5es de flores de papel. O mordomo da edi\u00e7\u00e3o ser\u00e1, pela vez, o veterano professor M\u00e1rio Formiga. A Festa dos Tabuleiros est\u00e1 inscrita no Patrim\u00f3nio Cultural Imaterial Nacional desde 2023; no ano anterior foi entregue a sua candidatura \u00e0 UNESCO para Patrim\u00f3nio da Humanidade.","og_url":"https:\/\/portaltela.pt\/noticias\/2026\/04\/20\/tomar-confirma-retorno-da-festa-dos-tabuleiros-para-2027\/","og_site_name":"Portal Tela Portugal","article_published_time":"2026-04-20T12:48:12+00:00","author":"Telinha","twitter_card":"summary_large_image","twitter_misc":{"Escrito por":"Telinha","Tempo estimado de leitura":"2 minutos"},"schema":{"@context":"https:\/\/schema.org","@graph":[{"@type":"Article","@id":"https:\/\/portaltela.pt\/noticias\/2026\/04\/20\/tomar-confirma-retorno-da-festa-dos-tabuleiros-para-2027\/#article","isPartOf":{"@id":"https:\/\/portaltela.pt\/noticias\/2026\/04\/20\/tomar-confirma-retorno-da-festa-dos-tabuleiros-para-2027\/"},"author":{"name":"Telinha","@id":"https:\/\/portaltela.pt\/#\/schema\/person\/c4278d4a6028830caff9ee44b42d32ed"},"headline":"Tomar confirma retorno da Festa dos Tabuleiros para 2027","datePublished":"2026-04-20T12:48:12+00:00","mainEntityOfPage":{"@id":"https:\/\/portaltela.pt\/noticias\/2026\/04\/20\/tomar-confirma-retorno-da-festa-dos-tabuleiros-para-2027\/"},"wordCount":369,"image":{"@id":"https:\/\/portaltela.pt\/noticias\/2026\/04\/20\/tomar-confirma-retorno-da-festa-dos-tabuleiros-para-2027\/#primaryimage"},"thumbnailUrl":"https:\/\/portaltela.pt\/s.01k8rhncp4jt1\/2026\/04\/2082649.jpg","keywords":["cultura","festas","Patrim\u00f3nio Cultural","Patrim\u00f3nio Cultural Imaterial","Patrim\u00f3nio Mundial da UNESCO","Tomar"],"articleSection":["Cultura","Lazer"],"inLanguage":"pt-PT"},{"@type":"WebPage","@id":"https:\/\/portaltela.pt\/noticias\/2026\/04\/20\/tomar-confirma-retorno-da-festa-dos-tabuleiros-para-2027\/","url":"https:\/\/portaltela.pt\/noticias\/2026\/04\/20\/tomar-confirma-retorno-da-festa-dos-tabuleiros-para-2027\/","name":"Tomar confirma retorno da Festa dos Tabuleiros para 2027 - Portal Tela Portugal","isPartOf":{"@id":"https:\/\/portaltela.pt\/#website"},"primaryImageOfPage":{"@id":"https:\/\/portaltela.pt\/noticias\/2026\/04\/20\/tomar-confirma-retorno-da-festa-dos-tabuleiros-para-2027\/#primaryimage"},"image":{"@id":"https:\/\/portaltela.pt\/noticias\/2026\/04\/20\/tomar-confirma-retorno-da-festa-dos-tabuleiros-para-2027\/#primaryimage"},"thumbnailUrl":"https:\/\/portaltela.pt\/s.01k8rhncp4jt1\/2026\/04\/2082649.jpg","datePublished":"2026-04-20T12:48:12+00:00","author":{"@id":"https:\/\/portaltela.pt\/#\/schema\/person\/c4278d4a6028830caff9ee44b42d32ed"},"breadcrumb":{"@id":"https:\/\/portaltela.pt\/noticias\/2026\/04\/20\/tomar-confirma-retorno-da-festa-dos-tabuleiros-para-2027\/#breadcrumb"},"inLanguage":"pt-PT","potentialAction":[{"@type":"ReadAction","target":["https:\/\/portaltela.pt\/noticias\/2026\/04\/20\/tomar-confirma-retorno-da-festa-dos-tabuleiros-para-2027\/"]}]},{"@type":"ImageObject","inLanguage":"pt-PT","@id":"https:\/\/portaltela.pt\/noticias\/2026\/04\/20\/tomar-confirma-retorno-da-festa-dos-tabuleiros-para-2027\/#primaryimage","url":"https:\/\/portaltela.pt\/s.01k8rhncp4jt1\/2026\/04\/2082649.jpg","contentUrl":"https:\/\/portaltela.pt\/s.01k8rhncp4jt1\/2026\/04\/2082649.jpg","width":796,"height":448,"caption":"Festa dos Tabuleiros de Tomar"},{"@type":"BreadcrumbList","@id":"https:\/\/portaltela.pt\/noticias\/2026\/04\/20\/tomar-confirma-retorno-da-festa-dos-tabuleiros-para-2027\/#breadcrumb","itemListElement":[{"@type":"ListItem","position":1,"name":"In\u00edcio","item":"https:\/\/portaltela.pt\/"},{"@type":"ListItem","position":2,"name":"Tomar confirma retorno da Festa dos Tabuleiros para 2027"}]},{"@type":"WebSite","@id":"https:\/\/portaltela.pt\/#website","url":"https:\/\/portaltela.pt\/","name":"Portal Tela Portugal","description":"","potentialAction":[{"@type":"SearchAction","target":{"@type":"EntryPoint","urlTemplate":"https:\/\/portaltela.pt\/?s={search_term_string}"},"query-input":{"@type":"PropertyValueSpecification","valueRequired":true,"valueName":"search_term_string"}}],"inLanguage":"pt-PT"},{"@type":"Person","@id":"https:\/\/portaltela.pt\/#\/schema\/person\/c4278d4a6028830caff9ee44b42d32ed","name":"Telinha","image":{"@type":"ImageObject","inLanguage":"pt-PT","@id":"https:\/\/portaltela.pt\/s.01k8rhncp4jt1\/2025\/11\/talking-bot-125x125.png","url":"https:\/\/portaltela.pt\/s.01k8rhncp4jt1\/2025\/11\/talking-bot-125x125.png","contentUrl":"https:\/\/portaltela.pt\/s.01k8rhncp4jt1\/2025\/11\/talking-bot-125x125.png","caption":"Telinha"},"sameAs":["https:\/\/portaltela.pt\/"],"url":"https:\/\/portaltela.pt\/por\/367410592786\/"}]}},"_links":{"self":[{"href":"https:\/\/portaltela.pt\/api\/wp\/v2\/posts\/451248","targetHints":{"allow":["GET"]}}],"collection":[{"href":"https:\/\/portaltela.pt\/api\/wp\/v2\/posts"}],"about":[{"href":"https:\/\/portaltela.pt\/api\/wp\/v2\/types\/post"}],"author":[{"embeddable":true,"href":"https:\/\/portaltela.pt\/api\/wp\/v2\/users\/2"}],"replies":[{"embeddable":true,"href":"https:\/\/portaltela.pt\/api\/wp\/v2\/comments?post=451248"}],"version-history":[{"count":0,"href":"https:\/\/portaltela.pt\/api\/wp\/v2\/posts\/451248\/revisions"}],"wp:featuredmedia":[{"embeddable":true,"href":"https:\/\/portaltela.pt\/api\/wp\/v2\/media\/451258"}],"wp:attachment":[{"href":"https:\/\/portaltela.pt\/api\/wp\/v2\/media?parent=451248"}],"wp:term":[{"taxonomy":"category","embeddable":true,"href":"https:\/\/portaltela.pt\/api\/wp\/v2\/categories?post=451248"},{"taxonomy":"post_tag","embeddable":true,"href":"https:\/\/portaltela.pt\/api\/wp\/v2\/tags?post=451248"}],"curies":[{"name":"wp","href":"https:\/\/api.w.org\/{rel}","templated":true}]}}