{"id":451246,"date":"2026-04-20T09:48:10","date_gmt":"2026-04-20T12:48:10","guid":{"rendered":"https:\/\/portaltela.pt\/noticias\/2026\/04\/20\/autoridades-lancam-campanha-de-seguranca-para-peoes-ciclistas-e-trotinetes\/"},"modified":"2026-04-20T09:48:10","modified_gmt":"2026-04-20T12:48:10","slug":"autoridades-lancam-campanha-de-seguranca-para-peoes-ciclistas-e-trotinetes","status":"publish","type":"post","link":"https:\/\/portaltela.pt\/seguranca\/2026\/04\/20\/autoridades-lancam-campanha-de-seguranca-para-peoes-ciclistas-e-trotinetes\/","title":{"rendered":"Autoridades lan\u00e7am campanha de seguran\u00e7a para pe\u00f5es, ciclistas e trotinetes"},"content":{"rendered":"<p>A Autoridade Nacional de Seguran\u00e7a Rodovi\u00e1ria (ANSR), a GNR e a PSP lan\u00e7am uma campanha de sensibiliza\u00e7\u00e3o sobre a seguran\u00e7a de pe\u00f5es, ciclistas e trotinetas, que decorre entre 21 e 27 de abril. A iniciativa visa reduzir acidentes e promover comportamentos mais seguros nas vias portuguesas.<\/p>\n<p>Entre 2022 e 2024, morreram 327 pe\u00f5es e 94 utilizadores de veloc\u00edpedes, com 1626 feridos graves. Os n\u00fameros indicam maior incid\u00eancia dentro de localidades e em estradas secund\u00e1rias, segundo o comunicado conjunto.<\/p>\n<p>A campanha &#8220;Na estrada, todos somos vulner\u00e1veis&#8221; incide sobre passadeiras, atravessamentos, ciclovias e zonas de tr\u00e1fego misto, com uma componente de fiscaliza\u00e7\u00e3o pela PSP e GNR. O objetivo \u00e9 refor\u00e7ar a aten\u00e7\u00e3o de todos os utilizadores.<\/p>\n<h3>Contexto e objetivos<\/h3>\n<p>Os eventos de risco apontados pelas autoridades incluem atravessar fora das passadeiras, desrespeitar sem\u00e1foros ou utilizar telem\u00f3vel com distra\u00e7\u00e3o entre pe\u00f5es. Tamb\u00e9m s\u00e3o destacados condutas de ciclistas, trotinetistas e condutores: contram\u00e3o, falta de sinaliza\u00e7\u00e3o, circula\u00e7\u00e3o fora de vias pr\u00f3prias, aus\u00eancia de luzes ou de coletes refletores e n\u00e3o uso de capacete.<\/p>\n<p>Entre condutores de autom\u00f3veis, reside o foco em ceder passagem, respeitar a dist\u00e2ncia de seguran\u00e7a e evitar velocidades excessivas, especialmente em meio urbano. A fiscaliza\u00e7\u00e3o pretende refor\u00e7ar a preven\u00e7\u00e3o e reduzir cen\u00e1rios de perigo em \u00e1reas com tr\u00e1fego intenso.<\/p>\n<p>A ANSR, PSP e GNR salientam que a sinistralidade rodovi\u00e1ria n\u00e3o \u00e9 inevit\u00e1vel. Explicam que medidas simples de cada utilizador podem evitar consequ\u00eancias graves. A campanha desta semana \u00e9 a quarta de onze, integrada no Plano Nacional de Fiscaliza\u00e7\u00e3o de 2026.<\/p>\n<h3>Medidas previstas<\/h3>\n<p>Durante a semana, as autoridades esperam a\u00e7\u00f5es de fiscaliza\u00e7\u00e3o em pontos de maior risco, como passadeiras perto de escolas e zonas de tr\u00e1fego misto. A assessoria n\u00e3o detalha quantos agentes estar\u00e3o em patrulha, nem \u00e1reas espec\u00edficas, mantendo enfoque educativo aliando fiscaliza\u00e7\u00e3o.<\/p>\n","protected":false},"excerpt":{"rendered":"<ul>\n<li>Entre 2022 e 2024 morreram 327 pe\u00f5es e 94 utilizadores de veloc\u00edpedes, com 1626 feridos graves.<\/li>\n<li>A Autoridade Nacional de Seguran\u00e7a Rodovi\u00e1ria (ANSR), a GNR e a PSP lan\u00e7am a campanha &#8220;Na estrada, todos somos vulner\u00e1veis&#8221;, entre 21 e 27 de abril.<\/li>\n<li>A campanha incide sobre passadeiras, cruzamentos, ciclovias e zonas de tr\u00e1fego misto, com execu\u00e7\u00e3o de fiscaliza\u00e7\u00e3o pela PSP e pela GNR.<\/li>\n<li>Entre os comportamentos de risco est\u00e3o atravessar fora das passadeiras, usar telem\u00f3vel ou auscultadores, circular em contram\u00e3o, n\u00e3o usar luzes nem capacete, n\u00e3o ceder passagem e n\u00e3o manter a dist\u00e2ncia de seguran\u00e7a de 1,5 metros.<\/li>\n<li>A campanha \u00e9 a quarta de onze do Plano Nacional de Fiscaliza\u00e7\u00e3o de 2026.<\/li>\n<\/ul>\n","protected":false},"author":2,"featured_media":451254,"comment_status":"closed","ping_status":"closed","sticky":false,"template":"","format":"standard","meta":{"footnotes":""},"categories":[6779],"tags":[923,163,3263,250,2761,1629],"class_list":["post-451246","post","type-post","status-publish","format-standard","has-post-thumbnail","hentry","category-seguranca","tag-ciclismo","tag-educacao","tag-mobilidade-urbana","tag-seguranca-publica","tag-seguranca-rodoviaria","tag-transito"],"yoast_head":"<!-- This site is optimized with the Yoast SEO plugin v27.2 - https:\/\/yoast.com\/product\/yoast-seo-wordpress\/ -->\n<title>Autoridades lan\u00e7am campanha de seguran\u00e7a para pe\u00f5es, ciclistas e trotinetes - Portal Tela Portugal<\/title>\n<meta name=\"robots\" content=\"index, follow, max-snippet:-1, max-image-preview:large, max-video-preview:-1\" \/>\n<meta property=\"og:locale\" content=\"pt_PT\" \/>\n<meta property=\"og:type\" content=\"article\" \/>\n<meta property=\"og:title\" content=\"Autoridades lan\u00e7am campanha de seguran\u00e7a para pe\u00f5es, ciclistas e trotinetes - Portal Tela Portugal\" \/>\n<meta property=\"og:description\" content=\"Entre 2022 e 2024 morreram 327 pe\u00f5es e 94 utilizadores de veloc\u00edpedes, com 1626 feridos graves. A Autoridade Nacional de Seguran\u00e7a Rodovi\u00e1ria (ANSR), a GNR e a PSP lan\u00e7am a campanha &quot;Na estrada, todos somos vulner\u00e1veis&quot;, entre 21 e 27 de abril. A campanha incide sobre passadeiras, cruzamentos, ciclovias e zonas de tr\u00e1fego misto, com execu\u00e7\u00e3o de fiscaliza\u00e7\u00e3o pela PSP e pela GNR. Entre os comportamentos de risco est\u00e3o atravessar fora das passadeiras, usar telem\u00f3vel ou auscultadores, circular em contram\u00e3o, n\u00e3o usar luzes nem capacete, n\u00e3o ceder passagem e n\u00e3o manter a dist\u00e2ncia de seguran\u00e7a de 1,5 metros. A campanha \u00e9 a quarta de onze do Plano Nacional de Fiscaliza\u00e7\u00e3o de 2026.\" \/>\n<meta property=\"og:url\" content=\"https:\/\/portaltela.pt\/noticias\/2026\/04\/20\/autoridades-lancam-campanha-de-seguranca-para-peoes-ciclistas-e-trotinetes\/\" \/>\n<meta property=\"og:site_name\" content=\"Portal Tela Portugal\" \/>\n<meta property=\"article:published_time\" content=\"2026-04-20T12:48:10+00:00\" \/>\n<meta name=\"author\" content=\"Telinha\" \/>\n<meta name=\"twitter:card\" content=\"summary_large_image\" \/>\n<meta name=\"twitter:label1\" content=\"Escrito por\" \/>\n\t<meta name=\"twitter:data1\" content=\"Telinha\" \/>\n\t<meta name=\"twitter:label2\" content=\"Tempo estimado de leitura\" \/>\n\t<meta name=\"twitter:data2\" content=\"2 minutos\" \/>\n<script type=\"application\/ld+json\" class=\"yoast-schema-graph\">{\"@context\":\"https:\/\/schema.org\",\"@graph\":[{\"@type\":\"Article\",\"@id\":\"https:\/\/portaltela.pt\/noticias\/2026\/04\/20\/autoridades-lancam-campanha-de-seguranca-para-peoes-ciclistas-e-trotinetes\/#article\",\"isPartOf\":{\"@id\":\"https:\/\/portaltela.pt\/noticias\/2026\/04\/20\/autoridades-lancam-campanha-de-seguranca-para-peoes-ciclistas-e-trotinetes\/\"},\"author\":{\"name\":\"Telinha\",\"@id\":\"https:\/\/portaltela.pt\/#\/schema\/person\/c4278d4a6028830caff9ee44b42d32ed\"},\"headline\":\"Autoridades lan\u00e7am campanha de seguran\u00e7a para pe\u00f5es, ciclistas e trotinetes\",\"datePublished\":\"2026-04-20T12:48:10+00:00\",\"mainEntityOfPage\":{\"@id\":\"https:\/\/portaltela.pt\/noticias\/2026\/04\/20\/autoridades-lancam-campanha-de-seguranca-para-peoes-ciclistas-e-trotinetes\/\"},\"wordCount\":341,\"image\":{\"@id\":\"https:\/\/portaltela.pt\/noticias\/2026\/04\/20\/autoridades-lancam-campanha-de-seguranca-para-peoes-ciclistas-e-trotinetes\/#primaryimage\"},\"thumbnailUrl\":\"https:\/\/portaltela.pt\/s.01k8rhncp4jt1\/2026\/04\/2082664.jpg\",\"keywords\":[\"ciclismo\",\"educa\u00e7\u00e3o\",\"mobilidade urbana\",\"seguran\u00e7a p\u00fablica\",\"seguran\u00e7a rodovi\u00e1ria\",\"tr\u00e2nsito\"],\"articleSection\":[\"Seguran\u00e7a\"],\"inLanguage\":\"pt-PT\"},{\"@type\":\"WebPage\",\"@id\":\"https:\/\/portaltela.pt\/noticias\/2026\/04\/20\/autoridades-lancam-campanha-de-seguranca-para-peoes-ciclistas-e-trotinetes\/\",\"url\":\"https:\/\/portaltela.pt\/noticias\/2026\/04\/20\/autoridades-lancam-campanha-de-seguranca-para-peoes-ciclistas-e-trotinetes\/\",\"name\":\"Autoridades lan\u00e7am campanha de seguran\u00e7a para pe\u00f5es, ciclistas e trotinetes - Portal Tela Portugal\",\"isPartOf\":{\"@id\":\"https:\/\/portaltela.pt\/#website\"},\"primaryImageOfPage\":{\"@id\":\"https:\/\/portaltela.pt\/noticias\/2026\/04\/20\/autoridades-lancam-campanha-de-seguranca-para-peoes-ciclistas-e-trotinetes\/#primaryimage\"},\"image\":{\"@id\":\"https:\/\/portaltela.pt\/noticias\/2026\/04\/20\/autoridades-lancam-campanha-de-seguranca-para-peoes-ciclistas-e-trotinetes\/#primaryimage\"},\"thumbnailUrl\":\"https:\/\/portaltela.pt\/s.01k8rhncp4jt1\/2026\/04\/2082664.jpg\",\"datePublished\":\"2026-04-20T12:48:10+00:00\",\"author\":{\"@id\":\"https:\/\/portaltela.pt\/#\/schema\/person\/c4278d4a6028830caff9ee44b42d32ed\"},\"breadcrumb\":{\"@id\":\"https:\/\/portaltela.pt\/noticias\/2026\/04\/20\/autoridades-lancam-campanha-de-seguranca-para-peoes-ciclistas-e-trotinetes\/#breadcrumb\"},\"inLanguage\":\"pt-PT\",\"potentialAction\":[{\"@type\":\"ReadAction\",\"target\":[\"https:\/\/portaltela.pt\/noticias\/2026\/04\/20\/autoridades-lancam-campanha-de-seguranca-para-peoes-ciclistas-e-trotinetes\/\"]}]},{\"@type\":\"ImageObject\",\"inLanguage\":\"pt-PT\",\"@id\":\"https:\/\/portaltela.pt\/noticias\/2026\/04\/20\/autoridades-lancam-campanha-de-seguranca-para-peoes-ciclistas-e-trotinetes\/#primaryimage\",\"url\":\"https:\/\/portaltela.pt\/s.01k8rhncp4jt1\/2026\/04\/2082664.jpg\",\"contentUrl\":\"https:\/\/portaltela.pt\/s.01k8rhncp4jt1\/2026\/04\/2082664.jpg\",\"width\":796,\"height\":448,\"caption\":\"No caso de ciclistas, condutores de outros veloc\u00edpedes e utilizadores de trotinetas el\u00e9ctricas, as autoridades alertam para o perigo de circularem em contram\u00e3o\"},{\"@type\":\"BreadcrumbList\",\"@id\":\"https:\/\/portaltela.pt\/noticias\/2026\/04\/20\/autoridades-lancam-campanha-de-seguranca-para-peoes-ciclistas-e-trotinetes\/#breadcrumb\",\"itemListElement\":[{\"@type\":\"ListItem\",\"position\":1,\"name\":\"In\u00edcio\",\"item\":\"https:\/\/portaltela.pt\/\"},{\"@type\":\"ListItem\",\"position\":2,\"name\":\"Autoridades lan\u00e7am campanha de seguran\u00e7a para pe\u00f5es, ciclistas e trotinetes\"}]},{\"@type\":\"WebSite\",\"@id\":\"https:\/\/portaltela.pt\/#website\",\"url\":\"https:\/\/portaltela.pt\/\",\"name\":\"Portal Tela Portugal\",\"description\":\"\",\"potentialAction\":[{\"@type\":\"SearchAction\",\"target\":{\"@type\":\"EntryPoint\",\"urlTemplate\":\"https:\/\/portaltela.pt\/?s={search_term_string}\"},\"query-input\":{\"@type\":\"PropertyValueSpecification\",\"valueRequired\":true,\"valueName\":\"search_term_string\"}}],\"inLanguage\":\"pt-PT\"},{\"@type\":\"Person\",\"@id\":\"https:\/\/portaltela.pt\/#\/schema\/person\/c4278d4a6028830caff9ee44b42d32ed\",\"name\":\"Telinha\",\"image\":{\"@type\":\"ImageObject\",\"inLanguage\":\"pt-PT\",\"@id\":\"https:\/\/portaltela.pt\/s.01k8rhncp4jt1\/2025\/11\/talking-bot-125x125.png\",\"url\":\"https:\/\/portaltela.pt\/s.01k8rhncp4jt1\/2025\/11\/talking-bot-125x125.png\",\"contentUrl\":\"https:\/\/portaltela.pt\/s.01k8rhncp4jt1\/2025\/11\/talking-bot-125x125.png\",\"caption\":\"Telinha\"},\"sameAs\":[\"https:\/\/portaltela.pt\/\"],\"url\":\"https:\/\/portaltela.pt\/por\/367410592786\/\"}]}<\/script>\n<!-- \/ Yoast SEO plugin. -->","yoast_head_json":{"title":"Autoridades lan\u00e7am campanha de seguran\u00e7a para pe\u00f5es, ciclistas e trotinetes - Portal Tela Portugal","robots":{"index":"index","follow":"follow","max-snippet":"max-snippet:-1","max-image-preview":"max-image-preview:large","max-video-preview":"max-video-preview:-1"},"og_locale":"pt_PT","og_type":"article","og_title":"Autoridades lan\u00e7am campanha de seguran\u00e7a para pe\u00f5es, ciclistas e trotinetes - Portal Tela Portugal","og_description":"Entre 2022 e 2024 morreram 327 pe\u00f5es e 94 utilizadores de veloc\u00edpedes, com 1626 feridos graves. A Autoridade Nacional de Seguran\u00e7a Rodovi\u00e1ria (ANSR), a GNR e a PSP lan\u00e7am a campanha \"Na estrada, todos somos vulner\u00e1veis\", entre 21 e 27 de abril. A campanha incide sobre passadeiras, cruzamentos, ciclovias e zonas de tr\u00e1fego misto, com execu\u00e7\u00e3o de fiscaliza\u00e7\u00e3o pela PSP e pela GNR. Entre os comportamentos de risco est\u00e3o atravessar fora das passadeiras, usar telem\u00f3vel ou auscultadores, circular em contram\u00e3o, n\u00e3o usar luzes nem capacete, n\u00e3o ceder passagem e n\u00e3o manter a dist\u00e2ncia de seguran\u00e7a de 1,5 metros. A campanha \u00e9 a quarta de onze do Plano Nacional de Fiscaliza\u00e7\u00e3o de 2026.","og_url":"https:\/\/portaltela.pt\/noticias\/2026\/04\/20\/autoridades-lancam-campanha-de-seguranca-para-peoes-ciclistas-e-trotinetes\/","og_site_name":"Portal Tela Portugal","article_published_time":"2026-04-20T12:48:10+00:00","author":"Telinha","twitter_card":"summary_large_image","twitter_misc":{"Escrito por":"Telinha","Tempo estimado de leitura":"2 minutos"},"schema":{"@context":"https:\/\/schema.org","@graph":[{"@type":"Article","@id":"https:\/\/portaltela.pt\/noticias\/2026\/04\/20\/autoridades-lancam-campanha-de-seguranca-para-peoes-ciclistas-e-trotinetes\/#article","isPartOf":{"@id":"https:\/\/portaltela.pt\/noticias\/2026\/04\/20\/autoridades-lancam-campanha-de-seguranca-para-peoes-ciclistas-e-trotinetes\/"},"author":{"name":"Telinha","@id":"https:\/\/portaltela.pt\/#\/schema\/person\/c4278d4a6028830caff9ee44b42d32ed"},"headline":"Autoridades lan\u00e7am campanha de seguran\u00e7a para pe\u00f5es, ciclistas e trotinetes","datePublished":"2026-04-20T12:48:10+00:00","mainEntityOfPage":{"@id":"https:\/\/portaltela.pt\/noticias\/2026\/04\/20\/autoridades-lancam-campanha-de-seguranca-para-peoes-ciclistas-e-trotinetes\/"},"wordCount":341,"image":{"@id":"https:\/\/portaltela.pt\/noticias\/2026\/04\/20\/autoridades-lancam-campanha-de-seguranca-para-peoes-ciclistas-e-trotinetes\/#primaryimage"},"thumbnailUrl":"https:\/\/portaltela.pt\/s.01k8rhncp4jt1\/2026\/04\/2082664.jpg","keywords":["ciclismo","educa\u00e7\u00e3o","mobilidade urbana","seguran\u00e7a p\u00fablica","seguran\u00e7a rodovi\u00e1ria","tr\u00e2nsito"],"articleSection":["Seguran\u00e7a"],"inLanguage":"pt-PT"},{"@type":"WebPage","@id":"https:\/\/portaltela.pt\/noticias\/2026\/04\/20\/autoridades-lancam-campanha-de-seguranca-para-peoes-ciclistas-e-trotinetes\/","url":"https:\/\/portaltela.pt\/noticias\/2026\/04\/20\/autoridades-lancam-campanha-de-seguranca-para-peoes-ciclistas-e-trotinetes\/","name":"Autoridades lan\u00e7am campanha de seguran\u00e7a para pe\u00f5es, ciclistas e trotinetes - Portal Tela Portugal","isPartOf":{"@id":"https:\/\/portaltela.pt\/#website"},"primaryImageOfPage":{"@id":"https:\/\/portaltela.pt\/noticias\/2026\/04\/20\/autoridades-lancam-campanha-de-seguranca-para-peoes-ciclistas-e-trotinetes\/#primaryimage"},"image":{"@id":"https:\/\/portaltela.pt\/noticias\/2026\/04\/20\/autoridades-lancam-campanha-de-seguranca-para-peoes-ciclistas-e-trotinetes\/#primaryimage"},"thumbnailUrl":"https:\/\/portaltela.pt\/s.01k8rhncp4jt1\/2026\/04\/2082664.jpg","datePublished":"2026-04-20T12:48:10+00:00","author":{"@id":"https:\/\/portaltela.pt\/#\/schema\/person\/c4278d4a6028830caff9ee44b42d32ed"},"breadcrumb":{"@id":"https:\/\/portaltela.pt\/noticias\/2026\/04\/20\/autoridades-lancam-campanha-de-seguranca-para-peoes-ciclistas-e-trotinetes\/#breadcrumb"},"inLanguage":"pt-PT","potentialAction":[{"@type":"ReadAction","target":["https:\/\/portaltela.pt\/noticias\/2026\/04\/20\/autoridades-lancam-campanha-de-seguranca-para-peoes-ciclistas-e-trotinetes\/"]}]},{"@type":"ImageObject","inLanguage":"pt-PT","@id":"https:\/\/portaltela.pt\/noticias\/2026\/04\/20\/autoridades-lancam-campanha-de-seguranca-para-peoes-ciclistas-e-trotinetes\/#primaryimage","url":"https:\/\/portaltela.pt\/s.01k8rhncp4jt1\/2026\/04\/2082664.jpg","contentUrl":"https:\/\/portaltela.pt\/s.01k8rhncp4jt1\/2026\/04\/2082664.jpg","width":796,"height":448,"caption":"No caso de ciclistas, condutores de outros veloc\u00edpedes e utilizadores de trotinetas el\u00e9ctricas, as autoridades alertam para o perigo de circularem em contram\u00e3o"},{"@type":"BreadcrumbList","@id":"https:\/\/portaltela.pt\/noticias\/2026\/04\/20\/autoridades-lancam-campanha-de-seguranca-para-peoes-ciclistas-e-trotinetes\/#breadcrumb","itemListElement":[{"@type":"ListItem","position":1,"name":"In\u00edcio","item":"https:\/\/portaltela.pt\/"},{"@type":"ListItem","position":2,"name":"Autoridades lan\u00e7am campanha de seguran\u00e7a para pe\u00f5es, ciclistas e trotinetes"}]},{"@type":"WebSite","@id":"https:\/\/portaltela.pt\/#website","url":"https:\/\/portaltela.pt\/","name":"Portal Tela Portugal","description":"","potentialAction":[{"@type":"SearchAction","target":{"@type":"EntryPoint","urlTemplate":"https:\/\/portaltela.pt\/?s={search_term_string}"},"query-input":{"@type":"PropertyValueSpecification","valueRequired":true,"valueName":"search_term_string"}}],"inLanguage":"pt-PT"},{"@type":"Person","@id":"https:\/\/portaltela.pt\/#\/schema\/person\/c4278d4a6028830caff9ee44b42d32ed","name":"Telinha","image":{"@type":"ImageObject","inLanguage":"pt-PT","@id":"https:\/\/portaltela.pt\/s.01k8rhncp4jt1\/2025\/11\/talking-bot-125x125.png","url":"https:\/\/portaltela.pt\/s.01k8rhncp4jt1\/2025\/11\/talking-bot-125x125.png","contentUrl":"https:\/\/portaltela.pt\/s.01k8rhncp4jt1\/2025\/11\/talking-bot-125x125.png","caption":"Telinha"},"sameAs":["https:\/\/portaltela.pt\/"],"url":"https:\/\/portaltela.pt\/por\/367410592786\/"}]}},"_links":{"self":[{"href":"https:\/\/portaltela.pt\/api\/wp\/v2\/posts\/451246","targetHints":{"allow":["GET"]}}],"collection":[{"href":"https:\/\/portaltela.pt\/api\/wp\/v2\/posts"}],"about":[{"href":"https:\/\/portaltela.pt\/api\/wp\/v2\/types\/post"}],"author":[{"embeddable":true,"href":"https:\/\/portaltela.pt\/api\/wp\/v2\/users\/2"}],"replies":[{"embeddable":true,"href":"https:\/\/portaltela.pt\/api\/wp\/v2\/comments?post=451246"}],"version-history":[{"count":0,"href":"https:\/\/portaltela.pt\/api\/wp\/v2\/posts\/451246\/revisions"}],"wp:featuredmedia":[{"embeddable":true,"href":"https:\/\/portaltela.pt\/api\/wp\/v2\/media\/451254"}],"wp:attachment":[{"href":"https:\/\/portaltela.pt\/api\/wp\/v2\/media?parent=451246"}],"wp:term":[{"taxonomy":"category","embeddable":true,"href":"https:\/\/portaltela.pt\/api\/wp\/v2\/categories?post=451246"},{"taxonomy":"post_tag","embeddable":true,"href":"https:\/\/portaltela.pt\/api\/wp\/v2\/tags?post=451246"}],"curies":[{"name":"wp","href":"https:\/\/api.w.org\/{rel}","templated":true}]}}