{"id":451218,"date":"2026-04-20T09:33:16","date_gmt":"2026-04-20T12:33:16","guid":{"rendered":"https:\/\/portaltela.pt\/noticias\/2026\/04\/20\/alemanha-e-brasil-querem-duplicar-o-comercio-entre-os-dois-paises\/"},"modified":"2026-04-20T09:33:16","modified_gmt":"2026-04-20T12:33:16","slug":"alemanha-e-brasil-querem-duplicar-o-comercio-entre-os-dois-paises","status":"publish","type":"post","link":"https:\/\/portaltela.pt\/noticias\/economia\/2026\/04\/20\/alemanha-e-brasil-querem-duplicar-o-comercio-entre-os-dois-paises\/","title":{"rendered":"Alemanha e Brasil querem duplicar o com\u00e9rcio entre os dois pa\u00edses"},"content":{"rendered":"<p>Governo da Alemanha e governo do Brasil anunciaram, hoje, a inten\u00e7\u00e3o de duplicar o volume de com\u00e9rcio entre os dois pa\u00edses. O objetivo passa pela assinatura de acordos setoriais, coopera\u00e7\u00e3o e facilita\u00e7\u00e3o de investimentos, para fortalecer as rela\u00e7\u00f5es econ\u00f3micas.<\/p>\n<p>As autoridades destacam a diversifica\u00e7\u00e3o de cadeias produtivas e a redu\u00e7\u00e3o de barreiras comerciais como pilares da iniciativa. O movimento visa aumentar as trocas em setores estrat\u00e9gicos, como ind\u00fastria, tecnologia e agroind\u00fastria.<\/p>\n<p>Segundo fontes oficiais, o di\u00e1logo envolve est\u00edmulos a exporta\u00e7\u00f5es, simplifica\u00e7\u00e3o de procedimentos aduaneiros e maior coopera\u00e7\u00e3o institucional. O objetivo \u00e9 criar um ambiente de neg\u00f3cios mais previs\u00edvel e est\u00e1vel para empresas de ambos os lados.<\/p>\n<p>Ainda n\u00e3o foram divulgados detalhes de cronogramas ou valores. Autoridades devem apresentar, em breve, medidas espec\u00edficas, metas de curto e m\u00e9dio prazo e pr\u00f3ximos passos para avan\u00e7ar com a parceria econ\u00f3mica.<\/p>\n","protected":false},"excerpt":{"rendered":"<ul>\n<li>Alemanha e Brasil querem duplicar o volume do com\u00e9rcio entre os dois pa\u00edses.<\/li>\n<li>O objetivo \u00e9 aumentar significativamente as trocas comerciais bilaterais.<\/li>\n<li>N\u00e3o foi especificado o prazo para alcan\u00e7ar a duplica\u00e7\u00e3o.<\/li>\n<li>O conte\u00fado completo est\u00e1 dispon\u00edvel apenas para subscritores.<\/li>\n<\/ul>\n","protected":false},"author":2,"featured_media":451223,"comment_status":"closed","ping_status":"closed","sticky":false,"template":"","format":"standard","meta":{"footnotes":""},"categories":[2,6912],"tags":[7987,2547,244,3368,256,28],"class_list":["post-451218","post","type-post","status-publish","format-standard","has-post-thumbnail","hentry","category-economia","category-internacionais","tag-_alemanha","tag-brasil","tag-comercio","tag-comercio-internacional","tag-cooperacao-internacional","tag-economia"],"yoast_head":"<!-- This site is optimized with the Yoast SEO plugin v27.2 - https:\/\/yoast.com\/product\/yoast-seo-wordpress\/ -->\n<title>Alemanha e Brasil querem duplicar o com\u00e9rcio entre os dois pa\u00edses - Portal Tela Portugal<\/title>\n<meta name=\"robots\" content=\"index, follow, max-snippet:-1, max-image-preview:large, max-video-preview:-1\" \/>\n<meta property=\"og:locale\" content=\"pt_PT\" \/>\n<meta property=\"og:type\" content=\"article\" \/>\n<meta property=\"og:title\" content=\"Alemanha e Brasil querem duplicar o com\u00e9rcio entre os dois pa\u00edses - Portal Tela Portugal\" \/>\n<meta property=\"og:description\" content=\"Alemanha e Brasil querem duplicar o volume do com\u00e9rcio entre os dois pa\u00edses. O objetivo \u00e9 aumentar significativamente as trocas comerciais bilaterais. N\u00e3o foi especificado o prazo para alcan\u00e7ar a duplica\u00e7\u00e3o. O conte\u00fado completo est\u00e1 dispon\u00edvel apenas para subscritores.\" \/>\n<meta property=\"og:url\" content=\"https:\/\/portaltela.pt\/noticias\/2026\/04\/20\/alemanha-e-brasil-querem-duplicar-o-comercio-entre-os-dois-paises\/\" \/>\n<meta property=\"og:site_name\" content=\"Portal Tela Portugal\" \/>\n<meta property=\"article:published_time\" content=\"2026-04-20T12:33:16+00:00\" \/>\n<meta name=\"author\" content=\"Telinha\" \/>\n<meta name=\"twitter:card\" content=\"summary_large_image\" \/>\n<meta name=\"twitter:label1\" content=\"Escrito por\" \/>\n\t<meta name=\"twitter:data1\" content=\"Telinha\" \/>\n\t<meta name=\"twitter:label2\" content=\"Tempo estimado de leitura\" \/>\n\t<meta name=\"twitter:data2\" content=\"1 minuto\" \/>\n<script type=\"application\/ld+json\" class=\"yoast-schema-graph\">{\"@context\":\"https:\/\/schema.org\",\"@graph\":[{\"@type\":\"Article\",\"@id\":\"https:\/\/portaltela.pt\/noticias\/2026\/04\/20\/alemanha-e-brasil-querem-duplicar-o-comercio-entre-os-dois-paises\/#article\",\"isPartOf\":{\"@id\":\"https:\/\/portaltela.pt\/noticias\/2026\/04\/20\/alemanha-e-brasil-querem-duplicar-o-comercio-entre-os-dois-paises\/\"},\"author\":{\"name\":\"Telinha\",\"@id\":\"https:\/\/portaltela.pt\/#\/schema\/person\/c4278d4a6028830caff9ee44b42d32ed\"},\"headline\":\"Alemanha e Brasil querem duplicar o com\u00e9rcio entre os dois pa\u00edses\",\"datePublished\":\"2026-04-20T12:33:16+00:00\",\"mainEntityOfPage\":{\"@id\":\"https:\/\/portaltela.pt\/noticias\/2026\/04\/20\/alemanha-e-brasil-querem-duplicar-o-comercio-entre-os-dois-paises\/\"},\"wordCount\":175,\"image\":{\"@id\":\"https:\/\/portaltela.pt\/noticias\/2026\/04\/20\/alemanha-e-brasil-querem-duplicar-o-comercio-entre-os-dois-paises\/#primaryimage\"},\"thumbnailUrl\":\"https:\/\/portaltela.pt\/s.01k8rhncp4jt1\/2026\/04\/CACHE_780X1200_ANALOG_WATERMARKED_46958256_347919022910726.jpg\",\"keywords\":[\"_Alemanha\",\"Brasil\",\"com\u00e9rcio\",\"com\u00e9rcio internacional\",\"coopera\u00e7\u00e3o internacional\",\"economia\"],\"articleSection\":[\"Economia\",\"Internacionais\"],\"inLanguage\":\"pt-PT\"},{\"@type\":\"WebPage\",\"@id\":\"https:\/\/portaltela.pt\/noticias\/2026\/04\/20\/alemanha-e-brasil-querem-duplicar-o-comercio-entre-os-dois-paises\/\",\"url\":\"https:\/\/portaltela.pt\/noticias\/2026\/04\/20\/alemanha-e-brasil-querem-duplicar-o-comercio-entre-os-dois-paises\/\",\"name\":\"Alemanha e Brasil querem duplicar o com\u00e9rcio entre os dois pa\u00edses - Portal Tela Portugal\",\"isPartOf\":{\"@id\":\"https:\/\/portaltela.pt\/#website\"},\"primaryImageOfPage\":{\"@id\":\"https:\/\/portaltela.pt\/noticias\/2026\/04\/20\/alemanha-e-brasil-querem-duplicar-o-comercio-entre-os-dois-paises\/#primaryimage\"},\"image\":{\"@id\":\"https:\/\/portaltela.pt\/noticias\/2026\/04\/20\/alemanha-e-brasil-querem-duplicar-o-comercio-entre-os-dois-paises\/#primaryimage\"},\"thumbnailUrl\":\"https:\/\/portaltela.pt\/s.01k8rhncp4jt1\/2026\/04\/CACHE_780X1200_ANALOG_WATERMARKED_46958256_347919022910726.jpg\",\"datePublished\":\"2026-04-20T12:33:16+00:00\",\"author\":{\"@id\":\"https:\/\/portaltela.pt\/#\/schema\/person\/c4278d4a6028830caff9ee44b42d32ed\"},\"breadcrumb\":{\"@id\":\"https:\/\/portaltela.pt\/noticias\/2026\/04\/20\/alemanha-e-brasil-querem-duplicar-o-comercio-entre-os-dois-paises\/#breadcrumb\"},\"inLanguage\":\"pt-PT\",\"potentialAction\":[{\"@type\":\"ReadAction\",\"target\":[\"https:\/\/portaltela.pt\/noticias\/2026\/04\/20\/alemanha-e-brasil-querem-duplicar-o-comercio-entre-os-dois-paises\/\"]}]},{\"@type\":\"ImageObject\",\"inLanguage\":\"pt-PT\",\"@id\":\"https:\/\/portaltela.pt\/noticias\/2026\/04\/20\/alemanha-e-brasil-querem-duplicar-o-comercio-entre-os-dois-paises\/#primaryimage\",\"url\":\"https:\/\/portaltela.pt\/s.01k8rhncp4jt1\/2026\/04\/CACHE_780X1200_ANALOG_WATERMARKED_46958256_347919022910726.jpg\",\"contentUrl\":\"https:\/\/portaltela.pt\/s.01k8rhncp4jt1\/2026\/04\/CACHE_780X1200_ANALOG_WATERMARKED_46958256_347919022910726.jpg\",\"width\":796,\"height\":448,\"caption\":\"Photo\"},{\"@type\":\"BreadcrumbList\",\"@id\":\"https:\/\/portaltela.pt\/noticias\/2026\/04\/20\/alemanha-e-brasil-querem-duplicar-o-comercio-entre-os-dois-paises\/#breadcrumb\",\"itemListElement\":[{\"@type\":\"ListItem\",\"position\":1,\"name\":\"In\u00edcio\",\"item\":\"https:\/\/portaltela.pt\/\"},{\"@type\":\"ListItem\",\"position\":2,\"name\":\"Alemanha e Brasil querem duplicar o com\u00e9rcio entre os dois pa\u00edses\"}]},{\"@type\":\"WebSite\",\"@id\":\"https:\/\/portaltela.pt\/#website\",\"url\":\"https:\/\/portaltela.pt\/\",\"name\":\"Portal Tela Portugal\",\"description\":\"\",\"potentialAction\":[{\"@type\":\"SearchAction\",\"target\":{\"@type\":\"EntryPoint\",\"urlTemplate\":\"https:\/\/portaltela.pt\/?s={search_term_string}\"},\"query-input\":{\"@type\":\"PropertyValueSpecification\",\"valueRequired\":true,\"valueName\":\"search_term_string\"}}],\"inLanguage\":\"pt-PT\"},{\"@type\":\"Person\",\"@id\":\"https:\/\/portaltela.pt\/#\/schema\/person\/c4278d4a6028830caff9ee44b42d32ed\",\"name\":\"Telinha\",\"image\":{\"@type\":\"ImageObject\",\"inLanguage\":\"pt-PT\",\"@id\":\"https:\/\/portaltela.pt\/s.01k8rhncp4jt1\/2025\/11\/talking-bot-125x125.png\",\"url\":\"https:\/\/portaltela.pt\/s.01k8rhncp4jt1\/2025\/11\/talking-bot-125x125.png\",\"contentUrl\":\"https:\/\/portaltela.pt\/s.01k8rhncp4jt1\/2025\/11\/talking-bot-125x125.png\",\"caption\":\"Telinha\"},\"sameAs\":[\"https:\/\/portaltela.pt\/\"],\"url\":\"https:\/\/portaltela.pt\/por\/367410592786\/\"}]}<\/script>\n<!-- \/ Yoast SEO plugin. -->","yoast_head_json":{"title":"Alemanha e Brasil querem duplicar o com\u00e9rcio entre os dois pa\u00edses - Portal Tela Portugal","robots":{"index":"index","follow":"follow","max-snippet":"max-snippet:-1","max-image-preview":"max-image-preview:large","max-video-preview":"max-video-preview:-1"},"og_locale":"pt_PT","og_type":"article","og_title":"Alemanha e Brasil querem duplicar o com\u00e9rcio entre os dois pa\u00edses - Portal Tela Portugal","og_description":"Alemanha e Brasil querem duplicar o volume do com\u00e9rcio entre os dois pa\u00edses. O objetivo \u00e9 aumentar significativamente as trocas comerciais bilaterais. N\u00e3o foi especificado o prazo para alcan\u00e7ar a duplica\u00e7\u00e3o. O conte\u00fado completo est\u00e1 dispon\u00edvel apenas para subscritores.","og_url":"https:\/\/portaltela.pt\/noticias\/2026\/04\/20\/alemanha-e-brasil-querem-duplicar-o-comercio-entre-os-dois-paises\/","og_site_name":"Portal Tela Portugal","article_published_time":"2026-04-20T12:33:16+00:00","author":"Telinha","twitter_card":"summary_large_image","twitter_misc":{"Escrito por":"Telinha","Tempo estimado de leitura":"1 minuto"},"schema":{"@context":"https:\/\/schema.org","@graph":[{"@type":"Article","@id":"https:\/\/portaltela.pt\/noticias\/2026\/04\/20\/alemanha-e-brasil-querem-duplicar-o-comercio-entre-os-dois-paises\/#article","isPartOf":{"@id":"https:\/\/portaltela.pt\/noticias\/2026\/04\/20\/alemanha-e-brasil-querem-duplicar-o-comercio-entre-os-dois-paises\/"},"author":{"name":"Telinha","@id":"https:\/\/portaltela.pt\/#\/schema\/person\/c4278d4a6028830caff9ee44b42d32ed"},"headline":"Alemanha e Brasil querem duplicar o com\u00e9rcio entre os dois pa\u00edses","datePublished":"2026-04-20T12:33:16+00:00","mainEntityOfPage":{"@id":"https:\/\/portaltela.pt\/noticias\/2026\/04\/20\/alemanha-e-brasil-querem-duplicar-o-comercio-entre-os-dois-paises\/"},"wordCount":175,"image":{"@id":"https:\/\/portaltela.pt\/noticias\/2026\/04\/20\/alemanha-e-brasil-querem-duplicar-o-comercio-entre-os-dois-paises\/#primaryimage"},"thumbnailUrl":"https:\/\/portaltela.pt\/s.01k8rhncp4jt1\/2026\/04\/CACHE_780X1200_ANALOG_WATERMARKED_46958256_347919022910726.jpg","keywords":["_Alemanha","Brasil","com\u00e9rcio","com\u00e9rcio internacional","coopera\u00e7\u00e3o internacional","economia"],"articleSection":["Economia","Internacionais"],"inLanguage":"pt-PT"},{"@type":"WebPage","@id":"https:\/\/portaltela.pt\/noticias\/2026\/04\/20\/alemanha-e-brasil-querem-duplicar-o-comercio-entre-os-dois-paises\/","url":"https:\/\/portaltela.pt\/noticias\/2026\/04\/20\/alemanha-e-brasil-querem-duplicar-o-comercio-entre-os-dois-paises\/","name":"Alemanha e Brasil querem duplicar o com\u00e9rcio entre os dois pa\u00edses - Portal Tela Portugal","isPartOf":{"@id":"https:\/\/portaltela.pt\/#website"},"primaryImageOfPage":{"@id":"https:\/\/portaltela.pt\/noticias\/2026\/04\/20\/alemanha-e-brasil-querem-duplicar-o-comercio-entre-os-dois-paises\/#primaryimage"},"image":{"@id":"https:\/\/portaltela.pt\/noticias\/2026\/04\/20\/alemanha-e-brasil-querem-duplicar-o-comercio-entre-os-dois-paises\/#primaryimage"},"thumbnailUrl":"https:\/\/portaltela.pt\/s.01k8rhncp4jt1\/2026\/04\/CACHE_780X1200_ANALOG_WATERMARKED_46958256_347919022910726.jpg","datePublished":"2026-04-20T12:33:16+00:00","author":{"@id":"https:\/\/portaltela.pt\/#\/schema\/person\/c4278d4a6028830caff9ee44b42d32ed"},"breadcrumb":{"@id":"https:\/\/portaltela.pt\/noticias\/2026\/04\/20\/alemanha-e-brasil-querem-duplicar-o-comercio-entre-os-dois-paises\/#breadcrumb"},"inLanguage":"pt-PT","potentialAction":[{"@type":"ReadAction","target":["https:\/\/portaltela.pt\/noticias\/2026\/04\/20\/alemanha-e-brasil-querem-duplicar-o-comercio-entre-os-dois-paises\/"]}]},{"@type":"ImageObject","inLanguage":"pt-PT","@id":"https:\/\/portaltela.pt\/noticias\/2026\/04\/20\/alemanha-e-brasil-querem-duplicar-o-comercio-entre-os-dois-paises\/#primaryimage","url":"https:\/\/portaltela.pt\/s.01k8rhncp4jt1\/2026\/04\/CACHE_780X1200_ANALOG_WATERMARKED_46958256_347919022910726.jpg","contentUrl":"https:\/\/portaltela.pt\/s.01k8rhncp4jt1\/2026\/04\/CACHE_780X1200_ANALOG_WATERMARKED_46958256_347919022910726.jpg","width":796,"height":448,"caption":"Photo"},{"@type":"BreadcrumbList","@id":"https:\/\/portaltela.pt\/noticias\/2026\/04\/20\/alemanha-e-brasil-querem-duplicar-o-comercio-entre-os-dois-paises\/#breadcrumb","itemListElement":[{"@type":"ListItem","position":1,"name":"In\u00edcio","item":"https:\/\/portaltela.pt\/"},{"@type":"ListItem","position":2,"name":"Alemanha e Brasil querem duplicar o com\u00e9rcio entre os dois pa\u00edses"}]},{"@type":"WebSite","@id":"https:\/\/portaltela.pt\/#website","url":"https:\/\/portaltela.pt\/","name":"Portal Tela Portugal","description":"","potentialAction":[{"@type":"SearchAction","target":{"@type":"EntryPoint","urlTemplate":"https:\/\/portaltela.pt\/?s={search_term_string}"},"query-input":{"@type":"PropertyValueSpecification","valueRequired":true,"valueName":"search_term_string"}}],"inLanguage":"pt-PT"},{"@type":"Person","@id":"https:\/\/portaltela.pt\/#\/schema\/person\/c4278d4a6028830caff9ee44b42d32ed","name":"Telinha","image":{"@type":"ImageObject","inLanguage":"pt-PT","@id":"https:\/\/portaltela.pt\/s.01k8rhncp4jt1\/2025\/11\/talking-bot-125x125.png","url":"https:\/\/portaltela.pt\/s.01k8rhncp4jt1\/2025\/11\/talking-bot-125x125.png","contentUrl":"https:\/\/portaltela.pt\/s.01k8rhncp4jt1\/2025\/11\/talking-bot-125x125.png","caption":"Telinha"},"sameAs":["https:\/\/portaltela.pt\/"],"url":"https:\/\/portaltela.pt\/por\/367410592786\/"}]}},"_links":{"self":[{"href":"https:\/\/portaltela.pt\/api\/wp\/v2\/posts\/451218","targetHints":{"allow":["GET"]}}],"collection":[{"href":"https:\/\/portaltela.pt\/api\/wp\/v2\/posts"}],"about":[{"href":"https:\/\/portaltela.pt\/api\/wp\/v2\/types\/post"}],"author":[{"embeddable":true,"href":"https:\/\/portaltela.pt\/api\/wp\/v2\/users\/2"}],"replies":[{"embeddable":true,"href":"https:\/\/portaltela.pt\/api\/wp\/v2\/comments?post=451218"}],"version-history":[{"count":0,"href":"https:\/\/portaltela.pt\/api\/wp\/v2\/posts\/451218\/revisions"}],"wp:featuredmedia":[{"embeddable":true,"href":"https:\/\/portaltela.pt\/api\/wp\/v2\/media\/451223"}],"wp:attachment":[{"href":"https:\/\/portaltela.pt\/api\/wp\/v2\/media?parent=451218"}],"wp:term":[{"taxonomy":"category","embeddable":true,"href":"https:\/\/portaltela.pt\/api\/wp\/v2\/categories?post=451218"},{"taxonomy":"post_tag","embeddable":true,"href":"https:\/\/portaltela.pt\/api\/wp\/v2\/tags?post=451218"}],"curies":[{"name":"wp","href":"https:\/\/api.w.org\/{rel}","templated":true}]}}