{"id":451215,"date":"2026-04-20T09:33:11","date_gmt":"2026-04-20T12:33:11","guid":{"rendered":"https:\/\/portaltela.pt\/noticias\/2026\/04\/20\/governo-prepara-passe-intermodal-nacional-para-os-proximos-meses\/"},"modified":"2026-04-20T09:33:11","modified_gmt":"2026-04-20T12:33:11","slug":"governo-prepara-passe-intermodal-nacional-para-os-proximos-meses","status":"publish","type":"post","link":"https:\/\/portaltela.pt\/noticias\/politica\/2026\/04\/20\/governo-prepara-passe-intermodal-nacional-para-os-proximos-meses\/","title":{"rendered":"Governo prepara passe intermodal nacional para os pr\u00f3ximos meses"},"content":{"rendered":"<p>O Governo est\u00e1 a trabalhar numa solu\u00e7\u00e3o de passe intermodal de \u00e2mbito nacional, a ser apresentada nos pr\u00f3ximos meses, ap\u00f3s o sucesso do passe verde ferrovi\u00e1rio. A declara\u00e7\u00e3o foi feita pelo ministro das Infraestruturas, Miguel Pinto Luz, nesta segunda-feira, em Lisboa. O an\u00fancio ocorreu durante a apresenta\u00e7\u00e3o do balan\u00e7o do passe verde na esta\u00e7\u00e3o de Santa Apol\u00f3nia.<\/p>\n<p>De acordo com o ministro, o executivo j\u00e1 sinalizou a ideia \u00e0s empresas p\u00fablicas do setor. As grandes empresas de transportes p\u00fablicas foram informadas de que o Governo pretende lan\u00e7ar um passe intermodal com alcance nacional nos pr\u00f3ximos meses, mantendo o foco no aumento do uso do transporte p\u00fablico.<\/p>\n<p>At\u00e9 ent\u00e3o, o passe verde ferrovi\u00e1rio atingiu um marco com um milh\u00e3o de passes vendidos desde o in\u00edcio da vig\u00eancia, a 21 de outubro de 2024. O ministro destacou esta ades\u00e3o como coisa hist\u00f3rica e afirmou que o certificado de seguran\u00e7a \u00e9 assegurado pelo processo de certifica\u00e7\u00e3o das novas unidades.<\/p>\n<h3>Gov.pt e novos meios de mobilidade<\/h3>\n<p>A partir de maio, o passe verde ferrovi\u00e1rio passa a estar dispon\u00edvel na aplica\u00e7\u00e3o Gov.pt, permitindo que cidad\u00e3os com cart\u00e3o de cidad\u00e3o ou carta de condu\u00e7\u00e3o acedam digitalmente ao passe. A medida busca ampliar a acessibilidade ao sistema.<\/p>\n<p>Pinto Luz tamb\u00e9m real\u00e7ou limita\u00e7\u00f5es de capacidade para responder ao aumento da procura. A aquisi\u00e7\u00e3o de 195 novos comboios para a CP foi apresentada como parte da solu\u00e7\u00e3o, num investimento total de 1,8 mil milh\u00f5es de euros. Os novos comboios devem refor\u00e7ar a oferta at\u00e9 2030, com entregas anuais.<\/p>\n<p>A CP j\u00e1 recebeu os primeiros ve\u00edculos da encomenda de 22 automotoras \u00e0 Stadler, mas ainda est\u00e1 em certifica\u00e7\u00e3o, o que pode prolongar-se por at\u00e9 um ano. O ministro sublinhou que o per\u00edodo de certifica\u00e7\u00e3o \u00e9 uma garantia de seguran\u00e7a para os utilizadores.<\/p>\n","protected":false},"excerpt":{"rendered":"<ul>\n<li>O Governo est\u00e1 a trabalhar numa solu\u00e7\u00e3o de passe intermodal de escala nacional, a apresentar nos pr\u00f3ximos meses, ap\u00f3s o sucesso do passe verde ferrovi\u00e1rio.<\/li>\n<li>A inten\u00e7\u00e3o j\u00e1 foi sinalizada \u00e0s empresas p\u00fablicas do setor, com reuni\u00f5es recentes entre o Governo e as grandes empresas de transportes.<\/li>\n<li>O passo verde ferrovi\u00e1rio j\u00e1 vendeu um milh\u00e3o de passes, lan\u00e7ado a 21 de outubro de 2024, e, a partir de maio, passa a estar dispon\u00edvel na aplica\u00e7\u00e3o Gov.pt.<\/li>\n<li>Para aumentar a capacidade, o Governo vai adquirir 195 novos comboios para a CP, num investimento de 1,8 mil milh\u00f5es de euros, com certifica\u00e7\u00e3o dos novos equipamentos ainda em curso e poss\u00edvel dura\u00e7\u00e3o de at\u00e9 um ano.<\/li>\n<li>O objetivo \u00e9 refor\u00e7ar o uso do transporte p\u00fablico e convidar mais portugueses a utiliz\u00e1-lo.<\/li>\n<\/ul>\n","protected":false},"author":2,"featured_media":451219,"comment_status":"closed","ping_status":"closed","sticky":false,"template":"","format":"standard","meta":{"footnotes":""},"categories":[1,5],"tags":[3191,3826,258,981,192,4535],"class_list":["post-451215","post","type-post","status-publish","format-standard","has-post-thumbnail","hentry","category-noticias","category-politica","tag-cp","tag-gov-pt","tag-infraestruturas","tag-lisboa","tag-transporte","tag-transporte-publico"],"yoast_head":"<!-- This site is optimized with the Yoast SEO plugin v27.2 - https:\/\/yoast.com\/product\/yoast-seo-wordpress\/ -->\n<title>Governo prepara passe intermodal nacional para os pr\u00f3ximos meses - Portal Tela Portugal<\/title>\n<meta name=\"robots\" content=\"index, follow, max-snippet:-1, max-image-preview:large, max-video-preview:-1\" \/>\n<meta property=\"og:locale\" content=\"pt_PT\" \/>\n<meta property=\"og:type\" content=\"article\" \/>\n<meta property=\"og:title\" content=\"Governo prepara passe intermodal nacional para os pr\u00f3ximos meses - Portal Tela Portugal\" \/>\n<meta property=\"og:description\" content=\"O Governo est\u00e1 a trabalhar numa solu\u00e7\u00e3o de passe intermodal de escala nacional, a apresentar nos pr\u00f3ximos meses, ap\u00f3s o sucesso do passe verde ferrovi\u00e1rio. A inten\u00e7\u00e3o j\u00e1 foi sinalizada \u00e0s empresas p\u00fablicas do setor, com reuni\u00f5es recentes entre o Governo e as grandes empresas de transportes. O passo verde ferrovi\u00e1rio j\u00e1 vendeu um milh\u00e3o de passes, lan\u00e7ado a 21 de outubro de 2024, e, a partir de maio, passa a estar dispon\u00edvel na aplica\u00e7\u00e3o Gov.pt. Para aumentar a capacidade, o Governo vai adquirir 195 novos comboios para a CP, num investimento de 1,8 mil milh\u00f5es de euros, com certifica\u00e7\u00e3o dos novos equipamentos ainda em curso e poss\u00edvel dura\u00e7\u00e3o de at\u00e9 um ano. O objetivo \u00e9 refor\u00e7ar o uso do transporte p\u00fablico e convidar mais portugueses a utiliz\u00e1-lo.\" \/>\n<meta property=\"og:url\" content=\"https:\/\/portaltela.pt\/noticias\/2026\/04\/20\/governo-prepara-passe-intermodal-nacional-para-os-proximos-meses\/\" \/>\n<meta property=\"og:site_name\" content=\"Portal Tela Portugal\" \/>\n<meta property=\"article:published_time\" content=\"2026-04-20T12:33:11+00:00\" \/>\n<meta name=\"author\" content=\"Telinha\" \/>\n<meta name=\"twitter:card\" content=\"summary_large_image\" \/>\n<meta name=\"twitter:label1\" content=\"Escrito por\" \/>\n\t<meta name=\"twitter:data1\" content=\"Telinha\" \/>\n\t<meta name=\"twitter:label2\" content=\"Tempo estimado de leitura\" \/>\n\t<meta name=\"twitter:data2\" content=\"2 minutos\" \/>\n<script type=\"application\/ld+json\" class=\"yoast-schema-graph\">{\"@context\":\"https:\/\/schema.org\",\"@graph\":[{\"@type\":\"Article\",\"@id\":\"https:\/\/portaltela.pt\/noticias\/2026\/04\/20\/governo-prepara-passe-intermodal-nacional-para-os-proximos-meses\/#article\",\"isPartOf\":{\"@id\":\"https:\/\/portaltela.pt\/noticias\/2026\/04\/20\/governo-prepara-passe-intermodal-nacional-para-os-proximos-meses\/\"},\"author\":{\"name\":\"Telinha\",\"@id\":\"https:\/\/portaltela.pt\/#\/schema\/person\/c4278d4a6028830caff9ee44b42d32ed\"},\"headline\":\"Governo prepara passe intermodal nacional para os pr\u00f3ximos meses\",\"datePublished\":\"2026-04-20T12:33:11+00:00\",\"mainEntityOfPage\":{\"@id\":\"https:\/\/portaltela.pt\/noticias\/2026\/04\/20\/governo-prepara-passe-intermodal-nacional-para-os-proximos-meses\/\"},\"wordCount\":338,\"image\":{\"@id\":\"https:\/\/portaltela.pt\/noticias\/2026\/04\/20\/governo-prepara-passe-intermodal-nacional-para-os-proximos-meses\/#primaryimage\"},\"thumbnailUrl\":\"https:\/\/portaltela.pt\/s.01k8rhncp4jt1\/2026\/04\/img_1500x1000uu2024-10-25-10-34-37-1776839.jpg\",\"keywords\":[\"CP\",\"gov.pt\",\"infraestruturas\",\"Lisboa\",\"transporte\",\"transporte p\u00fablico\"],\"articleSection\":[\"Not\u00edcias\",\"Pol\u00edtica\"],\"inLanguage\":\"pt-PT\"},{\"@type\":\"WebPage\",\"@id\":\"https:\/\/portaltela.pt\/noticias\/2026\/04\/20\/governo-prepara-passe-intermodal-nacional-para-os-proximos-meses\/\",\"url\":\"https:\/\/portaltela.pt\/noticias\/2026\/04\/20\/governo-prepara-passe-intermodal-nacional-para-os-proximos-meses\/\",\"name\":\"Governo prepara passe intermodal nacional para os pr\u00f3ximos meses - Portal Tela Portugal\",\"isPartOf\":{\"@id\":\"https:\/\/portaltela.pt\/#website\"},\"primaryImageOfPage\":{\"@id\":\"https:\/\/portaltela.pt\/noticias\/2026\/04\/20\/governo-prepara-passe-intermodal-nacional-para-os-proximos-meses\/#primaryimage\"},\"image\":{\"@id\":\"https:\/\/portaltela.pt\/noticias\/2026\/04\/20\/governo-prepara-passe-intermodal-nacional-para-os-proximos-meses\/#primaryimage\"},\"thumbnailUrl\":\"https:\/\/portaltela.pt\/s.01k8rhncp4jt1\/2026\/04\/img_1500x1000uu2024-10-25-10-34-37-1776839.jpg\",\"datePublished\":\"2026-04-20T12:33:11+00:00\",\"author\":{\"@id\":\"https:\/\/portaltela.pt\/#\/schema\/person\/c4278d4a6028830caff9ee44b42d32ed\"},\"breadcrumb\":{\"@id\":\"https:\/\/portaltela.pt\/noticias\/2026\/04\/20\/governo-prepara-passe-intermodal-nacional-para-os-proximos-meses\/#breadcrumb\"},\"inLanguage\":\"pt-PT\",\"potentialAction\":[{\"@type\":\"ReadAction\",\"target\":[\"https:\/\/portaltela.pt\/noticias\/2026\/04\/20\/governo-prepara-passe-intermodal-nacional-para-os-proximos-meses\/\"]}]},{\"@type\":\"ImageObject\",\"inLanguage\":\"pt-PT\",\"@id\":\"https:\/\/portaltela.pt\/noticias\/2026\/04\/20\/governo-prepara-passe-intermodal-nacional-para-os-proximos-meses\/#primaryimage\",\"url\":\"https:\/\/portaltela.pt\/s.01k8rhncp4jt1\/2026\/04\/img_1500x1000uu2024-10-25-10-34-37-1776839.jpg\",\"contentUrl\":\"https:\/\/portaltela.pt\/s.01k8rhncp4jt1\/2026\/04\/img_1500x1000uu2024-10-25-10-34-37-1776839.jpg\",\"width\":796,\"height\":448,\"caption\":\"Governo prepara passe intermodal nacional para os pr\u00f3ximos meses\"},{\"@type\":\"BreadcrumbList\",\"@id\":\"https:\/\/portaltela.pt\/noticias\/2026\/04\/20\/governo-prepara-passe-intermodal-nacional-para-os-proximos-meses\/#breadcrumb\",\"itemListElement\":[{\"@type\":\"ListItem\",\"position\":1,\"name\":\"In\u00edcio\",\"item\":\"https:\/\/portaltela.pt\/\"},{\"@type\":\"ListItem\",\"position\":2,\"name\":\"Governo prepara passe intermodal nacional para os pr\u00f3ximos meses\"}]},{\"@type\":\"WebSite\",\"@id\":\"https:\/\/portaltela.pt\/#website\",\"url\":\"https:\/\/portaltela.pt\/\",\"name\":\"Portal Tela Portugal\",\"description\":\"\",\"potentialAction\":[{\"@type\":\"SearchAction\",\"target\":{\"@type\":\"EntryPoint\",\"urlTemplate\":\"https:\/\/portaltela.pt\/?s={search_term_string}\"},\"query-input\":{\"@type\":\"PropertyValueSpecification\",\"valueRequired\":true,\"valueName\":\"search_term_string\"}}],\"inLanguage\":\"pt-PT\"},{\"@type\":\"Person\",\"@id\":\"https:\/\/portaltela.pt\/#\/schema\/person\/c4278d4a6028830caff9ee44b42d32ed\",\"name\":\"Telinha\",\"image\":{\"@type\":\"ImageObject\",\"inLanguage\":\"pt-PT\",\"@id\":\"https:\/\/portaltela.pt\/s.01k8rhncp4jt1\/2025\/11\/talking-bot-125x125.png\",\"url\":\"https:\/\/portaltela.pt\/s.01k8rhncp4jt1\/2025\/11\/talking-bot-125x125.png\",\"contentUrl\":\"https:\/\/portaltela.pt\/s.01k8rhncp4jt1\/2025\/11\/talking-bot-125x125.png\",\"caption\":\"Telinha\"},\"sameAs\":[\"https:\/\/portaltela.pt\/\"],\"url\":\"https:\/\/portaltela.pt\/por\/367410592786\/\"}]}<\/script>\n<!-- \/ Yoast SEO plugin. -->","yoast_head_json":{"title":"Governo prepara passe intermodal nacional para os pr\u00f3ximos meses - Portal Tela Portugal","robots":{"index":"index","follow":"follow","max-snippet":"max-snippet:-1","max-image-preview":"max-image-preview:large","max-video-preview":"max-video-preview:-1"},"og_locale":"pt_PT","og_type":"article","og_title":"Governo prepara passe intermodal nacional para os pr\u00f3ximos meses - Portal Tela Portugal","og_description":"O Governo est\u00e1 a trabalhar numa solu\u00e7\u00e3o de passe intermodal de escala nacional, a apresentar nos pr\u00f3ximos meses, ap\u00f3s o sucesso do passe verde ferrovi\u00e1rio. A inten\u00e7\u00e3o j\u00e1 foi sinalizada \u00e0s empresas p\u00fablicas do setor, com reuni\u00f5es recentes entre o Governo e as grandes empresas de transportes. O passo verde ferrovi\u00e1rio j\u00e1 vendeu um milh\u00e3o de passes, lan\u00e7ado a 21 de outubro de 2024, e, a partir de maio, passa a estar dispon\u00edvel na aplica\u00e7\u00e3o Gov.pt. Para aumentar a capacidade, o Governo vai adquirir 195 novos comboios para a CP, num investimento de 1,8 mil milh\u00f5es de euros, com certifica\u00e7\u00e3o dos novos equipamentos ainda em curso e poss\u00edvel dura\u00e7\u00e3o de at\u00e9 um ano. O objetivo \u00e9 refor\u00e7ar o uso do transporte p\u00fablico e convidar mais portugueses a utiliz\u00e1-lo.","og_url":"https:\/\/portaltela.pt\/noticias\/2026\/04\/20\/governo-prepara-passe-intermodal-nacional-para-os-proximos-meses\/","og_site_name":"Portal Tela Portugal","article_published_time":"2026-04-20T12:33:11+00:00","author":"Telinha","twitter_card":"summary_large_image","twitter_misc":{"Escrito por":"Telinha","Tempo estimado de leitura":"2 minutos"},"schema":{"@context":"https:\/\/schema.org","@graph":[{"@type":"Article","@id":"https:\/\/portaltela.pt\/noticias\/2026\/04\/20\/governo-prepara-passe-intermodal-nacional-para-os-proximos-meses\/#article","isPartOf":{"@id":"https:\/\/portaltela.pt\/noticias\/2026\/04\/20\/governo-prepara-passe-intermodal-nacional-para-os-proximos-meses\/"},"author":{"name":"Telinha","@id":"https:\/\/portaltela.pt\/#\/schema\/person\/c4278d4a6028830caff9ee44b42d32ed"},"headline":"Governo prepara passe intermodal nacional para os pr\u00f3ximos meses","datePublished":"2026-04-20T12:33:11+00:00","mainEntityOfPage":{"@id":"https:\/\/portaltela.pt\/noticias\/2026\/04\/20\/governo-prepara-passe-intermodal-nacional-para-os-proximos-meses\/"},"wordCount":338,"image":{"@id":"https:\/\/portaltela.pt\/noticias\/2026\/04\/20\/governo-prepara-passe-intermodal-nacional-para-os-proximos-meses\/#primaryimage"},"thumbnailUrl":"https:\/\/portaltela.pt\/s.01k8rhncp4jt1\/2026\/04\/img_1500x1000uu2024-10-25-10-34-37-1776839.jpg","keywords":["CP","gov.pt","infraestruturas","Lisboa","transporte","transporte p\u00fablico"],"articleSection":["Not\u00edcias","Pol\u00edtica"],"inLanguage":"pt-PT"},{"@type":"WebPage","@id":"https:\/\/portaltela.pt\/noticias\/2026\/04\/20\/governo-prepara-passe-intermodal-nacional-para-os-proximos-meses\/","url":"https:\/\/portaltela.pt\/noticias\/2026\/04\/20\/governo-prepara-passe-intermodal-nacional-para-os-proximos-meses\/","name":"Governo prepara passe intermodal nacional para os pr\u00f3ximos meses - Portal Tela Portugal","isPartOf":{"@id":"https:\/\/portaltela.pt\/#website"},"primaryImageOfPage":{"@id":"https:\/\/portaltela.pt\/noticias\/2026\/04\/20\/governo-prepara-passe-intermodal-nacional-para-os-proximos-meses\/#primaryimage"},"image":{"@id":"https:\/\/portaltela.pt\/noticias\/2026\/04\/20\/governo-prepara-passe-intermodal-nacional-para-os-proximos-meses\/#primaryimage"},"thumbnailUrl":"https:\/\/portaltela.pt\/s.01k8rhncp4jt1\/2026\/04\/img_1500x1000uu2024-10-25-10-34-37-1776839.jpg","datePublished":"2026-04-20T12:33:11+00:00","author":{"@id":"https:\/\/portaltela.pt\/#\/schema\/person\/c4278d4a6028830caff9ee44b42d32ed"},"breadcrumb":{"@id":"https:\/\/portaltela.pt\/noticias\/2026\/04\/20\/governo-prepara-passe-intermodal-nacional-para-os-proximos-meses\/#breadcrumb"},"inLanguage":"pt-PT","potentialAction":[{"@type":"ReadAction","target":["https:\/\/portaltela.pt\/noticias\/2026\/04\/20\/governo-prepara-passe-intermodal-nacional-para-os-proximos-meses\/"]}]},{"@type":"ImageObject","inLanguage":"pt-PT","@id":"https:\/\/portaltela.pt\/noticias\/2026\/04\/20\/governo-prepara-passe-intermodal-nacional-para-os-proximos-meses\/#primaryimage","url":"https:\/\/portaltela.pt\/s.01k8rhncp4jt1\/2026\/04\/img_1500x1000uu2024-10-25-10-34-37-1776839.jpg","contentUrl":"https:\/\/portaltela.pt\/s.01k8rhncp4jt1\/2026\/04\/img_1500x1000uu2024-10-25-10-34-37-1776839.jpg","width":796,"height":448,"caption":"Governo prepara passe intermodal nacional para os pr\u00f3ximos meses"},{"@type":"BreadcrumbList","@id":"https:\/\/portaltela.pt\/noticias\/2026\/04\/20\/governo-prepara-passe-intermodal-nacional-para-os-proximos-meses\/#breadcrumb","itemListElement":[{"@type":"ListItem","position":1,"name":"In\u00edcio","item":"https:\/\/portaltela.pt\/"},{"@type":"ListItem","position":2,"name":"Governo prepara passe intermodal nacional para os pr\u00f3ximos meses"}]},{"@type":"WebSite","@id":"https:\/\/portaltela.pt\/#website","url":"https:\/\/portaltela.pt\/","name":"Portal Tela Portugal","description":"","potentialAction":[{"@type":"SearchAction","target":{"@type":"EntryPoint","urlTemplate":"https:\/\/portaltela.pt\/?s={search_term_string}"},"query-input":{"@type":"PropertyValueSpecification","valueRequired":true,"valueName":"search_term_string"}}],"inLanguage":"pt-PT"},{"@type":"Person","@id":"https:\/\/portaltela.pt\/#\/schema\/person\/c4278d4a6028830caff9ee44b42d32ed","name":"Telinha","image":{"@type":"ImageObject","inLanguage":"pt-PT","@id":"https:\/\/portaltela.pt\/s.01k8rhncp4jt1\/2025\/11\/talking-bot-125x125.png","url":"https:\/\/portaltela.pt\/s.01k8rhncp4jt1\/2025\/11\/talking-bot-125x125.png","contentUrl":"https:\/\/portaltela.pt\/s.01k8rhncp4jt1\/2025\/11\/talking-bot-125x125.png","caption":"Telinha"},"sameAs":["https:\/\/portaltela.pt\/"],"url":"https:\/\/portaltela.pt\/por\/367410592786\/"}]}},"_links":{"self":[{"href":"https:\/\/portaltela.pt\/api\/wp\/v2\/posts\/451215","targetHints":{"allow":["GET"]}}],"collection":[{"href":"https:\/\/portaltela.pt\/api\/wp\/v2\/posts"}],"about":[{"href":"https:\/\/portaltela.pt\/api\/wp\/v2\/types\/post"}],"author":[{"embeddable":true,"href":"https:\/\/portaltela.pt\/api\/wp\/v2\/users\/2"}],"replies":[{"embeddable":true,"href":"https:\/\/portaltela.pt\/api\/wp\/v2\/comments?post=451215"}],"version-history":[{"count":0,"href":"https:\/\/portaltela.pt\/api\/wp\/v2\/posts\/451215\/revisions"}],"wp:featuredmedia":[{"embeddable":true,"href":"https:\/\/portaltela.pt\/api\/wp\/v2\/media\/451219"}],"wp:attachment":[{"href":"https:\/\/portaltela.pt\/api\/wp\/v2\/media?parent=451215"}],"wp:term":[{"taxonomy":"category","embeddable":true,"href":"https:\/\/portaltela.pt\/api\/wp\/v2\/categories?post=451215"},{"taxonomy":"post_tag","embeddable":true,"href":"https:\/\/portaltela.pt\/api\/wp\/v2\/tags?post=451215"}],"curies":[{"name":"wp","href":"https:\/\/api.w.org\/{rel}","templated":true}]}}