{"id":451201,"date":"2026-04-20T08:36:00","date_gmt":"2026-04-20T11:36:00","guid":{"rendered":"https:\/\/portaltela.pt\/noticias\/2026\/04\/20\/sinner-mantem-lideranca-no-ranking-mundial-de-tenis-borges-sobe-para-49-o-2\/"},"modified":"2026-04-20T08:36:00","modified_gmt":"2026-04-20T11:36:00","slug":"sinner-mantem-lideranca-no-ranking-mundial-de-tenis-borges-sobe-para-49-o-2","status":"publish","type":"post","link":"https:\/\/portaltela.pt\/desporto\/futebol\/2026\/04\/20\/sinner-mantem-lideranca-no-ranking-mundial-de-tenis-borges-sobe-para-49-o-2\/","title":{"rendered":"Sinner mant\u00e9m lideran\u00e7a no ranking mundial de t\u00e9nis; Borges sobe para 49.\u00ba"},"content":{"rendered":"<p>Jannik Sinner manteve a lideran\u00e7a do ranking mundial de t\u00e9nis masculino, de acordo com a atualiza\u00e7\u00e3o mais recente. Junto dele, Nuno Borges passou a ocupar o 49.\u00ba lugar entre os melhores do mundo.<\/p>\n<p>A informa\u00e7\u00e3o dispon\u00edvel publicamente n\u00e3o revela dados adicionais, e o conte\u00fado completo est\u00e1 acess\u00edvel apenas a subscritores mediante login.<\/p>\n<p>A subida de Borges indica uma melhoria na sua posi\u00e7\u00e3o no ranking, conforme a atualiza\u00e7\u00e3o recente.<\/p>\n","protected":false},"excerpt":{"rendered":"<ul>\n<li>Jannik Sinner mant\u00e9m a lideran\u00e7a do ranking mundial de t\u00e9nis.<\/li>\n<li>Borges sobe \u00e0 posi\u00e7\u00e3o 49.\u00ba no ranking.<\/li>\n<li>A not\u00edcia completa est\u00e1 dispon\u00edvel apenas para subscritores.<\/li>\n<\/ul>\n","protected":false},"author":2,"featured_media":451207,"comment_status":"closed","ping_status":"closed","sticky":false,"template":"","format":"standard","meta":{"footnotes":""},"categories":[21,24],"tags":[1350,2873,1014,6610,94],"class_list":["post-451201","post","type-post","status-publish","format-standard","has-post-thumbnail","hentry","category-desporto","category-futebol","tag-nacionais","tag-nuno-borges","tag-portugal","tag-ranking-internacional","tag-tenis"],"yoast_head":"<!-- This site is optimized with the Yoast SEO plugin v27.2 - https:\/\/yoast.com\/product\/yoast-seo-wordpress\/ -->\n<title>Sinner mant\u00e9m lideran\u00e7a no ranking mundial de t\u00e9nis; Borges sobe para 49.\u00ba - Portal Tela Portugal<\/title>\n<meta name=\"robots\" content=\"index, follow, max-snippet:-1, max-image-preview:large, max-video-preview:-1\" \/>\n<meta property=\"og:locale\" content=\"pt_PT\" \/>\n<meta property=\"og:type\" content=\"article\" \/>\n<meta property=\"og:title\" content=\"Sinner mant\u00e9m lideran\u00e7a no ranking mundial de t\u00e9nis; Borges sobe para 49.\u00ba - Portal Tela Portugal\" \/>\n<meta property=\"og:description\" content=\"Jannik Sinner mant\u00e9m a lideran\u00e7a do ranking mundial de t\u00e9nis. Borges sobe \u00e0 posi\u00e7\u00e3o 49.\u00ba no ranking. A not\u00edcia completa est\u00e1 dispon\u00edvel apenas para subscritores.\" \/>\n<meta property=\"og:url\" content=\"https:\/\/portaltela.pt\/noticias\/2026\/04\/20\/sinner-mantem-lideranca-no-ranking-mundial-de-tenis-borges-sobe-para-49-o-2\/\" \/>\n<meta property=\"og:site_name\" content=\"Portal Tela Portugal\" \/>\n<meta property=\"article:published_time\" content=\"2026-04-20T11:36:00+00:00\" \/>\n<meta name=\"author\" content=\"Telinha\" \/>\n<meta name=\"twitter:card\" content=\"summary_large_image\" \/>\n<meta name=\"twitter:label1\" content=\"Escrito por\" \/>\n\t<meta name=\"twitter:data1\" content=\"Telinha\" \/>\n<script type=\"application\/ld+json\" class=\"yoast-schema-graph\">{\"@context\":\"https:\/\/schema.org\",\"@graph\":[{\"@type\":\"Article\",\"@id\":\"https:\/\/portaltela.pt\/noticias\/2026\/04\/20\/sinner-mantem-lideranca-no-ranking-mundial-de-tenis-borges-sobe-para-49-o-2\/#article\",\"isPartOf\":{\"@id\":\"https:\/\/portaltela.pt\/noticias\/2026\/04\/20\/sinner-mantem-lideranca-no-ranking-mundial-de-tenis-borges-sobe-para-49-o-2\/\"},\"author\":{\"name\":\"Telinha\",\"@id\":\"https:\/\/portaltela.pt\/#\/schema\/person\/c4278d4a6028830caff9ee44b42d32ed\"},\"headline\":\"Sinner mant\u00e9m lideran\u00e7a no ranking mundial de t\u00e9nis; Borges sobe para 49.\u00ba\",\"datePublished\":\"2026-04-20T11:36:00+00:00\",\"mainEntityOfPage\":{\"@id\":\"https:\/\/portaltela.pt\/noticias\/2026\/04\/20\/sinner-mantem-lideranca-no-ranking-mundial-de-tenis-borges-sobe-para-49-o-2\/\"},\"wordCount\":91,\"image\":{\"@id\":\"https:\/\/portaltela.pt\/noticias\/2026\/04\/20\/sinner-mantem-lideranca-no-ranking-mundial-de-tenis-borges-sobe-para-49-o-2\/#primaryimage\"},\"thumbnailUrl\":\"https:\/\/portaltela.pt\/s.01k8rhncp4jt1\/2026\/04\/CACHE_780X1200_ANALOG_WATERMARKED_46913083_354489115855077.jpg\",\"keywords\":[\"Nacionais\",\"Nuno Borges\",\"Portugal\",\"ranking internacional\",\"t\u00eanis\"],\"articleSection\":[\"Desporto\",\"Futebol\"],\"inLanguage\":\"pt-PT\"},{\"@type\":\"WebPage\",\"@id\":\"https:\/\/portaltela.pt\/noticias\/2026\/04\/20\/sinner-mantem-lideranca-no-ranking-mundial-de-tenis-borges-sobe-para-49-o-2\/\",\"url\":\"https:\/\/portaltela.pt\/noticias\/2026\/04\/20\/sinner-mantem-lideranca-no-ranking-mundial-de-tenis-borges-sobe-para-49-o-2\/\",\"name\":\"Sinner mant\u00e9m lideran\u00e7a no ranking mundial de t\u00e9nis; Borges sobe para 49.\u00ba - Portal Tela Portugal\",\"isPartOf\":{\"@id\":\"https:\/\/portaltela.pt\/#website\"},\"primaryImageOfPage\":{\"@id\":\"https:\/\/portaltela.pt\/noticias\/2026\/04\/20\/sinner-mantem-lideranca-no-ranking-mundial-de-tenis-borges-sobe-para-49-o-2\/#primaryimage\"},\"image\":{\"@id\":\"https:\/\/portaltela.pt\/noticias\/2026\/04\/20\/sinner-mantem-lideranca-no-ranking-mundial-de-tenis-borges-sobe-para-49-o-2\/#primaryimage\"},\"thumbnailUrl\":\"https:\/\/portaltela.pt\/s.01k8rhncp4jt1\/2026\/04\/CACHE_780X1200_ANALOG_WATERMARKED_46913083_354489115855077.jpg\",\"datePublished\":\"2026-04-20T11:36:00+00:00\",\"author\":{\"@id\":\"https:\/\/portaltela.pt\/#\/schema\/person\/c4278d4a6028830caff9ee44b42d32ed\"},\"breadcrumb\":{\"@id\":\"https:\/\/portaltela.pt\/noticias\/2026\/04\/20\/sinner-mantem-lideranca-no-ranking-mundial-de-tenis-borges-sobe-para-49-o-2\/#breadcrumb\"},\"inLanguage\":\"pt-PT\",\"potentialAction\":[{\"@type\":\"ReadAction\",\"target\":[\"https:\/\/portaltela.pt\/noticias\/2026\/04\/20\/sinner-mantem-lideranca-no-ranking-mundial-de-tenis-borges-sobe-para-49-o-2\/\"]}]},{\"@type\":\"ImageObject\",\"inLanguage\":\"pt-PT\",\"@id\":\"https:\/\/portaltela.pt\/noticias\/2026\/04\/20\/sinner-mantem-lideranca-no-ranking-mundial-de-tenis-borges-sobe-para-49-o-2\/#primaryimage\",\"url\":\"https:\/\/portaltela.pt\/s.01k8rhncp4jt1\/2026\/04\/CACHE_780X1200_ANALOG_WATERMARKED_46913083_354489115855077.jpg\",\"contentUrl\":\"https:\/\/portaltela.pt\/s.01k8rhncp4jt1\/2026\/04\/CACHE_780X1200_ANALOG_WATERMARKED_46913083_354489115855077.jpg\",\"width\":768,\"height\":487,\"caption\":\"Sinner mant\u00e9m lideran\u00e7a do ranking mundial de t\u00e9nis, Borges sobe a 49.\u00ba\"},{\"@type\":\"BreadcrumbList\",\"@id\":\"https:\/\/portaltela.pt\/noticias\/2026\/04\/20\/sinner-mantem-lideranca-no-ranking-mundial-de-tenis-borges-sobe-para-49-o-2\/#breadcrumb\",\"itemListElement\":[{\"@type\":\"ListItem\",\"position\":1,\"name\":\"In\u00edcio\",\"item\":\"https:\/\/portaltela.pt\/\"},{\"@type\":\"ListItem\",\"position\":2,\"name\":\"Sinner mant\u00e9m lideran\u00e7a no ranking mundial de t\u00e9nis; Borges sobe para 49.\u00ba\"}]},{\"@type\":\"WebSite\",\"@id\":\"https:\/\/portaltela.pt\/#website\",\"url\":\"https:\/\/portaltela.pt\/\",\"name\":\"Portal Tela Portugal\",\"description\":\"\",\"potentialAction\":[{\"@type\":\"SearchAction\",\"target\":{\"@type\":\"EntryPoint\",\"urlTemplate\":\"https:\/\/portaltela.pt\/?s={search_term_string}\"},\"query-input\":{\"@type\":\"PropertyValueSpecification\",\"valueRequired\":true,\"valueName\":\"search_term_string\"}}],\"inLanguage\":\"pt-PT\"},{\"@type\":\"Person\",\"@id\":\"https:\/\/portaltela.pt\/#\/schema\/person\/c4278d4a6028830caff9ee44b42d32ed\",\"name\":\"Telinha\",\"image\":{\"@type\":\"ImageObject\",\"inLanguage\":\"pt-PT\",\"@id\":\"https:\/\/portaltela.pt\/s.01k8rhncp4jt1\/2025\/11\/talking-bot-125x125.png\",\"url\":\"https:\/\/portaltela.pt\/s.01k8rhncp4jt1\/2025\/11\/talking-bot-125x125.png\",\"contentUrl\":\"https:\/\/portaltela.pt\/s.01k8rhncp4jt1\/2025\/11\/talking-bot-125x125.png\",\"caption\":\"Telinha\"},\"sameAs\":[\"https:\/\/portaltela.pt\/\"],\"url\":\"https:\/\/portaltela.pt\/por\/367410592786\/\"}]}<\/script>\n<!-- \/ Yoast SEO plugin. -->","yoast_head_json":{"title":"Sinner mant\u00e9m lideran\u00e7a no ranking mundial de t\u00e9nis; Borges sobe para 49.\u00ba - Portal Tela Portugal","robots":{"index":"index","follow":"follow","max-snippet":"max-snippet:-1","max-image-preview":"max-image-preview:large","max-video-preview":"max-video-preview:-1"},"og_locale":"pt_PT","og_type":"article","og_title":"Sinner mant\u00e9m lideran\u00e7a no ranking mundial de t\u00e9nis; Borges sobe para 49.\u00ba - Portal Tela Portugal","og_description":"Jannik Sinner mant\u00e9m a lideran\u00e7a do ranking mundial de t\u00e9nis. Borges sobe \u00e0 posi\u00e7\u00e3o 49.\u00ba no ranking. A not\u00edcia completa est\u00e1 dispon\u00edvel apenas para subscritores.","og_url":"https:\/\/portaltela.pt\/noticias\/2026\/04\/20\/sinner-mantem-lideranca-no-ranking-mundial-de-tenis-borges-sobe-para-49-o-2\/","og_site_name":"Portal Tela Portugal","article_published_time":"2026-04-20T11:36:00+00:00","author":"Telinha","twitter_card":"summary_large_image","twitter_misc":{"Escrito por":"Telinha"},"schema":{"@context":"https:\/\/schema.org","@graph":[{"@type":"Article","@id":"https:\/\/portaltela.pt\/noticias\/2026\/04\/20\/sinner-mantem-lideranca-no-ranking-mundial-de-tenis-borges-sobe-para-49-o-2\/#article","isPartOf":{"@id":"https:\/\/portaltela.pt\/noticias\/2026\/04\/20\/sinner-mantem-lideranca-no-ranking-mundial-de-tenis-borges-sobe-para-49-o-2\/"},"author":{"name":"Telinha","@id":"https:\/\/portaltela.pt\/#\/schema\/person\/c4278d4a6028830caff9ee44b42d32ed"},"headline":"Sinner mant\u00e9m lideran\u00e7a no ranking mundial de t\u00e9nis; Borges sobe para 49.\u00ba","datePublished":"2026-04-20T11:36:00+00:00","mainEntityOfPage":{"@id":"https:\/\/portaltela.pt\/noticias\/2026\/04\/20\/sinner-mantem-lideranca-no-ranking-mundial-de-tenis-borges-sobe-para-49-o-2\/"},"wordCount":91,"image":{"@id":"https:\/\/portaltela.pt\/noticias\/2026\/04\/20\/sinner-mantem-lideranca-no-ranking-mundial-de-tenis-borges-sobe-para-49-o-2\/#primaryimage"},"thumbnailUrl":"https:\/\/portaltela.pt\/s.01k8rhncp4jt1\/2026\/04\/CACHE_780X1200_ANALOG_WATERMARKED_46913083_354489115855077.jpg","keywords":["Nacionais","Nuno Borges","Portugal","ranking internacional","t\u00eanis"],"articleSection":["Desporto","Futebol"],"inLanguage":"pt-PT"},{"@type":"WebPage","@id":"https:\/\/portaltela.pt\/noticias\/2026\/04\/20\/sinner-mantem-lideranca-no-ranking-mundial-de-tenis-borges-sobe-para-49-o-2\/","url":"https:\/\/portaltela.pt\/noticias\/2026\/04\/20\/sinner-mantem-lideranca-no-ranking-mundial-de-tenis-borges-sobe-para-49-o-2\/","name":"Sinner mant\u00e9m lideran\u00e7a no ranking mundial de t\u00e9nis; Borges sobe para 49.\u00ba - Portal Tela Portugal","isPartOf":{"@id":"https:\/\/portaltela.pt\/#website"},"primaryImageOfPage":{"@id":"https:\/\/portaltela.pt\/noticias\/2026\/04\/20\/sinner-mantem-lideranca-no-ranking-mundial-de-tenis-borges-sobe-para-49-o-2\/#primaryimage"},"image":{"@id":"https:\/\/portaltela.pt\/noticias\/2026\/04\/20\/sinner-mantem-lideranca-no-ranking-mundial-de-tenis-borges-sobe-para-49-o-2\/#primaryimage"},"thumbnailUrl":"https:\/\/portaltela.pt\/s.01k8rhncp4jt1\/2026\/04\/CACHE_780X1200_ANALOG_WATERMARKED_46913083_354489115855077.jpg","datePublished":"2026-04-20T11:36:00+00:00","author":{"@id":"https:\/\/portaltela.pt\/#\/schema\/person\/c4278d4a6028830caff9ee44b42d32ed"},"breadcrumb":{"@id":"https:\/\/portaltela.pt\/noticias\/2026\/04\/20\/sinner-mantem-lideranca-no-ranking-mundial-de-tenis-borges-sobe-para-49-o-2\/#breadcrumb"},"inLanguage":"pt-PT","potentialAction":[{"@type":"ReadAction","target":["https:\/\/portaltela.pt\/noticias\/2026\/04\/20\/sinner-mantem-lideranca-no-ranking-mundial-de-tenis-borges-sobe-para-49-o-2\/"]}]},{"@type":"ImageObject","inLanguage":"pt-PT","@id":"https:\/\/portaltela.pt\/noticias\/2026\/04\/20\/sinner-mantem-lideranca-no-ranking-mundial-de-tenis-borges-sobe-para-49-o-2\/#primaryimage","url":"https:\/\/portaltela.pt\/s.01k8rhncp4jt1\/2026\/04\/CACHE_780X1200_ANALOG_WATERMARKED_46913083_354489115855077.jpg","contentUrl":"https:\/\/portaltela.pt\/s.01k8rhncp4jt1\/2026\/04\/CACHE_780X1200_ANALOG_WATERMARKED_46913083_354489115855077.jpg","width":768,"height":487,"caption":"Sinner mant\u00e9m lideran\u00e7a do ranking mundial de t\u00e9nis, Borges sobe a 49.\u00ba"},{"@type":"BreadcrumbList","@id":"https:\/\/portaltela.pt\/noticias\/2026\/04\/20\/sinner-mantem-lideranca-no-ranking-mundial-de-tenis-borges-sobe-para-49-o-2\/#breadcrumb","itemListElement":[{"@type":"ListItem","position":1,"name":"In\u00edcio","item":"https:\/\/portaltela.pt\/"},{"@type":"ListItem","position":2,"name":"Sinner mant\u00e9m lideran\u00e7a no ranking mundial de t\u00e9nis; Borges sobe para 49.\u00ba"}]},{"@type":"WebSite","@id":"https:\/\/portaltela.pt\/#website","url":"https:\/\/portaltela.pt\/","name":"Portal Tela Portugal","description":"","potentialAction":[{"@type":"SearchAction","target":{"@type":"EntryPoint","urlTemplate":"https:\/\/portaltela.pt\/?s={search_term_string}"},"query-input":{"@type":"PropertyValueSpecification","valueRequired":true,"valueName":"search_term_string"}}],"inLanguage":"pt-PT"},{"@type":"Person","@id":"https:\/\/portaltela.pt\/#\/schema\/person\/c4278d4a6028830caff9ee44b42d32ed","name":"Telinha","image":{"@type":"ImageObject","inLanguage":"pt-PT","@id":"https:\/\/portaltela.pt\/s.01k8rhncp4jt1\/2025\/11\/talking-bot-125x125.png","url":"https:\/\/portaltela.pt\/s.01k8rhncp4jt1\/2025\/11\/talking-bot-125x125.png","contentUrl":"https:\/\/portaltela.pt\/s.01k8rhncp4jt1\/2025\/11\/talking-bot-125x125.png","caption":"Telinha"},"sameAs":["https:\/\/portaltela.pt\/"],"url":"https:\/\/portaltela.pt\/por\/367410592786\/"}]}},"_links":{"self":[{"href":"https:\/\/portaltela.pt\/api\/wp\/v2\/posts\/451201","targetHints":{"allow":["GET"]}}],"collection":[{"href":"https:\/\/portaltela.pt\/api\/wp\/v2\/posts"}],"about":[{"href":"https:\/\/portaltela.pt\/api\/wp\/v2\/types\/post"}],"author":[{"embeddable":true,"href":"https:\/\/portaltela.pt\/api\/wp\/v2\/users\/2"}],"replies":[{"embeddable":true,"href":"https:\/\/portaltela.pt\/api\/wp\/v2\/comments?post=451201"}],"version-history":[{"count":0,"href":"https:\/\/portaltela.pt\/api\/wp\/v2\/posts\/451201\/revisions"}],"wp:featuredmedia":[{"embeddable":true,"href":"https:\/\/portaltela.pt\/api\/wp\/v2\/media\/451207"}],"wp:attachment":[{"href":"https:\/\/portaltela.pt\/api\/wp\/v2\/media?parent=451201"}],"wp:term":[{"taxonomy":"category","embeddable":true,"href":"https:\/\/portaltela.pt\/api\/wp\/v2\/categories?post=451201"},{"taxonomy":"post_tag","embeddable":true,"href":"https:\/\/portaltela.pt\/api\/wp\/v2\/tags?post=451201"}],"curies":[{"name":"wp","href":"https:\/\/api.w.org\/{rel}","templated":true}]}}