{"id":451182,"date":"2026-04-20T09:03:27","date_gmt":"2026-04-20T12:03:27","guid":{"rendered":"https:\/\/portaltela.pt\/noticias\/2026\/04\/20\/camilo-lourenco-considera-vergonhoso-pedido-da-restauracao-para-reduzir-iva\/"},"modified":"2026-04-20T09:03:27","modified_gmt":"2026-04-20T12:03:27","slug":"camilo-lourenco-considera-vergonhoso-pedido-da-restauracao-para-reduzir-iva","status":"publish","type":"post","link":"https:\/\/portaltela.pt\/noticias\/economia\/2026\/04\/20\/camilo-lourenco-considera-vergonhoso-pedido-da-restauracao-para-reduzir-iva\/","title":{"rendered":"Camilo Louren\u00e7o considera vergonhoso pedido da restaura\u00e7\u00e3o para reduzir IVA"},"content":{"rendered":"<p>Camilo Louren\u00e7o, comentador da CMTV, criticou o pedido efetuado pelo setor da restaura\u00e7\u00e3o para a redu\u00e7\u00e3o do IVA. Em declara\u00e7\u00f5es divulgadas hoje, o comentador afirmou que os contribuintes n\u00e3o devem sustentar as empresas do ramo.<\/p>\n<p>Afirmou ainda que a medida n\u00e3o deve comprometer o equil\u00edbrio financeiro do Estado, apontando para a necessidade de crit\u00e9rios justos na fiscalidade. O tema tem gerado debate entre empres\u00e1rios e Governo, com diverg\u00eancias sobre impactos econ\u00f3micos.<\/p>\n<p>Louren\u00e7o tamb\u00e9m comentou a possibilidade de o Governo reduzir o apoio ao combust\u00edvel, reagindo a diferentes prioridades de pol\u00edtica p\u00fablica. As declara\u00e7\u00f5es chegam num momento de negocia\u00e7\u00e3o or\u00e7amental e de ajustamentos na pol\u00edtica fiscal.<\/p>\n","protected":false},"excerpt":{"rendered":"<ul>\n<li>Comentador da CMTV, Camilo Louren\u00e7o, qualificou de &#8220;vergonha&#8221; o pedido de redu\u00e7\u00e3o do IVA para o setor da restaura\u00e7\u00e3o.<\/li>\n<li>Louren\u00e7o afirmou que os contribuintes n\u00e3o devem sustentar as empresas de restaura\u00e7\u00e3o.<\/li>\n<li>O coment\u00e1rio surge no contexto de reivindica\u00e7\u00f5es para baixar o IVA aplicado a este setor.<\/li>\n<li>O artigo also menciona a possibilidade de o Governo reduzir o apoio ao combust\u00edvel.<\/li>\n<li>Publica\u00e7\u00e3o em 20 de abril de 2026, \u00e0s 12:57.<\/li>\n<\/ul>\n","protected":false},"author":2,"featured_media":451186,"comment_status":"closed","ping_status":"closed","sticky":false,"template":"","format":"standard","meta":{"footnotes":""},"categories":[2,7370],"tags":[7323,28,34,3613,2832,6398],"class_list":["post-451182","post","type-post","status-publish","format-standard","has-post-thumbnail","hentry","category-economia","category-financas-publicas","tag-contribuintes","tag-economia","tag-governo","tag-impostos","tag-politica","tag-restauracao"],"yoast_head":"<!-- This site is optimized with the Yoast SEO plugin v27.2 - https:\/\/yoast.com\/product\/yoast-seo-wordpress\/ -->\n<title>Camilo Louren\u00e7o considera vergonhoso pedido da restaura\u00e7\u00e3o para reduzir IVA - Portal Tela Portugal<\/title>\n<meta name=\"robots\" content=\"index, follow, max-snippet:-1, max-image-preview:large, max-video-preview:-1\" \/>\n<meta property=\"og:locale\" content=\"pt_PT\" \/>\n<meta property=\"og:type\" content=\"article\" \/>\n<meta property=\"og:title\" content=\"Camilo Louren\u00e7o considera vergonhoso pedido da restaura\u00e7\u00e3o para reduzir IVA - Portal Tela Portugal\" \/>\n<meta property=\"og:description\" content=\"Comentador da CMTV, Camilo Louren\u00e7o, qualificou de &quot;vergonha&quot; o pedido de redu\u00e7\u00e3o do IVA para o setor da restaura\u00e7\u00e3o. Louren\u00e7o afirmou que os contribuintes n\u00e3o devem sustentar as empresas de restaura\u00e7\u00e3o. O coment\u00e1rio surge no contexto de reivindica\u00e7\u00f5es para baixar o IVA aplicado a este setor. O artigo also menciona a possibilidade de o Governo reduzir o apoio ao combust\u00edvel. Publica\u00e7\u00e3o em 20 de abril de 2026, \u00e0s 12:57.\" \/>\n<meta property=\"og:url\" content=\"https:\/\/portaltela.pt\/noticias\/2026\/04\/20\/camilo-lourenco-considera-vergonhoso-pedido-da-restauracao-para-reduzir-iva\/\" \/>\n<meta property=\"og:site_name\" content=\"Portal Tela Portugal\" \/>\n<meta property=\"article:published_time\" content=\"2026-04-20T12:03:27+00:00\" \/>\n<meta name=\"author\" content=\"Telinha\" \/>\n<meta name=\"twitter:card\" content=\"summary_large_image\" \/>\n<meta name=\"twitter:label1\" content=\"Escrito por\" \/>\n\t<meta name=\"twitter:data1\" content=\"Telinha\" \/>\n\t<meta name=\"twitter:label2\" content=\"Tempo estimado de leitura\" \/>\n\t<meta name=\"twitter:data2\" content=\"1 minuto\" \/>\n<script type=\"application\/ld+json\" class=\"yoast-schema-graph\">{\"@context\":\"https:\/\/schema.org\",\"@graph\":[{\"@type\":\"Article\",\"@id\":\"https:\/\/portaltela.pt\/noticias\/2026\/04\/20\/camilo-lourenco-considera-vergonhoso-pedido-da-restauracao-para-reduzir-iva\/#article\",\"isPartOf\":{\"@id\":\"https:\/\/portaltela.pt\/noticias\/2026\/04\/20\/camilo-lourenco-considera-vergonhoso-pedido-da-restauracao-para-reduzir-iva\/\"},\"author\":{\"name\":\"Telinha\",\"@id\":\"https:\/\/portaltela.pt\/#\/schema\/person\/c4278d4a6028830caff9ee44b42d32ed\"},\"headline\":\"Camilo Louren\u00e7o considera vergonhoso pedido da restaura\u00e7\u00e3o para reduzir IVA\",\"datePublished\":\"2026-04-20T12:03:27+00:00\",\"mainEntityOfPage\":{\"@id\":\"https:\/\/portaltela.pt\/noticias\/2026\/04\/20\/camilo-lourenco-considera-vergonhoso-pedido-da-restauracao-para-reduzir-iva\/\"},\"wordCount\":137,\"image\":{\"@id\":\"https:\/\/portaltela.pt\/noticias\/2026\/04\/20\/camilo-lourenco-considera-vergonhoso-pedido-da-restauracao-para-reduzir-iva\/#primaryimage\"},\"thumbnailUrl\":\"https:\/\/portaltela.pt\/s.01k8rhncp4jt1\/2026\/04\/img_1280x722uu2026-04-20-12-57-20-2279761.jpg\",\"keywords\":[\"contribuintes\",\"economia\",\"governo\",\"impostos\",\"pol\u00edtica\",\"restaura\u00e7\u00e3o\"],\"articleSection\":[\"Economia\",\"Finan\u00e7as P\u00fablicas\"],\"inLanguage\":\"pt-PT\"},{\"@type\":\"WebPage\",\"@id\":\"https:\/\/portaltela.pt\/noticias\/2026\/04\/20\/camilo-lourenco-considera-vergonhoso-pedido-da-restauracao-para-reduzir-iva\/\",\"url\":\"https:\/\/portaltela.pt\/noticias\/2026\/04\/20\/camilo-lourenco-considera-vergonhoso-pedido-da-restauracao-para-reduzir-iva\/\",\"name\":\"Camilo Louren\u00e7o considera vergonhoso pedido da restaura\u00e7\u00e3o para reduzir IVA - Portal Tela Portugal\",\"isPartOf\":{\"@id\":\"https:\/\/portaltela.pt\/#website\"},\"primaryImageOfPage\":{\"@id\":\"https:\/\/portaltela.pt\/noticias\/2026\/04\/20\/camilo-lourenco-considera-vergonhoso-pedido-da-restauracao-para-reduzir-iva\/#primaryimage\"},\"image\":{\"@id\":\"https:\/\/portaltela.pt\/noticias\/2026\/04\/20\/camilo-lourenco-considera-vergonhoso-pedido-da-restauracao-para-reduzir-iva\/#primaryimage\"},\"thumbnailUrl\":\"https:\/\/portaltela.pt\/s.01k8rhncp4jt1\/2026\/04\/img_1280x722uu2026-04-20-12-57-20-2279761.jpg\",\"datePublished\":\"2026-04-20T12:03:27+00:00\",\"author\":{\"@id\":\"https:\/\/portaltela.pt\/#\/schema\/person\/c4278d4a6028830caff9ee44b42d32ed\"},\"breadcrumb\":{\"@id\":\"https:\/\/portaltela.pt\/noticias\/2026\/04\/20\/camilo-lourenco-considera-vergonhoso-pedido-da-restauracao-para-reduzir-iva\/#breadcrumb\"},\"inLanguage\":\"pt-PT\",\"potentialAction\":[{\"@type\":\"ReadAction\",\"target\":[\"https:\/\/portaltela.pt\/noticias\/2026\/04\/20\/camilo-lourenco-considera-vergonhoso-pedido-da-restauracao-para-reduzir-iva\/\"]}]},{\"@type\":\"ImageObject\",\"inLanguage\":\"pt-PT\",\"@id\":\"https:\/\/portaltela.pt\/noticias\/2026\/04\/20\/camilo-lourenco-considera-vergonhoso-pedido-da-restauracao-para-reduzir-iva\/#primaryimage\",\"url\":\"https:\/\/portaltela.pt\/s.01k8rhncp4jt1\/2026\/04\/img_1280x722uu2026-04-20-12-57-20-2279761.jpg\",\"contentUrl\":\"https:\/\/portaltela.pt\/s.01k8rhncp4jt1\/2026\/04\/img_1280x722uu2026-04-20-12-57-20-2279761.jpg\",\"width\":796,\"height\":448,\"caption\":\"\u201c\u00c9 uma vergonha\u201d: Camilo Louren\u00e7o sobre pedido da restaura\u00e7\u00e3o para a redu\u00e7\u00e3o do IVA\"},{\"@type\":\"BreadcrumbList\",\"@id\":\"https:\/\/portaltela.pt\/noticias\/2026\/04\/20\/camilo-lourenco-considera-vergonhoso-pedido-da-restauracao-para-reduzir-iva\/#breadcrumb\",\"itemListElement\":[{\"@type\":\"ListItem\",\"position\":1,\"name\":\"In\u00edcio\",\"item\":\"https:\/\/portaltela.pt\/\"},{\"@type\":\"ListItem\",\"position\":2,\"name\":\"Camilo Louren\u00e7o considera vergonhoso pedido da restaura\u00e7\u00e3o para reduzir IVA\"}]},{\"@type\":\"WebSite\",\"@id\":\"https:\/\/portaltela.pt\/#website\",\"url\":\"https:\/\/portaltela.pt\/\",\"name\":\"Portal Tela Portugal\",\"description\":\"\",\"potentialAction\":[{\"@type\":\"SearchAction\",\"target\":{\"@type\":\"EntryPoint\",\"urlTemplate\":\"https:\/\/portaltela.pt\/?s={search_term_string}\"},\"query-input\":{\"@type\":\"PropertyValueSpecification\",\"valueRequired\":true,\"valueName\":\"search_term_string\"}}],\"inLanguage\":\"pt-PT\"},{\"@type\":\"Person\",\"@id\":\"https:\/\/portaltela.pt\/#\/schema\/person\/c4278d4a6028830caff9ee44b42d32ed\",\"name\":\"Telinha\",\"image\":{\"@type\":\"ImageObject\",\"inLanguage\":\"pt-PT\",\"@id\":\"https:\/\/portaltela.pt\/s.01k8rhncp4jt1\/2025\/11\/talking-bot-125x125.png\",\"url\":\"https:\/\/portaltela.pt\/s.01k8rhncp4jt1\/2025\/11\/talking-bot-125x125.png\",\"contentUrl\":\"https:\/\/portaltela.pt\/s.01k8rhncp4jt1\/2025\/11\/talking-bot-125x125.png\",\"caption\":\"Telinha\"},\"sameAs\":[\"https:\/\/portaltela.pt\/\"],\"url\":\"https:\/\/portaltela.pt\/por\/367410592786\/\"}]}<\/script>\n<!-- \/ Yoast SEO plugin. -->","yoast_head_json":{"title":"Camilo Louren\u00e7o considera vergonhoso pedido da restaura\u00e7\u00e3o para reduzir IVA - Portal Tela Portugal","robots":{"index":"index","follow":"follow","max-snippet":"max-snippet:-1","max-image-preview":"max-image-preview:large","max-video-preview":"max-video-preview:-1"},"og_locale":"pt_PT","og_type":"article","og_title":"Camilo Louren\u00e7o considera vergonhoso pedido da restaura\u00e7\u00e3o para reduzir IVA - Portal Tela Portugal","og_description":"Comentador da CMTV, Camilo Louren\u00e7o, qualificou de \"vergonha\" o pedido de redu\u00e7\u00e3o do IVA para o setor da restaura\u00e7\u00e3o. Louren\u00e7o afirmou que os contribuintes n\u00e3o devem sustentar as empresas de restaura\u00e7\u00e3o. O coment\u00e1rio surge no contexto de reivindica\u00e7\u00f5es para baixar o IVA aplicado a este setor. O artigo also menciona a possibilidade de o Governo reduzir o apoio ao combust\u00edvel. Publica\u00e7\u00e3o em 20 de abril de 2026, \u00e0s 12:57.","og_url":"https:\/\/portaltela.pt\/noticias\/2026\/04\/20\/camilo-lourenco-considera-vergonhoso-pedido-da-restauracao-para-reduzir-iva\/","og_site_name":"Portal Tela Portugal","article_published_time":"2026-04-20T12:03:27+00:00","author":"Telinha","twitter_card":"summary_large_image","twitter_misc":{"Escrito por":"Telinha","Tempo estimado de leitura":"1 minuto"},"schema":{"@context":"https:\/\/schema.org","@graph":[{"@type":"Article","@id":"https:\/\/portaltela.pt\/noticias\/2026\/04\/20\/camilo-lourenco-considera-vergonhoso-pedido-da-restauracao-para-reduzir-iva\/#article","isPartOf":{"@id":"https:\/\/portaltela.pt\/noticias\/2026\/04\/20\/camilo-lourenco-considera-vergonhoso-pedido-da-restauracao-para-reduzir-iva\/"},"author":{"name":"Telinha","@id":"https:\/\/portaltela.pt\/#\/schema\/person\/c4278d4a6028830caff9ee44b42d32ed"},"headline":"Camilo Louren\u00e7o considera vergonhoso pedido da restaura\u00e7\u00e3o para reduzir IVA","datePublished":"2026-04-20T12:03:27+00:00","mainEntityOfPage":{"@id":"https:\/\/portaltela.pt\/noticias\/2026\/04\/20\/camilo-lourenco-considera-vergonhoso-pedido-da-restauracao-para-reduzir-iva\/"},"wordCount":137,"image":{"@id":"https:\/\/portaltela.pt\/noticias\/2026\/04\/20\/camilo-lourenco-considera-vergonhoso-pedido-da-restauracao-para-reduzir-iva\/#primaryimage"},"thumbnailUrl":"https:\/\/portaltela.pt\/s.01k8rhncp4jt1\/2026\/04\/img_1280x722uu2026-04-20-12-57-20-2279761.jpg","keywords":["contribuintes","economia","governo","impostos","pol\u00edtica","restaura\u00e7\u00e3o"],"articleSection":["Economia","Finan\u00e7as P\u00fablicas"],"inLanguage":"pt-PT"},{"@type":"WebPage","@id":"https:\/\/portaltela.pt\/noticias\/2026\/04\/20\/camilo-lourenco-considera-vergonhoso-pedido-da-restauracao-para-reduzir-iva\/","url":"https:\/\/portaltela.pt\/noticias\/2026\/04\/20\/camilo-lourenco-considera-vergonhoso-pedido-da-restauracao-para-reduzir-iva\/","name":"Camilo Louren\u00e7o considera vergonhoso pedido da restaura\u00e7\u00e3o para reduzir IVA - Portal Tela Portugal","isPartOf":{"@id":"https:\/\/portaltela.pt\/#website"},"primaryImageOfPage":{"@id":"https:\/\/portaltela.pt\/noticias\/2026\/04\/20\/camilo-lourenco-considera-vergonhoso-pedido-da-restauracao-para-reduzir-iva\/#primaryimage"},"image":{"@id":"https:\/\/portaltela.pt\/noticias\/2026\/04\/20\/camilo-lourenco-considera-vergonhoso-pedido-da-restauracao-para-reduzir-iva\/#primaryimage"},"thumbnailUrl":"https:\/\/portaltela.pt\/s.01k8rhncp4jt1\/2026\/04\/img_1280x722uu2026-04-20-12-57-20-2279761.jpg","datePublished":"2026-04-20T12:03:27+00:00","author":{"@id":"https:\/\/portaltela.pt\/#\/schema\/person\/c4278d4a6028830caff9ee44b42d32ed"},"breadcrumb":{"@id":"https:\/\/portaltela.pt\/noticias\/2026\/04\/20\/camilo-lourenco-considera-vergonhoso-pedido-da-restauracao-para-reduzir-iva\/#breadcrumb"},"inLanguage":"pt-PT","potentialAction":[{"@type":"ReadAction","target":["https:\/\/portaltela.pt\/noticias\/2026\/04\/20\/camilo-lourenco-considera-vergonhoso-pedido-da-restauracao-para-reduzir-iva\/"]}]},{"@type":"ImageObject","inLanguage":"pt-PT","@id":"https:\/\/portaltela.pt\/noticias\/2026\/04\/20\/camilo-lourenco-considera-vergonhoso-pedido-da-restauracao-para-reduzir-iva\/#primaryimage","url":"https:\/\/portaltela.pt\/s.01k8rhncp4jt1\/2026\/04\/img_1280x722uu2026-04-20-12-57-20-2279761.jpg","contentUrl":"https:\/\/portaltela.pt\/s.01k8rhncp4jt1\/2026\/04\/img_1280x722uu2026-04-20-12-57-20-2279761.jpg","width":796,"height":448,"caption":"\u201c\u00c9 uma vergonha\u201d: Camilo Louren\u00e7o sobre pedido da restaura\u00e7\u00e3o para a redu\u00e7\u00e3o do IVA"},{"@type":"BreadcrumbList","@id":"https:\/\/portaltela.pt\/noticias\/2026\/04\/20\/camilo-lourenco-considera-vergonhoso-pedido-da-restauracao-para-reduzir-iva\/#breadcrumb","itemListElement":[{"@type":"ListItem","position":1,"name":"In\u00edcio","item":"https:\/\/portaltela.pt\/"},{"@type":"ListItem","position":2,"name":"Camilo Louren\u00e7o considera vergonhoso pedido da restaura\u00e7\u00e3o para reduzir IVA"}]},{"@type":"WebSite","@id":"https:\/\/portaltela.pt\/#website","url":"https:\/\/portaltela.pt\/","name":"Portal Tela Portugal","description":"","potentialAction":[{"@type":"SearchAction","target":{"@type":"EntryPoint","urlTemplate":"https:\/\/portaltela.pt\/?s={search_term_string}"},"query-input":{"@type":"PropertyValueSpecification","valueRequired":true,"valueName":"search_term_string"}}],"inLanguage":"pt-PT"},{"@type":"Person","@id":"https:\/\/portaltela.pt\/#\/schema\/person\/c4278d4a6028830caff9ee44b42d32ed","name":"Telinha","image":{"@type":"ImageObject","inLanguage":"pt-PT","@id":"https:\/\/portaltela.pt\/s.01k8rhncp4jt1\/2025\/11\/talking-bot-125x125.png","url":"https:\/\/portaltela.pt\/s.01k8rhncp4jt1\/2025\/11\/talking-bot-125x125.png","contentUrl":"https:\/\/portaltela.pt\/s.01k8rhncp4jt1\/2025\/11\/talking-bot-125x125.png","caption":"Telinha"},"sameAs":["https:\/\/portaltela.pt\/"],"url":"https:\/\/portaltela.pt\/por\/367410592786\/"}]}},"_links":{"self":[{"href":"https:\/\/portaltela.pt\/api\/wp\/v2\/posts\/451182","targetHints":{"allow":["GET"]}}],"collection":[{"href":"https:\/\/portaltela.pt\/api\/wp\/v2\/posts"}],"about":[{"href":"https:\/\/portaltela.pt\/api\/wp\/v2\/types\/post"}],"author":[{"embeddable":true,"href":"https:\/\/portaltela.pt\/api\/wp\/v2\/users\/2"}],"replies":[{"embeddable":true,"href":"https:\/\/portaltela.pt\/api\/wp\/v2\/comments?post=451182"}],"version-history":[{"count":0,"href":"https:\/\/portaltela.pt\/api\/wp\/v2\/posts\/451182\/revisions"}],"wp:featuredmedia":[{"embeddable":true,"href":"https:\/\/portaltela.pt\/api\/wp\/v2\/media\/451186"}],"wp:attachment":[{"href":"https:\/\/portaltela.pt\/api\/wp\/v2\/media?parent=451182"}],"wp:term":[{"taxonomy":"category","embeddable":true,"href":"https:\/\/portaltela.pt\/api\/wp\/v2\/categories?post=451182"},{"taxonomy":"post_tag","embeddable":true,"href":"https:\/\/portaltela.pt\/api\/wp\/v2\/tags?post=451182"}],"curies":[{"name":"wp","href":"https:\/\/api.w.org\/{rel}","templated":true}]}}