{"id":451176,"date":"2026-04-20T09:03:23","date_gmt":"2026-04-20T12:03:23","guid":{"rendered":"https:\/\/portaltela.pt\/noticias\/2026\/04\/20\/porto-e-benfica-abrem-os-quartos-da-liga-dos-campeoes-de-hoquei-em-patins-em-coimbra\/"},"modified":"2026-04-20T09:03:23","modified_gmt":"2026-04-20T12:03:23","slug":"porto-e-benfica-abrem-os-quartos-da-liga-dos-campeoes-de-hoquei-em-patins-em-coimbra","status":"publish","type":"post","link":"https:\/\/portaltela.pt\/desporto\/futebol\/2026\/04\/20\/porto-e-benfica-abrem-os-quartos-da-liga-dos-campeoes-de-hoquei-em-patins-em-coimbra\/","title":{"rendered":"Porto e Benfica abrem os quartos da Liga dos Campe\u00f5es de h\u00f3quei em patins em Coimbra"},"content":{"rendered":"<p>O fim de semana da Liga dos Campe\u00f5es masculina de h\u00f3quei em patins arranca com os quartos de final, disputados nos dias 6 e 7 de maio, em Coimbra. O evento decorre no pavilh\u00e3o M\u00e1rio Mexia, com o confronto entre F. C. Porto e Liceo a abrir o conjunto de partidas ib\u00e9ricas. Segue-se o FC Porto-Liceo, numa eliminat\u00f3ria direta at\u00e9 apurar um finalista.<\/p>\n<p>No mesmo dia, est\u00e3o agendados outros duelos de alto n\u00edvel. O Benfica defronta o Reus, tamb\u00e9m em Coimbra, enquanto o Barcelona mede for\u00e7as com o Sporting. Hor\u00e1rios e ordem das partidas est\u00e3o definidos para manter o quadro competitivo da eliminat\u00f3ria.<\/p>\n<h3>Meias-finais e final<\/h3>\n<p>As meias-finais realizam-se no s\u00e1bado, 9 de maio, entre os vencedores dos quartos. O confronto entre F. C. Porto-Liceo e o vencedor de Barcelos-Trissino comp\u00f5e uma das chaves, enquanto o Benfica enfrenta o Barcelona-Sporting no segundo cruzamento. A final decorre no domingo, 10 de maio, \u00e0s 18:00.<\/p>\n<p>Paralelamente, realiza-se a final a quatro da Liga dos Campe\u00f5es feminina, em Coimbra, com a participa\u00e7\u00e3o da equipa portuguesa do Benfica e das espanholas Gij\u00f3n HC, CP Vila-Sana e CP Fraga. As meias-finais do setor feminino s\u00e3o disputadas a 8 de maio, Benfica-Gij\u00f3n HC \u00e0s 19:00 e Vila-Sana-Fraga \u00e0s 21:30, com a final marcada para as 12:00 de domingo, 10 de maio.<\/p>\n","protected":false},"excerpt":{"rendered":"<ul>\n<li>Os quartos de final da Liga dos Campe\u00f5es masculina de h\u00f3quei em patins decorrem de 6 a 7 de maio, no pavilh\u00e3o M\u00e1rio Mexia, em Coimbra, com F. C. Porto-Liceo e Benfica-Reus.<\/li>\n<li>No primeiro dia, 6 de maio, seguem-se F. C. Porto-Liceo e Benfica-Reus; no segundo, 7 de maio, Barcelona-Sporting e \u00d3quei Barcelos-Trissino.<\/li>\n<li>As meias-finais acontecem a 9 de maio, envolvendo os vencedores de F. C. Porto-Liceo, \u00d3quei Barcelos-Trissino, Benfica-Reus e Barcelona-Sporting, com a final no dia 10 de maio \u00e0s 18:00.<\/li>\n<li>Paralelamente, realiza-se a final a quatro feminina da Liga dos Campe\u00f5es no mesmo local e datas, com Benfica, Gijon HC, CP Vila-Sana e CP Fraga; as meias-finais s\u00e3o a 8 de maio (Benfica-Gijon HC \u00e0s 19:00 e Vila-Sana-Fraga \u00e0s 21:30) e a final \u00e0s 12:00 de 10 de maio.<\/li>\n<li>A organiza\u00e7\u00e3o manteve a planifica\u00e7\u00e3o oficial dos jogos e hor\u00e1rios para ambas as competi\u00e7\u00f5es em Coimbra.<\/li>\n<\/ul>\n","protected":false},"author":2,"featured_media":451191,"comment_status":"closed","ping_status":"closed","sticky":false,"template":"","format":"standard","meta":{"footnotes":""},"categories":[21,24],"tags":[2587,1946,1070,2028,273,3893],"class_list":["post-451176","post","type-post","status-publish","format-standard","has-post-thumbnail","hentry","category-desporto","category-futebol","tag-barcelona","tag-benfica","tag-coimbra","tag-fc-porto","tag-hoquei","tag-liceo"],"yoast_head":"<!-- This site is optimized with the Yoast SEO plugin v27.2 - https:\/\/yoast.com\/product\/yoast-seo-wordpress\/ -->\n<title>Porto e Benfica abrem os quartos da Liga dos Campe\u00f5es de h\u00f3quei em patins em Coimbra - Portal Tela Portugal<\/title>\n<meta name=\"robots\" content=\"index, follow, max-snippet:-1, max-image-preview:large, max-video-preview:-1\" \/>\n<meta property=\"og:locale\" content=\"pt_PT\" \/>\n<meta property=\"og:type\" content=\"article\" \/>\n<meta property=\"og:title\" content=\"Porto e Benfica abrem os quartos da Liga dos Campe\u00f5es de h\u00f3quei em patins em Coimbra - Portal Tela Portugal\" \/>\n<meta property=\"og:description\" content=\"Os quartos de final da Liga dos Campe\u00f5es masculina de h\u00f3quei em patins decorrem de 6 a 7 de maio, no pavilh\u00e3o M\u00e1rio Mexia, em Coimbra, com F. C. Porto-Liceo e Benfica-Reus. No primeiro dia, 6 de maio, seguem-se F. C. Porto-Liceo e Benfica-Reus; no segundo, 7 de maio, Barcelona-Sporting e \u00d3quei Barcelos-Trissino. As meias-finais acontecem a 9 de maio, envolvendo os vencedores de F. C. Porto-Liceo, \u00d3quei Barcelos-Trissino, Benfica-Reus e Barcelona-Sporting, com a final no dia 10 de maio \u00e0s 18:00. Paralelamente, realiza-se a final a quatro feminina da Liga dos Campe\u00f5es no mesmo local e datas, com Benfica, Gijon HC, CP Vila-Sana e CP Fraga; as meias-finais s\u00e3o a 8 de maio (Benfica-Gijon HC \u00e0s 19:00 e Vila-Sana-Fraga \u00e0s 21:30) e a final \u00e0s 12:00 de 10 de maio. A organiza\u00e7\u00e3o manteve a planifica\u00e7\u00e3o oficial dos jogos e hor\u00e1rios para ambas as competi\u00e7\u00f5es em Coimbra.\" \/>\n<meta property=\"og:url\" content=\"https:\/\/portaltela.pt\/noticias\/2026\/04\/20\/porto-e-benfica-abrem-os-quartos-da-liga-dos-campeoes-de-hoquei-em-patins-em-coimbra\/\" \/>\n<meta property=\"og:site_name\" content=\"Portal Tela Portugal\" \/>\n<meta property=\"article:published_time\" content=\"2026-04-20T12:03:23+00:00\" \/>\n<meta name=\"author\" content=\"Telinha\" \/>\n<meta name=\"twitter:card\" content=\"summary_large_image\" \/>\n<meta name=\"twitter:label1\" content=\"Escrito por\" \/>\n\t<meta name=\"twitter:data1\" content=\"Telinha\" \/>\n\t<meta name=\"twitter:label2\" content=\"Tempo estimado de leitura\" \/>\n\t<meta name=\"twitter:data2\" content=\"1 minuto\" \/>\n<script type=\"application\/ld+json\" class=\"yoast-schema-graph\">{\"@context\":\"https:\/\/schema.org\",\"@graph\":[{\"@type\":\"Article\",\"@id\":\"https:\/\/portaltela.pt\/noticias\/2026\/04\/20\/porto-e-benfica-abrem-os-quartos-da-liga-dos-campeoes-de-hoquei-em-patins-em-coimbra\/#article\",\"isPartOf\":{\"@id\":\"https:\/\/portaltela.pt\/noticias\/2026\/04\/20\/porto-e-benfica-abrem-os-quartos-da-liga-dos-campeoes-de-hoquei-em-patins-em-coimbra\/\"},\"author\":{\"name\":\"Telinha\",\"@id\":\"https:\/\/portaltela.pt\/#\/schema\/person\/c4278d4a6028830caff9ee44b42d32ed\"},\"headline\":\"Porto e Benfica abrem os quartos da Liga dos Campe\u00f5es de h\u00f3quei em patins em Coimbra\",\"datePublished\":\"2026-04-20T12:03:23+00:00\",\"mainEntityOfPage\":{\"@id\":\"https:\/\/portaltela.pt\/noticias\/2026\/04\/20\/porto-e-benfica-abrem-os-quartos-da-liga-dos-campeoes-de-hoquei-em-patins-em-coimbra\/\"},\"wordCount\":243,\"image\":{\"@id\":\"https:\/\/portaltela.pt\/noticias\/2026\/04\/20\/porto-e-benfica-abrem-os-quartos-da-liga-dos-campeoes-de-hoquei-em-patins-em-coimbra\/#primaryimage\"},\"thumbnailUrl\":\"https:\/\/portaltela.pt\/s.01k8rhncp4jt1\/2026\/04\/image-1201.jpg\",\"keywords\":[\"Barcelona\",\"Benfica\",\"Coimbra\",\"FC Porto\",\"h\u00f3quei\",\"Liceo\"],\"articleSection\":[\"Desporto\",\"Futebol\"],\"inLanguage\":\"pt-PT\"},{\"@type\":\"WebPage\",\"@id\":\"https:\/\/portaltela.pt\/noticias\/2026\/04\/20\/porto-e-benfica-abrem-os-quartos-da-liga-dos-campeoes-de-hoquei-em-patins-em-coimbra\/\",\"url\":\"https:\/\/portaltela.pt\/noticias\/2026\/04\/20\/porto-e-benfica-abrem-os-quartos-da-liga-dos-campeoes-de-hoquei-em-patins-em-coimbra\/\",\"name\":\"Porto e Benfica abrem os quartos da Liga dos Campe\u00f5es de h\u00f3quei em patins em Coimbra - Portal Tela Portugal\",\"isPartOf\":{\"@id\":\"https:\/\/portaltela.pt\/#website\"},\"primaryImageOfPage\":{\"@id\":\"https:\/\/portaltela.pt\/noticias\/2026\/04\/20\/porto-e-benfica-abrem-os-quartos-da-liga-dos-campeoes-de-hoquei-em-patins-em-coimbra\/#primaryimage\"},\"image\":{\"@id\":\"https:\/\/portaltela.pt\/noticias\/2026\/04\/20\/porto-e-benfica-abrem-os-quartos-da-liga-dos-campeoes-de-hoquei-em-patins-em-coimbra\/#primaryimage\"},\"thumbnailUrl\":\"https:\/\/portaltela.pt\/s.01k8rhncp4jt1\/2026\/04\/image-1201.jpg\",\"datePublished\":\"2026-04-20T12:03:23+00:00\",\"author\":{\"@id\":\"https:\/\/portaltela.pt\/#\/schema\/person\/c4278d4a6028830caff9ee44b42d32ed\"},\"breadcrumb\":{\"@id\":\"https:\/\/portaltela.pt\/noticias\/2026\/04\/20\/porto-e-benfica-abrem-os-quartos-da-liga-dos-campeoes-de-hoquei-em-patins-em-coimbra\/#breadcrumb\"},\"inLanguage\":\"pt-PT\",\"potentialAction\":[{\"@type\":\"ReadAction\",\"target\":[\"https:\/\/portaltela.pt\/noticias\/2026\/04\/20\/porto-e-benfica-abrem-os-quartos-da-liga-dos-campeoes-de-hoquei-em-patins-em-coimbra\/\"]}]},{\"@type\":\"ImageObject\",\"inLanguage\":\"pt-PT\",\"@id\":\"https:\/\/portaltela.pt\/noticias\/2026\/04\/20\/porto-e-benfica-abrem-os-quartos-da-liga-dos-campeoes-de-hoquei-em-patins-em-coimbra\/#primaryimage\",\"url\":\"https:\/\/portaltela.pt\/s.01k8rhncp4jt1\/2026\/04\/image-1201.jpg\",\"contentUrl\":\"https:\/\/portaltela.pt\/s.01k8rhncp4jt1\/2026\/04\/image-1201.jpg\",\"width\":796,\"height\":448,\"caption\":\"F. C. Porto vai defrontar o Liceo de Corunha\"},{\"@type\":\"BreadcrumbList\",\"@id\":\"https:\/\/portaltela.pt\/noticias\/2026\/04\/20\/porto-e-benfica-abrem-os-quartos-da-liga-dos-campeoes-de-hoquei-em-patins-em-coimbra\/#breadcrumb\",\"itemListElement\":[{\"@type\":\"ListItem\",\"position\":1,\"name\":\"In\u00edcio\",\"item\":\"https:\/\/portaltela.pt\/\"},{\"@type\":\"ListItem\",\"position\":2,\"name\":\"Porto e Benfica abrem os quartos da Liga dos Campe\u00f5es de h\u00f3quei em patins em Coimbra\"}]},{\"@type\":\"WebSite\",\"@id\":\"https:\/\/portaltela.pt\/#website\",\"url\":\"https:\/\/portaltela.pt\/\",\"name\":\"Portal Tela Portugal\",\"description\":\"\",\"potentialAction\":[{\"@type\":\"SearchAction\",\"target\":{\"@type\":\"EntryPoint\",\"urlTemplate\":\"https:\/\/portaltela.pt\/?s={search_term_string}\"},\"query-input\":{\"@type\":\"PropertyValueSpecification\",\"valueRequired\":true,\"valueName\":\"search_term_string\"}}],\"inLanguage\":\"pt-PT\"},{\"@type\":\"Person\",\"@id\":\"https:\/\/portaltela.pt\/#\/schema\/person\/c4278d4a6028830caff9ee44b42d32ed\",\"name\":\"Telinha\",\"image\":{\"@type\":\"ImageObject\",\"inLanguage\":\"pt-PT\",\"@id\":\"https:\/\/portaltela.pt\/s.01k8rhncp4jt1\/2025\/11\/talking-bot-125x125.png\",\"url\":\"https:\/\/portaltela.pt\/s.01k8rhncp4jt1\/2025\/11\/talking-bot-125x125.png\",\"contentUrl\":\"https:\/\/portaltela.pt\/s.01k8rhncp4jt1\/2025\/11\/talking-bot-125x125.png\",\"caption\":\"Telinha\"},\"sameAs\":[\"https:\/\/portaltela.pt\/\"],\"url\":\"https:\/\/portaltela.pt\/por\/367410592786\/\"}]}<\/script>\n<!-- \/ Yoast SEO plugin. -->","yoast_head_json":{"title":"Porto e Benfica abrem os quartos da Liga dos Campe\u00f5es de h\u00f3quei em patins em Coimbra - Portal Tela Portugal","robots":{"index":"index","follow":"follow","max-snippet":"max-snippet:-1","max-image-preview":"max-image-preview:large","max-video-preview":"max-video-preview:-1"},"og_locale":"pt_PT","og_type":"article","og_title":"Porto e Benfica abrem os quartos da Liga dos Campe\u00f5es de h\u00f3quei em patins em Coimbra - Portal Tela Portugal","og_description":"Os quartos de final da Liga dos Campe\u00f5es masculina de h\u00f3quei em patins decorrem de 6 a 7 de maio, no pavilh\u00e3o M\u00e1rio Mexia, em Coimbra, com F. C. Porto-Liceo e Benfica-Reus. No primeiro dia, 6 de maio, seguem-se F. C. Porto-Liceo e Benfica-Reus; no segundo, 7 de maio, Barcelona-Sporting e \u00d3quei Barcelos-Trissino. As meias-finais acontecem a 9 de maio, envolvendo os vencedores de F. C. Porto-Liceo, \u00d3quei Barcelos-Trissino, Benfica-Reus e Barcelona-Sporting, com a final no dia 10 de maio \u00e0s 18:00. Paralelamente, realiza-se a final a quatro feminina da Liga dos Campe\u00f5es no mesmo local e datas, com Benfica, Gijon HC, CP Vila-Sana e CP Fraga; as meias-finais s\u00e3o a 8 de maio (Benfica-Gijon HC \u00e0s 19:00 e Vila-Sana-Fraga \u00e0s 21:30) e a final \u00e0s 12:00 de 10 de maio. A organiza\u00e7\u00e3o manteve a planifica\u00e7\u00e3o oficial dos jogos e hor\u00e1rios para ambas as competi\u00e7\u00f5es em Coimbra.","og_url":"https:\/\/portaltela.pt\/noticias\/2026\/04\/20\/porto-e-benfica-abrem-os-quartos-da-liga-dos-campeoes-de-hoquei-em-patins-em-coimbra\/","og_site_name":"Portal Tela Portugal","article_published_time":"2026-04-20T12:03:23+00:00","author":"Telinha","twitter_card":"summary_large_image","twitter_misc":{"Escrito por":"Telinha","Tempo estimado de leitura":"1 minuto"},"schema":{"@context":"https:\/\/schema.org","@graph":[{"@type":"Article","@id":"https:\/\/portaltela.pt\/noticias\/2026\/04\/20\/porto-e-benfica-abrem-os-quartos-da-liga-dos-campeoes-de-hoquei-em-patins-em-coimbra\/#article","isPartOf":{"@id":"https:\/\/portaltela.pt\/noticias\/2026\/04\/20\/porto-e-benfica-abrem-os-quartos-da-liga-dos-campeoes-de-hoquei-em-patins-em-coimbra\/"},"author":{"name":"Telinha","@id":"https:\/\/portaltela.pt\/#\/schema\/person\/c4278d4a6028830caff9ee44b42d32ed"},"headline":"Porto e Benfica abrem os quartos da Liga dos Campe\u00f5es de h\u00f3quei em patins em Coimbra","datePublished":"2026-04-20T12:03:23+00:00","mainEntityOfPage":{"@id":"https:\/\/portaltela.pt\/noticias\/2026\/04\/20\/porto-e-benfica-abrem-os-quartos-da-liga-dos-campeoes-de-hoquei-em-patins-em-coimbra\/"},"wordCount":243,"image":{"@id":"https:\/\/portaltela.pt\/noticias\/2026\/04\/20\/porto-e-benfica-abrem-os-quartos-da-liga-dos-campeoes-de-hoquei-em-patins-em-coimbra\/#primaryimage"},"thumbnailUrl":"https:\/\/portaltela.pt\/s.01k8rhncp4jt1\/2026\/04\/image-1201.jpg","keywords":["Barcelona","Benfica","Coimbra","FC Porto","h\u00f3quei","Liceo"],"articleSection":["Desporto","Futebol"],"inLanguage":"pt-PT"},{"@type":"WebPage","@id":"https:\/\/portaltela.pt\/noticias\/2026\/04\/20\/porto-e-benfica-abrem-os-quartos-da-liga-dos-campeoes-de-hoquei-em-patins-em-coimbra\/","url":"https:\/\/portaltela.pt\/noticias\/2026\/04\/20\/porto-e-benfica-abrem-os-quartos-da-liga-dos-campeoes-de-hoquei-em-patins-em-coimbra\/","name":"Porto e Benfica abrem os quartos da Liga dos Campe\u00f5es de h\u00f3quei em patins em Coimbra - Portal Tela Portugal","isPartOf":{"@id":"https:\/\/portaltela.pt\/#website"},"primaryImageOfPage":{"@id":"https:\/\/portaltela.pt\/noticias\/2026\/04\/20\/porto-e-benfica-abrem-os-quartos-da-liga-dos-campeoes-de-hoquei-em-patins-em-coimbra\/#primaryimage"},"image":{"@id":"https:\/\/portaltela.pt\/noticias\/2026\/04\/20\/porto-e-benfica-abrem-os-quartos-da-liga-dos-campeoes-de-hoquei-em-patins-em-coimbra\/#primaryimage"},"thumbnailUrl":"https:\/\/portaltela.pt\/s.01k8rhncp4jt1\/2026\/04\/image-1201.jpg","datePublished":"2026-04-20T12:03:23+00:00","author":{"@id":"https:\/\/portaltela.pt\/#\/schema\/person\/c4278d4a6028830caff9ee44b42d32ed"},"breadcrumb":{"@id":"https:\/\/portaltela.pt\/noticias\/2026\/04\/20\/porto-e-benfica-abrem-os-quartos-da-liga-dos-campeoes-de-hoquei-em-patins-em-coimbra\/#breadcrumb"},"inLanguage":"pt-PT","potentialAction":[{"@type":"ReadAction","target":["https:\/\/portaltela.pt\/noticias\/2026\/04\/20\/porto-e-benfica-abrem-os-quartos-da-liga-dos-campeoes-de-hoquei-em-patins-em-coimbra\/"]}]},{"@type":"ImageObject","inLanguage":"pt-PT","@id":"https:\/\/portaltela.pt\/noticias\/2026\/04\/20\/porto-e-benfica-abrem-os-quartos-da-liga-dos-campeoes-de-hoquei-em-patins-em-coimbra\/#primaryimage","url":"https:\/\/portaltela.pt\/s.01k8rhncp4jt1\/2026\/04\/image-1201.jpg","contentUrl":"https:\/\/portaltela.pt\/s.01k8rhncp4jt1\/2026\/04\/image-1201.jpg","width":796,"height":448,"caption":"F. C. Porto vai defrontar o Liceo de Corunha"},{"@type":"BreadcrumbList","@id":"https:\/\/portaltela.pt\/noticias\/2026\/04\/20\/porto-e-benfica-abrem-os-quartos-da-liga-dos-campeoes-de-hoquei-em-patins-em-coimbra\/#breadcrumb","itemListElement":[{"@type":"ListItem","position":1,"name":"In\u00edcio","item":"https:\/\/portaltela.pt\/"},{"@type":"ListItem","position":2,"name":"Porto e Benfica abrem os quartos da Liga dos Campe\u00f5es de h\u00f3quei em patins em Coimbra"}]},{"@type":"WebSite","@id":"https:\/\/portaltela.pt\/#website","url":"https:\/\/portaltela.pt\/","name":"Portal Tela Portugal","description":"","potentialAction":[{"@type":"SearchAction","target":{"@type":"EntryPoint","urlTemplate":"https:\/\/portaltela.pt\/?s={search_term_string}"},"query-input":{"@type":"PropertyValueSpecification","valueRequired":true,"valueName":"search_term_string"}}],"inLanguage":"pt-PT"},{"@type":"Person","@id":"https:\/\/portaltela.pt\/#\/schema\/person\/c4278d4a6028830caff9ee44b42d32ed","name":"Telinha","image":{"@type":"ImageObject","inLanguage":"pt-PT","@id":"https:\/\/portaltela.pt\/s.01k8rhncp4jt1\/2025\/11\/talking-bot-125x125.png","url":"https:\/\/portaltela.pt\/s.01k8rhncp4jt1\/2025\/11\/talking-bot-125x125.png","contentUrl":"https:\/\/portaltela.pt\/s.01k8rhncp4jt1\/2025\/11\/talking-bot-125x125.png","caption":"Telinha"},"sameAs":["https:\/\/portaltela.pt\/"],"url":"https:\/\/portaltela.pt\/por\/367410592786\/"}]}},"_links":{"self":[{"href":"https:\/\/portaltela.pt\/api\/wp\/v2\/posts\/451176","targetHints":{"allow":["GET"]}}],"collection":[{"href":"https:\/\/portaltela.pt\/api\/wp\/v2\/posts"}],"about":[{"href":"https:\/\/portaltela.pt\/api\/wp\/v2\/types\/post"}],"author":[{"embeddable":true,"href":"https:\/\/portaltela.pt\/api\/wp\/v2\/users\/2"}],"replies":[{"embeddable":true,"href":"https:\/\/portaltela.pt\/api\/wp\/v2\/comments?post=451176"}],"version-history":[{"count":0,"href":"https:\/\/portaltela.pt\/api\/wp\/v2\/posts\/451176\/revisions"}],"wp:featuredmedia":[{"embeddable":true,"href":"https:\/\/portaltela.pt\/api\/wp\/v2\/media\/451191"}],"wp:attachment":[{"href":"https:\/\/portaltela.pt\/api\/wp\/v2\/media?parent=451176"}],"wp:term":[{"taxonomy":"category","embeddable":true,"href":"https:\/\/portaltela.pt\/api\/wp\/v2\/categories?post=451176"},{"taxonomy":"post_tag","embeddable":true,"href":"https:\/\/portaltela.pt\/api\/wp\/v2\/tags?post=451176"}],"curies":[{"name":"wp","href":"https:\/\/api.w.org\/{rel}","templated":true}]}}