{"id":451171,"date":"2026-04-20T09:03:16","date_gmt":"2026-04-20T12:03:16","guid":{"rendered":"https:\/\/portaltela.pt\/noticias\/2026\/04\/20\/funeral-dos-trabalhadores-atropelados-no-ic17-permanece-sem-data\/"},"modified":"2026-04-20T09:03:16","modified_gmt":"2026-04-20T12:03:16","slug":"funeral-dos-trabalhadores-atropelados-no-ic17-permanece-sem-data","status":"publish","type":"post","link":"https:\/\/portaltela.pt\/noticias\/2026\/04\/20\/funeral-dos-trabalhadores-atropelados-no-ic17-permanece-sem-data\/","title":{"rendered":"Funeral dos trabalhadores atropelados no IC17 permanece sem data"},"content":{"rendered":"<p>O funeral dos dois trabalhadores atropelados no IC17 ainda n\u00e3o tem data marcada. O acidente ocorreu na autoestrada IC17, em zonas associadas ao concelho de Bai\u00e3o, e levou \u00e0 morte de pelo menos duas pessoas.<\/p>\n<p>Jos\u00e9 Cardoso tinha 52 anos e Ruben Fontoura, 26. Ambos eram residentes em freguesias do concelho de Bai\u00e3o. As respetivas fam\u00edlias j\u00e1 foram avisadas, mas ainda n\u00e3o foi divulgado o programa f\u00fanebre.<\/p>\n<p>Segundo informa\u00e7\u00e3o dispon\u00edvel, o funeral permanece sem data anunciada. N\u00e3o foram revelados detalhes sobre o local exato de cerim\u00f3nia nem sobre o acompanhamento das fam\u00edlias.<\/p>\n<h3>Situa\u00e7\u00e3o atual<\/h3>\n<p>As autoridades ainda n\u00e3o confirmaram qualquer data, e n\u00e3o h\u00e1 informa\u00e7\u00f5es adicionais sobre o desfecho das investiga\u00e7\u00f5es ou sobre eventuais comunicados oficiais.<\/p>\n","protected":false},"excerpt":{"rendered":"<ul>\n<li>O funeral dos trabalhadores atropelados no IC17 ainda n\u00e3o tem data definida.<\/li>\n<li>Jos\u00e9 Cardoso tinha 52 anos.<\/li>\n<li>Ruben Fontoura tinha 26 anos.<\/li>\n<li>Ambos eram residentes em freguesias do concelho de Bai\u00e3o.<\/li>\n<\/ul>\n","protected":false},"author":2,"featured_media":451177,"comment_status":"closed","ping_status":"closed","sticky":false,"template":"","format":"standard","meta":{"footnotes":""},"categories":[6849,1],"tags":[8341,7958,9136,8693,8413],"class_list":["post-451171","post","type-post","status-publish","format-standard","has-post-thumbnail","hentry","category-acidentes","category-noticias","tag-_acidente","tag-_acidente-rodoviario","tag-_baiao","tag-_funerais","tag-_mortes"],"yoast_head":"<!-- This site is optimized with the Yoast SEO plugin v27.2 - https:\/\/yoast.com\/product\/yoast-seo-wordpress\/ -->\n<title>Funeral dos trabalhadores atropelados no IC17 permanece sem data - Portal Tela Portugal<\/title>\n<meta name=\"robots\" content=\"index, follow, max-snippet:-1, max-image-preview:large, max-video-preview:-1\" \/>\n<meta property=\"og:locale\" content=\"pt_PT\" \/>\n<meta property=\"og:type\" content=\"article\" \/>\n<meta property=\"og:title\" content=\"Funeral dos trabalhadores atropelados no IC17 permanece sem data - Portal Tela Portugal\" \/>\n<meta property=\"og:description\" content=\"O funeral dos trabalhadores atropelados no IC17 ainda n\u00e3o tem data definida. Jos\u00e9 Cardoso tinha 52 anos. Ruben Fontoura tinha 26 anos. Ambos eram residentes em freguesias do concelho de Bai\u00e3o.\" \/>\n<meta property=\"og:url\" content=\"https:\/\/portaltela.pt\/noticias\/2026\/04\/20\/funeral-dos-trabalhadores-atropelados-no-ic17-permanece-sem-data\/\" \/>\n<meta property=\"og:site_name\" content=\"Portal Tela Portugal\" \/>\n<meta property=\"article:published_time\" content=\"2026-04-20T12:03:16+00:00\" \/>\n<meta name=\"author\" content=\"Telinha\" \/>\n<meta name=\"twitter:card\" content=\"summary_large_image\" \/>\n<meta name=\"twitter:label1\" content=\"Escrito por\" \/>\n\t<meta name=\"twitter:data1\" content=\"Telinha\" \/>\n\t<meta name=\"twitter:label2\" content=\"Tempo estimado de leitura\" \/>\n\t<meta name=\"twitter:data2\" content=\"1 minuto\" \/>\n<script type=\"application\/ld+json\" class=\"yoast-schema-graph\">{\"@context\":\"https:\/\/schema.org\",\"@graph\":[{\"@type\":\"Article\",\"@id\":\"https:\/\/portaltela.pt\/noticias\/2026\/04\/20\/funeral-dos-trabalhadores-atropelados-no-ic17-permanece-sem-data\/#article\",\"isPartOf\":{\"@id\":\"https:\/\/portaltela.pt\/noticias\/2026\/04\/20\/funeral-dos-trabalhadores-atropelados-no-ic17-permanece-sem-data\/\"},\"author\":{\"name\":\"Telinha\",\"@id\":\"https:\/\/portaltela.pt\/#\/schema\/person\/c4278d4a6028830caff9ee44b42d32ed\"},\"headline\":\"Funeral dos trabalhadores atropelados no IC17 permanece sem data\",\"datePublished\":\"2026-04-20T12:03:16+00:00\",\"mainEntityOfPage\":{\"@id\":\"https:\/\/portaltela.pt\/noticias\/2026\/04\/20\/funeral-dos-trabalhadores-atropelados-no-ic17-permanece-sem-data\/\"},\"wordCount\":138,\"image\":{\"@id\":\"https:\/\/portaltela.pt\/noticias\/2026\/04\/20\/funeral-dos-trabalhadores-atropelados-no-ic17-permanece-sem-data\/#primaryimage\"},\"thumbnailUrl\":\"https:\/\/portaltela.pt\/s.01k8rhncp4jt1\/2026\/04\/img_1280x722uu2026-04-20-12-46-19-2279760.jpg\",\"keywords\":[\"_acidente\",\"_acidente rodovi\u00e1rio\",\"_Bai\u00e3o\",\"_funerais\",\"_mortes\"],\"articleSection\":[\"Acidentes\",\"Not\u00edcias\"],\"inLanguage\":\"pt-PT\"},{\"@type\":\"WebPage\",\"@id\":\"https:\/\/portaltela.pt\/noticias\/2026\/04\/20\/funeral-dos-trabalhadores-atropelados-no-ic17-permanece-sem-data\/\",\"url\":\"https:\/\/portaltela.pt\/noticias\/2026\/04\/20\/funeral-dos-trabalhadores-atropelados-no-ic17-permanece-sem-data\/\",\"name\":\"Funeral dos trabalhadores atropelados no IC17 permanece sem data - Portal Tela Portugal\",\"isPartOf\":{\"@id\":\"https:\/\/portaltela.pt\/#website\"},\"primaryImageOfPage\":{\"@id\":\"https:\/\/portaltela.pt\/noticias\/2026\/04\/20\/funeral-dos-trabalhadores-atropelados-no-ic17-permanece-sem-data\/#primaryimage\"},\"image\":{\"@id\":\"https:\/\/portaltela.pt\/noticias\/2026\/04\/20\/funeral-dos-trabalhadores-atropelados-no-ic17-permanece-sem-data\/#primaryimage\"},\"thumbnailUrl\":\"https:\/\/portaltela.pt\/s.01k8rhncp4jt1\/2026\/04\/img_1280x722uu2026-04-20-12-46-19-2279760.jpg\",\"datePublished\":\"2026-04-20T12:03:16+00:00\",\"author\":{\"@id\":\"https:\/\/portaltela.pt\/#\/schema\/person\/c4278d4a6028830caff9ee44b42d32ed\"},\"breadcrumb\":{\"@id\":\"https:\/\/portaltela.pt\/noticias\/2026\/04\/20\/funeral-dos-trabalhadores-atropelados-no-ic17-permanece-sem-data\/#breadcrumb\"},\"inLanguage\":\"pt-PT\",\"potentialAction\":[{\"@type\":\"ReadAction\",\"target\":[\"https:\/\/portaltela.pt\/noticias\/2026\/04\/20\/funeral-dos-trabalhadores-atropelados-no-ic17-permanece-sem-data\/\"]}]},{\"@type\":\"ImageObject\",\"inLanguage\":\"pt-PT\",\"@id\":\"https:\/\/portaltela.pt\/noticias\/2026\/04\/20\/funeral-dos-trabalhadores-atropelados-no-ic17-permanece-sem-data\/#primaryimage\",\"url\":\"https:\/\/portaltela.pt\/s.01k8rhncp4jt1\/2026\/04\/img_1280x722uu2026-04-20-12-46-19-2279760.jpg\",\"contentUrl\":\"https:\/\/portaltela.pt\/s.01k8rhncp4jt1\/2026\/04\/img_1280x722uu2026-04-20-12-46-19-2279760.jpg\",\"width\":796,\"height\":448,\"caption\":\"Photo\"},{\"@type\":\"BreadcrumbList\",\"@id\":\"https:\/\/portaltela.pt\/noticias\/2026\/04\/20\/funeral-dos-trabalhadores-atropelados-no-ic17-permanece-sem-data\/#breadcrumb\",\"itemListElement\":[{\"@type\":\"ListItem\",\"position\":1,\"name\":\"In\u00edcio\",\"item\":\"https:\/\/portaltela.pt\/\"},{\"@type\":\"ListItem\",\"position\":2,\"name\":\"Funeral dos trabalhadores atropelados no IC17 permanece sem data\"}]},{\"@type\":\"WebSite\",\"@id\":\"https:\/\/portaltela.pt\/#website\",\"url\":\"https:\/\/portaltela.pt\/\",\"name\":\"Portal Tela Portugal\",\"description\":\"\",\"potentialAction\":[{\"@type\":\"SearchAction\",\"target\":{\"@type\":\"EntryPoint\",\"urlTemplate\":\"https:\/\/portaltela.pt\/?s={search_term_string}\"},\"query-input\":{\"@type\":\"PropertyValueSpecification\",\"valueRequired\":true,\"valueName\":\"search_term_string\"}}],\"inLanguage\":\"pt-PT\"},{\"@type\":\"Person\",\"@id\":\"https:\/\/portaltela.pt\/#\/schema\/person\/c4278d4a6028830caff9ee44b42d32ed\",\"name\":\"Telinha\",\"image\":{\"@type\":\"ImageObject\",\"inLanguage\":\"pt-PT\",\"@id\":\"https:\/\/portaltela.pt\/s.01k8rhncp4jt1\/2025\/11\/talking-bot-125x125.png\",\"url\":\"https:\/\/portaltela.pt\/s.01k8rhncp4jt1\/2025\/11\/talking-bot-125x125.png\",\"contentUrl\":\"https:\/\/portaltela.pt\/s.01k8rhncp4jt1\/2025\/11\/talking-bot-125x125.png\",\"caption\":\"Telinha\"},\"sameAs\":[\"https:\/\/portaltela.pt\/\"],\"url\":\"https:\/\/portaltela.pt\/por\/367410592786\/\"}]}<\/script>\n<!-- \/ Yoast SEO plugin. -->","yoast_head_json":{"title":"Funeral dos trabalhadores atropelados no IC17 permanece sem data - Portal Tela Portugal","robots":{"index":"index","follow":"follow","max-snippet":"max-snippet:-1","max-image-preview":"max-image-preview:large","max-video-preview":"max-video-preview:-1"},"og_locale":"pt_PT","og_type":"article","og_title":"Funeral dos trabalhadores atropelados no IC17 permanece sem data - Portal Tela Portugal","og_description":"O funeral dos trabalhadores atropelados no IC17 ainda n\u00e3o tem data definida. Jos\u00e9 Cardoso tinha 52 anos. Ruben Fontoura tinha 26 anos. Ambos eram residentes em freguesias do concelho de Bai\u00e3o.","og_url":"https:\/\/portaltela.pt\/noticias\/2026\/04\/20\/funeral-dos-trabalhadores-atropelados-no-ic17-permanece-sem-data\/","og_site_name":"Portal Tela Portugal","article_published_time":"2026-04-20T12:03:16+00:00","author":"Telinha","twitter_card":"summary_large_image","twitter_misc":{"Escrito por":"Telinha","Tempo estimado de leitura":"1 minuto"},"schema":{"@context":"https:\/\/schema.org","@graph":[{"@type":"Article","@id":"https:\/\/portaltela.pt\/noticias\/2026\/04\/20\/funeral-dos-trabalhadores-atropelados-no-ic17-permanece-sem-data\/#article","isPartOf":{"@id":"https:\/\/portaltela.pt\/noticias\/2026\/04\/20\/funeral-dos-trabalhadores-atropelados-no-ic17-permanece-sem-data\/"},"author":{"name":"Telinha","@id":"https:\/\/portaltela.pt\/#\/schema\/person\/c4278d4a6028830caff9ee44b42d32ed"},"headline":"Funeral dos trabalhadores atropelados no IC17 permanece sem data","datePublished":"2026-04-20T12:03:16+00:00","mainEntityOfPage":{"@id":"https:\/\/portaltela.pt\/noticias\/2026\/04\/20\/funeral-dos-trabalhadores-atropelados-no-ic17-permanece-sem-data\/"},"wordCount":138,"image":{"@id":"https:\/\/portaltela.pt\/noticias\/2026\/04\/20\/funeral-dos-trabalhadores-atropelados-no-ic17-permanece-sem-data\/#primaryimage"},"thumbnailUrl":"https:\/\/portaltela.pt\/s.01k8rhncp4jt1\/2026\/04\/img_1280x722uu2026-04-20-12-46-19-2279760.jpg","keywords":["_acidente","_acidente rodovi\u00e1rio","_Bai\u00e3o","_funerais","_mortes"],"articleSection":["Acidentes","Not\u00edcias"],"inLanguage":"pt-PT"},{"@type":"WebPage","@id":"https:\/\/portaltela.pt\/noticias\/2026\/04\/20\/funeral-dos-trabalhadores-atropelados-no-ic17-permanece-sem-data\/","url":"https:\/\/portaltela.pt\/noticias\/2026\/04\/20\/funeral-dos-trabalhadores-atropelados-no-ic17-permanece-sem-data\/","name":"Funeral dos trabalhadores atropelados no IC17 permanece sem data - Portal Tela Portugal","isPartOf":{"@id":"https:\/\/portaltela.pt\/#website"},"primaryImageOfPage":{"@id":"https:\/\/portaltela.pt\/noticias\/2026\/04\/20\/funeral-dos-trabalhadores-atropelados-no-ic17-permanece-sem-data\/#primaryimage"},"image":{"@id":"https:\/\/portaltela.pt\/noticias\/2026\/04\/20\/funeral-dos-trabalhadores-atropelados-no-ic17-permanece-sem-data\/#primaryimage"},"thumbnailUrl":"https:\/\/portaltela.pt\/s.01k8rhncp4jt1\/2026\/04\/img_1280x722uu2026-04-20-12-46-19-2279760.jpg","datePublished":"2026-04-20T12:03:16+00:00","author":{"@id":"https:\/\/portaltela.pt\/#\/schema\/person\/c4278d4a6028830caff9ee44b42d32ed"},"breadcrumb":{"@id":"https:\/\/portaltela.pt\/noticias\/2026\/04\/20\/funeral-dos-trabalhadores-atropelados-no-ic17-permanece-sem-data\/#breadcrumb"},"inLanguage":"pt-PT","potentialAction":[{"@type":"ReadAction","target":["https:\/\/portaltela.pt\/noticias\/2026\/04\/20\/funeral-dos-trabalhadores-atropelados-no-ic17-permanece-sem-data\/"]}]},{"@type":"ImageObject","inLanguage":"pt-PT","@id":"https:\/\/portaltela.pt\/noticias\/2026\/04\/20\/funeral-dos-trabalhadores-atropelados-no-ic17-permanece-sem-data\/#primaryimage","url":"https:\/\/portaltela.pt\/s.01k8rhncp4jt1\/2026\/04\/img_1280x722uu2026-04-20-12-46-19-2279760.jpg","contentUrl":"https:\/\/portaltela.pt\/s.01k8rhncp4jt1\/2026\/04\/img_1280x722uu2026-04-20-12-46-19-2279760.jpg","width":796,"height":448,"caption":"Photo"},{"@type":"BreadcrumbList","@id":"https:\/\/portaltela.pt\/noticias\/2026\/04\/20\/funeral-dos-trabalhadores-atropelados-no-ic17-permanece-sem-data\/#breadcrumb","itemListElement":[{"@type":"ListItem","position":1,"name":"In\u00edcio","item":"https:\/\/portaltela.pt\/"},{"@type":"ListItem","position":2,"name":"Funeral dos trabalhadores atropelados no IC17 permanece sem data"}]},{"@type":"WebSite","@id":"https:\/\/portaltela.pt\/#website","url":"https:\/\/portaltela.pt\/","name":"Portal Tela Portugal","description":"","potentialAction":[{"@type":"SearchAction","target":{"@type":"EntryPoint","urlTemplate":"https:\/\/portaltela.pt\/?s={search_term_string}"},"query-input":{"@type":"PropertyValueSpecification","valueRequired":true,"valueName":"search_term_string"}}],"inLanguage":"pt-PT"},{"@type":"Person","@id":"https:\/\/portaltela.pt\/#\/schema\/person\/c4278d4a6028830caff9ee44b42d32ed","name":"Telinha","image":{"@type":"ImageObject","inLanguage":"pt-PT","@id":"https:\/\/portaltela.pt\/s.01k8rhncp4jt1\/2025\/11\/talking-bot-125x125.png","url":"https:\/\/portaltela.pt\/s.01k8rhncp4jt1\/2025\/11\/talking-bot-125x125.png","contentUrl":"https:\/\/portaltela.pt\/s.01k8rhncp4jt1\/2025\/11\/talking-bot-125x125.png","caption":"Telinha"},"sameAs":["https:\/\/portaltela.pt\/"],"url":"https:\/\/portaltela.pt\/por\/367410592786\/"}]}},"_links":{"self":[{"href":"https:\/\/portaltela.pt\/api\/wp\/v2\/posts\/451171","targetHints":{"allow":["GET"]}}],"collection":[{"href":"https:\/\/portaltela.pt\/api\/wp\/v2\/posts"}],"about":[{"href":"https:\/\/portaltela.pt\/api\/wp\/v2\/types\/post"}],"author":[{"embeddable":true,"href":"https:\/\/portaltela.pt\/api\/wp\/v2\/users\/2"}],"replies":[{"embeddable":true,"href":"https:\/\/portaltela.pt\/api\/wp\/v2\/comments?post=451171"}],"version-history":[{"count":0,"href":"https:\/\/portaltela.pt\/api\/wp\/v2\/posts\/451171\/revisions"}],"wp:featuredmedia":[{"embeddable":true,"href":"https:\/\/portaltela.pt\/api\/wp\/v2\/media\/451177"}],"wp:attachment":[{"href":"https:\/\/portaltela.pt\/api\/wp\/v2\/media?parent=451171"}],"wp:term":[{"taxonomy":"category","embeddable":true,"href":"https:\/\/portaltela.pt\/api\/wp\/v2\/categories?post=451171"},{"taxonomy":"post_tag","embeddable":true,"href":"https:\/\/portaltela.pt\/api\/wp\/v2\/tags?post=451171"}],"curies":[{"name":"wp","href":"https:\/\/api.w.org\/{rel}","templated":true}]}}