{"id":451167,"date":"2026-04-20T09:03:08","date_gmt":"2026-04-20T12:03:08","guid":{"rendered":"https:\/\/portaltela.pt\/noticias\/2026\/04\/20\/ue-propoe-teletrabalho-menos-carro-e-aviao-e-mais-energias-renovaveis\/"},"modified":"2026-04-20T09:03:08","modified_gmt":"2026-04-20T12:03:08","slug":"ue-propoe-teletrabalho-menos-carro-e-aviao-e-mais-energias-renovaveis","status":"publish","type":"post","link":"https:\/\/portaltela.pt\/renovaveis\/2026\/04\/20\/ue-propoe-teletrabalho-menos-carro-e-aviao-e-mais-energias-renovaveis\/","title":{"rendered":"UE prop\u00f5e teletrabalho, menos carro e avi\u00e3o, e mais energias renov\u00e1veis"},"content":{"rendered":"<p>A Comiss\u00e3o Europeia vai apresentar um conjunto de medidas para mitigar a crise energ\u00e9tica causada pelo conflito no M\u00e9dio Oriente. A proposta visa reduzir o consumo de energia na UE atrav\u00e9s de teletrabalho, menos viagens de carro e avi\u00e3o, e incentivo a energias renov\u00e1veis.<\/p>\n<p>A iniciativa, apresentada na pr\u00f3xima quarta-feira, \u00e9 a pe\u00e7a central de um pacote para assegurar o abastecimento e a sustentabilidade. As medidas incluem prote\u00e7\u00e3o a fam\u00edlias vulner\u00e1veis e apoio a empresas com ajustes fiscais e tarifas.<\/p>\n<p>Entre os pontos-chave est\u00e1 o teletrabalho obrigat\u00f3rio um dia por semana, segundo fontes pr\u00f3ximas \u00e0s negocia\u00e7\u00f5es. A ideia \u00e9 diminuir desloca\u00e7\u00f5es e o consumo em resid\u00eancias e escrit\u00f3rios.<\/p>\n<p>Tamb\u00e9m est\u00e1 prevista a redu\u00e7\u00e3o de viagens de carro e avi\u00e3o, bem como est\u00edmulos ao transporte p\u00fablico e \u00e0 energia limpa. A proposta enquadra-se num esfor\u00e7o de diversificar fontes e reduzir a depend\u00eancia de combust\u00edveis f\u00f3sseis.<\/p>\n<h3>Medidas propostas<\/h3>\n<p>As propostas incluem medidas fiscais que favore\u00e7am energias renov\u00e1veis e tarifas ajustadas para incentivar a efici\u00eancia. O objetivo \u00e9 reduzir o consumo energ\u00e9tico e acelerar a transi\u00e7\u00e3o para a energia verde.<\/p>\n<p>A iniciativa prev\u00ea prote\u00e7\u00e3o financeira para fam\u00edlias vulner\u00e1veis, incluindo apoio tarif\u00e1rio, e apoio adicional a empresas afetadas pela crise. O pacote ser\u00e1 discutido pelos l\u00edderes da UE na pr\u00f3xima semana.<\/p>\n<p>A crise energ\u00e9tica na UE continua a exigir a\u00e7\u00f5es coordenadas para garantir seguran\u00e7a de abastecimento e sustentabilidade ambiental. Bruxelas refor\u00e7a o compromisso com a transi\u00e7\u00e3o para fontes limpas.<\/p>\n<h3>Contexto<\/h3>\n<p>O conflito no M\u00e9dio Oriente tem impactado pre\u00e7os de petr\u00f3leo e g\u00e1s natural, aumentando a press\u00e3o sobre os or\u00e7amentos nacionais. A Comiss\u00e3o pretende manter a estabilidade econ\u00f3mica sem comprometer metas clim\u00e1ticas.<\/p>\n","protected":false},"excerpt":{"rendered":"<ul>\n<li>A Comiss\u00e3o Europeia vai apresentar medidas para enfrentar a crise energ\u00e9tica causada pelo conflito no M\u00e9dio Oriente, incluindo teletrabalho obrigat\u00f3rio um dia por semana, menos viagens de carro e avi\u00e3o, incentivos ao transporte p\u00fablico e energias renov\u00e1veis.<\/li>\n<li>A proposta visa reduzir o consumo de energia na Uni\u00e3o Europeia, com prote\u00e7\u00e3o a fam\u00edlias vulner\u00e1veis e apoio \u00e0s empresas por meio de medidas fiscais e tarifas ajustadas.<\/li>\n<li>Inclui incentivos \u00e0 utiliza\u00e7\u00e3o de energias renov\u00e1veis (solar, e\u00f3lica, hidroel\u00e9trica) e \u00e0 melhoria da efici\u00eancia energ\u00e9tica em resid\u00eancias, empresas e setor p\u00fablico.<\/li>\n<li>As medidas ser\u00e3o discutidas pelos l\u00edderes europeus na pr\u00f3xima semana, visando aprovar um plano comum para encarar a crise e promover a transi\u00e7\u00e3o para uma economia mais verde.<\/li>\n<li>O pacote insere-se numa estrat\u00e9gia de diversifica\u00e7\u00e3o de fontes de energia para garantir o abastecimento, reduzir a depend\u00eancia de combust\u00edveis f\u00f3sseis e refor\u00e7ar a sustentabilidade ambiental.<\/li>\n<\/ul>\n","protected":false},"author":2,"featured_media":451169,"comment_status":"closed","ping_status":"closed","sticky":false,"template":"","format":"standard","meta":{"footnotes":""},"categories":[6806,7382],"tags":[8557,7775,8051,8004,8517,8056],"class_list":["post-451167","post","type-post","status-publish","format-standard","has-post-thumbnail","hentry","category-energia","category-renovaveis","tag-_abastecimento-de-energia","tag-_energia","tag-_energias-renovaveis","tag-_europa","tag-_soberania-energetica","tag-_uniao-europeia"],"yoast_head":"<!-- This site is optimized with the Yoast SEO plugin v27.2 - https:\/\/yoast.com\/product\/yoast-seo-wordpress\/ -->\n<title>UE prop\u00f5e teletrabalho, menos carro e avi\u00e3o, e mais energias renov\u00e1veis - Portal Tela Portugal<\/title>\n<meta name=\"robots\" content=\"index, follow, max-snippet:-1, max-image-preview:large, max-video-preview:-1\" \/>\n<meta property=\"og:locale\" content=\"pt_PT\" \/>\n<meta property=\"og:type\" content=\"article\" \/>\n<meta property=\"og:title\" content=\"UE prop\u00f5e teletrabalho, menos carro e avi\u00e3o, e mais energias renov\u00e1veis - Portal Tela Portugal\" \/>\n<meta property=\"og:description\" content=\"A Comiss\u00e3o Europeia vai apresentar medidas para enfrentar a crise energ\u00e9tica causada pelo conflito no M\u00e9dio Oriente, incluindo teletrabalho obrigat\u00f3rio um dia por semana, menos viagens de carro e avi\u00e3o, incentivos ao transporte p\u00fablico e energias renov\u00e1veis. A proposta visa reduzir o consumo de energia na Uni\u00e3o Europeia, com prote\u00e7\u00e3o a fam\u00edlias vulner\u00e1veis e apoio \u00e0s empresas por meio de medidas fiscais e tarifas ajustadas. Inclui incentivos \u00e0 utiliza\u00e7\u00e3o de energias renov\u00e1veis (solar, e\u00f3lica, hidroel\u00e9trica) e \u00e0 melhoria da efici\u00eancia energ\u00e9tica em resid\u00eancias, empresas e setor p\u00fablico. As medidas ser\u00e3o discutidas pelos l\u00edderes europeus na pr\u00f3xima semana, visando aprovar um plano comum para encarar a crise e promover a transi\u00e7\u00e3o para uma economia mais verde. O pacote insere-se numa estrat\u00e9gia de diversifica\u00e7\u00e3o de fontes de energia para garantir o abastecimento, reduzir a depend\u00eancia de combust\u00edveis f\u00f3sseis e refor\u00e7ar a sustentabilidade ambiental.\" \/>\n<meta property=\"og:url\" content=\"https:\/\/portaltela.pt\/noticias\/2026\/04\/20\/ue-propoe-teletrabalho-menos-carro-e-aviao-e-mais-energias-renovaveis\/\" \/>\n<meta property=\"og:site_name\" content=\"Portal Tela Portugal\" \/>\n<meta property=\"article:published_time\" content=\"2026-04-20T12:03:08+00:00\" \/>\n<meta name=\"author\" content=\"Telinha\" \/>\n<meta name=\"twitter:card\" content=\"summary_large_image\" \/>\n<meta name=\"twitter:label1\" content=\"Escrito por\" \/>\n\t<meta name=\"twitter:data1\" content=\"Telinha\" \/>\n\t<meta name=\"twitter:label2\" content=\"Tempo estimado de leitura\" \/>\n\t<meta name=\"twitter:data2\" content=\"2 minutos\" \/>\n<script type=\"application\/ld+json\" class=\"yoast-schema-graph\">{\"@context\":\"https:\/\/schema.org\",\"@graph\":[{\"@type\":\"Article\",\"@id\":\"https:\/\/portaltela.pt\/noticias\/2026\/04\/20\/ue-propoe-teletrabalho-menos-carro-e-aviao-e-mais-energias-renovaveis\/#article\",\"isPartOf\":{\"@id\":\"https:\/\/portaltela.pt\/noticias\/2026\/04\/20\/ue-propoe-teletrabalho-menos-carro-e-aviao-e-mais-energias-renovaveis\/\"},\"author\":{\"name\":\"Telinha\",\"@id\":\"https:\/\/portaltela.pt\/#\/schema\/person\/c4278d4a6028830caff9ee44b42d32ed\"},\"headline\":\"UE prop\u00f5e teletrabalho, menos carro e avi\u00e3o, e mais energias renov\u00e1veis\",\"datePublished\":\"2026-04-20T12:03:08+00:00\",\"mainEntityOfPage\":{\"@id\":\"https:\/\/portaltela.pt\/noticias\/2026\/04\/20\/ue-propoe-teletrabalho-menos-carro-e-aviao-e-mais-energias-renovaveis\/\"},\"wordCount\":328,\"image\":{\"@id\":\"https:\/\/portaltela.pt\/noticias\/2026\/04\/20\/ue-propoe-teletrabalho-menos-carro-e-aviao-e-mais-energias-renovaveis\/#primaryimage\"},\"thumbnailUrl\":\"https:\/\/portaltela.pt\/s.01k8rhncp4jt1\/2026\/04\/dn2F2026-03-022F0lkbkxus2FEstreito-de-Ormuz.jpg\",\"keywords\":[\"_abastecimento de energia\",\"_energia\",\"_energias renov\u00e1veis\",\"_Europa\",\"_soberania energ\u00e9tica\",\"_Uni\u00e3o Europeia\"],\"articleSection\":[\"Energia\",\"Renov\u00e1veis\"],\"inLanguage\":\"pt-PT\"},{\"@type\":\"WebPage\",\"@id\":\"https:\/\/portaltela.pt\/noticias\/2026\/04\/20\/ue-propoe-teletrabalho-menos-carro-e-aviao-e-mais-energias-renovaveis\/\",\"url\":\"https:\/\/portaltela.pt\/noticias\/2026\/04\/20\/ue-propoe-teletrabalho-menos-carro-e-aviao-e-mais-energias-renovaveis\/\",\"name\":\"UE prop\u00f5e teletrabalho, menos carro e avi\u00e3o, e mais energias renov\u00e1veis - Portal Tela Portugal\",\"isPartOf\":{\"@id\":\"https:\/\/portaltela.pt\/#website\"},\"primaryImageOfPage\":{\"@id\":\"https:\/\/portaltela.pt\/noticias\/2026\/04\/20\/ue-propoe-teletrabalho-menos-carro-e-aviao-e-mais-energias-renovaveis\/#primaryimage\"},\"image\":{\"@id\":\"https:\/\/portaltela.pt\/noticias\/2026\/04\/20\/ue-propoe-teletrabalho-menos-carro-e-aviao-e-mais-energias-renovaveis\/#primaryimage\"},\"thumbnailUrl\":\"https:\/\/portaltela.pt\/s.01k8rhncp4jt1\/2026\/04\/dn2F2026-03-022F0lkbkxus2FEstreito-de-Ormuz.jpg\",\"datePublished\":\"2026-04-20T12:03:08+00:00\",\"author\":{\"@id\":\"https:\/\/portaltela.pt\/#\/schema\/person\/c4278d4a6028830caff9ee44b42d32ed\"},\"breadcrumb\":{\"@id\":\"https:\/\/portaltela.pt\/noticias\/2026\/04\/20\/ue-propoe-teletrabalho-menos-carro-e-aviao-e-mais-energias-renovaveis\/#breadcrumb\"},\"inLanguage\":\"pt-PT\",\"potentialAction\":[{\"@type\":\"ReadAction\",\"target\":[\"https:\/\/portaltela.pt\/noticias\/2026\/04\/20\/ue-propoe-teletrabalho-menos-carro-e-aviao-e-mais-energias-renovaveis\/\"]}]},{\"@type\":\"ImageObject\",\"inLanguage\":\"pt-PT\",\"@id\":\"https:\/\/portaltela.pt\/noticias\/2026\/04\/20\/ue-propoe-teletrabalho-menos-carro-e-aviao-e-mais-energias-renovaveis\/#primaryimage\",\"url\":\"https:\/\/portaltela.pt\/s.01k8rhncp4jt1\/2026\/04\/dn2F2026-03-022F0lkbkxus2FEstreito-de-Ormuz.jpg\",\"contentUrl\":\"https:\/\/portaltela.pt\/s.01k8rhncp4jt1\/2026\/04\/dn2F2026-03-022F0lkbkxus2FEstreito-de-Ormuz.jpg\",\"width\":1200,\"height\":754,\"caption\":\"Photo\"},{\"@type\":\"BreadcrumbList\",\"@id\":\"https:\/\/portaltela.pt\/noticias\/2026\/04\/20\/ue-propoe-teletrabalho-menos-carro-e-aviao-e-mais-energias-renovaveis\/#breadcrumb\",\"itemListElement\":[{\"@type\":\"ListItem\",\"position\":1,\"name\":\"In\u00edcio\",\"item\":\"https:\/\/portaltela.pt\/\"},{\"@type\":\"ListItem\",\"position\":2,\"name\":\"UE prop\u00f5e teletrabalho, menos carro e avi\u00e3o, e mais energias renov\u00e1veis\"}]},{\"@type\":\"WebSite\",\"@id\":\"https:\/\/portaltela.pt\/#website\",\"url\":\"https:\/\/portaltela.pt\/\",\"name\":\"Portal Tela Portugal\",\"description\":\"\",\"potentialAction\":[{\"@type\":\"SearchAction\",\"target\":{\"@type\":\"EntryPoint\",\"urlTemplate\":\"https:\/\/portaltela.pt\/?s={search_term_string}\"},\"query-input\":{\"@type\":\"PropertyValueSpecification\",\"valueRequired\":true,\"valueName\":\"search_term_string\"}}],\"inLanguage\":\"pt-PT\"},{\"@type\":\"Person\",\"@id\":\"https:\/\/portaltela.pt\/#\/schema\/person\/c4278d4a6028830caff9ee44b42d32ed\",\"name\":\"Telinha\",\"image\":{\"@type\":\"ImageObject\",\"inLanguage\":\"pt-PT\",\"@id\":\"https:\/\/portaltela.pt\/s.01k8rhncp4jt1\/2025\/11\/talking-bot-125x125.png\",\"url\":\"https:\/\/portaltela.pt\/s.01k8rhncp4jt1\/2025\/11\/talking-bot-125x125.png\",\"contentUrl\":\"https:\/\/portaltela.pt\/s.01k8rhncp4jt1\/2025\/11\/talking-bot-125x125.png\",\"caption\":\"Telinha\"},\"sameAs\":[\"https:\/\/portaltela.pt\/\"],\"url\":\"https:\/\/portaltela.pt\/por\/367410592786\/\"}]}<\/script>\n<!-- \/ Yoast SEO plugin. -->","yoast_head_json":{"title":"UE prop\u00f5e teletrabalho, menos carro e avi\u00e3o, e mais energias renov\u00e1veis - Portal Tela Portugal","robots":{"index":"index","follow":"follow","max-snippet":"max-snippet:-1","max-image-preview":"max-image-preview:large","max-video-preview":"max-video-preview:-1"},"og_locale":"pt_PT","og_type":"article","og_title":"UE prop\u00f5e teletrabalho, menos carro e avi\u00e3o, e mais energias renov\u00e1veis - Portal Tela Portugal","og_description":"A Comiss\u00e3o Europeia vai apresentar medidas para enfrentar a crise energ\u00e9tica causada pelo conflito no M\u00e9dio Oriente, incluindo teletrabalho obrigat\u00f3rio um dia por semana, menos viagens de carro e avi\u00e3o, incentivos ao transporte p\u00fablico e energias renov\u00e1veis. A proposta visa reduzir o consumo de energia na Uni\u00e3o Europeia, com prote\u00e7\u00e3o a fam\u00edlias vulner\u00e1veis e apoio \u00e0s empresas por meio de medidas fiscais e tarifas ajustadas. Inclui incentivos \u00e0 utiliza\u00e7\u00e3o de energias renov\u00e1veis (solar, e\u00f3lica, hidroel\u00e9trica) e \u00e0 melhoria da efici\u00eancia energ\u00e9tica em resid\u00eancias, empresas e setor p\u00fablico. As medidas ser\u00e3o discutidas pelos l\u00edderes europeus na pr\u00f3xima semana, visando aprovar um plano comum para encarar a crise e promover a transi\u00e7\u00e3o para uma economia mais verde. O pacote insere-se numa estrat\u00e9gia de diversifica\u00e7\u00e3o de fontes de energia para garantir o abastecimento, reduzir a depend\u00eancia de combust\u00edveis f\u00f3sseis e refor\u00e7ar a sustentabilidade ambiental.","og_url":"https:\/\/portaltela.pt\/noticias\/2026\/04\/20\/ue-propoe-teletrabalho-menos-carro-e-aviao-e-mais-energias-renovaveis\/","og_site_name":"Portal Tela Portugal","article_published_time":"2026-04-20T12:03:08+00:00","author":"Telinha","twitter_card":"summary_large_image","twitter_misc":{"Escrito por":"Telinha","Tempo estimado de leitura":"2 minutos"},"schema":{"@context":"https:\/\/schema.org","@graph":[{"@type":"Article","@id":"https:\/\/portaltela.pt\/noticias\/2026\/04\/20\/ue-propoe-teletrabalho-menos-carro-e-aviao-e-mais-energias-renovaveis\/#article","isPartOf":{"@id":"https:\/\/portaltela.pt\/noticias\/2026\/04\/20\/ue-propoe-teletrabalho-menos-carro-e-aviao-e-mais-energias-renovaveis\/"},"author":{"name":"Telinha","@id":"https:\/\/portaltela.pt\/#\/schema\/person\/c4278d4a6028830caff9ee44b42d32ed"},"headline":"UE prop\u00f5e teletrabalho, menos carro e avi\u00e3o, e mais energias renov\u00e1veis","datePublished":"2026-04-20T12:03:08+00:00","mainEntityOfPage":{"@id":"https:\/\/portaltela.pt\/noticias\/2026\/04\/20\/ue-propoe-teletrabalho-menos-carro-e-aviao-e-mais-energias-renovaveis\/"},"wordCount":328,"image":{"@id":"https:\/\/portaltela.pt\/noticias\/2026\/04\/20\/ue-propoe-teletrabalho-menos-carro-e-aviao-e-mais-energias-renovaveis\/#primaryimage"},"thumbnailUrl":"https:\/\/portaltela.pt\/s.01k8rhncp4jt1\/2026\/04\/dn2F2026-03-022F0lkbkxus2FEstreito-de-Ormuz.jpg","keywords":["_abastecimento de energia","_energia","_energias renov\u00e1veis","_Europa","_soberania energ\u00e9tica","_Uni\u00e3o Europeia"],"articleSection":["Energia","Renov\u00e1veis"],"inLanguage":"pt-PT"},{"@type":"WebPage","@id":"https:\/\/portaltela.pt\/noticias\/2026\/04\/20\/ue-propoe-teletrabalho-menos-carro-e-aviao-e-mais-energias-renovaveis\/","url":"https:\/\/portaltela.pt\/noticias\/2026\/04\/20\/ue-propoe-teletrabalho-menos-carro-e-aviao-e-mais-energias-renovaveis\/","name":"UE prop\u00f5e teletrabalho, menos carro e avi\u00e3o, e mais energias renov\u00e1veis - Portal Tela Portugal","isPartOf":{"@id":"https:\/\/portaltela.pt\/#website"},"primaryImageOfPage":{"@id":"https:\/\/portaltela.pt\/noticias\/2026\/04\/20\/ue-propoe-teletrabalho-menos-carro-e-aviao-e-mais-energias-renovaveis\/#primaryimage"},"image":{"@id":"https:\/\/portaltela.pt\/noticias\/2026\/04\/20\/ue-propoe-teletrabalho-menos-carro-e-aviao-e-mais-energias-renovaveis\/#primaryimage"},"thumbnailUrl":"https:\/\/portaltela.pt\/s.01k8rhncp4jt1\/2026\/04\/dn2F2026-03-022F0lkbkxus2FEstreito-de-Ormuz.jpg","datePublished":"2026-04-20T12:03:08+00:00","author":{"@id":"https:\/\/portaltela.pt\/#\/schema\/person\/c4278d4a6028830caff9ee44b42d32ed"},"breadcrumb":{"@id":"https:\/\/portaltela.pt\/noticias\/2026\/04\/20\/ue-propoe-teletrabalho-menos-carro-e-aviao-e-mais-energias-renovaveis\/#breadcrumb"},"inLanguage":"pt-PT","potentialAction":[{"@type":"ReadAction","target":["https:\/\/portaltela.pt\/noticias\/2026\/04\/20\/ue-propoe-teletrabalho-menos-carro-e-aviao-e-mais-energias-renovaveis\/"]}]},{"@type":"ImageObject","inLanguage":"pt-PT","@id":"https:\/\/portaltela.pt\/noticias\/2026\/04\/20\/ue-propoe-teletrabalho-menos-carro-e-aviao-e-mais-energias-renovaveis\/#primaryimage","url":"https:\/\/portaltela.pt\/s.01k8rhncp4jt1\/2026\/04\/dn2F2026-03-022F0lkbkxus2FEstreito-de-Ormuz.jpg","contentUrl":"https:\/\/portaltela.pt\/s.01k8rhncp4jt1\/2026\/04\/dn2F2026-03-022F0lkbkxus2FEstreito-de-Ormuz.jpg","width":1200,"height":754,"caption":"Photo"},{"@type":"BreadcrumbList","@id":"https:\/\/portaltela.pt\/noticias\/2026\/04\/20\/ue-propoe-teletrabalho-menos-carro-e-aviao-e-mais-energias-renovaveis\/#breadcrumb","itemListElement":[{"@type":"ListItem","position":1,"name":"In\u00edcio","item":"https:\/\/portaltela.pt\/"},{"@type":"ListItem","position":2,"name":"UE prop\u00f5e teletrabalho, menos carro e avi\u00e3o, e mais energias renov\u00e1veis"}]},{"@type":"WebSite","@id":"https:\/\/portaltela.pt\/#website","url":"https:\/\/portaltela.pt\/","name":"Portal Tela Portugal","description":"","potentialAction":[{"@type":"SearchAction","target":{"@type":"EntryPoint","urlTemplate":"https:\/\/portaltela.pt\/?s={search_term_string}"},"query-input":{"@type":"PropertyValueSpecification","valueRequired":true,"valueName":"search_term_string"}}],"inLanguage":"pt-PT"},{"@type":"Person","@id":"https:\/\/portaltela.pt\/#\/schema\/person\/c4278d4a6028830caff9ee44b42d32ed","name":"Telinha","image":{"@type":"ImageObject","inLanguage":"pt-PT","@id":"https:\/\/portaltela.pt\/s.01k8rhncp4jt1\/2025\/11\/talking-bot-125x125.png","url":"https:\/\/portaltela.pt\/s.01k8rhncp4jt1\/2025\/11\/talking-bot-125x125.png","contentUrl":"https:\/\/portaltela.pt\/s.01k8rhncp4jt1\/2025\/11\/talking-bot-125x125.png","caption":"Telinha"},"sameAs":["https:\/\/portaltela.pt\/"],"url":"https:\/\/portaltela.pt\/por\/367410592786\/"}]}},"_links":{"self":[{"href":"https:\/\/portaltela.pt\/api\/wp\/v2\/posts\/451167","targetHints":{"allow":["GET"]}}],"collection":[{"href":"https:\/\/portaltela.pt\/api\/wp\/v2\/posts"}],"about":[{"href":"https:\/\/portaltela.pt\/api\/wp\/v2\/types\/post"}],"author":[{"embeddable":true,"href":"https:\/\/portaltela.pt\/api\/wp\/v2\/users\/2"}],"replies":[{"embeddable":true,"href":"https:\/\/portaltela.pt\/api\/wp\/v2\/comments?post=451167"}],"version-history":[{"count":0,"href":"https:\/\/portaltela.pt\/api\/wp\/v2\/posts\/451167\/revisions"}],"wp:featuredmedia":[{"embeddable":true,"href":"https:\/\/portaltela.pt\/api\/wp\/v2\/media\/451169"}],"wp:attachment":[{"href":"https:\/\/portaltela.pt\/api\/wp\/v2\/media?parent=451167"}],"wp:term":[{"taxonomy":"category","embeddable":true,"href":"https:\/\/portaltela.pt\/api\/wp\/v2\/categories?post=451167"},{"taxonomy":"post_tag","embeddable":true,"href":"https:\/\/portaltela.pt\/api\/wp\/v2\/tags?post=451167"}],"curies":[{"name":"wp","href":"https:\/\/api.w.org\/{rel}","templated":true}]}}