{"id":451140,"date":"2026-04-20T08:47:30","date_gmt":"2026-04-20T11:47:30","guid":{"rendered":"https:\/\/portaltela.pt\/noticias\/2026\/04\/20\/eleicoes-parlamentares-resultados-e-proximos-passos-para-o-parlamento\/"},"modified":"2026-04-20T08:47:30","modified_gmt":"2026-04-20T11:47:30","slug":"eleicoes-parlamentares-resultados-e-proximos-passos-para-o-parlamento","status":"publish","type":"post","link":"https:\/\/portaltela.pt\/noticias\/politica\/2026\/04\/20\/eleicoes-parlamentares-resultados-e-proximos-passos-para-o-parlamento\/","title":{"rendered":"Elei\u00e7\u00f5es Parlamentares: resultados e pr\u00f3ximos passos para o parlamento"},"content":{"rendered":"<p>O pa\u00eds abriu as urnas para as elei\u00e7\u00f5es legislativas com vista a escolher a maioria no parlamento. O partido pr\u00f3-europeu aparece na dianteira, tendo alcan\u00e7ado 50,2% dos votos expressos, segundo os primeiros resultados oficiais. O escrut\u00ednio ocorreu num contexto de grande expectativa junto da Uni\u00e3o Europeia.<\/p>\n<p>A vota\u00e7\u00e3o decorreu num ambiente de alerta face a alegadas interven\u00e7\u00f5es externas e a dist\u00farbios registados em diversas \u00e1reas do pa\u00eds. A pol\u00edcia efetuou centenas de buscas e prendeu v\u00e1rias pessoas antes da vota\u00e7\u00e3o, em resposta a relatos de interfer\u00eancia e planeamento de perturba\u00e7\u00f5es.<\/p>\n<p>A vit\u00f3ria do partido pr\u00f3-europeu aproxima o pa\u00eds dos seus objetivos de integra\u00e7\u00e3o europeia, ainda que as sondagens n\u00e3o confirmem uma maioria absoluta no parlamento. Analistas indicam que a composi\u00e7\u00e3o da Assembleia dever\u00e1 ficar disputada entre for\u00e7as pr\u00f3-europeias e partidos de v\u00e1rias sensibilidades.<\/p>\n<h3>Contexto internacional<\/h3>\n<p>Especialistas destacam a necessidade de garantias democr\u00e1ticas robustas e de supervis\u00e3o para assegurar a integridade do processo. Observadores internacionais acompanham os resultados em tempo real, com foco na poss\u00edvel forma\u00e7\u00e3o de uma maioria est\u00e1vel ap\u00f3s a contagem final.<\/p>\n","protected":false},"excerpt":{"rendered":"<ul>\n<li>A Eslov\u00e9nia realiza elei\u00e7\u00f5es legislativas no pr\u00f3ximo domingo, com a oposi\u00e7\u00e3o conservadora liderada por Janez Jan\u0161a a defender valores tradicionais.<\/li>\n<li>Em Kosovo, as sondagens indicam vit\u00f3ria do Movimento de Autodetermina\u00e7\u00e3o de Albin Kurti, mas sem maioria no parlamento; minorias podem decidir o desfecho pol\u00edtico.<\/li>\n<li>Na S\u00edria, realizam-se as primeiras elei\u00e7\u00f5es legislativas desde a destitui\u00e7\u00e3o de Bashar al\u2011Assad em dezembro.<\/li>\n<li>A Moldova tem elei\u00e7\u00f5es legislativas com o partido pr\u00f3\u2011europeu a vencer com cerca de 50,2% dos votos, garantindo a maioria na assembleia.<\/li>\n<li>Em Alb\u00e2nia, Edi Rama procura um quarto mandato, com sondagens a apontar vantagem sobre o rival Berisha.<\/li>\n<\/ul>\n","protected":false},"author":2,"featured_media":451142,"comment_status":"closed","ping_status":"closed","sticky":false,"template":"","format":"standard","meta":{"footnotes":""},"categories":[6912,5],"tags":[2795,68,4756,2832,1014,2055],"class_list":["post-451140","post","type-post","status-publish","format-standard","has-post-thumbnail","hentry","category-internacionais","category-politica","tag-democracia","tag-eleicoes","tag-observacao-internacional","tag-politica","tag-portugal","tag-uniao-europeia"],"yoast_head":"<!-- This site is optimized with the Yoast SEO plugin v27.2 - https:\/\/yoast.com\/product\/yoast-seo-wordpress\/ -->\n<title>Elei\u00e7\u00f5es Parlamentares: resultados e pr\u00f3ximos passos para o parlamento - Portal Tela Portugal<\/title>\n<meta name=\"robots\" content=\"index, follow, max-snippet:-1, max-image-preview:large, max-video-preview:-1\" \/>\n<meta property=\"og:locale\" content=\"pt_PT\" \/>\n<meta property=\"og:type\" content=\"article\" \/>\n<meta property=\"og:title\" content=\"Elei\u00e7\u00f5es Parlamentares: resultados e pr\u00f3ximos passos para o parlamento - Portal Tela Portugal\" \/>\n<meta property=\"og:description\" content=\"A Eslov\u00e9nia realiza elei\u00e7\u00f5es legislativas no pr\u00f3ximo domingo, com a oposi\u00e7\u00e3o conservadora liderada por Janez Jan\u0161a a defender valores tradicionais. Em Kosovo, as sondagens indicam vit\u00f3ria do Movimento de Autodetermina\u00e7\u00e3o de Albin Kurti, mas sem maioria no parlamento; minorias podem decidir o desfecho pol\u00edtico. Na S\u00edria, realizam-se as primeiras elei\u00e7\u00f5es legislativas desde a destitui\u00e7\u00e3o de Bashar al\u2011Assad em dezembro. A Moldova tem elei\u00e7\u00f5es legislativas com o partido pr\u00f3\u2011europeu a vencer com cerca de 50,2% dos votos, garantindo a maioria na assembleia. Em Alb\u00e2nia, Edi Rama procura um quarto mandato, com sondagens a apontar vantagem sobre o rival Berisha.\" \/>\n<meta property=\"og:url\" content=\"https:\/\/portaltela.pt\/noticias\/2026\/04\/20\/eleicoes-parlamentares-resultados-e-proximos-passos-para-o-parlamento\/\" \/>\n<meta property=\"og:site_name\" content=\"Portal Tela Portugal\" \/>\n<meta property=\"article:published_time\" content=\"2026-04-20T11:47:30+00:00\" \/>\n<meta name=\"author\" content=\"Telinha\" \/>\n<meta name=\"twitter:card\" content=\"summary_large_image\" \/>\n<meta name=\"twitter:label1\" content=\"Escrito por\" \/>\n\t<meta name=\"twitter:data1\" content=\"Telinha\" \/>\n\t<meta name=\"twitter:label2\" content=\"Tempo estimado de leitura\" \/>\n\t<meta name=\"twitter:data2\" content=\"1 minuto\" \/>\n<script type=\"application\/ld+json\" class=\"yoast-schema-graph\">{\"@context\":\"https:\/\/schema.org\",\"@graph\":[{\"@type\":\"Article\",\"@id\":\"https:\/\/portaltela.pt\/noticias\/2026\/04\/20\/eleicoes-parlamentares-resultados-e-proximos-passos-para-o-parlamento\/#article\",\"isPartOf\":{\"@id\":\"https:\/\/portaltela.pt\/noticias\/2026\/04\/20\/eleicoes-parlamentares-resultados-e-proximos-passos-para-o-parlamento\/\"},\"author\":{\"name\":\"Telinha\",\"@id\":\"https:\/\/portaltela.pt\/#\/schema\/person\/c4278d4a6028830caff9ee44b42d32ed\"},\"headline\":\"Elei\u00e7\u00f5es Parlamentares: resultados e pr\u00f3ximos passos para o parlamento\",\"datePublished\":\"2026-04-20T11:47:30+00:00\",\"mainEntityOfPage\":{\"@id\":\"https:\/\/portaltela.pt\/noticias\/2026\/04\/20\/eleicoes-parlamentares-resultados-e-proximos-passos-para-o-parlamento\/\"},\"wordCount\":213,\"image\":{\"@id\":\"https:\/\/portaltela.pt\/noticias\/2026\/04\/20\/eleicoes-parlamentares-resultados-e-proximos-passos-para-o-parlamento\/#primaryimage\"},\"thumbnailUrl\":\"https:\/\/portaltela.pt\/s.01k8rhncp4jt1\/2026\/04\/320x180_cmsv2_fba0a985-2b25-558f-bafc-27e28fa42f66-9728239.jpg\",\"keywords\":[\"democracia\",\"elei\u00e7\u00f5es\",\"observa\u00e7\u00e3o internacional\",\"pol\u00edtica\",\"Portugal\",\"Uni\u00e3o Europeia\"],\"articleSection\":[\"Internacionais\",\"Pol\u00edtica\"],\"inLanguage\":\"pt-PT\"},{\"@type\":\"WebPage\",\"@id\":\"https:\/\/portaltela.pt\/noticias\/2026\/04\/20\/eleicoes-parlamentares-resultados-e-proximos-passos-para-o-parlamento\/\",\"url\":\"https:\/\/portaltela.pt\/noticias\/2026\/04\/20\/eleicoes-parlamentares-resultados-e-proximos-passos-para-o-parlamento\/\",\"name\":\"Elei\u00e7\u00f5es Parlamentares: resultados e pr\u00f3ximos passos para o parlamento - Portal Tela Portugal\",\"isPartOf\":{\"@id\":\"https:\/\/portaltela.pt\/#website\"},\"primaryImageOfPage\":{\"@id\":\"https:\/\/portaltela.pt\/noticias\/2026\/04\/20\/eleicoes-parlamentares-resultados-e-proximos-passos-para-o-parlamento\/#primaryimage\"},\"image\":{\"@id\":\"https:\/\/portaltela.pt\/noticias\/2026\/04\/20\/eleicoes-parlamentares-resultados-e-proximos-passos-para-o-parlamento\/#primaryimage\"},\"thumbnailUrl\":\"https:\/\/portaltela.pt\/s.01k8rhncp4jt1\/2026\/04\/320x180_cmsv2_fba0a985-2b25-558f-bafc-27e28fa42f66-9728239.jpg\",\"datePublished\":\"2026-04-20T11:47:30+00:00\",\"author\":{\"@id\":\"https:\/\/portaltela.pt\/#\/schema\/person\/c4278d4a6028830caff9ee44b42d32ed\"},\"breadcrumb\":{\"@id\":\"https:\/\/portaltela.pt\/noticias\/2026\/04\/20\/eleicoes-parlamentares-resultados-e-proximos-passos-para-o-parlamento\/#breadcrumb\"},\"inLanguage\":\"pt-PT\",\"potentialAction\":[{\"@type\":\"ReadAction\",\"target\":[\"https:\/\/portaltela.pt\/noticias\/2026\/04\/20\/eleicoes-parlamentares-resultados-e-proximos-passos-para-o-parlamento\/\"]}]},{\"@type\":\"ImageObject\",\"inLanguage\":\"pt-PT\",\"@id\":\"https:\/\/portaltela.pt\/noticias\/2026\/04\/20\/eleicoes-parlamentares-resultados-e-proximos-passos-para-o-parlamento\/#primaryimage\",\"url\":\"https:\/\/portaltela.pt\/s.01k8rhncp4jt1\/2026\/04\/320x180_cmsv2_fba0a985-2b25-558f-bafc-27e28fa42f66-9728239.jpg\",\"contentUrl\":\"https:\/\/portaltela.pt\/s.01k8rhncp4jt1\/2026\/04\/320x180_cmsv2_fba0a985-2b25-558f-bafc-27e28fa42f66-9728239.jpg\",\"width\":796,\"height\":448,\"caption\":\"O primeiro-ministro da Eslov\u00e9nia, Robert Golob, fala aos meios de comunica\u00e7\u00e3o social no parlamento em Liubliana, Eslov\u00e9nia, no domingo, 22 de mar\u00e7o de 2026.\"},{\"@type\":\"BreadcrumbList\",\"@id\":\"https:\/\/portaltela.pt\/noticias\/2026\/04\/20\/eleicoes-parlamentares-resultados-e-proximos-passos-para-o-parlamento\/#breadcrumb\",\"itemListElement\":[{\"@type\":\"ListItem\",\"position\":1,\"name\":\"In\u00edcio\",\"item\":\"https:\/\/portaltela.pt\/\"},{\"@type\":\"ListItem\",\"position\":2,\"name\":\"Elei\u00e7\u00f5es Parlamentares: resultados e pr\u00f3ximos passos para o parlamento\"}]},{\"@type\":\"WebSite\",\"@id\":\"https:\/\/portaltela.pt\/#website\",\"url\":\"https:\/\/portaltela.pt\/\",\"name\":\"Portal Tela Portugal\",\"description\":\"\",\"potentialAction\":[{\"@type\":\"SearchAction\",\"target\":{\"@type\":\"EntryPoint\",\"urlTemplate\":\"https:\/\/portaltela.pt\/?s={search_term_string}\"},\"query-input\":{\"@type\":\"PropertyValueSpecification\",\"valueRequired\":true,\"valueName\":\"search_term_string\"}}],\"inLanguage\":\"pt-PT\"},{\"@type\":\"Person\",\"@id\":\"https:\/\/portaltela.pt\/#\/schema\/person\/c4278d4a6028830caff9ee44b42d32ed\",\"name\":\"Telinha\",\"image\":{\"@type\":\"ImageObject\",\"inLanguage\":\"pt-PT\",\"@id\":\"https:\/\/portaltela.pt\/s.01k8rhncp4jt1\/2025\/11\/talking-bot-125x125.png\",\"url\":\"https:\/\/portaltela.pt\/s.01k8rhncp4jt1\/2025\/11\/talking-bot-125x125.png\",\"contentUrl\":\"https:\/\/portaltela.pt\/s.01k8rhncp4jt1\/2025\/11\/talking-bot-125x125.png\",\"caption\":\"Telinha\"},\"sameAs\":[\"https:\/\/portaltela.pt\/\"],\"url\":\"https:\/\/portaltela.pt\/por\/367410592786\/\"}]}<\/script>\n<!-- \/ Yoast SEO plugin. -->","yoast_head_json":{"title":"Elei\u00e7\u00f5es Parlamentares: resultados e pr\u00f3ximos passos para o parlamento - Portal Tela Portugal","robots":{"index":"index","follow":"follow","max-snippet":"max-snippet:-1","max-image-preview":"max-image-preview:large","max-video-preview":"max-video-preview:-1"},"og_locale":"pt_PT","og_type":"article","og_title":"Elei\u00e7\u00f5es Parlamentares: resultados e pr\u00f3ximos passos para o parlamento - Portal Tela Portugal","og_description":"A Eslov\u00e9nia realiza elei\u00e7\u00f5es legislativas no pr\u00f3ximo domingo, com a oposi\u00e7\u00e3o conservadora liderada por Janez Jan\u0161a a defender valores tradicionais. Em Kosovo, as sondagens indicam vit\u00f3ria do Movimento de Autodetermina\u00e7\u00e3o de Albin Kurti, mas sem maioria no parlamento; minorias podem decidir o desfecho pol\u00edtico. Na S\u00edria, realizam-se as primeiras elei\u00e7\u00f5es legislativas desde a destitui\u00e7\u00e3o de Bashar al\u2011Assad em dezembro. A Moldova tem elei\u00e7\u00f5es legislativas com o partido pr\u00f3\u2011europeu a vencer com cerca de 50,2% dos votos, garantindo a maioria na assembleia. Em Alb\u00e2nia, Edi Rama procura um quarto mandato, com sondagens a apontar vantagem sobre o rival Berisha.","og_url":"https:\/\/portaltela.pt\/noticias\/2026\/04\/20\/eleicoes-parlamentares-resultados-e-proximos-passos-para-o-parlamento\/","og_site_name":"Portal Tela Portugal","article_published_time":"2026-04-20T11:47:30+00:00","author":"Telinha","twitter_card":"summary_large_image","twitter_misc":{"Escrito por":"Telinha","Tempo estimado de leitura":"1 minuto"},"schema":{"@context":"https:\/\/schema.org","@graph":[{"@type":"Article","@id":"https:\/\/portaltela.pt\/noticias\/2026\/04\/20\/eleicoes-parlamentares-resultados-e-proximos-passos-para-o-parlamento\/#article","isPartOf":{"@id":"https:\/\/portaltela.pt\/noticias\/2026\/04\/20\/eleicoes-parlamentares-resultados-e-proximos-passos-para-o-parlamento\/"},"author":{"name":"Telinha","@id":"https:\/\/portaltela.pt\/#\/schema\/person\/c4278d4a6028830caff9ee44b42d32ed"},"headline":"Elei\u00e7\u00f5es Parlamentares: resultados e pr\u00f3ximos passos para o parlamento","datePublished":"2026-04-20T11:47:30+00:00","mainEntityOfPage":{"@id":"https:\/\/portaltela.pt\/noticias\/2026\/04\/20\/eleicoes-parlamentares-resultados-e-proximos-passos-para-o-parlamento\/"},"wordCount":213,"image":{"@id":"https:\/\/portaltela.pt\/noticias\/2026\/04\/20\/eleicoes-parlamentares-resultados-e-proximos-passos-para-o-parlamento\/#primaryimage"},"thumbnailUrl":"https:\/\/portaltela.pt\/s.01k8rhncp4jt1\/2026\/04\/320x180_cmsv2_fba0a985-2b25-558f-bafc-27e28fa42f66-9728239.jpg","keywords":["democracia","elei\u00e7\u00f5es","observa\u00e7\u00e3o internacional","pol\u00edtica","Portugal","Uni\u00e3o Europeia"],"articleSection":["Internacionais","Pol\u00edtica"],"inLanguage":"pt-PT"},{"@type":"WebPage","@id":"https:\/\/portaltela.pt\/noticias\/2026\/04\/20\/eleicoes-parlamentares-resultados-e-proximos-passos-para-o-parlamento\/","url":"https:\/\/portaltela.pt\/noticias\/2026\/04\/20\/eleicoes-parlamentares-resultados-e-proximos-passos-para-o-parlamento\/","name":"Elei\u00e7\u00f5es Parlamentares: resultados e pr\u00f3ximos passos para o parlamento - Portal Tela Portugal","isPartOf":{"@id":"https:\/\/portaltela.pt\/#website"},"primaryImageOfPage":{"@id":"https:\/\/portaltela.pt\/noticias\/2026\/04\/20\/eleicoes-parlamentares-resultados-e-proximos-passos-para-o-parlamento\/#primaryimage"},"image":{"@id":"https:\/\/portaltela.pt\/noticias\/2026\/04\/20\/eleicoes-parlamentares-resultados-e-proximos-passos-para-o-parlamento\/#primaryimage"},"thumbnailUrl":"https:\/\/portaltela.pt\/s.01k8rhncp4jt1\/2026\/04\/320x180_cmsv2_fba0a985-2b25-558f-bafc-27e28fa42f66-9728239.jpg","datePublished":"2026-04-20T11:47:30+00:00","author":{"@id":"https:\/\/portaltela.pt\/#\/schema\/person\/c4278d4a6028830caff9ee44b42d32ed"},"breadcrumb":{"@id":"https:\/\/portaltela.pt\/noticias\/2026\/04\/20\/eleicoes-parlamentares-resultados-e-proximos-passos-para-o-parlamento\/#breadcrumb"},"inLanguage":"pt-PT","potentialAction":[{"@type":"ReadAction","target":["https:\/\/portaltela.pt\/noticias\/2026\/04\/20\/eleicoes-parlamentares-resultados-e-proximos-passos-para-o-parlamento\/"]}]},{"@type":"ImageObject","inLanguage":"pt-PT","@id":"https:\/\/portaltela.pt\/noticias\/2026\/04\/20\/eleicoes-parlamentares-resultados-e-proximos-passos-para-o-parlamento\/#primaryimage","url":"https:\/\/portaltela.pt\/s.01k8rhncp4jt1\/2026\/04\/320x180_cmsv2_fba0a985-2b25-558f-bafc-27e28fa42f66-9728239.jpg","contentUrl":"https:\/\/portaltela.pt\/s.01k8rhncp4jt1\/2026\/04\/320x180_cmsv2_fba0a985-2b25-558f-bafc-27e28fa42f66-9728239.jpg","width":796,"height":448,"caption":"O primeiro-ministro da Eslov\u00e9nia, Robert Golob, fala aos meios de comunica\u00e7\u00e3o social no parlamento em Liubliana, Eslov\u00e9nia, no domingo, 22 de mar\u00e7o de 2026."},{"@type":"BreadcrumbList","@id":"https:\/\/portaltela.pt\/noticias\/2026\/04\/20\/eleicoes-parlamentares-resultados-e-proximos-passos-para-o-parlamento\/#breadcrumb","itemListElement":[{"@type":"ListItem","position":1,"name":"In\u00edcio","item":"https:\/\/portaltela.pt\/"},{"@type":"ListItem","position":2,"name":"Elei\u00e7\u00f5es Parlamentares: resultados e pr\u00f3ximos passos para o parlamento"}]},{"@type":"WebSite","@id":"https:\/\/portaltela.pt\/#website","url":"https:\/\/portaltela.pt\/","name":"Portal Tela Portugal","description":"","potentialAction":[{"@type":"SearchAction","target":{"@type":"EntryPoint","urlTemplate":"https:\/\/portaltela.pt\/?s={search_term_string}"},"query-input":{"@type":"PropertyValueSpecification","valueRequired":true,"valueName":"search_term_string"}}],"inLanguage":"pt-PT"},{"@type":"Person","@id":"https:\/\/portaltela.pt\/#\/schema\/person\/c4278d4a6028830caff9ee44b42d32ed","name":"Telinha","image":{"@type":"ImageObject","inLanguage":"pt-PT","@id":"https:\/\/portaltela.pt\/s.01k8rhncp4jt1\/2025\/11\/talking-bot-125x125.png","url":"https:\/\/portaltela.pt\/s.01k8rhncp4jt1\/2025\/11\/talking-bot-125x125.png","contentUrl":"https:\/\/portaltela.pt\/s.01k8rhncp4jt1\/2025\/11\/talking-bot-125x125.png","caption":"Telinha"},"sameAs":["https:\/\/portaltela.pt\/"],"url":"https:\/\/portaltela.pt\/por\/367410592786\/"}]}},"_links":{"self":[{"href":"https:\/\/portaltela.pt\/api\/wp\/v2\/posts\/451140","targetHints":{"allow":["GET"]}}],"collection":[{"href":"https:\/\/portaltela.pt\/api\/wp\/v2\/posts"}],"about":[{"href":"https:\/\/portaltela.pt\/api\/wp\/v2\/types\/post"}],"author":[{"embeddable":true,"href":"https:\/\/portaltela.pt\/api\/wp\/v2\/users\/2"}],"replies":[{"embeddable":true,"href":"https:\/\/portaltela.pt\/api\/wp\/v2\/comments?post=451140"}],"version-history":[{"count":0,"href":"https:\/\/portaltela.pt\/api\/wp\/v2\/posts\/451140\/revisions"}],"wp:featuredmedia":[{"embeddable":true,"href":"https:\/\/portaltela.pt\/api\/wp\/v2\/media\/451142"}],"wp:attachment":[{"href":"https:\/\/portaltela.pt\/api\/wp\/v2\/media?parent=451140"}],"wp:term":[{"taxonomy":"category","embeddable":true,"href":"https:\/\/portaltela.pt\/api\/wp\/v2\/categories?post=451140"},{"taxonomy":"post_tag","embeddable":true,"href":"https:\/\/portaltela.pt\/api\/wp\/v2\/tags?post=451140"}],"curies":[{"name":"wp","href":"https:\/\/api.w.org\/{rel}","templated":true}]}}