{"id":451135,"date":"2026-04-20T08:37:27","date_gmt":"2026-04-20T11:37:27","guid":{"rendered":"https:\/\/portaltela.pt\/noticias\/2026\/04\/20\/diretor-de-cirurgia-do-hospital-de-santo-antonio-propoe-a-sua-propria-comissao\/"},"modified":"2026-04-20T08:37:27","modified_gmt":"2026-04-20T11:37:27","slug":"diretor-de-cirurgia-do-hospital-de-santo-antonio-propoe-a-sua-propria-comissao","status":"publish","type":"post","link":"https:\/\/portaltela.pt\/noticias\/2026\/04\/20\/diretor-de-cirurgia-do-hospital-de-santo-antonio-propoe-a-sua-propria-comissao\/","title":{"rendered":"Diretor de Cirurgia do Hospital de Santo Ant\u00f3nio prop\u00f5e a sua pr\u00f3pria comiss\u00e3o"},"content":{"rendered":"<p>O diretor de cirurgia do Hospital de Santo Ant\u00f3nio, Castro Alves, prop\u00f5e a cria\u00e7\u00e3o da sua pr\u00f3pria comiss\u00e3o de remunera\u00e7\u00e3o. A medida surge num contexto de controv\u00e9rsia dentro da institui\u00e7\u00e3o, onde Alves coordenava cirurgias extraordin\u00e1rias realizadas fora do hor\u00e1rio normal de trabalho e recebeu mais de 178 mil euros.<\/p>\n<p>A proposta pretende reorganizar a estrutura salarial e conceder maior autonomia aos profissionais de sa\u00fade, com o objetivo de aumentar a efici\u00eancia dos procedimentos. Cr\u00edticas apontam para poss\u00edvel conflito de interesses e riscos de influenciar decis\u00f5es administrativas.<\/p>\n<p>O hospital, refer\u00eancia regional, enfrenta desafios na gest\u00e3o de recursos e na otimiza\u00e7\u00e3o dos servi\u00e7os. A dire\u00e7\u00e3o analisa a medida junto dos reguladores para avaliar legalidade, impactos e poss\u00edveis consequ\u00eancias para a transpar\u00eancia.<\/p>\n<h3>Contexto e Desdobramentos<\/h3>\n<p>A decis\u00e3o est\u00e1 em an\u00e1lise pelas inst\u00e2ncias internas e pelos \u00f3rg\u00e3os reguladores, que devem decidir sobre a viabilidade da proposta. O desfecho pode influenciar a gest\u00e3o da institui\u00e7\u00e3o e a forma como s\u00e3o estruturadas as remunera\u00e7\u00f5es de adicionais fora do hor\u00e1rio normal.<\/p>\n","protected":false},"excerpt":{"rendered":"<ul>\n<li>O diretor de cirurgia do Hospital de Santo Ant\u00f3nio, Castro Alves, prop\u00f5e a sua pr\u00f3pria comiss\u00e3o.<\/li>\n<li>Alves recebeu, como coordenador das cirurgias extras realizadas fora do hor\u00e1rio normal de trabalho, mais de 178 mil euros.<\/li>\n<li>A proposta visa reorganizar a estrutura de remunera\u00e7\u00e3o e atribuir maior autonomia aos profissionais de sa\u00fade.<\/li>\n<li>A iniciativa tem gerado cr\u00edticas, com receio de conflitos de interesse, num hospital que enfrenta desafios de gest\u00e3o de recursos.<\/li>\n<li>A decis\u00e3o est\u00e1 em an\u00e1lise pela dire\u00e7\u00e3o do hospital e por \u00f3rg\u00e3os reguladores, com desdobramentos ainda por definir.<\/li>\n<\/ul>\n","protected":false},"author":2,"featured_media":451136,"comment_status":"closed","ping_status":"closed","sticky":false,"template":"","format":"standard","meta":{"footnotes":""},"categories":[7377,1],"tags":[7927,8422,8414,7889,8280,2818],"class_list":["post-451135","post","type-post","status-publish","format-standard","has-post-thumbnail","hentry","category-hospitais","category-noticias","tag-_administracao-publica","tag-_gestao-publica","tag-_hospitais","tag-_saude","tag-_transparencia","tag-remuneracoes"],"yoast_head":"<!-- This site is optimized with the Yoast SEO plugin v27.2 - https:\/\/yoast.com\/product\/yoast-seo-wordpress\/ -->\n<title>Diretor de Cirurgia do Hospital de Santo Ant\u00f3nio prop\u00f5e a sua pr\u00f3pria comiss\u00e3o - Portal Tela Portugal<\/title>\n<meta name=\"robots\" content=\"index, follow, max-snippet:-1, max-image-preview:large, max-video-preview:-1\" \/>\n<meta property=\"og:locale\" content=\"pt_PT\" \/>\n<meta property=\"og:type\" content=\"article\" \/>\n<meta property=\"og:title\" content=\"Diretor de Cirurgia do Hospital de Santo Ant\u00f3nio prop\u00f5e a sua pr\u00f3pria comiss\u00e3o - Portal Tela Portugal\" \/>\n<meta property=\"og:description\" content=\"O diretor de cirurgia do Hospital de Santo Ant\u00f3nio, Castro Alves, prop\u00f5e a sua pr\u00f3pria comiss\u00e3o. Alves recebeu, como coordenador das cirurgias extras realizadas fora do hor\u00e1rio normal de trabalho, mais de 178 mil euros. A proposta visa reorganizar a estrutura de remunera\u00e7\u00e3o e atribuir maior autonomia aos profissionais de sa\u00fade. A iniciativa tem gerado cr\u00edticas, com receio de conflitos de interesse, num hospital que enfrenta desafios de gest\u00e3o de recursos. A decis\u00e3o est\u00e1 em an\u00e1lise pela dire\u00e7\u00e3o do hospital e por \u00f3rg\u00e3os reguladores, com desdobramentos ainda por definir.\" \/>\n<meta property=\"og:url\" content=\"https:\/\/portaltela.pt\/noticias\/2026\/04\/20\/diretor-de-cirurgia-do-hospital-de-santo-antonio-propoe-a-sua-propria-comissao\/\" \/>\n<meta property=\"og:site_name\" content=\"Portal Tela Portugal\" \/>\n<meta property=\"article:published_time\" content=\"2026-04-20T11:37:27+00:00\" \/>\n<meta name=\"author\" content=\"Telinha\" \/>\n<meta name=\"twitter:card\" content=\"summary_large_image\" \/>\n<meta name=\"twitter:label1\" content=\"Escrito por\" \/>\n\t<meta name=\"twitter:data1\" content=\"Telinha\" \/>\n\t<meta name=\"twitter:label2\" content=\"Tempo estimado de leitura\" \/>\n\t<meta name=\"twitter:data2\" content=\"1 minuto\" \/>\n<script type=\"application\/ld+json\" class=\"yoast-schema-graph\">{\"@context\":\"https:\/\/schema.org\",\"@graph\":[{\"@type\":\"Article\",\"@id\":\"https:\/\/portaltela.pt\/noticias\/2026\/04\/20\/diretor-de-cirurgia-do-hospital-de-santo-antonio-propoe-a-sua-propria-comissao\/#article\",\"isPartOf\":{\"@id\":\"https:\/\/portaltela.pt\/noticias\/2026\/04\/20\/diretor-de-cirurgia-do-hospital-de-santo-antonio-propoe-a-sua-propria-comissao\/\"},\"author\":{\"name\":\"Telinha\",\"@id\":\"https:\/\/portaltela.pt\/#\/schema\/person\/c4278d4a6028830caff9ee44b42d32ed\"},\"headline\":\"Diretor de Cirurgia do Hospital de Santo Ant\u00f3nio prop\u00f5e a sua pr\u00f3pria comiss\u00e3o\",\"datePublished\":\"2026-04-20T11:37:27+00:00\",\"mainEntityOfPage\":{\"@id\":\"https:\/\/portaltela.pt\/noticias\/2026\/04\/20\/diretor-de-cirurgia-do-hospital-de-santo-antonio-propoe-a-sua-propria-comissao\/\"},\"wordCount\":212,\"image\":{\"@id\":\"https:\/\/portaltela.pt\/noticias\/2026\/04\/20\/diretor-de-cirurgia-do-hospital-de-santo-antonio-propoe-a-sua-propria-comissao\/#primaryimage\"},\"thumbnailUrl\":\"https:\/\/portaltela.pt\/s.01k8rhncp4jt1\/2026\/04\/img_1280x722uu2026-04-19-01-32-36-2279290.jpg\",\"keywords\":[\"_administra\u00e7\u00e3o p\u00fablica\",\"_gest\u00e3o p\u00fablica\",\"_hospitais\",\"_sa\u00fade\",\"_transpar\u00eancia\",\"Remunera\u00e7\u00f5es\"],\"articleSection\":[\"Hospitais\",\"Not\u00edcias\"],\"inLanguage\":\"pt-PT\"},{\"@type\":\"WebPage\",\"@id\":\"https:\/\/portaltela.pt\/noticias\/2026\/04\/20\/diretor-de-cirurgia-do-hospital-de-santo-antonio-propoe-a-sua-propria-comissao\/\",\"url\":\"https:\/\/portaltela.pt\/noticias\/2026\/04\/20\/diretor-de-cirurgia-do-hospital-de-santo-antonio-propoe-a-sua-propria-comissao\/\",\"name\":\"Diretor de Cirurgia do Hospital de Santo Ant\u00f3nio prop\u00f5e a sua pr\u00f3pria comiss\u00e3o - Portal Tela Portugal\",\"isPartOf\":{\"@id\":\"https:\/\/portaltela.pt\/#website\"},\"primaryImageOfPage\":{\"@id\":\"https:\/\/portaltela.pt\/noticias\/2026\/04\/20\/diretor-de-cirurgia-do-hospital-de-santo-antonio-propoe-a-sua-propria-comissao\/#primaryimage\"},\"image\":{\"@id\":\"https:\/\/portaltela.pt\/noticias\/2026\/04\/20\/diretor-de-cirurgia-do-hospital-de-santo-antonio-propoe-a-sua-propria-comissao\/#primaryimage\"},\"thumbnailUrl\":\"https:\/\/portaltela.pt\/s.01k8rhncp4jt1\/2026\/04\/img_1280x722uu2026-04-19-01-32-36-2279290.jpg\",\"datePublished\":\"2026-04-20T11:37:27+00:00\",\"author\":{\"@id\":\"https:\/\/portaltela.pt\/#\/schema\/person\/c4278d4a6028830caff9ee44b42d32ed\"},\"breadcrumb\":{\"@id\":\"https:\/\/portaltela.pt\/noticias\/2026\/04\/20\/diretor-de-cirurgia-do-hospital-de-santo-antonio-propoe-a-sua-propria-comissao\/#breadcrumb\"},\"inLanguage\":\"pt-PT\",\"potentialAction\":[{\"@type\":\"ReadAction\",\"target\":[\"https:\/\/portaltela.pt\/noticias\/2026\/04\/20\/diretor-de-cirurgia-do-hospital-de-santo-antonio-propoe-a-sua-propria-comissao\/\"]}]},{\"@type\":\"ImageObject\",\"inLanguage\":\"pt-PT\",\"@id\":\"https:\/\/portaltela.pt\/noticias\/2026\/04\/20\/diretor-de-cirurgia-do-hospital-de-santo-antonio-propoe-a-sua-propria-comissao\/#primaryimage\",\"url\":\"https:\/\/portaltela.pt\/s.01k8rhncp4jt1\/2026\/04\/img_1280x722uu2026-04-19-01-32-36-2279290.jpg\",\"contentUrl\":\"https:\/\/portaltela.pt\/s.01k8rhncp4jt1\/2026\/04\/img_1280x722uu2026-04-19-01-32-36-2279290.jpg\",\"width\":796,\"height\":448,\"caption\":\"Photo\"},{\"@type\":\"BreadcrumbList\",\"@id\":\"https:\/\/portaltela.pt\/noticias\/2026\/04\/20\/diretor-de-cirurgia-do-hospital-de-santo-antonio-propoe-a-sua-propria-comissao\/#breadcrumb\",\"itemListElement\":[{\"@type\":\"ListItem\",\"position\":1,\"name\":\"In\u00edcio\",\"item\":\"https:\/\/portaltela.pt\/\"},{\"@type\":\"ListItem\",\"position\":2,\"name\":\"Diretor de Cirurgia do Hospital de Santo Ant\u00f3nio prop\u00f5e a sua pr\u00f3pria comiss\u00e3o\"}]},{\"@type\":\"WebSite\",\"@id\":\"https:\/\/portaltela.pt\/#website\",\"url\":\"https:\/\/portaltela.pt\/\",\"name\":\"Portal Tela Portugal\",\"description\":\"\",\"potentialAction\":[{\"@type\":\"SearchAction\",\"target\":{\"@type\":\"EntryPoint\",\"urlTemplate\":\"https:\/\/portaltela.pt\/?s={search_term_string}\"},\"query-input\":{\"@type\":\"PropertyValueSpecification\",\"valueRequired\":true,\"valueName\":\"search_term_string\"}}],\"inLanguage\":\"pt-PT\"},{\"@type\":\"Person\",\"@id\":\"https:\/\/portaltela.pt\/#\/schema\/person\/c4278d4a6028830caff9ee44b42d32ed\",\"name\":\"Telinha\",\"image\":{\"@type\":\"ImageObject\",\"inLanguage\":\"pt-PT\",\"@id\":\"https:\/\/portaltela.pt\/s.01k8rhncp4jt1\/2025\/11\/talking-bot-125x125.png\",\"url\":\"https:\/\/portaltela.pt\/s.01k8rhncp4jt1\/2025\/11\/talking-bot-125x125.png\",\"contentUrl\":\"https:\/\/portaltela.pt\/s.01k8rhncp4jt1\/2025\/11\/talking-bot-125x125.png\",\"caption\":\"Telinha\"},\"sameAs\":[\"https:\/\/portaltela.pt\/\"],\"url\":\"https:\/\/portaltela.pt\/por\/367410592786\/\"}]}<\/script>\n<!-- \/ Yoast SEO plugin. -->","yoast_head_json":{"title":"Diretor de Cirurgia do Hospital de Santo Ant\u00f3nio prop\u00f5e a sua pr\u00f3pria comiss\u00e3o - Portal Tela Portugal","robots":{"index":"index","follow":"follow","max-snippet":"max-snippet:-1","max-image-preview":"max-image-preview:large","max-video-preview":"max-video-preview:-1"},"og_locale":"pt_PT","og_type":"article","og_title":"Diretor de Cirurgia do Hospital de Santo Ant\u00f3nio prop\u00f5e a sua pr\u00f3pria comiss\u00e3o - Portal Tela Portugal","og_description":"O diretor de cirurgia do Hospital de Santo Ant\u00f3nio, Castro Alves, prop\u00f5e a sua pr\u00f3pria comiss\u00e3o. Alves recebeu, como coordenador das cirurgias extras realizadas fora do hor\u00e1rio normal de trabalho, mais de 178 mil euros. A proposta visa reorganizar a estrutura de remunera\u00e7\u00e3o e atribuir maior autonomia aos profissionais de sa\u00fade. A iniciativa tem gerado cr\u00edticas, com receio de conflitos de interesse, num hospital que enfrenta desafios de gest\u00e3o de recursos. A decis\u00e3o est\u00e1 em an\u00e1lise pela dire\u00e7\u00e3o do hospital e por \u00f3rg\u00e3os reguladores, com desdobramentos ainda por definir.","og_url":"https:\/\/portaltela.pt\/noticias\/2026\/04\/20\/diretor-de-cirurgia-do-hospital-de-santo-antonio-propoe-a-sua-propria-comissao\/","og_site_name":"Portal Tela Portugal","article_published_time":"2026-04-20T11:37:27+00:00","author":"Telinha","twitter_card":"summary_large_image","twitter_misc":{"Escrito por":"Telinha","Tempo estimado de leitura":"1 minuto"},"schema":{"@context":"https:\/\/schema.org","@graph":[{"@type":"Article","@id":"https:\/\/portaltela.pt\/noticias\/2026\/04\/20\/diretor-de-cirurgia-do-hospital-de-santo-antonio-propoe-a-sua-propria-comissao\/#article","isPartOf":{"@id":"https:\/\/portaltela.pt\/noticias\/2026\/04\/20\/diretor-de-cirurgia-do-hospital-de-santo-antonio-propoe-a-sua-propria-comissao\/"},"author":{"name":"Telinha","@id":"https:\/\/portaltela.pt\/#\/schema\/person\/c4278d4a6028830caff9ee44b42d32ed"},"headline":"Diretor de Cirurgia do Hospital de Santo Ant\u00f3nio prop\u00f5e a sua pr\u00f3pria comiss\u00e3o","datePublished":"2026-04-20T11:37:27+00:00","mainEntityOfPage":{"@id":"https:\/\/portaltela.pt\/noticias\/2026\/04\/20\/diretor-de-cirurgia-do-hospital-de-santo-antonio-propoe-a-sua-propria-comissao\/"},"wordCount":212,"image":{"@id":"https:\/\/portaltela.pt\/noticias\/2026\/04\/20\/diretor-de-cirurgia-do-hospital-de-santo-antonio-propoe-a-sua-propria-comissao\/#primaryimage"},"thumbnailUrl":"https:\/\/portaltela.pt\/s.01k8rhncp4jt1\/2026\/04\/img_1280x722uu2026-04-19-01-32-36-2279290.jpg","keywords":["_administra\u00e7\u00e3o p\u00fablica","_gest\u00e3o p\u00fablica","_hospitais","_sa\u00fade","_transpar\u00eancia","Remunera\u00e7\u00f5es"],"articleSection":["Hospitais","Not\u00edcias"],"inLanguage":"pt-PT"},{"@type":"WebPage","@id":"https:\/\/portaltela.pt\/noticias\/2026\/04\/20\/diretor-de-cirurgia-do-hospital-de-santo-antonio-propoe-a-sua-propria-comissao\/","url":"https:\/\/portaltela.pt\/noticias\/2026\/04\/20\/diretor-de-cirurgia-do-hospital-de-santo-antonio-propoe-a-sua-propria-comissao\/","name":"Diretor de Cirurgia do Hospital de Santo Ant\u00f3nio prop\u00f5e a sua pr\u00f3pria comiss\u00e3o - Portal Tela Portugal","isPartOf":{"@id":"https:\/\/portaltela.pt\/#website"},"primaryImageOfPage":{"@id":"https:\/\/portaltela.pt\/noticias\/2026\/04\/20\/diretor-de-cirurgia-do-hospital-de-santo-antonio-propoe-a-sua-propria-comissao\/#primaryimage"},"image":{"@id":"https:\/\/portaltela.pt\/noticias\/2026\/04\/20\/diretor-de-cirurgia-do-hospital-de-santo-antonio-propoe-a-sua-propria-comissao\/#primaryimage"},"thumbnailUrl":"https:\/\/portaltela.pt\/s.01k8rhncp4jt1\/2026\/04\/img_1280x722uu2026-04-19-01-32-36-2279290.jpg","datePublished":"2026-04-20T11:37:27+00:00","author":{"@id":"https:\/\/portaltela.pt\/#\/schema\/person\/c4278d4a6028830caff9ee44b42d32ed"},"breadcrumb":{"@id":"https:\/\/portaltela.pt\/noticias\/2026\/04\/20\/diretor-de-cirurgia-do-hospital-de-santo-antonio-propoe-a-sua-propria-comissao\/#breadcrumb"},"inLanguage":"pt-PT","potentialAction":[{"@type":"ReadAction","target":["https:\/\/portaltela.pt\/noticias\/2026\/04\/20\/diretor-de-cirurgia-do-hospital-de-santo-antonio-propoe-a-sua-propria-comissao\/"]}]},{"@type":"ImageObject","inLanguage":"pt-PT","@id":"https:\/\/portaltela.pt\/noticias\/2026\/04\/20\/diretor-de-cirurgia-do-hospital-de-santo-antonio-propoe-a-sua-propria-comissao\/#primaryimage","url":"https:\/\/portaltela.pt\/s.01k8rhncp4jt1\/2026\/04\/img_1280x722uu2026-04-19-01-32-36-2279290.jpg","contentUrl":"https:\/\/portaltela.pt\/s.01k8rhncp4jt1\/2026\/04\/img_1280x722uu2026-04-19-01-32-36-2279290.jpg","width":796,"height":448,"caption":"Photo"},{"@type":"BreadcrumbList","@id":"https:\/\/portaltela.pt\/noticias\/2026\/04\/20\/diretor-de-cirurgia-do-hospital-de-santo-antonio-propoe-a-sua-propria-comissao\/#breadcrumb","itemListElement":[{"@type":"ListItem","position":1,"name":"In\u00edcio","item":"https:\/\/portaltela.pt\/"},{"@type":"ListItem","position":2,"name":"Diretor de Cirurgia do Hospital de Santo Ant\u00f3nio prop\u00f5e a sua pr\u00f3pria comiss\u00e3o"}]},{"@type":"WebSite","@id":"https:\/\/portaltela.pt\/#website","url":"https:\/\/portaltela.pt\/","name":"Portal Tela Portugal","description":"","potentialAction":[{"@type":"SearchAction","target":{"@type":"EntryPoint","urlTemplate":"https:\/\/portaltela.pt\/?s={search_term_string}"},"query-input":{"@type":"PropertyValueSpecification","valueRequired":true,"valueName":"search_term_string"}}],"inLanguage":"pt-PT"},{"@type":"Person","@id":"https:\/\/portaltela.pt\/#\/schema\/person\/c4278d4a6028830caff9ee44b42d32ed","name":"Telinha","image":{"@type":"ImageObject","inLanguage":"pt-PT","@id":"https:\/\/portaltela.pt\/s.01k8rhncp4jt1\/2025\/11\/talking-bot-125x125.png","url":"https:\/\/portaltela.pt\/s.01k8rhncp4jt1\/2025\/11\/talking-bot-125x125.png","contentUrl":"https:\/\/portaltela.pt\/s.01k8rhncp4jt1\/2025\/11\/talking-bot-125x125.png","caption":"Telinha"},"sameAs":["https:\/\/portaltela.pt\/"],"url":"https:\/\/portaltela.pt\/por\/367410592786\/"}]}},"_links":{"self":[{"href":"https:\/\/portaltela.pt\/api\/wp\/v2\/posts\/451135","targetHints":{"allow":["GET"]}}],"collection":[{"href":"https:\/\/portaltela.pt\/api\/wp\/v2\/posts"}],"about":[{"href":"https:\/\/portaltela.pt\/api\/wp\/v2\/types\/post"}],"author":[{"embeddable":true,"href":"https:\/\/portaltela.pt\/api\/wp\/v2\/users\/2"}],"replies":[{"embeddable":true,"href":"https:\/\/portaltela.pt\/api\/wp\/v2\/comments?post=451135"}],"version-history":[{"count":0,"href":"https:\/\/portaltela.pt\/api\/wp\/v2\/posts\/451135\/revisions"}],"wp:featuredmedia":[{"embeddable":true,"href":"https:\/\/portaltela.pt\/api\/wp\/v2\/media\/451136"}],"wp:attachment":[{"href":"https:\/\/portaltela.pt\/api\/wp\/v2\/media?parent=451135"}],"wp:term":[{"taxonomy":"category","embeddable":true,"href":"https:\/\/portaltela.pt\/api\/wp\/v2\/categories?post=451135"},{"taxonomy":"post_tag","embeddable":true,"href":"https:\/\/portaltela.pt\/api\/wp\/v2\/tags?post=451135"}],"curies":[{"name":"wp","href":"https:\/\/api.w.org\/{rel}","templated":true}]}}