{"id":451122,"date":"2026-04-20T08:32:53","date_gmt":"2026-04-20T11:32:53","guid":{"rendered":"https:\/\/portaltela.pt\/noticias\/2026\/04\/20\/primeiro-ministro-cessante-da-eslovenia-nao-consegue-formar-coligacao\/"},"modified":"2026-04-20T08:32:53","modified_gmt":"2026-04-20T11:32:53","slug":"primeiro-ministro-cessante-da-eslovenia-nao-consegue-formar-coligacao","status":"publish","type":"post","link":"https:\/\/portaltela.pt\/noticias\/politica\/2026\/04\/20\/primeiro-ministro-cessante-da-eslovenia-nao-consegue-formar-coligacao\/","title":{"rendered":"Primeiro-ministro cessante da Eslov\u00e9nia n\u00e3o consegue formar coliga\u00e7\u00e3o"},"content":{"rendered":"<p>Robert Golob, primeiro-ministro cessante da Eslov\u00e9nia, admitiu na segunda-feira que n\u00e3o conseguiu formar uma coliga\u00e7\u00e3o governamental. A not\u00edcia vem ap\u00f3s a sess\u00e3o com a presidente Nata\u0161a Pirc Musar. Golob revela ter tentado acordos entre partidos de centro e n\u00e3o ter encontrado parceiros suficientes.<\/p>\n<p>O an\u00fancio abre caminho ao segundo mais votado, Janez Jan\u0161a, para tentar formar o governo. Golob obteve uma maioria m\u00ednima com o seu partido, enquanto o SDS de Jan\u0161a ficou com 28 assentos num parlamento de 90 lugares. Jan\u0161a recusou negocia\u00e7\u00f5es para coliga\u00e7\u00e3o, mantendo a posi\u00e7\u00e3o de que n\u00e3o h\u00e1 pressa.<\/p>\n<p>Golob afirmou que pretende iniciar a oposi\u00e7\u00e3o e que est\u00e1 aberto a novas elei\u00e7\u00f5es, se necess\u00e1rio. Ao comentar a falta de apoio, o l\u00edder liberal indicou que n\u00e3o houve acordo com for\u00e7as de centro-direita para uma coliga\u00e7\u00e3o est\u00e1vel.<\/p>\n<p>Jan\u0161a reiterou que n\u00e3o est\u00e1 a formar governo neste momento, destacando o objetivo de agir de forma respons\u00e1vel pelo pa\u00eds. O SDS disse estar pronto para novas elei\u00e7\u00f5es, caso seja essa a decis\u00e3o mais acertada para a na\u00e7\u00e3o.<\/p>\n<p>No in\u00edcio do m\u00eas, a sess\u00e3o inaugural do parlamento elegeu um presidente, ligado a um movimento antissistema, com apoio de conservadores de Jan\u0161a e de um aliado. A presidente Nata\u0161a Pirc Musar tem 30 dias a partir de 10 de abril para propor um primeiro-ministro designado.<\/p>\n<p>Se o candidato n\u00e3o obtiver maioria, surgem outros prazos para propor alternativas. A lei prev\u00ea um novo per\u00edodo de 10 dias para que os partidos apresentem um novo candidato, caso a vota\u00e7\u00e3o falhe.<\/p>\n","protected":false},"excerpt":{"rendered":"<ul>\n<li>O primeiro-ministro cessante, Robert Golob, admitiu na segunda-feira n\u00e3o ter conseguido formar uma coliga\u00e7\u00e3o governamental na Eslov\u00e9nia.<\/li>\n<li>Golob afirmou que o seu partido conquistou 29 assentos, abrindo caminho para Janez Jan\u0161a tentar formar o governo; o SDS ficou com 28 lugares no parlamento de noventa.<\/li>\n<li>Janez Jan\u0161a, de 67 anos, rejeitou negocia\u00e7\u00f5es de coliga\u00e7\u00e3o e disse n\u00e3o ter pressa, disposto a novas elei\u00e7\u00f5es se for necess\u00e1rio.<\/li>\n<li>O SDS afirmou n\u00e3o estar a formar governo neste momento e pretende concentrar-se na constitui\u00e7\u00e3o do parlamento, avaliando o que \u00e9 mais adequado para o pa\u00eds.<\/li>\n<li>A presidente Nata\u0161a Pirc Musar tem de apresentar ao parlamento um primeiro-ministro designado no prazo de 30 dias a contar da sess\u00e3o inaugural de 10 de abril; se n\u00e3o houver maioria, seguem-se 10 dias para um novo candidato.<\/li>\n<\/ul>\n","protected":false},"author":2,"featured_media":451126,"comment_status":"closed","ping_status":"closed","sticky":false,"template":"","format":"standard","meta":{"footnotes":""},"categories":[1,5],"tags":[3496,68,2167,34,2832,30],"class_list":["post-451122","post","type-post","status-publish","format-standard","has-post-thumbnail","hentry","category-noticias","category-politica","tag-aliancas-internacionais","tag-eleicoes","tag-eslovenia","tag-governo","tag-politica","tag-presidente"],"yoast_head":"<!-- This site is optimized with the Yoast SEO plugin v27.2 - https:\/\/yoast.com\/product\/yoast-seo-wordpress\/ -->\n<title>Primeiro-ministro cessante da Eslov\u00e9nia n\u00e3o consegue formar coliga\u00e7\u00e3o - Portal Tela Portugal<\/title>\n<meta name=\"robots\" content=\"index, follow, max-snippet:-1, max-image-preview:large, max-video-preview:-1\" \/>\n<meta property=\"og:locale\" content=\"pt_PT\" \/>\n<meta property=\"og:type\" content=\"article\" \/>\n<meta property=\"og:title\" content=\"Primeiro-ministro cessante da Eslov\u00e9nia n\u00e3o consegue formar coliga\u00e7\u00e3o - Portal Tela Portugal\" \/>\n<meta property=\"og:description\" content=\"O primeiro-ministro cessante, Robert Golob, admitiu na segunda-feira n\u00e3o ter conseguido formar uma coliga\u00e7\u00e3o governamental na Eslov\u00e9nia. Golob afirmou que o seu partido conquistou 29 assentos, abrindo caminho para Janez Jan\u0161a tentar formar o governo; o SDS ficou com 28 lugares no parlamento de noventa. Janez Jan\u0161a, de 67 anos, rejeitou negocia\u00e7\u00f5es de coliga\u00e7\u00e3o e disse n\u00e3o ter pressa, disposto a novas elei\u00e7\u00f5es se for necess\u00e1rio. O SDS afirmou n\u00e3o estar a formar governo neste momento e pretende concentrar-se na constitui\u00e7\u00e3o do parlamento, avaliando o que \u00e9 mais adequado para o pa\u00eds. A presidente Nata\u0161a Pirc Musar tem de apresentar ao parlamento um primeiro-ministro designado no prazo de 30 dias a contar da sess\u00e3o inaugural de 10 de abril; se n\u00e3o houver maioria, seguem-se 10 dias para um novo candidato.\" \/>\n<meta property=\"og:url\" content=\"https:\/\/portaltela.pt\/noticias\/2026\/04\/20\/primeiro-ministro-cessante-da-eslovenia-nao-consegue-formar-coligacao\/\" \/>\n<meta property=\"og:site_name\" content=\"Portal Tela Portugal\" \/>\n<meta property=\"article:published_time\" content=\"2026-04-20T11:32:53+00:00\" \/>\n<meta name=\"author\" content=\"Telinha\" \/>\n<meta name=\"twitter:card\" content=\"summary_large_image\" \/>\n<meta name=\"twitter:label1\" content=\"Escrito por\" \/>\n\t<meta name=\"twitter:data1\" content=\"Telinha\" \/>\n\t<meta name=\"twitter:label2\" content=\"Tempo estimado de leitura\" \/>\n\t<meta name=\"twitter:data2\" content=\"1 minuto\" \/>\n<script type=\"application\/ld+json\" class=\"yoast-schema-graph\">{\"@context\":\"https:\/\/schema.org\",\"@graph\":[{\"@type\":\"Article\",\"@id\":\"https:\/\/portaltela.pt\/noticias\/2026\/04\/20\/primeiro-ministro-cessante-da-eslovenia-nao-consegue-formar-coligacao\/#article\",\"isPartOf\":{\"@id\":\"https:\/\/portaltela.pt\/noticias\/2026\/04\/20\/primeiro-ministro-cessante-da-eslovenia-nao-consegue-formar-coligacao\/\"},\"author\":{\"name\":\"Telinha\",\"@id\":\"https:\/\/portaltela.pt\/#\/schema\/person\/c4278d4a6028830caff9ee44b42d32ed\"},\"headline\":\"Primeiro-ministro cessante da Eslov\u00e9nia n\u00e3o consegue formar coliga\u00e7\u00e3o\",\"datePublished\":\"2026-04-20T11:32:53+00:00\",\"mainEntityOfPage\":{\"@id\":\"https:\/\/portaltela.pt\/noticias\/2026\/04\/20\/primeiro-ministro-cessante-da-eslovenia-nao-consegue-formar-coligacao\/\"},\"wordCount\":295,\"image\":{\"@id\":\"https:\/\/portaltela.pt\/noticias\/2026\/04\/20\/primeiro-ministro-cessante-da-eslovenia-nao-consegue-formar-coligacao\/#primaryimage\"},\"thumbnailUrl\":\"https:\/\/portaltela.pt\/s.01k8rhncp4jt1\/2026\/04\/1536x864_cmsv2_fba0a985-2b25-558f-bafc-27e28fa42f66-9728239.jpg\",\"keywords\":[\"alian\u00e7as internacionais\",\"elei\u00e7\u00f5es\",\"Eslov\u00e9nia\",\"governo\",\"pol\u00edtica\",\"presidente\"],\"articleSection\":[\"Not\u00edcias\",\"Pol\u00edtica\"],\"inLanguage\":\"pt-PT\"},{\"@type\":\"WebPage\",\"@id\":\"https:\/\/portaltela.pt\/noticias\/2026\/04\/20\/primeiro-ministro-cessante-da-eslovenia-nao-consegue-formar-coligacao\/\",\"url\":\"https:\/\/portaltela.pt\/noticias\/2026\/04\/20\/primeiro-ministro-cessante-da-eslovenia-nao-consegue-formar-coligacao\/\",\"name\":\"Primeiro-ministro cessante da Eslov\u00e9nia n\u00e3o consegue formar coliga\u00e7\u00e3o - Portal Tela Portugal\",\"isPartOf\":{\"@id\":\"https:\/\/portaltela.pt\/#website\"},\"primaryImageOfPage\":{\"@id\":\"https:\/\/portaltela.pt\/noticias\/2026\/04\/20\/primeiro-ministro-cessante-da-eslovenia-nao-consegue-formar-coligacao\/#primaryimage\"},\"image\":{\"@id\":\"https:\/\/portaltela.pt\/noticias\/2026\/04\/20\/primeiro-ministro-cessante-da-eslovenia-nao-consegue-formar-coligacao\/#primaryimage\"},\"thumbnailUrl\":\"https:\/\/portaltela.pt\/s.01k8rhncp4jt1\/2026\/04\/1536x864_cmsv2_fba0a985-2b25-558f-bafc-27e28fa42f66-9728239.jpg\",\"datePublished\":\"2026-04-20T11:32:53+00:00\",\"author\":{\"@id\":\"https:\/\/portaltela.pt\/#\/schema\/person\/c4278d4a6028830caff9ee44b42d32ed\"},\"breadcrumb\":{\"@id\":\"https:\/\/portaltela.pt\/noticias\/2026\/04\/20\/primeiro-ministro-cessante-da-eslovenia-nao-consegue-formar-coligacao\/#breadcrumb\"},\"inLanguage\":\"pt-PT\",\"potentialAction\":[{\"@type\":\"ReadAction\",\"target\":[\"https:\/\/portaltela.pt\/noticias\/2026\/04\/20\/primeiro-ministro-cessante-da-eslovenia-nao-consegue-formar-coligacao\/\"]}]},{\"@type\":\"ImageObject\",\"inLanguage\":\"pt-PT\",\"@id\":\"https:\/\/portaltela.pt\/noticias\/2026\/04\/20\/primeiro-ministro-cessante-da-eslovenia-nao-consegue-formar-coligacao\/#primaryimage\",\"url\":\"https:\/\/portaltela.pt\/s.01k8rhncp4jt1\/2026\/04\/1536x864_cmsv2_fba0a985-2b25-558f-bafc-27e28fa42f66-9728239.jpg\",\"contentUrl\":\"https:\/\/portaltela.pt\/s.01k8rhncp4jt1\/2026\/04\/1536x864_cmsv2_fba0a985-2b25-558f-bafc-27e28fa42f66-9728239.jpg\",\"width\":796,\"height\":448,\"caption\":\"O primeiro-ministro da Eslov\u00e9nia, Robert Golob, fala aos meios de comunica\u00e7\u00e3o social no parlamento em Liubliana, Eslov\u00e9nia, no domingo, 22 de mar\u00e7o de 2026.\"},{\"@type\":\"BreadcrumbList\",\"@id\":\"https:\/\/portaltela.pt\/noticias\/2026\/04\/20\/primeiro-ministro-cessante-da-eslovenia-nao-consegue-formar-coligacao\/#breadcrumb\",\"itemListElement\":[{\"@type\":\"ListItem\",\"position\":1,\"name\":\"In\u00edcio\",\"item\":\"https:\/\/portaltela.pt\/\"},{\"@type\":\"ListItem\",\"position\":2,\"name\":\"Primeiro-ministro cessante da Eslov\u00e9nia n\u00e3o consegue formar coliga\u00e7\u00e3o\"}]},{\"@type\":\"WebSite\",\"@id\":\"https:\/\/portaltela.pt\/#website\",\"url\":\"https:\/\/portaltela.pt\/\",\"name\":\"Portal Tela Portugal\",\"description\":\"\",\"potentialAction\":[{\"@type\":\"SearchAction\",\"target\":{\"@type\":\"EntryPoint\",\"urlTemplate\":\"https:\/\/portaltela.pt\/?s={search_term_string}\"},\"query-input\":{\"@type\":\"PropertyValueSpecification\",\"valueRequired\":true,\"valueName\":\"search_term_string\"}}],\"inLanguage\":\"pt-PT\"},{\"@type\":\"Person\",\"@id\":\"https:\/\/portaltela.pt\/#\/schema\/person\/c4278d4a6028830caff9ee44b42d32ed\",\"name\":\"Telinha\",\"image\":{\"@type\":\"ImageObject\",\"inLanguage\":\"pt-PT\",\"@id\":\"https:\/\/portaltela.pt\/s.01k8rhncp4jt1\/2025\/11\/talking-bot-125x125.png\",\"url\":\"https:\/\/portaltela.pt\/s.01k8rhncp4jt1\/2025\/11\/talking-bot-125x125.png\",\"contentUrl\":\"https:\/\/portaltela.pt\/s.01k8rhncp4jt1\/2025\/11\/talking-bot-125x125.png\",\"caption\":\"Telinha\"},\"sameAs\":[\"https:\/\/portaltela.pt\/\"],\"url\":\"https:\/\/portaltela.pt\/por\/367410592786\/\"}]}<\/script>\n<!-- \/ Yoast SEO plugin. -->","yoast_head_json":{"title":"Primeiro-ministro cessante da Eslov\u00e9nia n\u00e3o consegue formar coliga\u00e7\u00e3o - Portal Tela Portugal","robots":{"index":"index","follow":"follow","max-snippet":"max-snippet:-1","max-image-preview":"max-image-preview:large","max-video-preview":"max-video-preview:-1"},"og_locale":"pt_PT","og_type":"article","og_title":"Primeiro-ministro cessante da Eslov\u00e9nia n\u00e3o consegue formar coliga\u00e7\u00e3o - Portal Tela Portugal","og_description":"O primeiro-ministro cessante, Robert Golob, admitiu na segunda-feira n\u00e3o ter conseguido formar uma coliga\u00e7\u00e3o governamental na Eslov\u00e9nia. Golob afirmou que o seu partido conquistou 29 assentos, abrindo caminho para Janez Jan\u0161a tentar formar o governo; o SDS ficou com 28 lugares no parlamento de noventa. Janez Jan\u0161a, de 67 anos, rejeitou negocia\u00e7\u00f5es de coliga\u00e7\u00e3o e disse n\u00e3o ter pressa, disposto a novas elei\u00e7\u00f5es se for necess\u00e1rio. O SDS afirmou n\u00e3o estar a formar governo neste momento e pretende concentrar-se na constitui\u00e7\u00e3o do parlamento, avaliando o que \u00e9 mais adequado para o pa\u00eds. A presidente Nata\u0161a Pirc Musar tem de apresentar ao parlamento um primeiro-ministro designado no prazo de 30 dias a contar da sess\u00e3o inaugural de 10 de abril; se n\u00e3o houver maioria, seguem-se 10 dias para um novo candidato.","og_url":"https:\/\/portaltela.pt\/noticias\/2026\/04\/20\/primeiro-ministro-cessante-da-eslovenia-nao-consegue-formar-coligacao\/","og_site_name":"Portal Tela Portugal","article_published_time":"2026-04-20T11:32:53+00:00","author":"Telinha","twitter_card":"summary_large_image","twitter_misc":{"Escrito por":"Telinha","Tempo estimado de leitura":"1 minuto"},"schema":{"@context":"https:\/\/schema.org","@graph":[{"@type":"Article","@id":"https:\/\/portaltela.pt\/noticias\/2026\/04\/20\/primeiro-ministro-cessante-da-eslovenia-nao-consegue-formar-coligacao\/#article","isPartOf":{"@id":"https:\/\/portaltela.pt\/noticias\/2026\/04\/20\/primeiro-ministro-cessante-da-eslovenia-nao-consegue-formar-coligacao\/"},"author":{"name":"Telinha","@id":"https:\/\/portaltela.pt\/#\/schema\/person\/c4278d4a6028830caff9ee44b42d32ed"},"headline":"Primeiro-ministro cessante da Eslov\u00e9nia n\u00e3o consegue formar coliga\u00e7\u00e3o","datePublished":"2026-04-20T11:32:53+00:00","mainEntityOfPage":{"@id":"https:\/\/portaltela.pt\/noticias\/2026\/04\/20\/primeiro-ministro-cessante-da-eslovenia-nao-consegue-formar-coligacao\/"},"wordCount":295,"image":{"@id":"https:\/\/portaltela.pt\/noticias\/2026\/04\/20\/primeiro-ministro-cessante-da-eslovenia-nao-consegue-formar-coligacao\/#primaryimage"},"thumbnailUrl":"https:\/\/portaltela.pt\/s.01k8rhncp4jt1\/2026\/04\/1536x864_cmsv2_fba0a985-2b25-558f-bafc-27e28fa42f66-9728239.jpg","keywords":["alian\u00e7as internacionais","elei\u00e7\u00f5es","Eslov\u00e9nia","governo","pol\u00edtica","presidente"],"articleSection":["Not\u00edcias","Pol\u00edtica"],"inLanguage":"pt-PT"},{"@type":"WebPage","@id":"https:\/\/portaltela.pt\/noticias\/2026\/04\/20\/primeiro-ministro-cessante-da-eslovenia-nao-consegue-formar-coligacao\/","url":"https:\/\/portaltela.pt\/noticias\/2026\/04\/20\/primeiro-ministro-cessante-da-eslovenia-nao-consegue-formar-coligacao\/","name":"Primeiro-ministro cessante da Eslov\u00e9nia n\u00e3o consegue formar coliga\u00e7\u00e3o - Portal Tela Portugal","isPartOf":{"@id":"https:\/\/portaltela.pt\/#website"},"primaryImageOfPage":{"@id":"https:\/\/portaltela.pt\/noticias\/2026\/04\/20\/primeiro-ministro-cessante-da-eslovenia-nao-consegue-formar-coligacao\/#primaryimage"},"image":{"@id":"https:\/\/portaltela.pt\/noticias\/2026\/04\/20\/primeiro-ministro-cessante-da-eslovenia-nao-consegue-formar-coligacao\/#primaryimage"},"thumbnailUrl":"https:\/\/portaltela.pt\/s.01k8rhncp4jt1\/2026\/04\/1536x864_cmsv2_fba0a985-2b25-558f-bafc-27e28fa42f66-9728239.jpg","datePublished":"2026-04-20T11:32:53+00:00","author":{"@id":"https:\/\/portaltela.pt\/#\/schema\/person\/c4278d4a6028830caff9ee44b42d32ed"},"breadcrumb":{"@id":"https:\/\/portaltela.pt\/noticias\/2026\/04\/20\/primeiro-ministro-cessante-da-eslovenia-nao-consegue-formar-coligacao\/#breadcrumb"},"inLanguage":"pt-PT","potentialAction":[{"@type":"ReadAction","target":["https:\/\/portaltela.pt\/noticias\/2026\/04\/20\/primeiro-ministro-cessante-da-eslovenia-nao-consegue-formar-coligacao\/"]}]},{"@type":"ImageObject","inLanguage":"pt-PT","@id":"https:\/\/portaltela.pt\/noticias\/2026\/04\/20\/primeiro-ministro-cessante-da-eslovenia-nao-consegue-formar-coligacao\/#primaryimage","url":"https:\/\/portaltela.pt\/s.01k8rhncp4jt1\/2026\/04\/1536x864_cmsv2_fba0a985-2b25-558f-bafc-27e28fa42f66-9728239.jpg","contentUrl":"https:\/\/portaltela.pt\/s.01k8rhncp4jt1\/2026\/04\/1536x864_cmsv2_fba0a985-2b25-558f-bafc-27e28fa42f66-9728239.jpg","width":796,"height":448,"caption":"O primeiro-ministro da Eslov\u00e9nia, Robert Golob, fala aos meios de comunica\u00e7\u00e3o social no parlamento em Liubliana, Eslov\u00e9nia, no domingo, 22 de mar\u00e7o de 2026."},{"@type":"BreadcrumbList","@id":"https:\/\/portaltela.pt\/noticias\/2026\/04\/20\/primeiro-ministro-cessante-da-eslovenia-nao-consegue-formar-coligacao\/#breadcrumb","itemListElement":[{"@type":"ListItem","position":1,"name":"In\u00edcio","item":"https:\/\/portaltela.pt\/"},{"@type":"ListItem","position":2,"name":"Primeiro-ministro cessante da Eslov\u00e9nia n\u00e3o consegue formar coliga\u00e7\u00e3o"}]},{"@type":"WebSite","@id":"https:\/\/portaltela.pt\/#website","url":"https:\/\/portaltela.pt\/","name":"Portal Tela Portugal","description":"","potentialAction":[{"@type":"SearchAction","target":{"@type":"EntryPoint","urlTemplate":"https:\/\/portaltela.pt\/?s={search_term_string}"},"query-input":{"@type":"PropertyValueSpecification","valueRequired":true,"valueName":"search_term_string"}}],"inLanguage":"pt-PT"},{"@type":"Person","@id":"https:\/\/portaltela.pt\/#\/schema\/person\/c4278d4a6028830caff9ee44b42d32ed","name":"Telinha","image":{"@type":"ImageObject","inLanguage":"pt-PT","@id":"https:\/\/portaltela.pt\/s.01k8rhncp4jt1\/2025\/11\/talking-bot-125x125.png","url":"https:\/\/portaltela.pt\/s.01k8rhncp4jt1\/2025\/11\/talking-bot-125x125.png","contentUrl":"https:\/\/portaltela.pt\/s.01k8rhncp4jt1\/2025\/11\/talking-bot-125x125.png","caption":"Telinha"},"sameAs":["https:\/\/portaltela.pt\/"],"url":"https:\/\/portaltela.pt\/por\/367410592786\/"}]}},"_links":{"self":[{"href":"https:\/\/portaltela.pt\/api\/wp\/v2\/posts\/451122","targetHints":{"allow":["GET"]}}],"collection":[{"href":"https:\/\/portaltela.pt\/api\/wp\/v2\/posts"}],"about":[{"href":"https:\/\/portaltela.pt\/api\/wp\/v2\/types\/post"}],"author":[{"embeddable":true,"href":"https:\/\/portaltela.pt\/api\/wp\/v2\/users\/2"}],"replies":[{"embeddable":true,"href":"https:\/\/portaltela.pt\/api\/wp\/v2\/comments?post=451122"}],"version-history":[{"count":0,"href":"https:\/\/portaltela.pt\/api\/wp\/v2\/posts\/451122\/revisions"}],"wp:featuredmedia":[{"embeddable":true,"href":"https:\/\/portaltela.pt\/api\/wp\/v2\/media\/451126"}],"wp:attachment":[{"href":"https:\/\/portaltela.pt\/api\/wp\/v2\/media?parent=451122"}],"wp:term":[{"taxonomy":"category","embeddable":true,"href":"https:\/\/portaltela.pt\/api\/wp\/v2\/categories?post=451122"},{"taxonomy":"post_tag","embeddable":true,"href":"https:\/\/portaltela.pt\/api\/wp\/v2\/tags?post=451122"}],"curies":[{"name":"wp","href":"https:\/\/api.w.org\/{rel}","templated":true}]}}