{"id":451109,"date":"2026-04-20T08:18:06","date_gmt":"2026-04-20T11:18:06","guid":{"rendered":"https:\/\/portaltela.pt\/noticias\/2026\/04\/20\/associacao-alerta-para-riscos-de-central-fotovoltaica-no-marao\/"},"modified":"2026-04-20T08:18:06","modified_gmt":"2026-04-20T11:18:06","slug":"associacao-alerta-para-riscos-de-central-fotovoltaica-no-marao","status":"publish","type":"post","link":"https:\/\/portaltela.pt\/meio-ambiente\/2026\/04\/20\/associacao-alerta-para-riscos-de-central-fotovoltaica-no-marao\/","title":{"rendered":"Associa\u00e7\u00e3o alerta para riscos de central fotovoltaica no Mar\u00e3o"},"content":{"rendered":"<p>A Associa\u00e7\u00e3o Portuguesa para a Conserva\u00e7\u00e3o da Biodiversidade (FAPAS) rejeita o projeto fotovoltaico na Serra do Mar\u00e3o, apresentado pela EnergieKontor, que envolve 25 mil pain\u00e9is. A atua\u00e7\u00e3o \u00e9 objecto de consulta p\u00fablica e levanta riscos ambientais, ecol\u00f3gicos, paisag\u00edsticos e sociais, segundo a associa\u00e7\u00e3o.<\/p>\n<p>O projeto busca a hibridiza\u00e7\u00e3o fotovoltaica do Parque E\u00f3lico de Penedo Ruivo, com produ\u00e7\u00e3o anual l\u00edquida de 24,86 GWh. A ideia \u00e9 gerar energia el\u00e9trica combinando pain\u00e9is solares com o parque j\u00e1 existente.<\/p>\n<p>O EIA aponta uma \u00e1rea de implementa\u00e7\u00e3o de 21 hectares, sendo sete ocupados por pain\u00e9is. A localidade abrange os concelhos de Bai\u00e3o e Amarante, no distrito do Porto, com consulta p\u00fablica at\u00e9 sexta-feira.<\/p>\n<p>At\u00e9 \u00e0s 11:50 de hoje, j\u00e1 ingressaram 409 participa\u00e7\u00f5es no portal Participa, segundo a equipa de avalia\u00e7\u00e3o. A FAPAS acusa o projeto de intensificar a artificializa\u00e7\u00e3o da serra e a cria\u00e7\u00e3o de novos acessos em cumeada.<\/p>\n<p>A organiza\u00e7\u00e3o alerta para aumento de eros\u00e3o, altera\u00e7\u00f5es hidrol\u00f3gicas e perda de habitats, o que poder\u00e1 comprometer a resili\u00eancia ecol\u00f3gica face \u00e0s altera\u00e7\u00f5es clim\u00e1ticas. Al\u00e9m disso, aponta preju\u00edzo \u00e0 paisagem e ao turismo de natureza.<\/p>\n<p>A FAPAS questiona ainda a pertin\u00eancia de deslocar o projeto, argumentando que n\u00e3o h\u00e1 pondera\u00e7\u00e3o suficiente de alternativas menos sens\u00edveis e de efeitos cumulativos com o parque e\u00f3lico existente.<\/p>\n<p>A conclus\u00e3o da associa\u00e7\u00e3o \u00e9 que, para uma verdadeira transi\u00e7\u00e3o ecol\u00f3gica, \u00e9 defens\u00e1vel recusar a implanta\u00e7\u00e3o da central no Mar\u00e3o, sugerindo que a produ\u00e7\u00e3o solar ocorra em locais menos sens\u00edveis.<\/p>\n<p>Segundo o EIA, a obra exige beneficia\u00e7\u00e3o de acessos e tem dura\u00e7\u00e3o prevista de um ano, seguida de explora\u00e7\u00e3o de 30 anos. A FAPAS \u00e9 uma ONG ambiental nacional, criada em 1990, com sede em Vila Nova de Gaia.<\/p>\n<h3>Contexto ambiental e social<\/h3>\n<ul>\n<li>Riscos apontados: eros\u00e3o, altera\u00e7\u00f5es hidrol\u00f3gicas e perda de habitats.<\/li>\n<li>Impacto no lazer e na identidade local, com efeitos no turismo de natureza.<\/li>\n<li>Necessidade de avaliar alternativas de localiza\u00e7\u00e3o menos sens\u00edveis.<\/li>\n<\/ul>\n<h3>Participa\u00e7\u00e3o p\u00fablica e cronograma<\/h3>\n<ul>\n<li>Consulta p\u00fablica at\u00e9 sexta-feira; 409 participa\u00e7\u00f5es registradas at\u00e9 hoje.<\/li>\n<li>Processo em curso inclui avalia\u00e7\u00e3o de impactos e impactos cumulativos com o parque existente.<\/li>\n<\/ul>\n","protected":false},"excerpt":{"rendered":"<ul>\n<li>A Associa\u00e7\u00e3o Portuguesa para a Conserva\u00e7\u00e3o da Biodiversidade (FAPAS) op\u00f5e-se ao projeto fotovoltaico na Serra do Mar\u00e3o, que prev\u00ea 25 mil pain\u00e9is e pode causar riscos ambientais, ecol\u00f3gicos, paisag\u00edsticos e sociais significativos.<\/li>\n<li>O projeto de hibridiza\u00e7\u00e3o fotovoltaica do Parque E\u00f3lico de Penedo Ruivo, proposto pela EnergieKontor, visa produzir energia el\u00e9ctrica com sistema fotovoltaico integrado ao parque j\u00e1 existente, com produ\u00e7\u00e3o anual l\u00edquida de 24,86 gigawatt-hora.<\/li>\n<li>A \u00e1rea de implementa\u00e7\u00e3o \u00e9 de 21 hectares, sendo cerca de sete ocupados por pain\u00e9is solares, nos concelhos de Bai\u00e3o e Amarante, no distrito do Porto.<\/li>\n<li>A consulta p\u00fablica decorre at\u00e9 sexta-feira, tendo recebido, at\u00e9 \u00e0s 11:50 de segunda-feira, 409 participa\u00e7\u00f5es.<\/li>\n<li>A FAPAS afirma que o projeto intensifica a artificializa\u00e7\u00e3o e fragmenta\u00e7\u00e3o da serra do Mar\u00e3o, aumenta eros\u00e3o e altera a hidrologia, compromete habitats e a paisagem, e sugere escolher locais menos sens\u00edveis para a energia solar, mantendo o foco no turismo de natureza.<\/li>\n<\/ul>\n","protected":false},"author":2,"featured_media":451114,"comment_status":"closed","ping_status":"closed","sticky":false,"template":"","format":"standard","meta":{"footnotes":""},"categories":[6725],"tags":[9137,8238,9136,8103,7775,8051],"class_list":["post-451109","post","type-post","status-publish","format-standard","has-post-thumbnail","hentry","category-meio-ambiente","tag-_amarante","tag-_ambiente","tag-_baiao","tag-_conservacao-ambiental","tag-_energia","tag-_energias-renovaveis"],"yoast_head":"<!-- This site is optimized with the Yoast SEO plugin v27.2 - https:\/\/yoast.com\/product\/yoast-seo-wordpress\/ -->\n<title>Associa\u00e7\u00e3o alerta para riscos de central fotovoltaica no Mar\u00e3o - Portal Tela Portugal<\/title>\n<meta name=\"robots\" content=\"index, follow, max-snippet:-1, max-image-preview:large, max-video-preview:-1\" \/>\n<meta property=\"og:locale\" content=\"pt_PT\" \/>\n<meta property=\"og:type\" content=\"article\" \/>\n<meta property=\"og:title\" content=\"Associa\u00e7\u00e3o alerta para riscos de central fotovoltaica no Mar\u00e3o - Portal Tela Portugal\" \/>\n<meta property=\"og:description\" content=\"A Associa\u00e7\u00e3o Portuguesa para a Conserva\u00e7\u00e3o da Biodiversidade (FAPAS) op\u00f5e-se ao projeto fotovoltaico na Serra do Mar\u00e3o, que prev\u00ea 25 mil pain\u00e9is e pode causar riscos ambientais, ecol\u00f3gicos, paisag\u00edsticos e sociais significativos. O projeto de hibridiza\u00e7\u00e3o fotovoltaica do Parque E\u00f3lico de Penedo Ruivo, proposto pela EnergieKontor, visa produzir energia el\u00e9ctrica com sistema fotovoltaico integrado ao parque j\u00e1 existente, com produ\u00e7\u00e3o anual l\u00edquida de 24,86 gigawatt-hora. A \u00e1rea de implementa\u00e7\u00e3o \u00e9 de 21 hectares, sendo cerca de sete ocupados por pain\u00e9is solares, nos concelhos de Bai\u00e3o e Amarante, no distrito do Porto. A consulta p\u00fablica decorre at\u00e9 sexta-feira, tendo recebido, at\u00e9 \u00e0s 11:50 de segunda-feira, 409 participa\u00e7\u00f5es. A FAPAS afirma que o projeto intensifica a artificializa\u00e7\u00e3o e fragmenta\u00e7\u00e3o da serra do Mar\u00e3o, aumenta eros\u00e3o e altera a hidrologia, compromete habitats e a paisagem, e sugere escolher locais menos sens\u00edveis para a energia solar, mantendo o foco no turismo de natureza.\" \/>\n<meta property=\"og:url\" content=\"https:\/\/portaltela.pt\/noticias\/2026\/04\/20\/associacao-alerta-para-riscos-de-central-fotovoltaica-no-marao\/\" \/>\n<meta property=\"og:site_name\" content=\"Portal Tela Portugal\" \/>\n<meta property=\"article:published_time\" content=\"2026-04-20T11:18:06+00:00\" \/>\n<meta name=\"author\" content=\"Telinha\" \/>\n<meta name=\"twitter:card\" content=\"summary_large_image\" \/>\n<meta name=\"twitter:label1\" content=\"Escrito por\" \/>\n\t<meta name=\"twitter:data1\" content=\"Telinha\" \/>\n\t<meta name=\"twitter:label2\" content=\"Tempo estimado de leitura\" \/>\n\t<meta name=\"twitter:data2\" content=\"2 minutos\" \/>\n<script type=\"application\/ld+json\" class=\"yoast-schema-graph\">{\"@context\":\"https:\/\/schema.org\",\"@graph\":[{\"@type\":\"Article\",\"@id\":\"https:\/\/portaltela.pt\/noticias\/2026\/04\/20\/associacao-alerta-para-riscos-de-central-fotovoltaica-no-marao\/#article\",\"isPartOf\":{\"@id\":\"https:\/\/portaltela.pt\/noticias\/2026\/04\/20\/associacao-alerta-para-riscos-de-central-fotovoltaica-no-marao\/\"},\"author\":{\"name\":\"Telinha\",\"@id\":\"https:\/\/portaltela.pt\/#\/schema\/person\/c4278d4a6028830caff9ee44b42d32ed\"},\"headline\":\"Associa\u00e7\u00e3o alerta para riscos de central fotovoltaica no Mar\u00e3o\",\"datePublished\":\"2026-04-20T11:18:06+00:00\",\"mainEntityOfPage\":{\"@id\":\"https:\/\/portaltela.pt\/noticias\/2026\/04\/20\/associacao-alerta-para-riscos-de-central-fotovoltaica-no-marao\/\"},\"wordCount\":396,\"image\":{\"@id\":\"https:\/\/portaltela.pt\/noticias\/2026\/04\/20\/associacao-alerta-para-riscos-de-central-fotovoltaica-no-marao\/#primaryimage\"},\"thumbnailUrl\":\"https:\/\/portaltela.pt\/s.01k8rhncp4jt1\/2026\/04\/img_1500x1000uu2018-09-28-02-17-01-783381.jpg\",\"keywords\":[\"_Amarante\",\"_ambiente\",\"_Bai\u00e3o\",\"_conserva\u00e7\u00e3o ambiental\",\"_energia\",\"_energias renov\u00e1veis\"],\"articleSection\":[\"Meio Ambiente\"],\"inLanguage\":\"pt-PT\"},{\"@type\":\"WebPage\",\"@id\":\"https:\/\/portaltela.pt\/noticias\/2026\/04\/20\/associacao-alerta-para-riscos-de-central-fotovoltaica-no-marao\/\",\"url\":\"https:\/\/portaltela.pt\/noticias\/2026\/04\/20\/associacao-alerta-para-riscos-de-central-fotovoltaica-no-marao\/\",\"name\":\"Associa\u00e7\u00e3o alerta para riscos de central fotovoltaica no Mar\u00e3o - Portal Tela Portugal\",\"isPartOf\":{\"@id\":\"https:\/\/portaltela.pt\/#website\"},\"primaryImageOfPage\":{\"@id\":\"https:\/\/portaltela.pt\/noticias\/2026\/04\/20\/associacao-alerta-para-riscos-de-central-fotovoltaica-no-marao\/#primaryimage\"},\"image\":{\"@id\":\"https:\/\/portaltela.pt\/noticias\/2026\/04\/20\/associacao-alerta-para-riscos-de-central-fotovoltaica-no-marao\/#primaryimage\"},\"thumbnailUrl\":\"https:\/\/portaltela.pt\/s.01k8rhncp4jt1\/2026\/04\/img_1500x1000uu2018-09-28-02-17-01-783381.jpg\",\"datePublished\":\"2026-04-20T11:18:06+00:00\",\"author\":{\"@id\":\"https:\/\/portaltela.pt\/#\/schema\/person\/c4278d4a6028830caff9ee44b42d32ed\"},\"breadcrumb\":{\"@id\":\"https:\/\/portaltela.pt\/noticias\/2026\/04\/20\/associacao-alerta-para-riscos-de-central-fotovoltaica-no-marao\/#breadcrumb\"},\"inLanguage\":\"pt-PT\",\"potentialAction\":[{\"@type\":\"ReadAction\",\"target\":[\"https:\/\/portaltela.pt\/noticias\/2026\/04\/20\/associacao-alerta-para-riscos-de-central-fotovoltaica-no-marao\/\"]}]},{\"@type\":\"ImageObject\",\"inLanguage\":\"pt-PT\",\"@id\":\"https:\/\/portaltela.pt\/noticias\/2026\/04\/20\/associacao-alerta-para-riscos-de-central-fotovoltaica-no-marao\/#primaryimage\",\"url\":\"https:\/\/portaltela.pt\/s.01k8rhncp4jt1\/2026\/04\/img_1500x1000uu2018-09-28-02-17-01-783381.jpg\",\"contentUrl\":\"https:\/\/portaltela.pt\/s.01k8rhncp4jt1\/2026\/04\/img_1500x1000uu2018-09-28-02-17-01-783381.jpg\",\"width\":796,\"height\":448,\"caption\":\"Central fotovoltaica\"},{\"@type\":\"BreadcrumbList\",\"@id\":\"https:\/\/portaltela.pt\/noticias\/2026\/04\/20\/associacao-alerta-para-riscos-de-central-fotovoltaica-no-marao\/#breadcrumb\",\"itemListElement\":[{\"@type\":\"ListItem\",\"position\":1,\"name\":\"In\u00edcio\",\"item\":\"https:\/\/portaltela.pt\/\"},{\"@type\":\"ListItem\",\"position\":2,\"name\":\"Associa\u00e7\u00e3o alerta para riscos de central fotovoltaica no Mar\u00e3o\"}]},{\"@type\":\"WebSite\",\"@id\":\"https:\/\/portaltela.pt\/#website\",\"url\":\"https:\/\/portaltela.pt\/\",\"name\":\"Portal Tela Portugal\",\"description\":\"\",\"potentialAction\":[{\"@type\":\"SearchAction\",\"target\":{\"@type\":\"EntryPoint\",\"urlTemplate\":\"https:\/\/portaltela.pt\/?s={search_term_string}\"},\"query-input\":{\"@type\":\"PropertyValueSpecification\",\"valueRequired\":true,\"valueName\":\"search_term_string\"}}],\"inLanguage\":\"pt-PT\"},{\"@type\":\"Person\",\"@id\":\"https:\/\/portaltela.pt\/#\/schema\/person\/c4278d4a6028830caff9ee44b42d32ed\",\"name\":\"Telinha\",\"image\":{\"@type\":\"ImageObject\",\"inLanguage\":\"pt-PT\",\"@id\":\"https:\/\/portaltela.pt\/s.01k8rhncp4jt1\/2025\/11\/talking-bot-125x125.png\",\"url\":\"https:\/\/portaltela.pt\/s.01k8rhncp4jt1\/2025\/11\/talking-bot-125x125.png\",\"contentUrl\":\"https:\/\/portaltela.pt\/s.01k8rhncp4jt1\/2025\/11\/talking-bot-125x125.png\",\"caption\":\"Telinha\"},\"sameAs\":[\"https:\/\/portaltela.pt\/\"],\"url\":\"https:\/\/portaltela.pt\/por\/367410592786\/\"}]}<\/script>\n<!-- \/ Yoast SEO plugin. -->","yoast_head_json":{"title":"Associa\u00e7\u00e3o alerta para riscos de central fotovoltaica no Mar\u00e3o - Portal Tela Portugal","robots":{"index":"index","follow":"follow","max-snippet":"max-snippet:-1","max-image-preview":"max-image-preview:large","max-video-preview":"max-video-preview:-1"},"og_locale":"pt_PT","og_type":"article","og_title":"Associa\u00e7\u00e3o alerta para riscos de central fotovoltaica no Mar\u00e3o - Portal Tela Portugal","og_description":"A Associa\u00e7\u00e3o Portuguesa para a Conserva\u00e7\u00e3o da Biodiversidade (FAPAS) op\u00f5e-se ao projeto fotovoltaico na Serra do Mar\u00e3o, que prev\u00ea 25 mil pain\u00e9is e pode causar riscos ambientais, ecol\u00f3gicos, paisag\u00edsticos e sociais significativos. O projeto de hibridiza\u00e7\u00e3o fotovoltaica do Parque E\u00f3lico de Penedo Ruivo, proposto pela EnergieKontor, visa produzir energia el\u00e9ctrica com sistema fotovoltaico integrado ao parque j\u00e1 existente, com produ\u00e7\u00e3o anual l\u00edquida de 24,86 gigawatt-hora. A \u00e1rea de implementa\u00e7\u00e3o \u00e9 de 21 hectares, sendo cerca de sete ocupados por pain\u00e9is solares, nos concelhos de Bai\u00e3o e Amarante, no distrito do Porto. A consulta p\u00fablica decorre at\u00e9 sexta-feira, tendo recebido, at\u00e9 \u00e0s 11:50 de segunda-feira, 409 participa\u00e7\u00f5es. A FAPAS afirma que o projeto intensifica a artificializa\u00e7\u00e3o e fragmenta\u00e7\u00e3o da serra do Mar\u00e3o, aumenta eros\u00e3o e altera a hidrologia, compromete habitats e a paisagem, e sugere escolher locais menos sens\u00edveis para a energia solar, mantendo o foco no turismo de natureza.","og_url":"https:\/\/portaltela.pt\/noticias\/2026\/04\/20\/associacao-alerta-para-riscos-de-central-fotovoltaica-no-marao\/","og_site_name":"Portal Tela Portugal","article_published_time":"2026-04-20T11:18:06+00:00","author":"Telinha","twitter_card":"summary_large_image","twitter_misc":{"Escrito por":"Telinha","Tempo estimado de leitura":"2 minutos"},"schema":{"@context":"https:\/\/schema.org","@graph":[{"@type":"Article","@id":"https:\/\/portaltela.pt\/noticias\/2026\/04\/20\/associacao-alerta-para-riscos-de-central-fotovoltaica-no-marao\/#article","isPartOf":{"@id":"https:\/\/portaltela.pt\/noticias\/2026\/04\/20\/associacao-alerta-para-riscos-de-central-fotovoltaica-no-marao\/"},"author":{"name":"Telinha","@id":"https:\/\/portaltela.pt\/#\/schema\/person\/c4278d4a6028830caff9ee44b42d32ed"},"headline":"Associa\u00e7\u00e3o alerta para riscos de central fotovoltaica no Mar\u00e3o","datePublished":"2026-04-20T11:18:06+00:00","mainEntityOfPage":{"@id":"https:\/\/portaltela.pt\/noticias\/2026\/04\/20\/associacao-alerta-para-riscos-de-central-fotovoltaica-no-marao\/"},"wordCount":396,"image":{"@id":"https:\/\/portaltela.pt\/noticias\/2026\/04\/20\/associacao-alerta-para-riscos-de-central-fotovoltaica-no-marao\/#primaryimage"},"thumbnailUrl":"https:\/\/portaltela.pt\/s.01k8rhncp4jt1\/2026\/04\/img_1500x1000uu2018-09-28-02-17-01-783381.jpg","keywords":["_Amarante","_ambiente","_Bai\u00e3o","_conserva\u00e7\u00e3o ambiental","_energia","_energias renov\u00e1veis"],"articleSection":["Meio Ambiente"],"inLanguage":"pt-PT"},{"@type":"WebPage","@id":"https:\/\/portaltela.pt\/noticias\/2026\/04\/20\/associacao-alerta-para-riscos-de-central-fotovoltaica-no-marao\/","url":"https:\/\/portaltela.pt\/noticias\/2026\/04\/20\/associacao-alerta-para-riscos-de-central-fotovoltaica-no-marao\/","name":"Associa\u00e7\u00e3o alerta para riscos de central fotovoltaica no Mar\u00e3o - Portal Tela Portugal","isPartOf":{"@id":"https:\/\/portaltela.pt\/#website"},"primaryImageOfPage":{"@id":"https:\/\/portaltela.pt\/noticias\/2026\/04\/20\/associacao-alerta-para-riscos-de-central-fotovoltaica-no-marao\/#primaryimage"},"image":{"@id":"https:\/\/portaltela.pt\/noticias\/2026\/04\/20\/associacao-alerta-para-riscos-de-central-fotovoltaica-no-marao\/#primaryimage"},"thumbnailUrl":"https:\/\/portaltela.pt\/s.01k8rhncp4jt1\/2026\/04\/img_1500x1000uu2018-09-28-02-17-01-783381.jpg","datePublished":"2026-04-20T11:18:06+00:00","author":{"@id":"https:\/\/portaltela.pt\/#\/schema\/person\/c4278d4a6028830caff9ee44b42d32ed"},"breadcrumb":{"@id":"https:\/\/portaltela.pt\/noticias\/2026\/04\/20\/associacao-alerta-para-riscos-de-central-fotovoltaica-no-marao\/#breadcrumb"},"inLanguage":"pt-PT","potentialAction":[{"@type":"ReadAction","target":["https:\/\/portaltela.pt\/noticias\/2026\/04\/20\/associacao-alerta-para-riscos-de-central-fotovoltaica-no-marao\/"]}]},{"@type":"ImageObject","inLanguage":"pt-PT","@id":"https:\/\/portaltela.pt\/noticias\/2026\/04\/20\/associacao-alerta-para-riscos-de-central-fotovoltaica-no-marao\/#primaryimage","url":"https:\/\/portaltela.pt\/s.01k8rhncp4jt1\/2026\/04\/img_1500x1000uu2018-09-28-02-17-01-783381.jpg","contentUrl":"https:\/\/portaltela.pt\/s.01k8rhncp4jt1\/2026\/04\/img_1500x1000uu2018-09-28-02-17-01-783381.jpg","width":796,"height":448,"caption":"Central fotovoltaica"},{"@type":"BreadcrumbList","@id":"https:\/\/portaltela.pt\/noticias\/2026\/04\/20\/associacao-alerta-para-riscos-de-central-fotovoltaica-no-marao\/#breadcrumb","itemListElement":[{"@type":"ListItem","position":1,"name":"In\u00edcio","item":"https:\/\/portaltela.pt\/"},{"@type":"ListItem","position":2,"name":"Associa\u00e7\u00e3o alerta para riscos de central fotovoltaica no Mar\u00e3o"}]},{"@type":"WebSite","@id":"https:\/\/portaltela.pt\/#website","url":"https:\/\/portaltela.pt\/","name":"Portal Tela Portugal","description":"","potentialAction":[{"@type":"SearchAction","target":{"@type":"EntryPoint","urlTemplate":"https:\/\/portaltela.pt\/?s={search_term_string}"},"query-input":{"@type":"PropertyValueSpecification","valueRequired":true,"valueName":"search_term_string"}}],"inLanguage":"pt-PT"},{"@type":"Person","@id":"https:\/\/portaltela.pt\/#\/schema\/person\/c4278d4a6028830caff9ee44b42d32ed","name":"Telinha","image":{"@type":"ImageObject","inLanguage":"pt-PT","@id":"https:\/\/portaltela.pt\/s.01k8rhncp4jt1\/2025\/11\/talking-bot-125x125.png","url":"https:\/\/portaltela.pt\/s.01k8rhncp4jt1\/2025\/11\/talking-bot-125x125.png","contentUrl":"https:\/\/portaltela.pt\/s.01k8rhncp4jt1\/2025\/11\/talking-bot-125x125.png","caption":"Telinha"},"sameAs":["https:\/\/portaltela.pt\/"],"url":"https:\/\/portaltela.pt\/por\/367410592786\/"}]}},"_links":{"self":[{"href":"https:\/\/portaltela.pt\/api\/wp\/v2\/posts\/451109","targetHints":{"allow":["GET"]}}],"collection":[{"href":"https:\/\/portaltela.pt\/api\/wp\/v2\/posts"}],"about":[{"href":"https:\/\/portaltela.pt\/api\/wp\/v2\/types\/post"}],"author":[{"embeddable":true,"href":"https:\/\/portaltela.pt\/api\/wp\/v2\/users\/2"}],"replies":[{"embeddable":true,"href":"https:\/\/portaltela.pt\/api\/wp\/v2\/comments?post=451109"}],"version-history":[{"count":0,"href":"https:\/\/portaltela.pt\/api\/wp\/v2\/posts\/451109\/revisions"}],"wp:featuredmedia":[{"embeddable":true,"href":"https:\/\/portaltela.pt\/api\/wp\/v2\/media\/451114"}],"wp:attachment":[{"href":"https:\/\/portaltela.pt\/api\/wp\/v2\/media?parent=451109"}],"wp:term":[{"taxonomy":"category","embeddable":true,"href":"https:\/\/portaltela.pt\/api\/wp\/v2\/categories?post=451109"},{"taxonomy":"post_tag","embeddable":true,"href":"https:\/\/portaltela.pt\/api\/wp\/v2\/tags?post=451109"}],"curies":[{"name":"wp","href":"https:\/\/api.w.org\/{rel}","templated":true}]}}