{"id":451104,"date":"2026-04-20T08:18:08","date_gmt":"2026-04-20T11:18:08","guid":{"rendered":"https:\/\/portaltela.pt\/noticias\/2026\/04\/20\/incendio-destroi-barracao-agricola-em-coimbra\/"},"modified":"2026-04-20T08:18:08","modified_gmt":"2026-04-20T11:18:08","slug":"incendio-destroi-barracao-agricola-em-coimbra","status":"publish","type":"post","link":"https:\/\/portaltela.pt\/noticias\/2026\/04\/20\/incendio-destroi-barracao-agricola-em-coimbra\/","title":{"rendered":"Inc\u00eandio destr\u00f3i barrac\u00e3o agr\u00edcola em Coimbra"},"content":{"rendered":"<p>Um inc\u00eandio destruiu um barrac\u00e3o agr\u00edcola na localidade de Vila Verde, no concelho de Coimbra. A constru\u00e7\u00e3o encontrava-se numa zona florestal e a r\u00e1pida interven\u00e7\u00e3o dos bombeiros, apoiados por moradores, impediu que o fogo ganhasse propor\u00e7\u00f5es maiores.<\/p>\n<p>Segundo os operacionais, n\u00e3o houve registo de feridos. Diversos meios terrestres foram mobilizados para extinguir as chamas e impedir a propaga\u00e7\u00e3o a \u00e1reas vizinhas.<\/p>\n<p>As causas do inc\u00eandio permanecem por apurar, e o local est\u00e1 a ser alvo de avalia\u00e7\u00e3o t\u00e9cnica. O incidente ocorreu na mudan\u00e7a de manh\u00e3 para tarde, segundo informa\u00e7\u00f5es n\u00e3o confirmadas publicamente.<\/p>\n","protected":false},"excerpt":{"rendered":"<ul>\n<li>Inc\u00eandio destruiu um barrac\u00e3o agr\u00edcola numa zona florestal em Vila Verde, concelho de Coimbra.<\/li>\n<li>A interven\u00e7\u00e3o r\u00e1pida de bombeiros e de alguns moradores impediu que o fogo atingisse propor\u00e7\u00f5es mais graves.<\/li>\n<li>O an\u00fancio n\u00e3o especifica feridos nem a prov\u00e1vel causa do inc\u00eandio.<\/li>\n<\/ul>\n","protected":false},"author":2,"featured_media":451106,"comment_status":"closed","ping_status":"closed","sticky":false,"template":"","format":"standard","meta":{"footnotes":""},"categories":[6849,1],"tags":[3118,971,1070,7423,1438,2617],"class_list":["post-451104","post","type-post","status-publish","format-standard","has-post-thumbnail","hentry","category-acidentes","category-noticias","tag-agropecuaria","tag-bombeiros","tag-coimbra","tag-floresta","tag-incendio","tag-incendios"],"yoast_head":"<!-- This site is optimized with the Yoast SEO plugin v27.2 - https:\/\/yoast.com\/product\/yoast-seo-wordpress\/ -->\n<title>Inc\u00eandio destr\u00f3i barrac\u00e3o agr\u00edcola em Coimbra - Portal Tela Portugal<\/title>\n<meta name=\"robots\" content=\"index, follow, max-snippet:-1, max-image-preview:large, max-video-preview:-1\" \/>\n<meta property=\"og:locale\" content=\"pt_PT\" \/>\n<meta property=\"og:type\" content=\"article\" \/>\n<meta property=\"og:title\" content=\"Inc\u00eandio destr\u00f3i barrac\u00e3o agr\u00edcola em Coimbra - Portal Tela Portugal\" \/>\n<meta property=\"og:description\" content=\"Inc\u00eandio destruiu um barrac\u00e3o agr\u00edcola numa zona florestal em Vila Verde, concelho de Coimbra. A interven\u00e7\u00e3o r\u00e1pida de bombeiros e de alguns moradores impediu que o fogo atingisse propor\u00e7\u00f5es mais graves. O an\u00fancio n\u00e3o especifica feridos nem a prov\u00e1vel causa do inc\u00eandio.\" \/>\n<meta property=\"og:url\" content=\"https:\/\/portaltela.pt\/noticias\/2026\/04\/20\/incendio-destroi-barracao-agricola-em-coimbra\/\" \/>\n<meta property=\"og:site_name\" content=\"Portal Tela Portugal\" \/>\n<meta property=\"article:published_time\" content=\"2026-04-20T11:18:08+00:00\" \/>\n<meta name=\"author\" content=\"Telinha\" \/>\n<meta name=\"twitter:card\" content=\"summary_large_image\" \/>\n<meta name=\"twitter:label1\" content=\"Escrito por\" \/>\n\t<meta name=\"twitter:data1\" content=\"Telinha\" \/>\n\t<meta name=\"twitter:label2\" content=\"Tempo estimado de leitura\" \/>\n\t<meta name=\"twitter:data2\" content=\"1 minuto\" \/>\n<script type=\"application\/ld+json\" class=\"yoast-schema-graph\">{\"@context\":\"https:\/\/schema.org\",\"@graph\":[{\"@type\":\"Article\",\"@id\":\"https:\/\/portaltela.pt\/noticias\/2026\/04\/20\/incendio-destroi-barracao-agricola-em-coimbra\/#article\",\"isPartOf\":{\"@id\":\"https:\/\/portaltela.pt\/noticias\/2026\/04\/20\/incendio-destroi-barracao-agricola-em-coimbra\/\"},\"author\":{\"name\":\"Telinha\",\"@id\":\"https:\/\/portaltela.pt\/#\/schema\/person\/c4278d4a6028830caff9ee44b42d32ed\"},\"headline\":\"Inc\u00eandio destr\u00f3i barrac\u00e3o agr\u00edcola em Coimbra\",\"datePublished\":\"2026-04-20T11:18:08+00:00\",\"mainEntityOfPage\":{\"@id\":\"https:\/\/portaltela.pt\/noticias\/2026\/04\/20\/incendio-destroi-barracao-agricola-em-coimbra\/\"},\"wordCount\":117,\"image\":{\"@id\":\"https:\/\/portaltela.pt\/noticias\/2026\/04\/20\/incendio-destroi-barracao-agricola-em-coimbra\/#primaryimage\"},\"thumbnailUrl\":\"https:\/\/portaltela.pt\/s.01k8rhncp4jt1\/2026\/04\/img_1280x722uu2026-04-20-12-10-11-2279753.jpg\",\"keywords\":[\"agropecu\u00e1ria\",\"bombeiros\",\"Coimbra\",\"floresta\",\"inc\u00eandio\",\"inc\u00eandios\"],\"articleSection\":[\"Acidentes\",\"Not\u00edcias\"],\"inLanguage\":\"pt-PT\"},{\"@type\":\"WebPage\",\"@id\":\"https:\/\/portaltela.pt\/noticias\/2026\/04\/20\/incendio-destroi-barracao-agricola-em-coimbra\/\",\"url\":\"https:\/\/portaltela.pt\/noticias\/2026\/04\/20\/incendio-destroi-barracao-agricola-em-coimbra\/\",\"name\":\"Inc\u00eandio destr\u00f3i barrac\u00e3o agr\u00edcola em Coimbra - Portal Tela Portugal\",\"isPartOf\":{\"@id\":\"https:\/\/portaltela.pt\/#website\"},\"primaryImageOfPage\":{\"@id\":\"https:\/\/portaltela.pt\/noticias\/2026\/04\/20\/incendio-destroi-barracao-agricola-em-coimbra\/#primaryimage\"},\"image\":{\"@id\":\"https:\/\/portaltela.pt\/noticias\/2026\/04\/20\/incendio-destroi-barracao-agricola-em-coimbra\/#primaryimage\"},\"thumbnailUrl\":\"https:\/\/portaltela.pt\/s.01k8rhncp4jt1\/2026\/04\/img_1280x722uu2026-04-20-12-10-11-2279753.jpg\",\"datePublished\":\"2026-04-20T11:18:08+00:00\",\"author\":{\"@id\":\"https:\/\/portaltela.pt\/#\/schema\/person\/c4278d4a6028830caff9ee44b42d32ed\"},\"breadcrumb\":{\"@id\":\"https:\/\/portaltela.pt\/noticias\/2026\/04\/20\/incendio-destroi-barracao-agricola-em-coimbra\/#breadcrumb\"},\"inLanguage\":\"pt-PT\",\"potentialAction\":[{\"@type\":\"ReadAction\",\"target\":[\"https:\/\/portaltela.pt\/noticias\/2026\/04\/20\/incendio-destroi-barracao-agricola-em-coimbra\/\"]}]},{\"@type\":\"ImageObject\",\"inLanguage\":\"pt-PT\",\"@id\":\"https:\/\/portaltela.pt\/noticias\/2026\/04\/20\/incendio-destroi-barracao-agricola-em-coimbra\/#primaryimage\",\"url\":\"https:\/\/portaltela.pt\/s.01k8rhncp4jt1\/2026\/04\/img_1280x722uu2026-04-20-12-10-11-2279753.jpg\",\"contentUrl\":\"https:\/\/portaltela.pt\/s.01k8rhncp4jt1\/2026\/04\/img_1280x722uu2026-04-20-12-10-11-2279753.jpg\",\"width\":796,\"height\":448,\"caption\":\"Inc\u00eandio destr\u00f3i barrac\u00e3o agr\u00edcola no concelho de Coimbra\"},{\"@type\":\"BreadcrumbList\",\"@id\":\"https:\/\/portaltela.pt\/noticias\/2026\/04\/20\/incendio-destroi-barracao-agricola-em-coimbra\/#breadcrumb\",\"itemListElement\":[{\"@type\":\"ListItem\",\"position\":1,\"name\":\"In\u00edcio\",\"item\":\"https:\/\/portaltela.pt\/\"},{\"@type\":\"ListItem\",\"position\":2,\"name\":\"Inc\u00eandio destr\u00f3i barrac\u00e3o agr\u00edcola em Coimbra\"}]},{\"@type\":\"WebSite\",\"@id\":\"https:\/\/portaltela.pt\/#website\",\"url\":\"https:\/\/portaltela.pt\/\",\"name\":\"Portal Tela Portugal\",\"description\":\"\",\"potentialAction\":[{\"@type\":\"SearchAction\",\"target\":{\"@type\":\"EntryPoint\",\"urlTemplate\":\"https:\/\/portaltela.pt\/?s={search_term_string}\"},\"query-input\":{\"@type\":\"PropertyValueSpecification\",\"valueRequired\":true,\"valueName\":\"search_term_string\"}}],\"inLanguage\":\"pt-PT\"},{\"@type\":\"Person\",\"@id\":\"https:\/\/portaltela.pt\/#\/schema\/person\/c4278d4a6028830caff9ee44b42d32ed\",\"name\":\"Telinha\",\"image\":{\"@type\":\"ImageObject\",\"inLanguage\":\"pt-PT\",\"@id\":\"https:\/\/portaltela.pt\/s.01k8rhncp4jt1\/2025\/11\/talking-bot-125x125.png\",\"url\":\"https:\/\/portaltela.pt\/s.01k8rhncp4jt1\/2025\/11\/talking-bot-125x125.png\",\"contentUrl\":\"https:\/\/portaltela.pt\/s.01k8rhncp4jt1\/2025\/11\/talking-bot-125x125.png\",\"caption\":\"Telinha\"},\"sameAs\":[\"https:\/\/portaltela.pt\/\"],\"url\":\"https:\/\/portaltela.pt\/por\/367410592786\/\"}]}<\/script>\n<!-- \/ Yoast SEO plugin. -->","yoast_head_json":{"title":"Inc\u00eandio destr\u00f3i barrac\u00e3o agr\u00edcola em Coimbra - Portal Tela Portugal","robots":{"index":"index","follow":"follow","max-snippet":"max-snippet:-1","max-image-preview":"max-image-preview:large","max-video-preview":"max-video-preview:-1"},"og_locale":"pt_PT","og_type":"article","og_title":"Inc\u00eandio destr\u00f3i barrac\u00e3o agr\u00edcola em Coimbra - Portal Tela Portugal","og_description":"Inc\u00eandio destruiu um barrac\u00e3o agr\u00edcola numa zona florestal em Vila Verde, concelho de Coimbra. A interven\u00e7\u00e3o r\u00e1pida de bombeiros e de alguns moradores impediu que o fogo atingisse propor\u00e7\u00f5es mais graves. O an\u00fancio n\u00e3o especifica feridos nem a prov\u00e1vel causa do inc\u00eandio.","og_url":"https:\/\/portaltela.pt\/noticias\/2026\/04\/20\/incendio-destroi-barracao-agricola-em-coimbra\/","og_site_name":"Portal Tela Portugal","article_published_time":"2026-04-20T11:18:08+00:00","author":"Telinha","twitter_card":"summary_large_image","twitter_misc":{"Escrito por":"Telinha","Tempo estimado de leitura":"1 minuto"},"schema":{"@context":"https:\/\/schema.org","@graph":[{"@type":"Article","@id":"https:\/\/portaltela.pt\/noticias\/2026\/04\/20\/incendio-destroi-barracao-agricola-em-coimbra\/#article","isPartOf":{"@id":"https:\/\/portaltela.pt\/noticias\/2026\/04\/20\/incendio-destroi-barracao-agricola-em-coimbra\/"},"author":{"name":"Telinha","@id":"https:\/\/portaltela.pt\/#\/schema\/person\/c4278d4a6028830caff9ee44b42d32ed"},"headline":"Inc\u00eandio destr\u00f3i barrac\u00e3o agr\u00edcola em Coimbra","datePublished":"2026-04-20T11:18:08+00:00","mainEntityOfPage":{"@id":"https:\/\/portaltela.pt\/noticias\/2026\/04\/20\/incendio-destroi-barracao-agricola-em-coimbra\/"},"wordCount":117,"image":{"@id":"https:\/\/portaltela.pt\/noticias\/2026\/04\/20\/incendio-destroi-barracao-agricola-em-coimbra\/#primaryimage"},"thumbnailUrl":"https:\/\/portaltela.pt\/s.01k8rhncp4jt1\/2026\/04\/img_1280x722uu2026-04-20-12-10-11-2279753.jpg","keywords":["agropecu\u00e1ria","bombeiros","Coimbra","floresta","inc\u00eandio","inc\u00eandios"],"articleSection":["Acidentes","Not\u00edcias"],"inLanguage":"pt-PT"},{"@type":"WebPage","@id":"https:\/\/portaltela.pt\/noticias\/2026\/04\/20\/incendio-destroi-barracao-agricola-em-coimbra\/","url":"https:\/\/portaltela.pt\/noticias\/2026\/04\/20\/incendio-destroi-barracao-agricola-em-coimbra\/","name":"Inc\u00eandio destr\u00f3i barrac\u00e3o agr\u00edcola em Coimbra - Portal Tela Portugal","isPartOf":{"@id":"https:\/\/portaltela.pt\/#website"},"primaryImageOfPage":{"@id":"https:\/\/portaltela.pt\/noticias\/2026\/04\/20\/incendio-destroi-barracao-agricola-em-coimbra\/#primaryimage"},"image":{"@id":"https:\/\/portaltela.pt\/noticias\/2026\/04\/20\/incendio-destroi-barracao-agricola-em-coimbra\/#primaryimage"},"thumbnailUrl":"https:\/\/portaltela.pt\/s.01k8rhncp4jt1\/2026\/04\/img_1280x722uu2026-04-20-12-10-11-2279753.jpg","datePublished":"2026-04-20T11:18:08+00:00","author":{"@id":"https:\/\/portaltela.pt\/#\/schema\/person\/c4278d4a6028830caff9ee44b42d32ed"},"breadcrumb":{"@id":"https:\/\/portaltela.pt\/noticias\/2026\/04\/20\/incendio-destroi-barracao-agricola-em-coimbra\/#breadcrumb"},"inLanguage":"pt-PT","potentialAction":[{"@type":"ReadAction","target":["https:\/\/portaltela.pt\/noticias\/2026\/04\/20\/incendio-destroi-barracao-agricola-em-coimbra\/"]}]},{"@type":"ImageObject","inLanguage":"pt-PT","@id":"https:\/\/portaltela.pt\/noticias\/2026\/04\/20\/incendio-destroi-barracao-agricola-em-coimbra\/#primaryimage","url":"https:\/\/portaltela.pt\/s.01k8rhncp4jt1\/2026\/04\/img_1280x722uu2026-04-20-12-10-11-2279753.jpg","contentUrl":"https:\/\/portaltela.pt\/s.01k8rhncp4jt1\/2026\/04\/img_1280x722uu2026-04-20-12-10-11-2279753.jpg","width":796,"height":448,"caption":"Inc\u00eandio destr\u00f3i barrac\u00e3o agr\u00edcola no concelho de Coimbra"},{"@type":"BreadcrumbList","@id":"https:\/\/portaltela.pt\/noticias\/2026\/04\/20\/incendio-destroi-barracao-agricola-em-coimbra\/#breadcrumb","itemListElement":[{"@type":"ListItem","position":1,"name":"In\u00edcio","item":"https:\/\/portaltela.pt\/"},{"@type":"ListItem","position":2,"name":"Inc\u00eandio destr\u00f3i barrac\u00e3o agr\u00edcola em Coimbra"}]},{"@type":"WebSite","@id":"https:\/\/portaltela.pt\/#website","url":"https:\/\/portaltela.pt\/","name":"Portal Tela Portugal","description":"","potentialAction":[{"@type":"SearchAction","target":{"@type":"EntryPoint","urlTemplate":"https:\/\/portaltela.pt\/?s={search_term_string}"},"query-input":{"@type":"PropertyValueSpecification","valueRequired":true,"valueName":"search_term_string"}}],"inLanguage":"pt-PT"},{"@type":"Person","@id":"https:\/\/portaltela.pt\/#\/schema\/person\/c4278d4a6028830caff9ee44b42d32ed","name":"Telinha","image":{"@type":"ImageObject","inLanguage":"pt-PT","@id":"https:\/\/portaltela.pt\/s.01k8rhncp4jt1\/2025\/11\/talking-bot-125x125.png","url":"https:\/\/portaltela.pt\/s.01k8rhncp4jt1\/2025\/11\/talking-bot-125x125.png","contentUrl":"https:\/\/portaltela.pt\/s.01k8rhncp4jt1\/2025\/11\/talking-bot-125x125.png","caption":"Telinha"},"sameAs":["https:\/\/portaltela.pt\/"],"url":"https:\/\/portaltela.pt\/por\/367410592786\/"}]}},"_links":{"self":[{"href":"https:\/\/portaltela.pt\/api\/wp\/v2\/posts\/451104","targetHints":{"allow":["GET"]}}],"collection":[{"href":"https:\/\/portaltela.pt\/api\/wp\/v2\/posts"}],"about":[{"href":"https:\/\/portaltela.pt\/api\/wp\/v2\/types\/post"}],"author":[{"embeddable":true,"href":"https:\/\/portaltela.pt\/api\/wp\/v2\/users\/2"}],"replies":[{"embeddable":true,"href":"https:\/\/portaltela.pt\/api\/wp\/v2\/comments?post=451104"}],"version-history":[{"count":0,"href":"https:\/\/portaltela.pt\/api\/wp\/v2\/posts\/451104\/revisions"}],"wp:featuredmedia":[{"embeddable":true,"href":"https:\/\/portaltela.pt\/api\/wp\/v2\/media\/451106"}],"wp:attachment":[{"href":"https:\/\/portaltela.pt\/api\/wp\/v2\/media?parent=451104"}],"wp:term":[{"taxonomy":"category","embeddable":true,"href":"https:\/\/portaltela.pt\/api\/wp\/v2\/categories?post=451104"},{"taxonomy":"post_tag","embeddable":true,"href":"https:\/\/portaltela.pt\/api\/wp\/v2\/tags?post=451104"}],"curies":[{"name":"wp","href":"https:\/\/api.w.org\/{rel}","templated":true}]}}